{"id":975,"date":"2008-05-27T13:33:20","date_gmt":"2008-05-27T11:33:20","guid":{"rendered":"http:\/\/subaru.preproduccion.com\/blog\/wp-content\/2008\/05\/27\/subaru-en-el-salon-del-automovil-de-madrid\/"},"modified":"2016-10-17T10:48:25","modified_gmt":"2016-10-17T08:48:25","slug":"subaru-en-el-salon-del-automovil-de-madrid","status":"publish","type":"post","link":"https:\/\/www.subaru.es\/blog\/nuestra-marca\/subaru-en-el-salon-del-automovil-de-madrid\/","title":{"rendered":"Subaru en el Sal\u00f3n del Autom\u00f3vil de Madrid"},"content":{"rendered":"<p><center><img data-src='https:\/\/www.subaru.es\/blog\/wp-content\/uploads\/2008\/05\/salon-automovil-madrid-impreza.jpg' alt='salon-automovil-madrid-impreza.jpg' src='data:image\/svg+xml;base64,PHN2ZyB3aWR0aD0iMSIgaGVpZ2h0PSIxIiB4bWxucz0iaHR0cDovL3d3dy53My5vcmcvMjAwMC9zdmciPjwvc3ZnPg==' class='lazyload' style='--smush-placeholder-width: 475px; --smush-placeholder-aspect-ratio: 475\/285;' \/><\/center><\/p>\n<p>Si el <strong>Sal\u00f3n de Madrid<\/strong> hubiese sido una biblioteca, todos los coches de Subaru se encontrar\u00edan en la <strong>secci\u00f3n de novedades<\/strong>. Y es que la firma de las estrellas ha aterrizado en la muestra madrile\u00f1a con una <strong>gama totalmente renovada<\/strong>, tanto, que con respecto al Sal\u00f3n de Barcelona del pasado a\u00f1o la mayor parte de sus modelos son nuevos: desde el <strong>Impreza <\/strong>hasta el peque\u00f1o <strong>Justy<\/strong>, pasando por el amplio <strong>Tribeca <\/strong>o el polivalente <strong>Forester<\/strong>, todos ellos han llegado al mercado espa\u00f1ol desde finales del a\u00f1o pasado hasta estas fechas.<\/p>\n<p><center><img data-src='https:\/\/www.subaru.es\/blog\/wp-content\/uploads\/2008\/05\/salon-automovil-madrid-forester.jpg' alt='salon-automovil-madrid-forester.jpg' src='data:image\/svg+xml;base64,PHN2ZyB3aWR0aD0iMSIgaGVpZ2h0PSIxIiB4bWxucz0iaHR0cDovL3d3dy53My5vcmcvMjAwMC9zdmciPjwvc3ZnPg==' class='lazyload' style='--smush-placeholder-width: 475px; --smush-placeholder-aspect-ratio: 475\/334;' \/><\/center><\/p>\n<p>La fruta m\u00e1s fresca entre esta oferta tan actual es el <a href=\"https:\/\/www.subaru.es\/blog\/2008\/02\/28\/imprezas-and-blogs-cronica-de-una-presentacion-anunciada\/\">Impreza Spec C<\/a>, el modelo que sirve como base para los que se convertir\u00e1n en coches de carreras, desde los que defender\u00e1n los colores de <strong>Subaru en el Mundial<\/strong> hasta los que participar\u00e1n en campeonatos nacionales o regionales. La unidad presente, c\u00f3mo no, luce los <strong>colores del equipo del Campeonato del Mundo<\/strong>, y la firma ha tra\u00eddo bajo el brazo interesantes noticias sobre esta competici\u00f3n: en el <strong>Rallye de Grecia<\/strong>, que se disputar\u00e1 el pr\u00f3ximo fin de semana, se producir\u00e1 el estreno del flamante <a href=\"https:\/\/www.subaru.es\/blog\/2008\/05\/23\/llega-subaru-impreza-wrc-2008\/\"><strong>Subaru Impreza WRC 2008<\/strong><\/a>, el arma definitiva para reeditar los \u00e9xitos con los que la firma acostumbra a agasajar a su afici\u00f3n. Solberg y Atkinson ser\u00e1n dos de sus principales \u201cusuarios\u201d.<\/p>\n<p>Lo que no he podido comprender es c\u00f3mo los responsables de Subaru han permitido a unas chicas que por all\u00ed transitaban subirse a los capots y apoyarse en los laterales de sus coches sin siquiera llamarles la atenci\u00f3n. Un sinf\u00edn de fot\u00f3grafos tomaron instant\u00e1neas del hecho, supongo que con el fin de denunciarlo a las autoridades. M\u00e1s tarde pude comprobar con asombro que casi toda la competencia sufri\u00f3 similares problemas. <strong>\u00bfAlguien sabe a qu\u00e9 es debido?<\/strong><\/p>\n<p><center><img data-src='https:\/\/www.subaru.es\/blog\/wp-content\/uploads\/2008\/05\/salon-automovil-madrid-chicas.jpg' alt='Chicas guapas en el Sal\u00f3n del Autom\u00f3vil de Madrid' src='data:image\/svg+xml;base64,PHN2ZyB3aWR0aD0iMSIgaGVpZ2h0PSIxIiB4bWxucz0iaHR0cDovL3d3dy53My5vcmcvMjAwMC9zdmciPjwvc3ZnPg==' class='lazyload' style='--smush-placeholder-width: 475px; --smush-placeholder-aspect-ratio: 475\/302;' \/><\/center><\/p>\n","protected":false},"excerpt":{"rendered":"<p>Si el Sal\u00f3n de Madrid hubiese sido una biblioteca, todos los coches de Subaru se encontrar\u00edan en la secci\u00f3n de novedades. Y es que la firma de las estrellas ha aterrizado en la muestra madrile\u00f1a con una gama totalmente renovada, tanto, que con respecto al Sal\u00f3n de Barcelona del pasado a\u00f1o la mayor parte de [&hellip;]<\/p>\n","protected":false},"author":21,"featured_media":976,"comment_status":"open","ping_status":"open","sticky":false,"template":"","format":"standard","meta":{"_acf_changed":false,"_eb_attr":"","inline_featured_image":false,"footnotes":""},"categories":[4401],"tags":[244,85,659,4390],"class_list":["post-975","post","type-post","status-publish","format-standard","has-post-thumbnail","hentry","category-nuestra-marca","tag-madrid","tag-rafael-cid","tag-salon-automovil","tag-subaru"],"acf":[],"yoast_head":"<!-- This site is optimized with the Yoast SEO plugin v27.3 - https:\/\/yoast.com\/product\/yoast-seo-wordpress\/ -->\n<title>Subaru en el Sal\u00f3n del Autom\u00f3vil de Madrid - Universo Subaru<\/title>\n<meta name=\"robots\" content=\"index, follow, max-snippet:-1, max-image-preview:large, max-video-preview:-1\" \/>\n<link rel=\"canonical\" href=\"https:\/\/www.subaru.es\/blog\/nuestra-marca\/subaru-en-el-salon-del-automovil-de-madrid\/\" \/>\n<meta property=\"og:locale\" content=\"es_ES\" \/>\n<meta property=\"og:type\" content=\"article\" \/>\n<meta property=\"og:title\" content=\"Subaru en el Sal\u00f3n del Autom\u00f3vil de Madrid - Universo Subaru\" \/>\n<meta property=\"og:description\" content=\"Si el Sal\u00f3n de Madrid hubiese sido una biblioteca, todos los coches de Subaru se encontrar\u00edan en la secci\u00f3n de novedades. Y es que la firma de las estrellas ha aterrizado en la muestra madrile\u00f1a con una gama totalmente renovada, tanto, que con respecto al Sal\u00f3n de Barcelona del pasado a\u00f1o la mayor parte de [&hellip;]\" \/>\n<meta property=\"og:url\" content=\"https:\/\/www.subaru.es\/blog\/nuestra-marca\/subaru-en-el-salon-del-automovil-de-madrid\/\" \/>\n<meta property=\"og:site_name\" content=\"Universo Subaru\" \/>\n<meta property=\"article:publisher\" content=\"https:\/\/www.facebook.com\/subaruespana\" \/>\n<meta property=\"article:published_time\" content=\"2008-05-27T11:33:20+00:00\" \/>\n<meta property=\"article:modified_time\" content=\"2016-10-17T08:48:25+00:00\" \/>\n<meta property=\"og:image\" content=\"https:\/\/www.subaru.es\/blog\/wp-content\/uploads\/2008\/05\/salon-automovil-madrid-impreza.jpg\" \/>\n\t<meta property=\"og:image:width\" content=\"475\" \/>\n\t<meta property=\"og:image:height\" content=\"285\" \/>\n\t<meta property=\"og:image:type\" content=\"image\/jpeg\" \/>\n<meta name=\"author\" content=\"Subaru\" \/>\n<meta name=\"twitter:card\" content=\"summary_large_image\" \/>\n<meta name=\"twitter:label1\" content=\"Escrito por\" \/>\n\t<meta name=\"twitter:data1\" content=\"Subaru\" \/>\n\t<meta name=\"twitter:label2\" content=\"Tiempo de lectura\" \/>\n\t<meta name=\"twitter:data2\" content=\"2 minutos\" \/>\n<script type=\"application\/ld+json\" class=\"yoast-schema-graph\">{\"@context\":\"https:\\\/\\\/schema.org\",\"@graph\":[{\"@type\":\"Article\",\"@id\":\"https:\\\/\\\/www.subaru.es\\\/blog\\\/nuestra-marca\\\/subaru-en-el-salon-del-automovil-de-madrid\\\/#article\",\"isPartOf\":{\"@id\":\"https:\\\/\\\/www.subaru.es\\\/blog\\\/nuestra-marca\\\/subaru-en-el-salon-del-automovil-de-madrid\\\/\"},\"author\":{\"name\":\"Subaru\",\"@id\":\"https:\\\/\\\/www.subaru.es\\\/blog\\\/#\\\/schema\\\/person\\\/19a90b892230b8e0ec752704ddf4aa10\"},\"headline\":\"Subaru en el Sal\u00f3n del Autom\u00f3vil de Madrid\",\"datePublished\":\"2008-05-27T11:33:20+00:00\",\"dateModified\":\"2016-10-17T08:48:25+00:00\",\"mainEntityOfPage\":{\"@id\":\"https:\\\/\\\/www.subaru.es\\\/blog\\\/nuestra-marca\\\/subaru-en-el-salon-del-automovil-de-madrid\\\/\"},\"wordCount\":326,\"commentCount\":2,\"publisher\":{\"@id\":\"https:\\\/\\\/www.subaru.es\\\/blog\\\/#organization\"},\"image\":{\"@id\":\"https:\\\/\\\/www.subaru.es\\\/blog\\\/nuestra-marca\\\/subaru-en-el-salon-del-automovil-de-madrid\\\/#primaryimage\"},\"thumbnailUrl\":\"https:\\\/\\\/www.subaru.es\\\/blog\\\/wp-content\\\/uploads\\\/2008\\\/05\\\/salon-automovil-madrid-impreza.jpg\",\"keywords\":[\"madrid\",\"rafael cid\",\"sal\u00f3n autom\u00f3vil\",\"Subaru\"],\"articleSection\":[\"Nuestra marca\"],\"inLanguage\":\"es\",\"potentialAction\":[{\"@type\":\"CommentAction\",\"name\":\"Comment\",\"target\":[\"https:\\\/\\\/www.subaru.es\\\/blog\\\/nuestra-marca\\\/subaru-en-el-salon-del-automovil-de-madrid\\\/#respond\"]}]},{\"@type\":\"WebPage\",\"@id\":\"https:\\\/\\\/www.subaru.es\\\/blog\\\/nuestra-marca\\\/subaru-en-el-salon-del-automovil-de-madrid\\\/\",\"url\":\"https:\\\/\\\/www.subaru.es\\\/blog\\\/nuestra-marca\\\/subaru-en-el-salon-del-automovil-de-madrid\\\/\",\"name\":\"Subaru en el Sal\u00f3n del Autom\u00f3vil de Madrid - Universo Subaru\",\"isPartOf\":{\"@id\":\"https:\\\/\\\/www.subaru.es\\\/blog\\\/#website\"},\"primaryImageOfPage\":{\"@id\":\"https:\\\/\\\/www.subaru.es\\\/blog\\\/nuestra-marca\\\/subaru-en-el-salon-del-automovil-de-madrid\\\/#primaryimage\"},\"image\":{\"@id\":\"https:\\\/\\\/www.subaru.es\\\/blog\\\/nuestra-marca\\\/subaru-en-el-salon-del-automovil-de-madrid\\\/#primaryimage\"},\"thumbnailUrl\":\"https:\\\/\\\/www.subaru.es\\\/blog\\\/wp-content\\\/uploads\\\/2008\\\/05\\\/salon-automovil-madrid-impreza.jpg\",\"datePublished\":\"2008-05-27T11:33:20+00:00\",\"dateModified\":\"2016-10-17T08:48:25+00:00\",\"breadcrumb\":{\"@id\":\"https:\\\/\\\/www.subaru.es\\\/blog\\\/nuestra-marca\\\/subaru-en-el-salon-del-automovil-de-madrid\\\/#breadcrumb\"},\"inLanguage\":\"es\",\"potentialAction\":[{\"@type\":\"ReadAction\",\"target\":[\"https:\\\/\\\/www.subaru.es\\\/blog\\\/nuestra-marca\\\/subaru-en-el-salon-del-automovil-de-madrid\\\/\"]}]},{\"@type\":\"ImageObject\",\"inLanguage\":\"es\",\"@id\":\"https:\\\/\\\/www.subaru.es\\\/blog\\\/nuestra-marca\\\/subaru-en-el-salon-del-automovil-de-madrid\\\/#primaryimage\",\"url\":\"https:\\\/\\\/www.subaru.es\\\/blog\\\/wp-content\\\/uploads\\\/2008\\\/05\\\/salon-automovil-madrid-impreza.jpg\",\"contentUrl\":\"https:\\\/\\\/www.subaru.es\\\/blog\\\/wp-content\\\/uploads\\\/2008\\\/05\\\/salon-automovil-madrid-impreza.jpg\",\"width\":475,\"height\":285},{\"@type\":\"BreadcrumbList\",\"@id\":\"https:\\\/\\\/www.subaru.es\\\/blog\\\/nuestra-marca\\\/subaru-en-el-salon-del-automovil-de-madrid\\\/#breadcrumb\",\"itemListElement\":[{\"@type\":\"ListItem\",\"position\":1,\"name\":\"Portada\",\"item\":\"https:\\\/\\\/www.subaru.es\\\/blog\\\/\"},{\"@type\":\"ListItem\",\"position\":2,\"name\":\"Subaru en el Sal\u00f3n del Autom\u00f3vil de Madrid\"}]},{\"@type\":\"WebSite\",\"@id\":\"https:\\\/\\\/www.subaru.es\\\/blog\\\/#website\",\"url\":\"https:\\\/\\\/www.subaru.es\\\/blog\\\/\",\"name\":\"Universo Subaru\",\"description\":\"Descubre este apasionante espacio de Subaru donde vas a conocer todo sobre nuestros coches y las experiencias que vivimos con ellos. Si est\u00e1s preparado para dejarte seducir por la filosof\u00eda Subaru, qu\u00e9date con nosotros.\",\"publisher\":{\"@id\":\"https:\\\/\\\/www.subaru.es\\\/blog\\\/#organization\"},\"potentialAction\":[{\"@type\":\"SearchAction\",\"target\":{\"@type\":\"EntryPoint\",\"urlTemplate\":\"https:\\\/\\\/www.subaru.es\\\/blog\\\/?s={search_term_string}\"},\"query-input\":{\"@type\":\"PropertyValueSpecification\",\"valueRequired\":true,\"valueName\":\"search_term_string\"}}],\"inLanguage\":\"es\"},{\"@type\":\"Organization\",\"@id\":\"https:\\\/\\\/www.subaru.es\\\/blog\\\/#organization\",\"name\":\"Subaru Espa\u00f1a S.A.\",\"url\":\"https:\\\/\\\/www.subaru.es\\\/blog\\\/\",\"logo\":{\"@type\":\"ImageObject\",\"inLanguage\":\"es\",\"@id\":\"https:\\\/\\\/www.subaru.es\\\/blog\\\/#\\\/schema\\\/logo\\\/image\\\/\",\"url\":\"https:\\\/\\\/www.subaru.es\\\/blog\\\/wp-content\\\/uploads\\\/2016\\\/12\\\/Logo-Subaru-TypeV_C300-scaled.jpg\",\"contentUrl\":\"https:\\\/\\\/www.subaru.es\\\/blog\\\/wp-content\\\/uploads\\\/2016\\\/12\\\/Logo-Subaru-TypeV_C300-scaled.jpg\",\"width\":2560,\"height\":1864,\"caption\":\"Subaru Espa\u00f1a S.A.\"},\"image\":{\"@id\":\"https:\\\/\\\/www.subaru.es\\\/blog\\\/#\\\/schema\\\/logo\\\/image\\\/\"},\"sameAs\":[\"https:\\\/\\\/www.facebook.com\\\/subaruespana\",\"https:\\\/\\\/www.instagram.com\\\/subarues\\\/\",\"https:\\\/\\\/www.youtube.com\\\/user\\\/subaruespana\"]},{\"@type\":\"Person\",\"@id\":\"https:\\\/\\\/www.subaru.es\\\/blog\\\/#\\\/schema\\\/person\\\/19a90b892230b8e0ec752704ddf4aa10\",\"name\":\"Subaru\",\"url\":\"https:\\\/\\\/www.subaru.es\\\/blog\\\/author\\\/subaria\\\/\"}]}<\/script>\n<!-- \/ Yoast SEO plugin. -->","yoast_head_json":{"title":"Subaru en el Sal\u00f3n del Autom\u00f3vil de Madrid - Universo Subaru","robots":{"index":"index","follow":"follow","max-snippet":"max-snippet:-1","max-image-preview":"max-image-preview:large","max-video-preview":"max-video-preview:-1"},"canonical":"https:\/\/www.subaru.es\/blog\/nuestra-marca\/subaru-en-el-salon-del-automovil-de-madrid\/","og_locale":"es_ES","og_type":"article","og_title":"Subaru en el Sal\u00f3n del Autom\u00f3vil de Madrid - Universo Subaru","og_description":"Si el Sal\u00f3n de Madrid hubiese sido una biblioteca, todos los coches de Subaru se encontrar\u00edan en la secci\u00f3n de novedades. Y es que la firma de las estrellas ha aterrizado en la muestra madrile\u00f1a con una gama totalmente renovada, tanto, que con respecto al Sal\u00f3n de Barcelona del pasado a\u00f1o la mayor parte de [&hellip;]","og_url":"https:\/\/www.subaru.es\/blog\/nuestra-marca\/subaru-en-el-salon-del-automovil-de-madrid\/","og_site_name":"Universo Subaru","article_publisher":"https:\/\/www.facebook.com\/subaruespana","article_published_time":"2008-05-27T11:33:20+00:00","article_modified_time":"2016-10-17T08:48:25+00:00","og_image":[{"width":475,"height":285,"url":"https:\/\/www.subaru.es\/blog\/wp-content\/uploads\/2008\/05\/salon-automovil-madrid-impreza.jpg","type":"image\/jpeg"}],"author":"Subaru","twitter_card":"summary_large_image","twitter_misc":{"Escrito por":"Subaru","Tiempo de lectura":"2 minutos"},"schema":{"@context":"https:\/\/schema.org","@graph":[{"@type":"Article","@id":"https:\/\/www.subaru.es\/blog\/nuestra-marca\/subaru-en-el-salon-del-automovil-de-madrid\/#article","isPartOf":{"@id":"https:\/\/www.subaru.es\/blog\/nuestra-marca\/subaru-en-el-salon-del-automovil-de-madrid\/"},"author":{"name":"Subaru","@id":"https:\/\/www.subaru.es\/blog\/#\/schema\/person\/19a90b892230b8e0ec752704ddf4aa10"},"headline":"Subaru en el Sal\u00f3n del Autom\u00f3vil de Madrid","datePublished":"2008-05-27T11:33:20+00:00","dateModified":"2016-10-17T08:48:25+00:00","mainEntityOfPage":{"@id":"https:\/\/www.subaru.es\/blog\/nuestra-marca\/subaru-en-el-salon-del-automovil-de-madrid\/"},"wordCount":326,"commentCount":2,"publisher":{"@id":"https:\/\/www.subaru.es\/blog\/#organization"},"image":{"@id":"https:\/\/www.subaru.es\/blog\/nuestra-marca\/subaru-en-el-salon-del-automovil-de-madrid\/#primaryimage"},"thumbnailUrl":"https:\/\/www.subaru.es\/blog\/wp-content\/uploads\/2008\/05\/salon-automovil-madrid-impreza.jpg","keywords":["madrid","rafael cid","sal\u00f3n autom\u00f3vil","Subaru"],"articleSection":["Nuestra marca"],"inLanguage":"es","potentialAction":[{"@type":"CommentAction","name":"Comment","target":["https:\/\/www.subaru.es\/blog\/nuestra-marca\/subaru-en-el-salon-del-automovil-de-madrid\/#respond"]}]},{"@type":"WebPage","@id":"https:\/\/www.subaru.es\/blog\/nuestra-marca\/subaru-en-el-salon-del-automovil-de-madrid\/","url":"https:\/\/www.subaru.es\/blog\/nuestra-marca\/subaru-en-el-salon-del-automovil-de-madrid\/","name":"Subaru en el Sal\u00f3n del Autom\u00f3vil de Madrid - Universo Subaru","isPartOf":{"@id":"https:\/\/www.subaru.es\/blog\/#website"},"primaryImageOfPage":{"@id":"https:\/\/www.subaru.es\/blog\/nuestra-marca\/subaru-en-el-salon-del-automovil-de-madrid\/#primaryimage"},"image":{"@id":"https:\/\/www.subaru.es\/blog\/nuestra-marca\/subaru-en-el-salon-del-automovil-de-madrid\/#primaryimage"},"thumbnailUrl":"https:\/\/www.subaru.es\/blog\/wp-content\/uploads\/2008\/05\/salon-automovil-madrid-impreza.jpg","datePublished":"2008-05-27T11:33:20+00:00","dateModified":"2016-10-17T08:48:25+00:00","breadcrumb":{"@id":"https:\/\/www.subaru.es\/blog\/nuestra-marca\/subaru-en-el-salon-del-automovil-de-madrid\/#breadcrumb"},"inLanguage":"es","potentialAction":[{"@type":"ReadAction","target":["https:\/\/www.subaru.es\/blog\/nuestra-marca\/subaru-en-el-salon-del-automovil-de-madrid\/"]}]},{"@type":"ImageObject","inLanguage":"es","@id":"https:\/\/www.subaru.es\/blog\/nuestra-marca\/subaru-en-el-salon-del-automovil-de-madrid\/#primaryimage","url":"https:\/\/www.subaru.es\/blog\/wp-content\/uploads\/2008\/05\/salon-automovil-madrid-impreza.jpg","contentUrl":"https:\/\/www.subaru.es\/blog\/wp-content\/uploads\/2008\/05\/salon-automovil-madrid-impreza.jpg","width":475,"height":285},{"@type":"BreadcrumbList","@id":"https:\/\/www.subaru.es\/blog\/nuestra-marca\/subaru-en-el-salon-del-automovil-de-madrid\/#breadcrumb","itemListElement":[{"@type":"ListItem","position":1,"name":"Portada","item":"https:\/\/www.subaru.es\/blog\/"},{"@type":"ListItem","position":2,"name":"Subaru en el Sal\u00f3n del Autom\u00f3vil de Madrid"}]},{"@type":"WebSite","@id":"https:\/\/www.subaru.es\/blog\/#website","url":"https:\/\/www.subaru.es\/blog\/","name":"Universo Subaru","description":"Descubre este apasionante espacio de Subaru donde vas a conocer todo sobre nuestros coches y las experiencias que vivimos con ellos. Si est\u00e1s preparado para dejarte seducir por la filosof\u00eda Subaru, qu\u00e9date con nosotros.","publisher":{"@id":"https:\/\/www.subaru.es\/blog\/#organization"},"potentialAction":[{"@type":"SearchAction","target":{"@type":"EntryPoint","urlTemplate":"https:\/\/www.subaru.es\/blog\/?s={search_term_string}"},"query-input":{"@type":"PropertyValueSpecification","valueRequired":true,"valueName":"search_term_string"}}],"inLanguage":"es"},{"@type":"Organization","@id":"https:\/\/www.subaru.es\/blog\/#organization","name":"Subaru Espa\u00f1a S.A.","url":"https:\/\/www.subaru.es\/blog\/","logo":{"@type":"ImageObject","inLanguage":"es","@id":"https:\/\/www.subaru.es\/blog\/#\/schema\/logo\/image\/","url":"https:\/\/www.subaru.es\/blog\/wp-content\/uploads\/2016\/12\/Logo-Subaru-TypeV_C300-scaled.jpg","contentUrl":"https:\/\/www.subaru.es\/blog\/wp-content\/uploads\/2016\/12\/Logo-Subaru-TypeV_C300-scaled.jpg","width":2560,"height":1864,"caption":"Subaru Espa\u00f1a S.A."},"image":{"@id":"https:\/\/www.subaru.es\/blog\/#\/schema\/logo\/image\/"},"sameAs":["https:\/\/www.facebook.com\/subaruespana","https:\/\/www.instagram.com\/subarues\/","https:\/\/www.youtube.com\/user\/subaruespana"]},{"@type":"Person","@id":"https:\/\/www.subaru.es\/blog\/#\/schema\/person\/19a90b892230b8e0ec752704ddf4aa10","name":"Subaru","url":"https:\/\/www.subaru.es\/blog\/author\/subaria\/"}]}},"_links":{"self":[{"href":"https:\/\/www.subaru.es\/blog\/wp-json\/wp\/v2\/posts\/975","targetHints":{"allow":["GET"]}}],"collection":[{"href":"https:\/\/www.subaru.es\/blog\/wp-json\/wp\/v2\/posts"}],"about":[{"href":"https:\/\/www.subaru.es\/blog\/wp-json\/wp\/v2\/types\/post"}],"author":[{"embeddable":true,"href":"https:\/\/www.subaru.es\/blog\/wp-json\/wp\/v2\/users\/21"}],"replies":[{"embeddable":true,"href":"https:\/\/www.subaru.es\/blog\/wp-json\/wp\/v2\/comments?post=975"}],"version-history":[{"count":0,"href":"https:\/\/www.subaru.es\/blog\/wp-json\/wp\/v2\/posts\/975\/revisions"}],"wp:featuredmedia":[{"embeddable":true,"href":"https:\/\/www.subaru.es\/blog\/wp-json\/wp\/v2\/media\/976"}],"wp:attachment":[{"href":"https:\/\/www.subaru.es\/blog\/wp-json\/wp\/v2\/media?parent=975"}],"wp:term":[{"taxonomy":"category","embeddable":true,"href":"https:\/\/www.subaru.es\/blog\/wp-json\/wp\/v2\/categories?post=975"},{"taxonomy":"post_tag","embeddable":true,"href":"https:\/\/www.subaru.es\/blog\/wp-json\/wp\/v2\/tags?post=975"}],"curies":[{"name":"wp","href":"https:\/\/api.w.org\/{rel}","templated":true}]}}