{"id":9743,"date":"2014-01-10T14:00:51","date_gmt":"2014-01-10T12:00:51","guid":{"rendered":"http:\/\/subaru.preproduccion.com\/blog\/?p=9743"},"modified":"2020-08-06T11:38:08","modified_gmt":"2020-08-06T09:38:08","slug":"nuevo-subaru-wrx-sti-para-correr-en-el-infierno-verde","status":"publish","type":"post","link":"https:\/\/www.subaru.es\/blog\/nuestra-marca\/nuevo-subaru-wrx-sti-para-correr-en-el-infierno-verde\/","title":{"rendered":"Nuevo Subaru WRX STI para correr en el &#8216;infierno verde&#8217;"},"content":{"rendered":"<p><a href=\"https:\/\/www.subaru.es\/blog\/wp-content\/uploads\/2014\/01\/WRX_STI-NBR_20141.jpg\"><img decoding=\"async\" class=\"aligncenter size-full wp-image-9750 lazyload\" title=\"WRX_STI NBR_2014\" data-src=\"https:\/\/www.subaru.es\/blog\/wp-content\/uploads\/2014\/01\/WRX_STI-NBR_20141.jpg\" alt=\"\" width=\"600\" height=\"370\" data-srcset=\"https:\/\/www.subaru.es\/blog\/wp-content\/uploads\/2014\/01\/WRX_STI-NBR_20141.jpg 600w, https:\/\/www.subaru.es\/blog\/wp-content\/uploads\/2014\/01\/WRX_STI-NBR_20141-560x345.jpg 560w\" data-sizes=\"(max-width: 600px) 100vw, 600px\" src=\"data:image\/svg+xml;base64,PHN2ZyB3aWR0aD0iMSIgaGVpZ2h0PSIxIiB4bWxucz0iaHR0cDovL3d3dy53My5vcmcvMjAwMC9zdmciPjwvc3ZnPg==\" style=\"--smush-placeholder-width: 600px; --smush-placeholder-aspect-ratio: 600\/370;\" \/><\/a><\/p>\n<p>Fuji Heavy Industries, fabricante de los coches Subaru y STI (Subaru T\u00e9cnica International) ha anunciado el veh\u00edculo con el que competir\u00e1 en las famosas <a href=\"http:\/\/www.nuerburgring.de\/en\/events\/automobile\/adac-zurich-24-hour-race.html\">24 horas de N\u00fcrburgring<\/a>. <strong> Toshihiro Yoshida<\/strong> y <strong>Kouta Sasaki<\/strong> pilotar\u00e1n un nuevo e imponente<strong> Subaru WRX STI<\/strong> por el (conocido como) &#8216;infierno verde&#8217;.<\/p>\n<p><!--more-->El trabajo ha ido dirigido a mejorar el rendimiento del veh\u00edculo en un trazado tan complicado como el alem\u00e1n, en el que la estabilidad y la velocidad son claves para la victoria.<\/p>\n<p>FHI y STI, con Hideharu Tatsumi al frente del equipo, han alcanzado un alto nivel de exigencia desarrollando sus veh\u00edculos de competici\u00f3n sobre la base de los Subaru de calle, cuyos <strong>motores boxer <\/strong><strong>d<\/strong><strong>e bajo centro de gravedad<\/strong>, tracci\u00f3n integral permanente sim\u00e9trica y elevada rigidez, han establecido un excelente punto de partida. Los detalles del nuevo Subaru WRX STI de calle se dar\u00e1n a conocer en el <strong><a href=\"http:\/\/www.naias.com\/\">Sal\u00f3n de Detroit<\/a><\/strong> de la pr\u00f3xima semana.<\/p>\n<p>En cuanto al futuro de la marca en <strong>Super GT<\/strong>, STI ha llevado a cabo numerosas mejoras en el Subaru BRZ GT300 , veh\u00edculo que ya en la temporada pasada consigui\u00f3 cinco poles de las ocho posibles.<\/p>\n<p>Por \u00faltimo, para completar el <strong>calendario de competici\u00f3n de 2014<\/strong> con grandes emociones, Subaru continuar\u00e1 apoyando a los pilotos privados que participan en el <strong>World Rallye Championship 2<\/strong> y en el <strong>European Rallye Championship<\/strong><strong>,<\/strong> en el que el austriaco Andreas Aigner y su copiloto Barbara Watzl \u00a0consiguieron el campeonato de producci\u00f3n. \u00a0\u00bfAlguien da m\u00e1s para este nuevo a\u00f1o?<\/p>\n","protected":false},"excerpt":{"rendered":"<p>Fuji Heavy Industries, fabricante de los coches Subaru y STI (Subaru T\u00e9cnica International) ha anunciado el veh\u00edculo con el que competir\u00e1 en las famosas 24 horas de N\u00fcrburgring. Toshihiro Yoshida y Kouta Sasaki pilotar\u00e1n un nuevo e imponente Subaru WRX STI por el (conocido como) &#8216;infierno verde&#8217;.<\/p>\n","protected":false},"author":21,"featured_media":9748,"comment_status":"open","ping_status":"open","sticky":false,"template":"","format":"standard","meta":{"_acf_changed":false,"_eb_attr":"","inline_featured_image":false,"footnotes":""},"categories":[4401],"tags":[3002,1735],"class_list":["post-9743","post","type-post","status-publish","format-standard","has-post-thumbnail","hentry","category-nuestra-marca","tag-24-horas-de-nurburgring","tag-subaru-wrx-sti"],"acf":[],"yoast_head":"<!-- This site is optimized with the Yoast SEO plugin v27.3 - https:\/\/yoast.com\/product\/yoast-seo-wordpress\/ -->\n<title>Nuevo Subaru WRX STI para correr en el &#039;infierno verde&#039; - Universo Subaru<\/title>\n<meta name=\"robots\" content=\"index, follow, max-snippet:-1, max-image-preview:large, max-video-preview:-1\" \/>\n<link rel=\"canonical\" href=\"https:\/\/www.subaru.es\/blog\/nuestra-marca\/nuevo-subaru-wrx-sti-para-correr-en-el-infierno-verde\/\" \/>\n<meta property=\"og:locale\" content=\"es_ES\" \/>\n<meta property=\"og:type\" content=\"article\" \/>\n<meta property=\"og:title\" content=\"Nuevo Subaru WRX STI para correr en el &#039;infierno verde&#039; - Universo Subaru\" \/>\n<meta property=\"og:description\" content=\"Fuji Heavy Industries, fabricante de los coches Subaru y STI (Subaru T\u00e9cnica International) ha anunciado el veh\u00edculo con el que competir\u00e1 en las famosas 24 horas de N\u00fcrburgring. Toshihiro Yoshida y Kouta Sasaki pilotar\u00e1n un nuevo e imponente Subaru WRX STI por el (conocido como) &#8216;infierno verde&#8217;.\" \/>\n<meta property=\"og:url\" content=\"https:\/\/www.subaru.es\/blog\/nuestra-marca\/nuevo-subaru-wrx-sti-para-correr-en-el-infierno-verde\/\" \/>\n<meta property=\"og:site_name\" content=\"Universo Subaru\" \/>\n<meta property=\"article:publisher\" content=\"https:\/\/www.facebook.com\/subaruespana\" \/>\n<meta property=\"article:published_time\" content=\"2014-01-10T12:00:51+00:00\" \/>\n<meta property=\"article:modified_time\" content=\"2020-08-06T09:38:08+00:00\" \/>\n<meta property=\"og:image\" content=\"https:\/\/www.subaru.es\/blog\/wp-content\/uploads\/2014\/01\/WRX_STI-NBR_2014.jpg\" \/>\n\t<meta property=\"og:image:width\" content=\"500\" \/>\n\t<meta property=\"og:image:height\" content=\"308\" \/>\n\t<meta property=\"og:image:type\" content=\"image\/jpeg\" \/>\n<meta name=\"author\" content=\"Subaru\" \/>\n<meta name=\"twitter:card\" content=\"summary_large_image\" \/>\n<meta name=\"twitter:label1\" content=\"Escrito por\" \/>\n\t<meta name=\"twitter:data1\" content=\"Subaru\" \/>\n\t<meta name=\"twitter:label2\" content=\"Tiempo de lectura\" \/>\n\t<meta name=\"twitter:data2\" content=\"1 minuto\" \/>\n<script type=\"application\/ld+json\" class=\"yoast-schema-graph\">{\"@context\":\"https:\\\/\\\/schema.org\",\"@graph\":[{\"@type\":\"Article\",\"@id\":\"https:\\\/\\\/www.subaru.es\\\/blog\\\/nuestra-marca\\\/nuevo-subaru-wrx-sti-para-correr-en-el-infierno-verde\\\/#article\",\"isPartOf\":{\"@id\":\"https:\\\/\\\/www.subaru.es\\\/blog\\\/nuestra-marca\\\/nuevo-subaru-wrx-sti-para-correr-en-el-infierno-verde\\\/\"},\"author\":{\"name\":\"Subaru\",\"@id\":\"https:\\\/\\\/www.subaru.es\\\/blog\\\/#\\\/schema\\\/person\\\/19a90b892230b8e0ec752704ddf4aa10\"},\"headline\":\"Nuevo Subaru WRX STI para correr en el &#8216;infierno verde&#8217;\",\"datePublished\":\"2014-01-10T12:00:51+00:00\",\"dateModified\":\"2020-08-06T09:38:08+00:00\",\"mainEntityOfPage\":{\"@id\":\"https:\\\/\\\/www.subaru.es\\\/blog\\\/nuestra-marca\\\/nuevo-subaru-wrx-sti-para-correr-en-el-infierno-verde\\\/\"},\"wordCount\":273,\"commentCount\":0,\"publisher\":{\"@id\":\"https:\\\/\\\/www.subaru.es\\\/blog\\\/#organization\"},\"image\":{\"@id\":\"https:\\\/\\\/www.subaru.es\\\/blog\\\/nuestra-marca\\\/nuevo-subaru-wrx-sti-para-correr-en-el-infierno-verde\\\/#primaryimage\"},\"thumbnailUrl\":\"https:\\\/\\\/www.subaru.es\\\/blog\\\/wp-content\\\/uploads\\\/2014\\\/01\\\/WRX_STI-NBR_2014.jpg\",\"keywords\":[\"24 Horas de N\u00fcrburgring\",\"Subaru WRX STI\"],\"articleSection\":[\"Nuestra marca\"],\"inLanguage\":\"es\",\"potentialAction\":[{\"@type\":\"CommentAction\",\"name\":\"Comment\",\"target\":[\"https:\\\/\\\/www.subaru.es\\\/blog\\\/nuestra-marca\\\/nuevo-subaru-wrx-sti-para-correr-en-el-infierno-verde\\\/#respond\"]}]},{\"@type\":\"WebPage\",\"@id\":\"https:\\\/\\\/www.subaru.es\\\/blog\\\/nuestra-marca\\\/nuevo-subaru-wrx-sti-para-correr-en-el-infierno-verde\\\/\",\"url\":\"https:\\\/\\\/www.subaru.es\\\/blog\\\/nuestra-marca\\\/nuevo-subaru-wrx-sti-para-correr-en-el-infierno-verde\\\/\",\"name\":\"Nuevo Subaru WRX STI para correr en el 'infierno verde' - Universo Subaru\",\"isPartOf\":{\"@id\":\"https:\\\/\\\/www.subaru.es\\\/blog\\\/#website\"},\"primaryImageOfPage\":{\"@id\":\"https:\\\/\\\/www.subaru.es\\\/blog\\\/nuestra-marca\\\/nuevo-subaru-wrx-sti-para-correr-en-el-infierno-verde\\\/#primaryimage\"},\"image\":{\"@id\":\"https:\\\/\\\/www.subaru.es\\\/blog\\\/nuestra-marca\\\/nuevo-subaru-wrx-sti-para-correr-en-el-infierno-verde\\\/#primaryimage\"},\"thumbnailUrl\":\"https:\\\/\\\/www.subaru.es\\\/blog\\\/wp-content\\\/uploads\\\/2014\\\/01\\\/WRX_STI-NBR_2014.jpg\",\"datePublished\":\"2014-01-10T12:00:51+00:00\",\"dateModified\":\"2020-08-06T09:38:08+00:00\",\"breadcrumb\":{\"@id\":\"https:\\\/\\\/www.subaru.es\\\/blog\\\/nuestra-marca\\\/nuevo-subaru-wrx-sti-para-correr-en-el-infierno-verde\\\/#breadcrumb\"},\"inLanguage\":\"es\",\"potentialAction\":[{\"@type\":\"ReadAction\",\"target\":[\"https:\\\/\\\/www.subaru.es\\\/blog\\\/nuestra-marca\\\/nuevo-subaru-wrx-sti-para-correr-en-el-infierno-verde\\\/\"]}]},{\"@type\":\"ImageObject\",\"inLanguage\":\"es\",\"@id\":\"https:\\\/\\\/www.subaru.es\\\/blog\\\/nuestra-marca\\\/nuevo-subaru-wrx-sti-para-correr-en-el-infierno-verde\\\/#primaryimage\",\"url\":\"https:\\\/\\\/www.subaru.es\\\/blog\\\/wp-content\\\/uploads\\\/2014\\\/01\\\/WRX_STI-NBR_2014.jpg\",\"contentUrl\":\"https:\\\/\\\/www.subaru.es\\\/blog\\\/wp-content\\\/uploads\\\/2014\\\/01\\\/WRX_STI-NBR_2014.jpg\",\"width\":500,\"height\":308},{\"@type\":\"BreadcrumbList\",\"@id\":\"https:\\\/\\\/www.subaru.es\\\/blog\\\/nuestra-marca\\\/nuevo-subaru-wrx-sti-para-correr-en-el-infierno-verde\\\/#breadcrumb\",\"itemListElement\":[{\"@type\":\"ListItem\",\"position\":1,\"name\":\"Portada\",\"item\":\"https:\\\/\\\/www.subaru.es\\\/blog\\\/\"},{\"@type\":\"ListItem\",\"position\":2,\"name\":\"Nuevo Subaru WRX STI para correr en el &#8216;infierno verde&#8217;\"}]},{\"@type\":\"WebSite\",\"@id\":\"https:\\\/\\\/www.subaru.es\\\/blog\\\/#website\",\"url\":\"https:\\\/\\\/www.subaru.es\\\/blog\\\/\",\"name\":\"Universo Subaru\",\"description\":\"Descubre este apasionante espacio de Subaru donde vas a conocer todo sobre nuestros coches y las experiencias que vivimos con ellos. Si est\u00e1s preparado para dejarte seducir por la filosof\u00eda Subaru, qu\u00e9date con nosotros.\",\"publisher\":{\"@id\":\"https:\\\/\\\/www.subaru.es\\\/blog\\\/#organization\"},\"potentialAction\":[{\"@type\":\"SearchAction\",\"target\":{\"@type\":\"EntryPoint\",\"urlTemplate\":\"https:\\\/\\\/www.subaru.es\\\/blog\\\/?s={search_term_string}\"},\"query-input\":{\"@type\":\"PropertyValueSpecification\",\"valueRequired\":true,\"valueName\":\"search_term_string\"}}],\"inLanguage\":\"es\"},{\"@type\":\"Organization\",\"@id\":\"https:\\\/\\\/www.subaru.es\\\/blog\\\/#organization\",\"name\":\"Subaru Espa\u00f1a S.A.\",\"url\":\"https:\\\/\\\/www.subaru.es\\\/blog\\\/\",\"logo\":{\"@type\":\"ImageObject\",\"inLanguage\":\"es\",\"@id\":\"https:\\\/\\\/www.subaru.es\\\/blog\\\/#\\\/schema\\\/logo\\\/image\\\/\",\"url\":\"https:\\\/\\\/www.subaru.es\\\/blog\\\/wp-content\\\/uploads\\\/2016\\\/12\\\/Logo-Subaru-TypeV_C300-scaled.jpg\",\"contentUrl\":\"https:\\\/\\\/www.subaru.es\\\/blog\\\/wp-content\\\/uploads\\\/2016\\\/12\\\/Logo-Subaru-TypeV_C300-scaled.jpg\",\"width\":2560,\"height\":1864,\"caption\":\"Subaru Espa\u00f1a S.A.\"},\"image\":{\"@id\":\"https:\\\/\\\/www.subaru.es\\\/blog\\\/#\\\/schema\\\/logo\\\/image\\\/\"},\"sameAs\":[\"https:\\\/\\\/www.facebook.com\\\/subaruespana\",\"https:\\\/\\\/www.instagram.com\\\/subarues\\\/\",\"https:\\\/\\\/www.youtube.com\\\/user\\\/subaruespana\"]},{\"@type\":\"Person\",\"@id\":\"https:\\\/\\\/www.subaru.es\\\/blog\\\/#\\\/schema\\\/person\\\/19a90b892230b8e0ec752704ddf4aa10\",\"name\":\"Subaru\",\"url\":\"https:\\\/\\\/www.subaru.es\\\/blog\\\/author\\\/subaria\\\/\"}]}<\/script>\n<!-- \/ Yoast SEO plugin. -->","yoast_head_json":{"title":"Nuevo Subaru WRX STI para correr en el 'infierno verde' - Universo Subaru","robots":{"index":"index","follow":"follow","max-snippet":"max-snippet:-1","max-image-preview":"max-image-preview:large","max-video-preview":"max-video-preview:-1"},"canonical":"https:\/\/www.subaru.es\/blog\/nuestra-marca\/nuevo-subaru-wrx-sti-para-correr-en-el-infierno-verde\/","og_locale":"es_ES","og_type":"article","og_title":"Nuevo Subaru WRX STI para correr en el 'infierno verde' - Universo Subaru","og_description":"Fuji Heavy Industries, fabricante de los coches Subaru y STI (Subaru T\u00e9cnica International) ha anunciado el veh\u00edculo con el que competir\u00e1 en las famosas 24 horas de N\u00fcrburgring. Toshihiro Yoshida y Kouta Sasaki pilotar\u00e1n un nuevo e imponente Subaru WRX STI por el (conocido como) &#8216;infierno verde&#8217;.","og_url":"https:\/\/www.subaru.es\/blog\/nuestra-marca\/nuevo-subaru-wrx-sti-para-correr-en-el-infierno-verde\/","og_site_name":"Universo Subaru","article_publisher":"https:\/\/www.facebook.com\/subaruespana","article_published_time":"2014-01-10T12:00:51+00:00","article_modified_time":"2020-08-06T09:38:08+00:00","og_image":[{"width":500,"height":308,"url":"https:\/\/www.subaru.es\/blog\/wp-content\/uploads\/2014\/01\/WRX_STI-NBR_2014.jpg","type":"image\/jpeg"}],"author":"Subaru","twitter_card":"summary_large_image","twitter_misc":{"Escrito por":"Subaru","Tiempo de lectura":"1 minuto"},"schema":{"@context":"https:\/\/schema.org","@graph":[{"@type":"Article","@id":"https:\/\/www.subaru.es\/blog\/nuestra-marca\/nuevo-subaru-wrx-sti-para-correr-en-el-infierno-verde\/#article","isPartOf":{"@id":"https:\/\/www.subaru.es\/blog\/nuestra-marca\/nuevo-subaru-wrx-sti-para-correr-en-el-infierno-verde\/"},"author":{"name":"Subaru","@id":"https:\/\/www.subaru.es\/blog\/#\/schema\/person\/19a90b892230b8e0ec752704ddf4aa10"},"headline":"Nuevo Subaru WRX STI para correr en el &#8216;infierno verde&#8217;","datePublished":"2014-01-10T12:00:51+00:00","dateModified":"2020-08-06T09:38:08+00:00","mainEntityOfPage":{"@id":"https:\/\/www.subaru.es\/blog\/nuestra-marca\/nuevo-subaru-wrx-sti-para-correr-en-el-infierno-verde\/"},"wordCount":273,"commentCount":0,"publisher":{"@id":"https:\/\/www.subaru.es\/blog\/#organization"},"image":{"@id":"https:\/\/www.subaru.es\/blog\/nuestra-marca\/nuevo-subaru-wrx-sti-para-correr-en-el-infierno-verde\/#primaryimage"},"thumbnailUrl":"https:\/\/www.subaru.es\/blog\/wp-content\/uploads\/2014\/01\/WRX_STI-NBR_2014.jpg","keywords":["24 Horas de N\u00fcrburgring","Subaru WRX STI"],"articleSection":["Nuestra marca"],"inLanguage":"es","potentialAction":[{"@type":"CommentAction","name":"Comment","target":["https:\/\/www.subaru.es\/blog\/nuestra-marca\/nuevo-subaru-wrx-sti-para-correr-en-el-infierno-verde\/#respond"]}]},{"@type":"WebPage","@id":"https:\/\/www.subaru.es\/blog\/nuestra-marca\/nuevo-subaru-wrx-sti-para-correr-en-el-infierno-verde\/","url":"https:\/\/www.subaru.es\/blog\/nuestra-marca\/nuevo-subaru-wrx-sti-para-correr-en-el-infierno-verde\/","name":"Nuevo Subaru WRX STI para correr en el 'infierno verde' - Universo Subaru","isPartOf":{"@id":"https:\/\/www.subaru.es\/blog\/#website"},"primaryImageOfPage":{"@id":"https:\/\/www.subaru.es\/blog\/nuestra-marca\/nuevo-subaru-wrx-sti-para-correr-en-el-infierno-verde\/#primaryimage"},"image":{"@id":"https:\/\/www.subaru.es\/blog\/nuestra-marca\/nuevo-subaru-wrx-sti-para-correr-en-el-infierno-verde\/#primaryimage"},"thumbnailUrl":"https:\/\/www.subaru.es\/blog\/wp-content\/uploads\/2014\/01\/WRX_STI-NBR_2014.jpg","datePublished":"2014-01-10T12:00:51+00:00","dateModified":"2020-08-06T09:38:08+00:00","breadcrumb":{"@id":"https:\/\/www.subaru.es\/blog\/nuestra-marca\/nuevo-subaru-wrx-sti-para-correr-en-el-infierno-verde\/#breadcrumb"},"inLanguage":"es","potentialAction":[{"@type":"ReadAction","target":["https:\/\/www.subaru.es\/blog\/nuestra-marca\/nuevo-subaru-wrx-sti-para-correr-en-el-infierno-verde\/"]}]},{"@type":"ImageObject","inLanguage":"es","@id":"https:\/\/www.subaru.es\/blog\/nuestra-marca\/nuevo-subaru-wrx-sti-para-correr-en-el-infierno-verde\/#primaryimage","url":"https:\/\/www.subaru.es\/blog\/wp-content\/uploads\/2014\/01\/WRX_STI-NBR_2014.jpg","contentUrl":"https:\/\/www.subaru.es\/blog\/wp-content\/uploads\/2014\/01\/WRX_STI-NBR_2014.jpg","width":500,"height":308},{"@type":"BreadcrumbList","@id":"https:\/\/www.subaru.es\/blog\/nuestra-marca\/nuevo-subaru-wrx-sti-para-correr-en-el-infierno-verde\/#breadcrumb","itemListElement":[{"@type":"ListItem","position":1,"name":"Portada","item":"https:\/\/www.subaru.es\/blog\/"},{"@type":"ListItem","position":2,"name":"Nuevo Subaru WRX STI para correr en el &#8216;infierno verde&#8217;"}]},{"@type":"WebSite","@id":"https:\/\/www.subaru.es\/blog\/#website","url":"https:\/\/www.subaru.es\/blog\/","name":"Universo Subaru","description":"Descubre este apasionante espacio de Subaru donde vas a conocer todo sobre nuestros coches y las experiencias que vivimos con ellos. Si est\u00e1s preparado para dejarte seducir por la filosof\u00eda Subaru, qu\u00e9date con nosotros.","publisher":{"@id":"https:\/\/www.subaru.es\/blog\/#organization"},"potentialAction":[{"@type":"SearchAction","target":{"@type":"EntryPoint","urlTemplate":"https:\/\/www.subaru.es\/blog\/?s={search_term_string}"},"query-input":{"@type":"PropertyValueSpecification","valueRequired":true,"valueName":"search_term_string"}}],"inLanguage":"es"},{"@type":"Organization","@id":"https:\/\/www.subaru.es\/blog\/#organization","name":"Subaru Espa\u00f1a S.A.","url":"https:\/\/www.subaru.es\/blog\/","logo":{"@type":"ImageObject","inLanguage":"es","@id":"https:\/\/www.subaru.es\/blog\/#\/schema\/logo\/image\/","url":"https:\/\/www.subaru.es\/blog\/wp-content\/uploads\/2016\/12\/Logo-Subaru-TypeV_C300-scaled.jpg","contentUrl":"https:\/\/www.subaru.es\/blog\/wp-content\/uploads\/2016\/12\/Logo-Subaru-TypeV_C300-scaled.jpg","width":2560,"height":1864,"caption":"Subaru Espa\u00f1a S.A."},"image":{"@id":"https:\/\/www.subaru.es\/blog\/#\/schema\/logo\/image\/"},"sameAs":["https:\/\/www.facebook.com\/subaruespana","https:\/\/www.instagram.com\/subarues\/","https:\/\/www.youtube.com\/user\/subaruespana"]},{"@type":"Person","@id":"https:\/\/www.subaru.es\/blog\/#\/schema\/person\/19a90b892230b8e0ec752704ddf4aa10","name":"Subaru","url":"https:\/\/www.subaru.es\/blog\/author\/subaria\/"}]}},"_links":{"self":[{"href":"https:\/\/www.subaru.es\/blog\/wp-json\/wp\/v2\/posts\/9743","targetHints":{"allow":["GET"]}}],"collection":[{"href":"https:\/\/www.subaru.es\/blog\/wp-json\/wp\/v2\/posts"}],"about":[{"href":"https:\/\/www.subaru.es\/blog\/wp-json\/wp\/v2\/types\/post"}],"author":[{"embeddable":true,"href":"https:\/\/www.subaru.es\/blog\/wp-json\/wp\/v2\/users\/21"}],"replies":[{"embeddable":true,"href":"https:\/\/www.subaru.es\/blog\/wp-json\/wp\/v2\/comments?post=9743"}],"version-history":[{"count":1,"href":"https:\/\/www.subaru.es\/blog\/wp-json\/wp\/v2\/posts\/9743\/revisions"}],"predecessor-version":[{"id":14750,"href":"https:\/\/www.subaru.es\/blog\/wp-json\/wp\/v2\/posts\/9743\/revisions\/14750"}],"wp:featuredmedia":[{"embeddable":true,"href":"https:\/\/www.subaru.es\/blog\/wp-json\/wp\/v2\/media\/9748"}],"wp:attachment":[{"href":"https:\/\/www.subaru.es\/blog\/wp-json\/wp\/v2\/media?parent=9743"}],"wp:term":[{"taxonomy":"category","embeddable":true,"href":"https:\/\/www.subaru.es\/blog\/wp-json\/wp\/v2\/categories?post=9743"},{"taxonomy":"post_tag","embeddable":true,"href":"https:\/\/www.subaru.es\/blog\/wp-json\/wp\/v2\/tags?post=9743"}],"curies":[{"name":"wp","href":"https:\/\/api.w.org\/{rel}","templated":true}]}}