{"id":961,"date":"2008-06-01T11:30:32","date_gmt":"2008-06-01T09:30:32","guid":{"rendered":"http:\/\/subaru.preproduccion.com\/blog\/wp-content\/2008\/06\/01\/el-subaru-de-los-apalantza-triunfa-en-navarra\/"},"modified":"2020-08-06T11:48:14","modified_gmt":"2020-08-06T09:48:14","slug":"el-subaru-de-los-apalantza-triunfa-en-navarra","status":"publish","type":"post","link":"https:\/\/www.subaru.es\/blog\/nuestra-marca\/el-subaru-de-los-apalantza-triunfa-en-navarra\/","title":{"rendered":"El Subaru de los Apalantza triunfa en Navarra"},"content":{"rendered":"<p><center><img data-src='https:\/\/www.subaru.es\/blog\/wp-content\/uploads\/2008\/05\/rally-navarra-subaru.jpg' alt='Rallye de Navarra, Subaru Impreza' src='data:image\/svg+xml;base64,PHN2ZyB3aWR0aD0iMSIgaGVpZ2h0PSIxIiB4bWxucz0iaHR0cDovL3d3dy53My5vcmcvMjAwMC9zdmciPjwvc3ZnPg==' class='lazyload' style='--smush-placeholder-width: 475px; --smush-placeholder-aspect-ratio: 475\/302;' \/><\/center><\/p>\n<p><strong>Gorka <\/strong>y <strong>Alazne Apalantza<\/strong> se han impuesto en la <strong>13\u00ba Rallye RAC Navarra<\/strong> sobre su <strong>Subaru Impreza WRC<\/strong>.<\/p>\n<p>Un segundo marc\u00f3 la diferencia sobre el segundo clasificado durante una prueba que, como en a\u00f1os anteriores, estuvo al final marcada por las dif\u00edciles condiciones climatol\u00f3gicas.<\/p>\n<p>El t\u00e1ndem <strong>Subaru-Apalantza<\/strong> logr\u00f3 un magn\u00edfico triunfo, sobresaliendo entre 75 equipos inscritos de las primeras marcas de competici\u00f3n. Enhorabuena.<\/p>\n<p>Fuente: <a href=\"http:\/\/www.rincondelmotor.com\/vernoti.asp?ver=010919&#038;13%C2%BA-Rallye-RAC-Navarra\">Rinc\u00f3n del Motor<\/a><\/p>\n","protected":false},"excerpt":{"rendered":"<p>Gorka y Alazne Apalantza se han impuesto en la 13\u00ba Rallye RAC Navarra sobre su Subaru Impreza WRC. Un segundo marc\u00f3 la diferencia sobre el segundo clasificado durante una prueba que, como en a\u00f1os anteriores, estuvo al final marcada por las dif\u00edciles condiciones climatol\u00f3gicas. El t\u00e1ndem Subaru-Apalantza logr\u00f3 un magn\u00edfico triunfo, sobresaliendo entre 75 equipos [&hellip;]<\/p>\n","protected":false},"author":21,"featured_media":962,"comment_status":"open","ping_status":"open","sticky":false,"template":"","format":"standard","meta":{"_acf_changed":false,"_eb_attr":"","inline_featured_image":false,"footnotes":""},"categories":[4401],"tags":[449,10,646,107,4390],"class_list":["post-961","post","type-post","status-publish","format-standard","has-post-thumbnail","hentry","category-nuestra-marca","tag-apalantza","tag-impreza","tag-navarra","tag-rallye","tag-subaru"],"acf":[],"yoast_head":"<!-- This site is optimized with the Yoast SEO plugin v27.3 - https:\/\/yoast.com\/product\/yoast-seo-wordpress\/ -->\n<title>El Subaru de los Apalantza triunfa en Navarra - Universo Subaru<\/title>\n<meta name=\"robots\" content=\"index, follow, max-snippet:-1, max-image-preview:large, max-video-preview:-1\" \/>\n<link rel=\"canonical\" href=\"https:\/\/www.subaru.es\/blog\/nuestra-marca\/el-subaru-de-los-apalantza-triunfa-en-navarra\/\" \/>\n<meta property=\"og:locale\" content=\"es_ES\" \/>\n<meta property=\"og:type\" content=\"article\" \/>\n<meta property=\"og:title\" content=\"El Subaru de los Apalantza triunfa en Navarra - Universo Subaru\" \/>\n<meta property=\"og:description\" content=\"Gorka y Alazne Apalantza se han impuesto en la 13\u00ba Rallye RAC Navarra sobre su Subaru Impreza WRC. Un segundo marc\u00f3 la diferencia sobre el segundo clasificado durante una prueba que, como en a\u00f1os anteriores, estuvo al final marcada por las dif\u00edciles condiciones climatol\u00f3gicas. El t\u00e1ndem Subaru-Apalantza logr\u00f3 un magn\u00edfico triunfo, sobresaliendo entre 75 equipos [&hellip;]\" \/>\n<meta property=\"og:url\" content=\"https:\/\/www.subaru.es\/blog\/nuestra-marca\/el-subaru-de-los-apalantza-triunfa-en-navarra\/\" \/>\n<meta property=\"og:site_name\" content=\"Universo Subaru\" \/>\n<meta property=\"article:publisher\" content=\"https:\/\/www.facebook.com\/subaruespana\" \/>\n<meta property=\"article:published_time\" content=\"2008-06-01T09:30:32+00:00\" \/>\n<meta property=\"article:modified_time\" content=\"2020-08-06T09:48:14+00:00\" \/>\n<meta property=\"og:image\" content=\"https:\/\/www.subaru.es\/blog\/wp-content\/uploads\/2008\/05\/rally-navarra-subaru.jpg\" \/>\n\t<meta property=\"og:image:width\" content=\"475\" \/>\n\t<meta property=\"og:image:height\" content=\"302\" \/>\n\t<meta property=\"og:image:type\" content=\"image\/jpeg\" \/>\n<meta name=\"author\" content=\"Subaru\" \/>\n<meta name=\"twitter:card\" content=\"summary_large_image\" \/>\n<meta name=\"twitter:label1\" content=\"Escrito por\" \/>\n\t<meta name=\"twitter:data1\" content=\"Subaru\" \/>\n<script type=\"application\/ld+json\" class=\"yoast-schema-graph\">{\"@context\":\"https:\\\/\\\/schema.org\",\"@graph\":[{\"@type\":\"Article\",\"@id\":\"https:\\\/\\\/www.subaru.es\\\/blog\\\/nuestra-marca\\\/el-subaru-de-los-apalantza-triunfa-en-navarra\\\/#article\",\"isPartOf\":{\"@id\":\"https:\\\/\\\/www.subaru.es\\\/blog\\\/nuestra-marca\\\/el-subaru-de-los-apalantza-triunfa-en-navarra\\\/\"},\"author\":{\"name\":\"Subaru\",\"@id\":\"https:\\\/\\\/www.subaru.es\\\/blog\\\/#\\\/schema\\\/person\\\/19a90b892230b8e0ec752704ddf4aa10\"},\"headline\":\"El Subaru de los Apalantza triunfa en Navarra\",\"datePublished\":\"2008-06-01T09:30:32+00:00\",\"dateModified\":\"2020-08-06T09:48:14+00:00\",\"mainEntityOfPage\":{\"@id\":\"https:\\\/\\\/www.subaru.es\\\/blog\\\/nuestra-marca\\\/el-subaru-de-los-apalantza-triunfa-en-navarra\\\/\"},\"wordCount\":80,\"commentCount\":0,\"publisher\":{\"@id\":\"https:\\\/\\\/www.subaru.es\\\/blog\\\/#organization\"},\"image\":{\"@id\":\"https:\\\/\\\/www.subaru.es\\\/blog\\\/nuestra-marca\\\/el-subaru-de-los-apalantza-triunfa-en-navarra\\\/#primaryimage\"},\"thumbnailUrl\":\"https:\\\/\\\/www.subaru.es\\\/blog\\\/wp-content\\\/uploads\\\/2008\\\/05\\\/rally-navarra-subaru.jpg\",\"keywords\":[\"apalantza\",\"impreza\",\"navarra\",\"rallye\",\"Subaru\"],\"articleSection\":[\"Nuestra marca\"],\"inLanguage\":\"es\",\"potentialAction\":[{\"@type\":\"CommentAction\",\"name\":\"Comment\",\"target\":[\"https:\\\/\\\/www.subaru.es\\\/blog\\\/nuestra-marca\\\/el-subaru-de-los-apalantza-triunfa-en-navarra\\\/#respond\"]}]},{\"@type\":\"WebPage\",\"@id\":\"https:\\\/\\\/www.subaru.es\\\/blog\\\/nuestra-marca\\\/el-subaru-de-los-apalantza-triunfa-en-navarra\\\/\",\"url\":\"https:\\\/\\\/www.subaru.es\\\/blog\\\/nuestra-marca\\\/el-subaru-de-los-apalantza-triunfa-en-navarra\\\/\",\"name\":\"El Subaru de los Apalantza triunfa en Navarra - Universo Subaru\",\"isPartOf\":{\"@id\":\"https:\\\/\\\/www.subaru.es\\\/blog\\\/#website\"},\"primaryImageOfPage\":{\"@id\":\"https:\\\/\\\/www.subaru.es\\\/blog\\\/nuestra-marca\\\/el-subaru-de-los-apalantza-triunfa-en-navarra\\\/#primaryimage\"},\"image\":{\"@id\":\"https:\\\/\\\/www.subaru.es\\\/blog\\\/nuestra-marca\\\/el-subaru-de-los-apalantza-triunfa-en-navarra\\\/#primaryimage\"},\"thumbnailUrl\":\"https:\\\/\\\/www.subaru.es\\\/blog\\\/wp-content\\\/uploads\\\/2008\\\/05\\\/rally-navarra-subaru.jpg\",\"datePublished\":\"2008-06-01T09:30:32+00:00\",\"dateModified\":\"2020-08-06T09:48:14+00:00\",\"breadcrumb\":{\"@id\":\"https:\\\/\\\/www.subaru.es\\\/blog\\\/nuestra-marca\\\/el-subaru-de-los-apalantza-triunfa-en-navarra\\\/#breadcrumb\"},\"inLanguage\":\"es\",\"potentialAction\":[{\"@type\":\"ReadAction\",\"target\":[\"https:\\\/\\\/www.subaru.es\\\/blog\\\/nuestra-marca\\\/el-subaru-de-los-apalantza-triunfa-en-navarra\\\/\"]}]},{\"@type\":\"ImageObject\",\"inLanguage\":\"es\",\"@id\":\"https:\\\/\\\/www.subaru.es\\\/blog\\\/nuestra-marca\\\/el-subaru-de-los-apalantza-triunfa-en-navarra\\\/#primaryimage\",\"url\":\"https:\\\/\\\/www.subaru.es\\\/blog\\\/wp-content\\\/uploads\\\/2008\\\/05\\\/rally-navarra-subaru.jpg\",\"contentUrl\":\"https:\\\/\\\/www.subaru.es\\\/blog\\\/wp-content\\\/uploads\\\/2008\\\/05\\\/rally-navarra-subaru.jpg\",\"width\":475,\"height\":302},{\"@type\":\"BreadcrumbList\",\"@id\":\"https:\\\/\\\/www.subaru.es\\\/blog\\\/nuestra-marca\\\/el-subaru-de-los-apalantza-triunfa-en-navarra\\\/#breadcrumb\",\"itemListElement\":[{\"@type\":\"ListItem\",\"position\":1,\"name\":\"Portada\",\"item\":\"https:\\\/\\\/www.subaru.es\\\/blog\\\/\"},{\"@type\":\"ListItem\",\"position\":2,\"name\":\"El Subaru de los Apalantza triunfa en Navarra\"}]},{\"@type\":\"WebSite\",\"@id\":\"https:\\\/\\\/www.subaru.es\\\/blog\\\/#website\",\"url\":\"https:\\\/\\\/www.subaru.es\\\/blog\\\/\",\"name\":\"Universo Subaru\",\"description\":\"Descubre este apasionante espacio de Subaru donde vas a conocer todo sobre nuestros coches y las experiencias que vivimos con ellos. Si est\u00e1s preparado para dejarte seducir por la filosof\u00eda Subaru, qu\u00e9date con nosotros.\",\"publisher\":{\"@id\":\"https:\\\/\\\/www.subaru.es\\\/blog\\\/#organization\"},\"potentialAction\":[{\"@type\":\"SearchAction\",\"target\":{\"@type\":\"EntryPoint\",\"urlTemplate\":\"https:\\\/\\\/www.subaru.es\\\/blog\\\/?s={search_term_string}\"},\"query-input\":{\"@type\":\"PropertyValueSpecification\",\"valueRequired\":true,\"valueName\":\"search_term_string\"}}],\"inLanguage\":\"es\"},{\"@type\":\"Organization\",\"@id\":\"https:\\\/\\\/www.subaru.es\\\/blog\\\/#organization\",\"name\":\"Subaru Espa\u00f1a S.A.\",\"url\":\"https:\\\/\\\/www.subaru.es\\\/blog\\\/\",\"logo\":{\"@type\":\"ImageObject\",\"inLanguage\":\"es\",\"@id\":\"https:\\\/\\\/www.subaru.es\\\/blog\\\/#\\\/schema\\\/logo\\\/image\\\/\",\"url\":\"https:\\\/\\\/www.subaru.es\\\/blog\\\/wp-content\\\/uploads\\\/2016\\\/12\\\/Logo-Subaru-TypeV_C300-scaled.jpg\",\"contentUrl\":\"https:\\\/\\\/www.subaru.es\\\/blog\\\/wp-content\\\/uploads\\\/2016\\\/12\\\/Logo-Subaru-TypeV_C300-scaled.jpg\",\"width\":2560,\"height\":1864,\"caption\":\"Subaru Espa\u00f1a S.A.\"},\"image\":{\"@id\":\"https:\\\/\\\/www.subaru.es\\\/blog\\\/#\\\/schema\\\/logo\\\/image\\\/\"},\"sameAs\":[\"https:\\\/\\\/www.facebook.com\\\/subaruespana\",\"https:\\\/\\\/www.instagram.com\\\/subarues\\\/\",\"https:\\\/\\\/www.youtube.com\\\/user\\\/subaruespana\"]},{\"@type\":\"Person\",\"@id\":\"https:\\\/\\\/www.subaru.es\\\/blog\\\/#\\\/schema\\\/person\\\/19a90b892230b8e0ec752704ddf4aa10\",\"name\":\"Subaru\",\"url\":\"https:\\\/\\\/www.subaru.es\\\/blog\\\/author\\\/subaria\\\/\"}]}<\/script>\n<!-- \/ Yoast SEO plugin. -->","yoast_head_json":{"title":"El Subaru de los Apalantza triunfa en Navarra - Universo Subaru","robots":{"index":"index","follow":"follow","max-snippet":"max-snippet:-1","max-image-preview":"max-image-preview:large","max-video-preview":"max-video-preview:-1"},"canonical":"https:\/\/www.subaru.es\/blog\/nuestra-marca\/el-subaru-de-los-apalantza-triunfa-en-navarra\/","og_locale":"es_ES","og_type":"article","og_title":"El Subaru de los Apalantza triunfa en Navarra - Universo Subaru","og_description":"Gorka y Alazne Apalantza se han impuesto en la 13\u00ba Rallye RAC Navarra sobre su Subaru Impreza WRC. Un segundo marc\u00f3 la diferencia sobre el segundo clasificado durante una prueba que, como en a\u00f1os anteriores, estuvo al final marcada por las dif\u00edciles condiciones climatol\u00f3gicas. El t\u00e1ndem Subaru-Apalantza logr\u00f3 un magn\u00edfico triunfo, sobresaliendo entre 75 equipos [&hellip;]","og_url":"https:\/\/www.subaru.es\/blog\/nuestra-marca\/el-subaru-de-los-apalantza-triunfa-en-navarra\/","og_site_name":"Universo Subaru","article_publisher":"https:\/\/www.facebook.com\/subaruespana","article_published_time":"2008-06-01T09:30:32+00:00","article_modified_time":"2020-08-06T09:48:14+00:00","og_image":[{"width":475,"height":302,"url":"https:\/\/www.subaru.es\/blog\/wp-content\/uploads\/2008\/05\/rally-navarra-subaru.jpg","type":"image\/jpeg"}],"author":"Subaru","twitter_card":"summary_large_image","twitter_misc":{"Escrito por":"Subaru"},"schema":{"@context":"https:\/\/schema.org","@graph":[{"@type":"Article","@id":"https:\/\/www.subaru.es\/blog\/nuestra-marca\/el-subaru-de-los-apalantza-triunfa-en-navarra\/#article","isPartOf":{"@id":"https:\/\/www.subaru.es\/blog\/nuestra-marca\/el-subaru-de-los-apalantza-triunfa-en-navarra\/"},"author":{"name":"Subaru","@id":"https:\/\/www.subaru.es\/blog\/#\/schema\/person\/19a90b892230b8e0ec752704ddf4aa10"},"headline":"El Subaru de los Apalantza triunfa en Navarra","datePublished":"2008-06-01T09:30:32+00:00","dateModified":"2020-08-06T09:48:14+00:00","mainEntityOfPage":{"@id":"https:\/\/www.subaru.es\/blog\/nuestra-marca\/el-subaru-de-los-apalantza-triunfa-en-navarra\/"},"wordCount":80,"commentCount":0,"publisher":{"@id":"https:\/\/www.subaru.es\/blog\/#organization"},"image":{"@id":"https:\/\/www.subaru.es\/blog\/nuestra-marca\/el-subaru-de-los-apalantza-triunfa-en-navarra\/#primaryimage"},"thumbnailUrl":"https:\/\/www.subaru.es\/blog\/wp-content\/uploads\/2008\/05\/rally-navarra-subaru.jpg","keywords":["apalantza","impreza","navarra","rallye","Subaru"],"articleSection":["Nuestra marca"],"inLanguage":"es","potentialAction":[{"@type":"CommentAction","name":"Comment","target":["https:\/\/www.subaru.es\/blog\/nuestra-marca\/el-subaru-de-los-apalantza-triunfa-en-navarra\/#respond"]}]},{"@type":"WebPage","@id":"https:\/\/www.subaru.es\/blog\/nuestra-marca\/el-subaru-de-los-apalantza-triunfa-en-navarra\/","url":"https:\/\/www.subaru.es\/blog\/nuestra-marca\/el-subaru-de-los-apalantza-triunfa-en-navarra\/","name":"El Subaru de los Apalantza triunfa en Navarra - Universo Subaru","isPartOf":{"@id":"https:\/\/www.subaru.es\/blog\/#website"},"primaryImageOfPage":{"@id":"https:\/\/www.subaru.es\/blog\/nuestra-marca\/el-subaru-de-los-apalantza-triunfa-en-navarra\/#primaryimage"},"image":{"@id":"https:\/\/www.subaru.es\/blog\/nuestra-marca\/el-subaru-de-los-apalantza-triunfa-en-navarra\/#primaryimage"},"thumbnailUrl":"https:\/\/www.subaru.es\/blog\/wp-content\/uploads\/2008\/05\/rally-navarra-subaru.jpg","datePublished":"2008-06-01T09:30:32+00:00","dateModified":"2020-08-06T09:48:14+00:00","breadcrumb":{"@id":"https:\/\/www.subaru.es\/blog\/nuestra-marca\/el-subaru-de-los-apalantza-triunfa-en-navarra\/#breadcrumb"},"inLanguage":"es","potentialAction":[{"@type":"ReadAction","target":["https:\/\/www.subaru.es\/blog\/nuestra-marca\/el-subaru-de-los-apalantza-triunfa-en-navarra\/"]}]},{"@type":"ImageObject","inLanguage":"es","@id":"https:\/\/www.subaru.es\/blog\/nuestra-marca\/el-subaru-de-los-apalantza-triunfa-en-navarra\/#primaryimage","url":"https:\/\/www.subaru.es\/blog\/wp-content\/uploads\/2008\/05\/rally-navarra-subaru.jpg","contentUrl":"https:\/\/www.subaru.es\/blog\/wp-content\/uploads\/2008\/05\/rally-navarra-subaru.jpg","width":475,"height":302},{"@type":"BreadcrumbList","@id":"https:\/\/www.subaru.es\/blog\/nuestra-marca\/el-subaru-de-los-apalantza-triunfa-en-navarra\/#breadcrumb","itemListElement":[{"@type":"ListItem","position":1,"name":"Portada","item":"https:\/\/www.subaru.es\/blog\/"},{"@type":"ListItem","position":2,"name":"El Subaru de los Apalantza triunfa en Navarra"}]},{"@type":"WebSite","@id":"https:\/\/www.subaru.es\/blog\/#website","url":"https:\/\/www.subaru.es\/blog\/","name":"Universo Subaru","description":"Descubre este apasionante espacio de Subaru donde vas a conocer todo sobre nuestros coches y las experiencias que vivimos con ellos. Si est\u00e1s preparado para dejarte seducir por la filosof\u00eda Subaru, qu\u00e9date con nosotros.","publisher":{"@id":"https:\/\/www.subaru.es\/blog\/#organization"},"potentialAction":[{"@type":"SearchAction","target":{"@type":"EntryPoint","urlTemplate":"https:\/\/www.subaru.es\/blog\/?s={search_term_string}"},"query-input":{"@type":"PropertyValueSpecification","valueRequired":true,"valueName":"search_term_string"}}],"inLanguage":"es"},{"@type":"Organization","@id":"https:\/\/www.subaru.es\/blog\/#organization","name":"Subaru Espa\u00f1a S.A.","url":"https:\/\/www.subaru.es\/blog\/","logo":{"@type":"ImageObject","inLanguage":"es","@id":"https:\/\/www.subaru.es\/blog\/#\/schema\/logo\/image\/","url":"https:\/\/www.subaru.es\/blog\/wp-content\/uploads\/2016\/12\/Logo-Subaru-TypeV_C300-scaled.jpg","contentUrl":"https:\/\/www.subaru.es\/blog\/wp-content\/uploads\/2016\/12\/Logo-Subaru-TypeV_C300-scaled.jpg","width":2560,"height":1864,"caption":"Subaru Espa\u00f1a S.A."},"image":{"@id":"https:\/\/www.subaru.es\/blog\/#\/schema\/logo\/image\/"},"sameAs":["https:\/\/www.facebook.com\/subaruespana","https:\/\/www.instagram.com\/subarues\/","https:\/\/www.youtube.com\/user\/subaruespana"]},{"@type":"Person","@id":"https:\/\/www.subaru.es\/blog\/#\/schema\/person\/19a90b892230b8e0ec752704ddf4aa10","name":"Subaru","url":"https:\/\/www.subaru.es\/blog\/author\/subaria\/"}]}},"_links":{"self":[{"href":"https:\/\/www.subaru.es\/blog\/wp-json\/wp\/v2\/posts\/961","targetHints":{"allow":["GET"]}}],"collection":[{"href":"https:\/\/www.subaru.es\/blog\/wp-json\/wp\/v2\/posts"}],"about":[{"href":"https:\/\/www.subaru.es\/blog\/wp-json\/wp\/v2\/types\/post"}],"author":[{"embeddable":true,"href":"https:\/\/www.subaru.es\/blog\/wp-json\/wp\/v2\/users\/21"}],"replies":[{"embeddable":true,"href":"https:\/\/www.subaru.es\/blog\/wp-json\/wp\/v2\/comments?post=961"}],"version-history":[{"count":1,"href":"https:\/\/www.subaru.es\/blog\/wp-json\/wp\/v2\/posts\/961\/revisions"}],"predecessor-version":[{"id":15546,"href":"https:\/\/www.subaru.es\/blog\/wp-json\/wp\/v2\/posts\/961\/revisions\/15546"}],"wp:featuredmedia":[{"embeddable":true,"href":"https:\/\/www.subaru.es\/blog\/wp-json\/wp\/v2\/media\/962"}],"wp:attachment":[{"href":"https:\/\/www.subaru.es\/blog\/wp-json\/wp\/v2\/media?parent=961"}],"wp:term":[{"taxonomy":"category","embeddable":true,"href":"https:\/\/www.subaru.es\/blog\/wp-json\/wp\/v2\/categories?post=961"},{"taxonomy":"post_tag","embeddable":true,"href":"https:\/\/www.subaru.es\/blog\/wp-json\/wp\/v2\/tags?post=961"}],"curies":[{"name":"wp","href":"https:\/\/api.w.org\/{rel}","templated":true}]}}