{"id":945,"date":"2008-05-20T19:56:24","date_gmt":"2008-05-20T17:56:24","guid":{"rendered":"http:\/\/subaru.preproduccion.com\/blog\/wp-content\/2008\/05\/20\/rueda-de-prensa-de-atkinson\/"},"modified":"2020-08-06T11:48:40","modified_gmt":"2020-08-06T09:48:40","slug":"rueda-de-prensa-de-atkinson","status":"publish","type":"post","link":"https:\/\/www.subaru.es\/blog\/nuestra-marca\/rueda-de-prensa-de-atkinson\/","title":{"rendered":"Rueda de prensa de Atkinson"},"content":{"rendered":"<p><img data-src='https:\/\/www.subaru.es\/blog\/wp-content\/uploads\/2008\/05\/atkinson_entrevsta.jpg' alt='Entrevista a Chris Atkinson' align=\"right\" src=\"data:image\/svg+xml;base64,PHN2ZyB3aWR0aD0iMSIgaGVpZ2h0PSIxIiB4bWxucz0iaHR0cDovL3d3dy53My5vcmcvMjAwMC9zdmciPjwvc3ZnPg==\" class=\"lazyload\" style=\"--smush-placeholder-width: 300px; --smush-placeholder-aspect-ratio: 300\/207;\"><\/a><\/p>\n<p>Despu\u00e9s de las intensas tomas de contacto de Atkinson y Solberg con la nueva generaci\u00f3n de Impreza en Cerde\u00f1a, de las que <a href=\"https:\/\/www.subaru.es\/blog\/2008\/05\/08\/primer-contacto-de-atkinson-con-el-nuevo-subaru\/\">ya hemos hablado<\/a>, Chris Atkinson respondi\u00f3 a algunas preguntas de la prensa para <a href=\"http:\/\/www.wrc.com\/jsp\/index.jsp?lnk=201&amp;featureid=884&amp;pageid=890\">WRC.com<\/a>, que encontramos traducida en el blog <a href=\"http:\/\/www.autoxauto.com\/noticias.cfm?id_noticia=2691\">Auto x Auto, y que ofrecemos a continuaci\u00f3n.<\/p>\n<p><\/a><strong>Recientemente ha probado el nuevo Subaru Impreza, por primera vez &#8211; \u00bfQu\u00e9 piensa de esto?<\/strong><br \/>\nHemos probado, pero que mucho por saber del nuevo coche. Nos sentamos en \u00e9l para ver un poco sus controles, eso es todo. Para nosotros, la atenci\u00f3n se centra este fin de semana y el coche 2007. Hemos estado trabajando en \u00e9l para mejorarlo. Creo que hemos adelantado.<\/p>\n<p><strong>Hubo rumores de que este ser\u00e1 el \u00faltimo rally para el actual Impreza y el nuevo debutar\u00e1 en Grecia, que hay de esto?<\/strong><br \/>\nNo lo s\u00e9. Eso es cosa del equipo. S\u00f3lo hemos comenzado con el pilotaje del coche. Ahora nos centramos, como ya he dicho, es este coche. Cuando el nuevo llegue estaremos ansiosos por estrenarlo.<\/p>\n<p><strong>Despu\u00e9s del resultado de Jordania te has situado tercero del Campeonato de pilotos, a s\u00f3lo dos puntos por detr\u00e1s de Sebastien Loeb y siete del l\u00edder. \u00bfVes posible luchan por el campeonato este a\u00f1o?<\/strong><br \/>\nBueno, los puntos son buenos, pero no creo que podemos luchar por ganar. Tenemos que estar all\u00ed. Es cierto que se puede ganar el t\u00edtulo sin ganar ning\u00fan rally, pero queremos estar ah\u00ed arriba. Hay seis pilotos que pueden estar en la parte de arriba, puede estar del primer al sexto puesto, que es lo que hace grande este apasionante deporte en este momento. Esto lo vimos en la \u00faltima prueba en Jordania.<\/p>\n<p><strong>Los problemas de amortiguaci\u00f3n de Jordania continuaran, el equipo ha sido capaz de hacer algo para rectificar para esta carrera?<\/strong><br \/>\nHan solucionado el problema que pas\u00f3 con el coche de Petter, es una buena noticia. As\u00ed como algo m\u00e1s en el desarrollo del coche. El coche funcion\u00f3 bien en el Shakedown. Estoy ansioso para empezar. Espero que todo funcione sin ning\u00fan problema y podemos tener una buena racha.<\/p>\n<p><strong>Mirando en la prueba, \u00bfqu\u00e9 dir\u00eda usted que son los elementos clave para alcanzar el \u00e9xito aqu\u00ed este fin de semana?<\/strong><br \/>\nHemos tenido un mont\u00f3n de complicaciones recientemente. Que ha tenido mucho que ver con el clima, con lluvias en Argentina y, a continuaci\u00f3n, las altas temperaturas en Jordania. Esto no es diferente, los tramos son m\u00e1s estrechos y hay un mont\u00f3n de piedras. Si atacas fuerte es muy f\u00e1cil da\u00f1ar el coche, cometer un error. Todos los pilotos de arriba ir\u00e1n al l\u00edmite, habr\u00e1 mucha acci\u00f3n. Pero nuestro objetivo es mantenernos fuera de problemas.<\/p>\n<p><strong>\u00bfEst\u00e1 usted seguro para esta prueba ?<\/strong><br \/>\nSabemos que no podemos estar luchando para ganar en los tamos , pero si podemos tener coherencia, un buen resultado podr\u00eda salir de los descartes.<\/p>\n<p>El piloto gal\u00e9s es actualmente el tercero en la clasificaci\u00f3n general del Mundial de Rallies, a punto de correr el rally de Cerde\u00f1a en el que esperamos que recorte algunos puntos.<\/p>\n","protected":false},"excerpt":{"rendered":"<p>Despu\u00e9s de las intensas tomas de contacto de Atkinson y Solberg con la nueva generaci\u00f3n de Impreza en Cerde\u00f1a, de las que ya hemos hablado, Chris Atkinson respondi\u00f3 a algunas preguntas de la prensa para WRC.com, que encontramos traducida en el blog Auto x Auto, y que ofrecemos a continuaci\u00f3n. Recientemente ha probado el nuevo [&hellip;]<\/p>\n","protected":false},"author":21,"featured_media":946,"comment_status":"open","ping_status":"open","sticky":false,"template":"","format":"standard","meta":{"_acf_changed":false,"_eb_attr":"","inline_featured_image":false,"footnotes":""},"categories":[4401],"tags":[108,193,192],"class_list":["post-945","post","type-post","status-publish","format-standard","has-post-thumbnail","hentry","category-nuestra-marca","tag-atkinson","tag-prensa","tag-rueda"],"acf":[],"yoast_head":"<!-- This site is optimized with the Yoast SEO plugin v27.3 - https:\/\/yoast.com\/product\/yoast-seo-wordpress\/ -->\n<title>Rueda de prensa de Atkinson - Universo Subaru<\/title>\n<meta name=\"robots\" content=\"index, follow, max-snippet:-1, max-image-preview:large, max-video-preview:-1\" \/>\n<link rel=\"canonical\" href=\"https:\/\/www.subaru.es\/blog\/nuestra-marca\/rueda-de-prensa-de-atkinson\/\" \/>\n<meta property=\"og:locale\" content=\"es_ES\" \/>\n<meta property=\"og:type\" content=\"article\" \/>\n<meta property=\"og:title\" content=\"Rueda de prensa de Atkinson - Universo Subaru\" \/>\n<meta property=\"og:description\" content=\"Despu\u00e9s de las intensas tomas de contacto de Atkinson y Solberg con la nueva generaci\u00f3n de Impreza en Cerde\u00f1a, de las que ya hemos hablado, Chris Atkinson respondi\u00f3 a algunas preguntas de la prensa para WRC.com, que encontramos traducida en el blog Auto x Auto, y que ofrecemos a continuaci\u00f3n. Recientemente ha probado el nuevo [&hellip;]\" \/>\n<meta property=\"og:url\" content=\"https:\/\/www.subaru.es\/blog\/nuestra-marca\/rueda-de-prensa-de-atkinson\/\" \/>\n<meta property=\"og:site_name\" content=\"Universo Subaru\" \/>\n<meta property=\"article:publisher\" content=\"https:\/\/www.facebook.com\/subaruespana\" \/>\n<meta property=\"article:published_time\" content=\"2008-05-20T17:56:24+00:00\" \/>\n<meta property=\"article:modified_time\" content=\"2020-08-06T09:48:40+00:00\" \/>\n<meta property=\"og:image\" content=\"https:\/\/www.subaru.es\/blog\/wp-content\/uploads\/2008\/05\/atkinson_entrevsta.jpg\" \/>\n\t<meta property=\"og:image:width\" content=\"300\" \/>\n\t<meta property=\"og:image:height\" content=\"207\" \/>\n\t<meta property=\"og:image:type\" content=\"image\/jpeg\" \/>\n<meta name=\"author\" content=\"Subaru\" \/>\n<meta name=\"twitter:card\" content=\"summary_large_image\" \/>\n<meta name=\"twitter:label1\" content=\"Escrito por\" \/>\n\t<meta name=\"twitter:data1\" content=\"Subaru\" \/>\n\t<meta name=\"twitter:label2\" content=\"Tiempo de lectura\" \/>\n\t<meta name=\"twitter:data2\" content=\"3 minutos\" \/>\n<script type=\"application\/ld+json\" class=\"yoast-schema-graph\">{\"@context\":\"https:\\\/\\\/schema.org\",\"@graph\":[{\"@type\":\"Article\",\"@id\":\"https:\\\/\\\/www.subaru.es\\\/blog\\\/nuestra-marca\\\/rueda-de-prensa-de-atkinson\\\/#article\",\"isPartOf\":{\"@id\":\"https:\\\/\\\/www.subaru.es\\\/blog\\\/nuestra-marca\\\/rueda-de-prensa-de-atkinson\\\/\"},\"author\":{\"name\":\"Subaru\",\"@id\":\"https:\\\/\\\/www.subaru.es\\\/blog\\\/#\\\/schema\\\/person\\\/19a90b892230b8e0ec752704ddf4aa10\"},\"headline\":\"Rueda de prensa de Atkinson\",\"datePublished\":\"2008-05-20T17:56:24+00:00\",\"dateModified\":\"2020-08-06T09:48:40+00:00\",\"mainEntityOfPage\":{\"@id\":\"https:\\\/\\\/www.subaru.es\\\/blog\\\/nuestra-marca\\\/rueda-de-prensa-de-atkinson\\\/\"},\"wordCount\":536,\"commentCount\":0,\"publisher\":{\"@id\":\"https:\\\/\\\/www.subaru.es\\\/blog\\\/#organization\"},\"image\":{\"@id\":\"https:\\\/\\\/www.subaru.es\\\/blog\\\/nuestra-marca\\\/rueda-de-prensa-de-atkinson\\\/#primaryimage\"},\"thumbnailUrl\":\"https:\\\/\\\/www.subaru.es\\\/blog\\\/wp-content\\\/uploads\\\/2008\\\/05\\\/atkinson_entrevsta.jpg\",\"keywords\":[\"atkinson\",\"prensa\",\"rueda\"],\"articleSection\":[\"Nuestra marca\"],\"inLanguage\":\"es\",\"potentialAction\":[{\"@type\":\"CommentAction\",\"name\":\"Comment\",\"target\":[\"https:\\\/\\\/www.subaru.es\\\/blog\\\/nuestra-marca\\\/rueda-de-prensa-de-atkinson\\\/#respond\"]}]},{\"@type\":\"WebPage\",\"@id\":\"https:\\\/\\\/www.subaru.es\\\/blog\\\/nuestra-marca\\\/rueda-de-prensa-de-atkinson\\\/\",\"url\":\"https:\\\/\\\/www.subaru.es\\\/blog\\\/nuestra-marca\\\/rueda-de-prensa-de-atkinson\\\/\",\"name\":\"Rueda de prensa de Atkinson - Universo Subaru\",\"isPartOf\":{\"@id\":\"https:\\\/\\\/www.subaru.es\\\/blog\\\/#website\"},\"primaryImageOfPage\":{\"@id\":\"https:\\\/\\\/www.subaru.es\\\/blog\\\/nuestra-marca\\\/rueda-de-prensa-de-atkinson\\\/#primaryimage\"},\"image\":{\"@id\":\"https:\\\/\\\/www.subaru.es\\\/blog\\\/nuestra-marca\\\/rueda-de-prensa-de-atkinson\\\/#primaryimage\"},\"thumbnailUrl\":\"https:\\\/\\\/www.subaru.es\\\/blog\\\/wp-content\\\/uploads\\\/2008\\\/05\\\/atkinson_entrevsta.jpg\",\"datePublished\":\"2008-05-20T17:56:24+00:00\",\"dateModified\":\"2020-08-06T09:48:40+00:00\",\"breadcrumb\":{\"@id\":\"https:\\\/\\\/www.subaru.es\\\/blog\\\/nuestra-marca\\\/rueda-de-prensa-de-atkinson\\\/#breadcrumb\"},\"inLanguage\":\"es\",\"potentialAction\":[{\"@type\":\"ReadAction\",\"target\":[\"https:\\\/\\\/www.subaru.es\\\/blog\\\/nuestra-marca\\\/rueda-de-prensa-de-atkinson\\\/\"]}]},{\"@type\":\"ImageObject\",\"inLanguage\":\"es\",\"@id\":\"https:\\\/\\\/www.subaru.es\\\/blog\\\/nuestra-marca\\\/rueda-de-prensa-de-atkinson\\\/#primaryimage\",\"url\":\"https:\\\/\\\/www.subaru.es\\\/blog\\\/wp-content\\\/uploads\\\/2008\\\/05\\\/atkinson_entrevsta.jpg\",\"contentUrl\":\"https:\\\/\\\/www.subaru.es\\\/blog\\\/wp-content\\\/uploads\\\/2008\\\/05\\\/atkinson_entrevsta.jpg\",\"width\":300,\"height\":207},{\"@type\":\"BreadcrumbList\",\"@id\":\"https:\\\/\\\/www.subaru.es\\\/blog\\\/nuestra-marca\\\/rueda-de-prensa-de-atkinson\\\/#breadcrumb\",\"itemListElement\":[{\"@type\":\"ListItem\",\"position\":1,\"name\":\"Portada\",\"item\":\"https:\\\/\\\/www.subaru.es\\\/blog\\\/\"},{\"@type\":\"ListItem\",\"position\":2,\"name\":\"Rueda de prensa de Atkinson\"}]},{\"@type\":\"WebSite\",\"@id\":\"https:\\\/\\\/www.subaru.es\\\/blog\\\/#website\",\"url\":\"https:\\\/\\\/www.subaru.es\\\/blog\\\/\",\"name\":\"Universo Subaru\",\"description\":\"Descubre este apasionante espacio de Subaru donde vas a conocer todo sobre nuestros coches y las experiencias que vivimos con ellos. Si est\u00e1s preparado para dejarte seducir por la filosof\u00eda Subaru, qu\u00e9date con nosotros.\",\"publisher\":{\"@id\":\"https:\\\/\\\/www.subaru.es\\\/blog\\\/#organization\"},\"potentialAction\":[{\"@type\":\"SearchAction\",\"target\":{\"@type\":\"EntryPoint\",\"urlTemplate\":\"https:\\\/\\\/www.subaru.es\\\/blog\\\/?s={search_term_string}\"},\"query-input\":{\"@type\":\"PropertyValueSpecification\",\"valueRequired\":true,\"valueName\":\"search_term_string\"}}],\"inLanguage\":\"es\"},{\"@type\":\"Organization\",\"@id\":\"https:\\\/\\\/www.subaru.es\\\/blog\\\/#organization\",\"name\":\"Subaru Espa\u00f1a S.A.\",\"url\":\"https:\\\/\\\/www.subaru.es\\\/blog\\\/\",\"logo\":{\"@type\":\"ImageObject\",\"inLanguage\":\"es\",\"@id\":\"https:\\\/\\\/www.subaru.es\\\/blog\\\/#\\\/schema\\\/logo\\\/image\\\/\",\"url\":\"https:\\\/\\\/www.subaru.es\\\/blog\\\/wp-content\\\/uploads\\\/2016\\\/12\\\/Logo-Subaru-TypeV_C300-scaled.jpg\",\"contentUrl\":\"https:\\\/\\\/www.subaru.es\\\/blog\\\/wp-content\\\/uploads\\\/2016\\\/12\\\/Logo-Subaru-TypeV_C300-scaled.jpg\",\"width\":2560,\"height\":1864,\"caption\":\"Subaru Espa\u00f1a S.A.\"},\"image\":{\"@id\":\"https:\\\/\\\/www.subaru.es\\\/blog\\\/#\\\/schema\\\/logo\\\/image\\\/\"},\"sameAs\":[\"https:\\\/\\\/www.facebook.com\\\/subaruespana\",\"https:\\\/\\\/www.instagram.com\\\/subarues\\\/\",\"https:\\\/\\\/www.youtube.com\\\/user\\\/subaruespana\"]},{\"@type\":\"Person\",\"@id\":\"https:\\\/\\\/www.subaru.es\\\/blog\\\/#\\\/schema\\\/person\\\/19a90b892230b8e0ec752704ddf4aa10\",\"name\":\"Subaru\",\"url\":\"https:\\\/\\\/www.subaru.es\\\/blog\\\/author\\\/subaria\\\/\"}]}<\/script>\n<!-- \/ Yoast SEO plugin. -->","yoast_head_json":{"title":"Rueda de prensa de Atkinson - Universo Subaru","robots":{"index":"index","follow":"follow","max-snippet":"max-snippet:-1","max-image-preview":"max-image-preview:large","max-video-preview":"max-video-preview:-1"},"canonical":"https:\/\/www.subaru.es\/blog\/nuestra-marca\/rueda-de-prensa-de-atkinson\/","og_locale":"es_ES","og_type":"article","og_title":"Rueda de prensa de Atkinson - Universo Subaru","og_description":"Despu\u00e9s de las intensas tomas de contacto de Atkinson y Solberg con la nueva generaci\u00f3n de Impreza en Cerde\u00f1a, de las que ya hemos hablado, Chris Atkinson respondi\u00f3 a algunas preguntas de la prensa para WRC.com, que encontramos traducida en el blog Auto x Auto, y que ofrecemos a continuaci\u00f3n. Recientemente ha probado el nuevo [&hellip;]","og_url":"https:\/\/www.subaru.es\/blog\/nuestra-marca\/rueda-de-prensa-de-atkinson\/","og_site_name":"Universo Subaru","article_publisher":"https:\/\/www.facebook.com\/subaruespana","article_published_time":"2008-05-20T17:56:24+00:00","article_modified_time":"2020-08-06T09:48:40+00:00","og_image":[{"width":300,"height":207,"url":"https:\/\/www.subaru.es\/blog\/wp-content\/uploads\/2008\/05\/atkinson_entrevsta.jpg","type":"image\/jpeg"}],"author":"Subaru","twitter_card":"summary_large_image","twitter_misc":{"Escrito por":"Subaru","Tiempo de lectura":"3 minutos"},"schema":{"@context":"https:\/\/schema.org","@graph":[{"@type":"Article","@id":"https:\/\/www.subaru.es\/blog\/nuestra-marca\/rueda-de-prensa-de-atkinson\/#article","isPartOf":{"@id":"https:\/\/www.subaru.es\/blog\/nuestra-marca\/rueda-de-prensa-de-atkinson\/"},"author":{"name":"Subaru","@id":"https:\/\/www.subaru.es\/blog\/#\/schema\/person\/19a90b892230b8e0ec752704ddf4aa10"},"headline":"Rueda de prensa de Atkinson","datePublished":"2008-05-20T17:56:24+00:00","dateModified":"2020-08-06T09:48:40+00:00","mainEntityOfPage":{"@id":"https:\/\/www.subaru.es\/blog\/nuestra-marca\/rueda-de-prensa-de-atkinson\/"},"wordCount":536,"commentCount":0,"publisher":{"@id":"https:\/\/www.subaru.es\/blog\/#organization"},"image":{"@id":"https:\/\/www.subaru.es\/blog\/nuestra-marca\/rueda-de-prensa-de-atkinson\/#primaryimage"},"thumbnailUrl":"https:\/\/www.subaru.es\/blog\/wp-content\/uploads\/2008\/05\/atkinson_entrevsta.jpg","keywords":["atkinson","prensa","rueda"],"articleSection":["Nuestra marca"],"inLanguage":"es","potentialAction":[{"@type":"CommentAction","name":"Comment","target":["https:\/\/www.subaru.es\/blog\/nuestra-marca\/rueda-de-prensa-de-atkinson\/#respond"]}]},{"@type":"WebPage","@id":"https:\/\/www.subaru.es\/blog\/nuestra-marca\/rueda-de-prensa-de-atkinson\/","url":"https:\/\/www.subaru.es\/blog\/nuestra-marca\/rueda-de-prensa-de-atkinson\/","name":"Rueda de prensa de Atkinson - Universo Subaru","isPartOf":{"@id":"https:\/\/www.subaru.es\/blog\/#website"},"primaryImageOfPage":{"@id":"https:\/\/www.subaru.es\/blog\/nuestra-marca\/rueda-de-prensa-de-atkinson\/#primaryimage"},"image":{"@id":"https:\/\/www.subaru.es\/blog\/nuestra-marca\/rueda-de-prensa-de-atkinson\/#primaryimage"},"thumbnailUrl":"https:\/\/www.subaru.es\/blog\/wp-content\/uploads\/2008\/05\/atkinson_entrevsta.jpg","datePublished":"2008-05-20T17:56:24+00:00","dateModified":"2020-08-06T09:48:40+00:00","breadcrumb":{"@id":"https:\/\/www.subaru.es\/blog\/nuestra-marca\/rueda-de-prensa-de-atkinson\/#breadcrumb"},"inLanguage":"es","potentialAction":[{"@type":"ReadAction","target":["https:\/\/www.subaru.es\/blog\/nuestra-marca\/rueda-de-prensa-de-atkinson\/"]}]},{"@type":"ImageObject","inLanguage":"es","@id":"https:\/\/www.subaru.es\/blog\/nuestra-marca\/rueda-de-prensa-de-atkinson\/#primaryimage","url":"https:\/\/www.subaru.es\/blog\/wp-content\/uploads\/2008\/05\/atkinson_entrevsta.jpg","contentUrl":"https:\/\/www.subaru.es\/blog\/wp-content\/uploads\/2008\/05\/atkinson_entrevsta.jpg","width":300,"height":207},{"@type":"BreadcrumbList","@id":"https:\/\/www.subaru.es\/blog\/nuestra-marca\/rueda-de-prensa-de-atkinson\/#breadcrumb","itemListElement":[{"@type":"ListItem","position":1,"name":"Portada","item":"https:\/\/www.subaru.es\/blog\/"},{"@type":"ListItem","position":2,"name":"Rueda de prensa de Atkinson"}]},{"@type":"WebSite","@id":"https:\/\/www.subaru.es\/blog\/#website","url":"https:\/\/www.subaru.es\/blog\/","name":"Universo Subaru","description":"Descubre este apasionante espacio de Subaru donde vas a conocer todo sobre nuestros coches y las experiencias que vivimos con ellos. Si est\u00e1s preparado para dejarte seducir por la filosof\u00eda Subaru, qu\u00e9date con nosotros.","publisher":{"@id":"https:\/\/www.subaru.es\/blog\/#organization"},"potentialAction":[{"@type":"SearchAction","target":{"@type":"EntryPoint","urlTemplate":"https:\/\/www.subaru.es\/blog\/?s={search_term_string}"},"query-input":{"@type":"PropertyValueSpecification","valueRequired":true,"valueName":"search_term_string"}}],"inLanguage":"es"},{"@type":"Organization","@id":"https:\/\/www.subaru.es\/blog\/#organization","name":"Subaru Espa\u00f1a S.A.","url":"https:\/\/www.subaru.es\/blog\/","logo":{"@type":"ImageObject","inLanguage":"es","@id":"https:\/\/www.subaru.es\/blog\/#\/schema\/logo\/image\/","url":"https:\/\/www.subaru.es\/blog\/wp-content\/uploads\/2016\/12\/Logo-Subaru-TypeV_C300-scaled.jpg","contentUrl":"https:\/\/www.subaru.es\/blog\/wp-content\/uploads\/2016\/12\/Logo-Subaru-TypeV_C300-scaled.jpg","width":2560,"height":1864,"caption":"Subaru Espa\u00f1a S.A."},"image":{"@id":"https:\/\/www.subaru.es\/blog\/#\/schema\/logo\/image\/"},"sameAs":["https:\/\/www.facebook.com\/subaruespana","https:\/\/www.instagram.com\/subarues\/","https:\/\/www.youtube.com\/user\/subaruespana"]},{"@type":"Person","@id":"https:\/\/www.subaru.es\/blog\/#\/schema\/person\/19a90b892230b8e0ec752704ddf4aa10","name":"Subaru","url":"https:\/\/www.subaru.es\/blog\/author\/subaria\/"}]}},"_links":{"self":[{"href":"https:\/\/www.subaru.es\/blog\/wp-json\/wp\/v2\/posts\/945","targetHints":{"allow":["GET"]}}],"collection":[{"href":"https:\/\/www.subaru.es\/blog\/wp-json\/wp\/v2\/posts"}],"about":[{"href":"https:\/\/www.subaru.es\/blog\/wp-json\/wp\/v2\/types\/post"}],"author":[{"embeddable":true,"href":"https:\/\/www.subaru.es\/blog\/wp-json\/wp\/v2\/users\/21"}],"replies":[{"embeddable":true,"href":"https:\/\/www.subaru.es\/blog\/wp-json\/wp\/v2\/comments?post=945"}],"version-history":[{"count":1,"href":"https:\/\/www.subaru.es\/blog\/wp-json\/wp\/v2\/posts\/945\/revisions"}],"predecessor-version":[{"id":15559,"href":"https:\/\/www.subaru.es\/blog\/wp-json\/wp\/v2\/posts\/945\/revisions\/15559"}],"wp:featuredmedia":[{"embeddable":true,"href":"https:\/\/www.subaru.es\/blog\/wp-json\/wp\/v2\/media\/946"}],"wp:attachment":[{"href":"https:\/\/www.subaru.es\/blog\/wp-json\/wp\/v2\/media?parent=945"}],"wp:term":[{"taxonomy":"category","embeddable":true,"href":"https:\/\/www.subaru.es\/blog\/wp-json\/wp\/v2\/categories?post=945"},{"taxonomy":"post_tag","embeddable":true,"href":"https:\/\/www.subaru.es\/blog\/wp-json\/wp\/v2\/tags?post=945"}],"curies":[{"name":"wp","href":"https:\/\/api.w.org\/{rel}","templated":true}]}}