{"id":9447,"date":"2013-11-04T14:33:44","date_gmt":"2013-11-04T12:33:44","guid":{"rendered":"http:\/\/subaru.preproduccion.com\/blog\/?p=9447"},"modified":"2016-10-17T15:11:00","modified_gmt":"2016-10-17T13:11:00","slug":"subaru-cierra-el-mejor-semestre-de-su-historia","status":"publish","type":"post","link":"https:\/\/www.subaru.es\/blog\/nuestra-marca\/subaru-cierra-el-mejor-semestre-de-su-historia\/","title":{"rendered":"Subaru cierra el mejor semestre de su historia"},"content":{"rendered":"<p><a href=\"https:\/\/www.subaru.es\/blog\/wp-content\/uploads\/2013\/11\/LOGOSubaru1.jpg\"><img decoding=\"async\" class=\"aligncenter size-full wp-image-9464 lazyload\" title=\"Logo Subaru\" data-src=\"https:\/\/www.subaru.es\/blog\/wp-content\/uploads\/2013\/11\/LOGOSubaru1.jpg\" alt=\"Logo Subaru\" width=\"550\" height=\"311\" data-srcset=\"https:\/\/www.subaru.es\/blog\/wp-content\/uploads\/2013\/11\/LOGOSubaru1.jpg 600w, https:\/\/www.subaru.es\/blog\/wp-content\/uploads\/2013\/11\/LOGOSubaru1-560x316.jpg 560w\" data-sizes=\"(max-width: 550px) 100vw, 550px\" src=\"data:image\/svg+xml;base64,PHN2ZyB3aWR0aD0iMSIgaGVpZ2h0PSIxIiB4bWxucz0iaHR0cDovL3d3dy53My5vcmcvMjAwMC9zdmciPjwvc3ZnPg==\" style=\"--smush-placeholder-width: 550px; --smush-placeholder-aspect-ratio: 550\/311;\" \/><\/a><br \/>\nLa semana pasada cerramos con una noticia muy positiva: <strong>Fuji Heavy Industries<\/strong> (FHI), fabricante de los veh\u00edculos Subaru, anunciaba sus <strong>resultados del primer semestre del a\u00f1o<\/strong> con los mejores datos de su historia.<!--more--><\/p>\n<p>Los motores de este ejercicio han sido la excelente aceptaci\u00f3n internacional de los <a href=\"http:\/\/subaru.es\/CMS\/modellneup.html\">nuevos modelos<\/a> <strong>Subaru<\/strong>, un tipo de cambio de divisas favorable y el programa de reducci\u00f3n de costes puesto en marcha por FHI.<\/p>\n<p>De esta forma la compa\u00f1\u00eda japonesa ha conseguido que el beneficio, las ventas unitarias y la cifra de negocio, alcancen <strong>los mejores resultados semestrales de su historia<\/strong>:<\/p>\n<li style=\"padding-left: 30px;\">El beneficio neto ha aumentado un 147% hasta los 99.800 millones de yenes (750 millones de euros)<\/li>\n<li style=\"padding-left: 30px;\">Las ventas globales crecen un 12,4% hasta las 393.000 unidades, gracias a los 87.000 veh\u00edculos vendidos en Jap\u00f3n y a los 305.000 vendidos en el resto del mundo, de los cuales, 209.000 corresponden a Estados Unidos.<\/li>\n<li style=\"padding-left: 30px;\">La cifra de negocio ha aumentado un 25,3%, hasta los 1,125 billones de yenes (8.458 millones de euros) respecto el mismo semestre del a\u00f1o fiscal 2012-2013.<\/li>\n<p>Estos resultados han supuesto una <strong>actualizaci\u00f3n de las previsiones de ventas<\/strong> que FHI estima para el FY&#8217;13-14, ya que ha decido aumentarla en 55.000 veh\u00edculos, hasta alcanzar las 807.000 unidades.<\/p>\n<p>Si te interesa la <strong>actualidad de Subaru<\/strong>, s\u00edguenos en <a href=\"http:\/\/on.fb.me\/Hwe2Va\">Facebook<\/a> y <a href=\"http:\/\/bit.ly\/17Hv7Wc\">Twitter<\/a> para estar al d\u00eda.<\/p>\n","protected":false},"excerpt":{"rendered":"<p>La semana pasada cerramos con una noticia muy positiva: Fuji Heavy Industries (FHI), fabricante de los veh\u00edculos Subaru, anunciaba sus resultados del primer semestre del a\u00f1o con los mejores datos de su historia.<\/p>\n","protected":false},"author":21,"featured_media":9451,"comment_status":"open","ping_status":"open","sticky":false,"template":"","format":"standard","meta":{"_acf_changed":false,"_eb_attr":"","inline_featured_image":false,"footnotes":""},"categories":[4401],"tags":[1498,1475,4231,4390],"class_list":["post-9447","post","type-post","status-publish","format-standard","has-post-thumbnail","hentry","category-nuestra-marca","tag-fhi","tag-fuji-heavy-industries","tag-resultados","tag-subaru"],"acf":[],"yoast_head":"<!-- This site is optimized with the Yoast SEO plugin v27.3 - https:\/\/yoast.com\/product\/yoast-seo-wordpress\/ -->\n<title>Subaru cierra el mejor semestre de su historia - Universo Subaru<\/title>\n<meta name=\"robots\" content=\"index, follow, max-snippet:-1, max-image-preview:large, max-video-preview:-1\" \/>\n<link rel=\"canonical\" href=\"https:\/\/www.subaru.es\/blog\/nuestra-marca\/subaru-cierra-el-mejor-semestre-de-su-historia\/\" \/>\n<meta property=\"og:locale\" content=\"es_ES\" \/>\n<meta property=\"og:type\" content=\"article\" \/>\n<meta property=\"og:title\" content=\"Subaru cierra el mejor semestre de su historia - Universo Subaru\" \/>\n<meta property=\"og:description\" content=\"La semana pasada cerramos con una noticia muy positiva: Fuji Heavy Industries (FHI), fabricante de los veh\u00edculos Subaru, anunciaba sus resultados del primer semestre del a\u00f1o con los mejores datos de su historia.\" \/>\n<meta property=\"og:url\" content=\"https:\/\/www.subaru.es\/blog\/nuestra-marca\/subaru-cierra-el-mejor-semestre-de-su-historia\/\" \/>\n<meta property=\"og:site_name\" content=\"Universo Subaru\" \/>\n<meta property=\"article:publisher\" content=\"https:\/\/www.facebook.com\/subaruespana\" \/>\n<meta property=\"article:published_time\" content=\"2013-11-04T12:33:44+00:00\" \/>\n<meta property=\"article:modified_time\" content=\"2016-10-17T13:11:00+00:00\" \/>\n<meta property=\"og:image\" content=\"https:\/\/www.subaru.es\/blog\/wp-content\/uploads\/2013\/11\/LOGO-1440x954.jpg\" \/>\n\t<meta property=\"og:image:width\" content=\"1440\" \/>\n\t<meta property=\"og:image:height\" content=\"954\" \/>\n\t<meta property=\"og:image:type\" content=\"image\/jpeg\" \/>\n<meta name=\"author\" content=\"Subaru\" \/>\n<meta name=\"twitter:card\" content=\"summary_large_image\" \/>\n<meta name=\"twitter:label1\" content=\"Escrito por\" \/>\n\t<meta name=\"twitter:data1\" content=\"Subaru\" \/>\n\t<meta name=\"twitter:label2\" content=\"Tiempo de lectura\" \/>\n\t<meta name=\"twitter:data2\" content=\"1 minuto\" \/>\n<script type=\"application\/ld+json\" class=\"yoast-schema-graph\">{\"@context\":\"https:\\\/\\\/schema.org\",\"@graph\":[{\"@type\":\"Article\",\"@id\":\"https:\\\/\\\/www.subaru.es\\\/blog\\\/nuestra-marca\\\/subaru-cierra-el-mejor-semestre-de-su-historia\\\/#article\",\"isPartOf\":{\"@id\":\"https:\\\/\\\/www.subaru.es\\\/blog\\\/nuestra-marca\\\/subaru-cierra-el-mejor-semestre-de-su-historia\\\/\"},\"author\":{\"name\":\"Subaru\",\"@id\":\"https:\\\/\\\/www.subaru.es\\\/blog\\\/#\\\/schema\\\/person\\\/19a90b892230b8e0ec752704ddf4aa10\"},\"headline\":\"Subaru cierra el mejor semestre de su historia\",\"datePublished\":\"2013-11-04T12:33:44+00:00\",\"dateModified\":\"2016-10-17T13:11:00+00:00\",\"mainEntityOfPage\":{\"@id\":\"https:\\\/\\\/www.subaru.es\\\/blog\\\/nuestra-marca\\\/subaru-cierra-el-mejor-semestre-de-su-historia\\\/\"},\"wordCount\":228,\"commentCount\":0,\"publisher\":{\"@id\":\"https:\\\/\\\/www.subaru.es\\\/blog\\\/#organization\"},\"image\":{\"@id\":\"https:\\\/\\\/www.subaru.es\\\/blog\\\/nuestra-marca\\\/subaru-cierra-el-mejor-semestre-de-su-historia\\\/#primaryimage\"},\"thumbnailUrl\":\"https:\\\/\\\/www.subaru.es\\\/blog\\\/wp-content\\\/uploads\\\/2013\\\/11\\\/LOGO-scaled.jpg\",\"keywords\":[\"FHI\",\"Fuji Heavy Industries\",\"resultados\",\"Subaru\"],\"articleSection\":[\"Nuestra marca\"],\"inLanguage\":\"es\",\"potentialAction\":[{\"@type\":\"CommentAction\",\"name\":\"Comment\",\"target\":[\"https:\\\/\\\/www.subaru.es\\\/blog\\\/nuestra-marca\\\/subaru-cierra-el-mejor-semestre-de-su-historia\\\/#respond\"]}]},{\"@type\":\"WebPage\",\"@id\":\"https:\\\/\\\/www.subaru.es\\\/blog\\\/nuestra-marca\\\/subaru-cierra-el-mejor-semestre-de-su-historia\\\/\",\"url\":\"https:\\\/\\\/www.subaru.es\\\/blog\\\/nuestra-marca\\\/subaru-cierra-el-mejor-semestre-de-su-historia\\\/\",\"name\":\"Subaru cierra el mejor semestre de su historia - Universo Subaru\",\"isPartOf\":{\"@id\":\"https:\\\/\\\/www.subaru.es\\\/blog\\\/#website\"},\"primaryImageOfPage\":{\"@id\":\"https:\\\/\\\/www.subaru.es\\\/blog\\\/nuestra-marca\\\/subaru-cierra-el-mejor-semestre-de-su-historia\\\/#primaryimage\"},\"image\":{\"@id\":\"https:\\\/\\\/www.subaru.es\\\/blog\\\/nuestra-marca\\\/subaru-cierra-el-mejor-semestre-de-su-historia\\\/#primaryimage\"},\"thumbnailUrl\":\"https:\\\/\\\/www.subaru.es\\\/blog\\\/wp-content\\\/uploads\\\/2013\\\/11\\\/LOGO-scaled.jpg\",\"datePublished\":\"2013-11-04T12:33:44+00:00\",\"dateModified\":\"2016-10-17T13:11:00+00:00\",\"breadcrumb\":{\"@id\":\"https:\\\/\\\/www.subaru.es\\\/blog\\\/nuestra-marca\\\/subaru-cierra-el-mejor-semestre-de-su-historia\\\/#breadcrumb\"},\"inLanguage\":\"es\",\"potentialAction\":[{\"@type\":\"ReadAction\",\"target\":[\"https:\\\/\\\/www.subaru.es\\\/blog\\\/nuestra-marca\\\/subaru-cierra-el-mejor-semestre-de-su-historia\\\/\"]}]},{\"@type\":\"ImageObject\",\"inLanguage\":\"es\",\"@id\":\"https:\\\/\\\/www.subaru.es\\\/blog\\\/nuestra-marca\\\/subaru-cierra-el-mejor-semestre-de-su-historia\\\/#primaryimage\",\"url\":\"https:\\\/\\\/www.subaru.es\\\/blog\\\/wp-content\\\/uploads\\\/2013\\\/11\\\/LOGO-scaled.jpg\",\"contentUrl\":\"https:\\\/\\\/www.subaru.es\\\/blog\\\/wp-content\\\/uploads\\\/2013\\\/11\\\/LOGO-scaled.jpg\",\"width\":2560,\"height\":1695,\"caption\":\"Logo Subaru\"},{\"@type\":\"BreadcrumbList\",\"@id\":\"https:\\\/\\\/www.subaru.es\\\/blog\\\/nuestra-marca\\\/subaru-cierra-el-mejor-semestre-de-su-historia\\\/#breadcrumb\",\"itemListElement\":[{\"@type\":\"ListItem\",\"position\":1,\"name\":\"Portada\",\"item\":\"https:\\\/\\\/www.subaru.es\\\/blog\\\/\"},{\"@type\":\"ListItem\",\"position\":2,\"name\":\"Subaru cierra el mejor semestre de su historia\"}]},{\"@type\":\"WebSite\",\"@id\":\"https:\\\/\\\/www.subaru.es\\\/blog\\\/#website\",\"url\":\"https:\\\/\\\/www.subaru.es\\\/blog\\\/\",\"name\":\"Universo Subaru\",\"description\":\"Descubre este apasionante espacio de Subaru donde vas a conocer todo sobre nuestros coches y las experiencias que vivimos con ellos. Si est\u00e1s preparado para dejarte seducir por la filosof\u00eda Subaru, qu\u00e9date con nosotros.\",\"publisher\":{\"@id\":\"https:\\\/\\\/www.subaru.es\\\/blog\\\/#organization\"},\"potentialAction\":[{\"@type\":\"SearchAction\",\"target\":{\"@type\":\"EntryPoint\",\"urlTemplate\":\"https:\\\/\\\/www.subaru.es\\\/blog\\\/?s={search_term_string}\"},\"query-input\":{\"@type\":\"PropertyValueSpecification\",\"valueRequired\":true,\"valueName\":\"search_term_string\"}}],\"inLanguage\":\"es\"},{\"@type\":\"Organization\",\"@id\":\"https:\\\/\\\/www.subaru.es\\\/blog\\\/#organization\",\"name\":\"Subaru Espa\u00f1a S.A.\",\"url\":\"https:\\\/\\\/www.subaru.es\\\/blog\\\/\",\"logo\":{\"@type\":\"ImageObject\",\"inLanguage\":\"es\",\"@id\":\"https:\\\/\\\/www.subaru.es\\\/blog\\\/#\\\/schema\\\/logo\\\/image\\\/\",\"url\":\"https:\\\/\\\/www.subaru.es\\\/blog\\\/wp-content\\\/uploads\\\/2016\\\/12\\\/Logo-Subaru-TypeV_C300-scaled.jpg\",\"contentUrl\":\"https:\\\/\\\/www.subaru.es\\\/blog\\\/wp-content\\\/uploads\\\/2016\\\/12\\\/Logo-Subaru-TypeV_C300-scaled.jpg\",\"width\":2560,\"height\":1864,\"caption\":\"Subaru Espa\u00f1a S.A.\"},\"image\":{\"@id\":\"https:\\\/\\\/www.subaru.es\\\/blog\\\/#\\\/schema\\\/logo\\\/image\\\/\"},\"sameAs\":[\"https:\\\/\\\/www.facebook.com\\\/subaruespana\",\"https:\\\/\\\/www.instagram.com\\\/subarues\\\/\",\"https:\\\/\\\/www.youtube.com\\\/user\\\/subaruespana\"]},{\"@type\":\"Person\",\"@id\":\"https:\\\/\\\/www.subaru.es\\\/blog\\\/#\\\/schema\\\/person\\\/19a90b892230b8e0ec752704ddf4aa10\",\"name\":\"Subaru\",\"url\":\"https:\\\/\\\/www.subaru.es\\\/blog\\\/author\\\/subaria\\\/\"}]}<\/script>\n<!-- \/ Yoast SEO plugin. -->","yoast_head_json":{"title":"Subaru cierra el mejor semestre de su historia - Universo Subaru","robots":{"index":"index","follow":"follow","max-snippet":"max-snippet:-1","max-image-preview":"max-image-preview:large","max-video-preview":"max-video-preview:-1"},"canonical":"https:\/\/www.subaru.es\/blog\/nuestra-marca\/subaru-cierra-el-mejor-semestre-de-su-historia\/","og_locale":"es_ES","og_type":"article","og_title":"Subaru cierra el mejor semestre de su historia - Universo Subaru","og_description":"La semana pasada cerramos con una noticia muy positiva: Fuji Heavy Industries (FHI), fabricante de los veh\u00edculos Subaru, anunciaba sus resultados del primer semestre del a\u00f1o con los mejores datos de su historia.","og_url":"https:\/\/www.subaru.es\/blog\/nuestra-marca\/subaru-cierra-el-mejor-semestre-de-su-historia\/","og_site_name":"Universo Subaru","article_publisher":"https:\/\/www.facebook.com\/subaruespana","article_published_time":"2013-11-04T12:33:44+00:00","article_modified_time":"2016-10-17T13:11:00+00:00","og_image":[{"width":1440,"height":954,"url":"https:\/\/www.subaru.es\/blog\/wp-content\/uploads\/2013\/11\/LOGO-1440x954.jpg","type":"image\/jpeg"}],"author":"Subaru","twitter_card":"summary_large_image","twitter_misc":{"Escrito por":"Subaru","Tiempo de lectura":"1 minuto"},"schema":{"@context":"https:\/\/schema.org","@graph":[{"@type":"Article","@id":"https:\/\/www.subaru.es\/blog\/nuestra-marca\/subaru-cierra-el-mejor-semestre-de-su-historia\/#article","isPartOf":{"@id":"https:\/\/www.subaru.es\/blog\/nuestra-marca\/subaru-cierra-el-mejor-semestre-de-su-historia\/"},"author":{"name":"Subaru","@id":"https:\/\/www.subaru.es\/blog\/#\/schema\/person\/19a90b892230b8e0ec752704ddf4aa10"},"headline":"Subaru cierra el mejor semestre de su historia","datePublished":"2013-11-04T12:33:44+00:00","dateModified":"2016-10-17T13:11:00+00:00","mainEntityOfPage":{"@id":"https:\/\/www.subaru.es\/blog\/nuestra-marca\/subaru-cierra-el-mejor-semestre-de-su-historia\/"},"wordCount":228,"commentCount":0,"publisher":{"@id":"https:\/\/www.subaru.es\/blog\/#organization"},"image":{"@id":"https:\/\/www.subaru.es\/blog\/nuestra-marca\/subaru-cierra-el-mejor-semestre-de-su-historia\/#primaryimage"},"thumbnailUrl":"https:\/\/www.subaru.es\/blog\/wp-content\/uploads\/2013\/11\/LOGO-scaled.jpg","keywords":["FHI","Fuji Heavy Industries","resultados","Subaru"],"articleSection":["Nuestra marca"],"inLanguage":"es","potentialAction":[{"@type":"CommentAction","name":"Comment","target":["https:\/\/www.subaru.es\/blog\/nuestra-marca\/subaru-cierra-el-mejor-semestre-de-su-historia\/#respond"]}]},{"@type":"WebPage","@id":"https:\/\/www.subaru.es\/blog\/nuestra-marca\/subaru-cierra-el-mejor-semestre-de-su-historia\/","url":"https:\/\/www.subaru.es\/blog\/nuestra-marca\/subaru-cierra-el-mejor-semestre-de-su-historia\/","name":"Subaru cierra el mejor semestre de su historia - Universo Subaru","isPartOf":{"@id":"https:\/\/www.subaru.es\/blog\/#website"},"primaryImageOfPage":{"@id":"https:\/\/www.subaru.es\/blog\/nuestra-marca\/subaru-cierra-el-mejor-semestre-de-su-historia\/#primaryimage"},"image":{"@id":"https:\/\/www.subaru.es\/blog\/nuestra-marca\/subaru-cierra-el-mejor-semestre-de-su-historia\/#primaryimage"},"thumbnailUrl":"https:\/\/www.subaru.es\/blog\/wp-content\/uploads\/2013\/11\/LOGO-scaled.jpg","datePublished":"2013-11-04T12:33:44+00:00","dateModified":"2016-10-17T13:11:00+00:00","breadcrumb":{"@id":"https:\/\/www.subaru.es\/blog\/nuestra-marca\/subaru-cierra-el-mejor-semestre-de-su-historia\/#breadcrumb"},"inLanguage":"es","potentialAction":[{"@type":"ReadAction","target":["https:\/\/www.subaru.es\/blog\/nuestra-marca\/subaru-cierra-el-mejor-semestre-de-su-historia\/"]}]},{"@type":"ImageObject","inLanguage":"es","@id":"https:\/\/www.subaru.es\/blog\/nuestra-marca\/subaru-cierra-el-mejor-semestre-de-su-historia\/#primaryimage","url":"https:\/\/www.subaru.es\/blog\/wp-content\/uploads\/2013\/11\/LOGO-scaled.jpg","contentUrl":"https:\/\/www.subaru.es\/blog\/wp-content\/uploads\/2013\/11\/LOGO-scaled.jpg","width":2560,"height":1695,"caption":"Logo Subaru"},{"@type":"BreadcrumbList","@id":"https:\/\/www.subaru.es\/blog\/nuestra-marca\/subaru-cierra-el-mejor-semestre-de-su-historia\/#breadcrumb","itemListElement":[{"@type":"ListItem","position":1,"name":"Portada","item":"https:\/\/www.subaru.es\/blog\/"},{"@type":"ListItem","position":2,"name":"Subaru cierra el mejor semestre de su historia"}]},{"@type":"WebSite","@id":"https:\/\/www.subaru.es\/blog\/#website","url":"https:\/\/www.subaru.es\/blog\/","name":"Universo Subaru","description":"Descubre este apasionante espacio de Subaru donde vas a conocer todo sobre nuestros coches y las experiencias que vivimos con ellos. Si est\u00e1s preparado para dejarte seducir por la filosof\u00eda Subaru, qu\u00e9date con nosotros.","publisher":{"@id":"https:\/\/www.subaru.es\/blog\/#organization"},"potentialAction":[{"@type":"SearchAction","target":{"@type":"EntryPoint","urlTemplate":"https:\/\/www.subaru.es\/blog\/?s={search_term_string}"},"query-input":{"@type":"PropertyValueSpecification","valueRequired":true,"valueName":"search_term_string"}}],"inLanguage":"es"},{"@type":"Organization","@id":"https:\/\/www.subaru.es\/blog\/#organization","name":"Subaru Espa\u00f1a S.A.","url":"https:\/\/www.subaru.es\/blog\/","logo":{"@type":"ImageObject","inLanguage":"es","@id":"https:\/\/www.subaru.es\/blog\/#\/schema\/logo\/image\/","url":"https:\/\/www.subaru.es\/blog\/wp-content\/uploads\/2016\/12\/Logo-Subaru-TypeV_C300-scaled.jpg","contentUrl":"https:\/\/www.subaru.es\/blog\/wp-content\/uploads\/2016\/12\/Logo-Subaru-TypeV_C300-scaled.jpg","width":2560,"height":1864,"caption":"Subaru Espa\u00f1a S.A."},"image":{"@id":"https:\/\/www.subaru.es\/blog\/#\/schema\/logo\/image\/"},"sameAs":["https:\/\/www.facebook.com\/subaruespana","https:\/\/www.instagram.com\/subarues\/","https:\/\/www.youtube.com\/user\/subaruespana"]},{"@type":"Person","@id":"https:\/\/www.subaru.es\/blog\/#\/schema\/person\/19a90b892230b8e0ec752704ddf4aa10","name":"Subaru","url":"https:\/\/www.subaru.es\/blog\/author\/subaria\/"}]}},"_links":{"self":[{"href":"https:\/\/www.subaru.es\/blog\/wp-json\/wp\/v2\/posts\/9447","targetHints":{"allow":["GET"]}}],"collection":[{"href":"https:\/\/www.subaru.es\/blog\/wp-json\/wp\/v2\/posts"}],"about":[{"href":"https:\/\/www.subaru.es\/blog\/wp-json\/wp\/v2\/types\/post"}],"author":[{"embeddable":true,"href":"https:\/\/www.subaru.es\/blog\/wp-json\/wp\/v2\/users\/21"}],"replies":[{"embeddable":true,"href":"https:\/\/www.subaru.es\/blog\/wp-json\/wp\/v2\/comments?post=9447"}],"version-history":[{"count":1,"href":"https:\/\/www.subaru.es\/blog\/wp-json\/wp\/v2\/posts\/9447\/revisions"}],"predecessor-version":[{"id":14766,"href":"https:\/\/www.subaru.es\/blog\/wp-json\/wp\/v2\/posts\/9447\/revisions\/14766"}],"wp:featuredmedia":[{"embeddable":true,"href":"https:\/\/www.subaru.es\/blog\/wp-json\/wp\/v2\/media\/9451"}],"wp:attachment":[{"href":"https:\/\/www.subaru.es\/blog\/wp-json\/wp\/v2\/media?parent=9447"}],"wp:term":[{"taxonomy":"category","embeddable":true,"href":"https:\/\/www.subaru.es\/blog\/wp-json\/wp\/v2\/categories?post=9447"},{"taxonomy":"post_tag","embeddable":true,"href":"https:\/\/www.subaru.es\/blog\/wp-json\/wp\/v2\/tags?post=9447"}],"curies":[{"name":"wp","href":"https:\/\/api.w.org\/{rel}","templated":true}]}}