{"id":9324,"date":"2013-10-17T11:51:28","date_gmt":"2013-10-17T09:51:28","guid":{"rendered":"http:\/\/subaru.preproduccion.com\/blog\/?p=9324"},"modified":"2020-08-12T11:42:33","modified_gmt":"2020-08-12T09:42:33","slug":"ultimas-etapas-del-subaru-grand-tour","status":"publish","type":"post","link":"https:\/\/www.subaru.es\/blog\/subaru-lifestyle\/ultimas-etapas-del-subaru-grand-tour\/","title":{"rendered":"\u00daltimas etapas del Subaru Grand Tour"},"content":{"rendered":"<p><center><a href=\"https:\/\/www.subaru.es\/blog\/wp-content\/uploads\/2013\/10\/Portada-640px.jpg\"><img decoding=\"async\" data-src=\"https:\/\/www.subaru.es\/blog\/wp-content\/uploads\/2013\/10\/Portada-640px.jpg\" alt=\"\" title=\"Portada 640px\" width=\"550\" height=\"413\" class=\"aligncenter size-full wp-image-9361 lazyload\" data-srcset=\"https:\/\/www.subaru.es\/blog\/wp-content\/uploads\/2013\/10\/Portada-640px.jpg 640w, https:\/\/www.subaru.es\/blog\/wp-content\/uploads\/2013\/10\/Portada-640px-560x420.jpg 560w\" data-sizes=\"(max-width: 550px) 100vw, 550px\" src=\"data:image\/svg+xml;base64,PHN2ZyB3aWR0aD0iMSIgaGVpZ2h0PSIxIiB4bWxucz0iaHR0cDovL3d3dy53My5vcmcvMjAwMC9zdmciPjwvc3ZnPg==\" style=\"--smush-placeholder-width: 550px; --smush-placeholder-aspect-ratio: 550\/413;\" \/><\/a><\/center><\/p>\n<p>El <strong>Subaru Grand Tour<\/strong> sigui\u00f3 su curso por tierras marroqu\u00edes, y poco a poco nos fueron llegando an\u00e9cdotas y fotos del viaje y de la experiencia. Esperamos haberte puesto los dientes largos, y si es as\u00ed entonces tenemos una buena noticia: la organizaci\u00f3n ya ha anunciado que <strong>repetir\u00e1 el Subaru Grand Tour en Semana Santa,<\/strong> y adem\u00e1s el que ha finalizado esta semana ha tenido tanto \u00e9xito que repetir\u00e1n destino. Os iremos informando sobre esto, pero ya pod\u00e9is contactar con Julio Garc\u00eda (630140834) si ten\u00e9is pensado apuntaros.<\/p>\n<p>Pasamos pues a contaros las experiencias del grupo en las <strong>\u00faltimas etapas del Subaru Grand Tour<\/strong>:<br \/>\n<!--more--><\/p>\n<p><a href=\"https:\/\/www.subaru.es\/blog\/subaru\/fotos-y-experiencias-en-el-subaru-grand-tour-marruecos-2013\/\">Dejamos al grupo haciendo noche en el palmeral m\u00e1s grande del mundo<\/a>, en el <strong>valle del Draa<\/strong>, y a partir de ah\u00ed sigui\u00f3 el recorrido, partiendo del pueblo de Agdz y pasando por el puerto de monta\u00f1a Tizin&#8217;Tichka a 2200 mts de altitud. El trazado estaba plagado de curvas de asfalto, carreteras rotas y dif\u00edciles pistas de tierra <strong>ideales para disfrutar la polivalencia de los Subaru.<\/strong> Visitamos los estudios de cine de Ouarzazate, los <strong>Atlas Studios<\/strong>, donde se rodaron pel\u00edculas como <em>Lawrence de Arabia<\/em>, (1962), <em>La guerra de las galaxias<\/em> (1977), <em>La \u00faltima tentaci\u00f3n de Cristo<\/em> (1988), <em>La momia<\/em> (1999) o <em>Gladiator<\/em> (2000) entre otras.<\/p>\n<p>Un punto importante del viaje fue la subida hasta lo m\u00e1s alto del <strong>Atlas<\/strong> por la carretera que une la Kasbah de Ait Benhadu con la de Telouet. La comida se celebr\u00f3 en el pueblo de Taddart, en un &#8216;Humer\u00edo&#8217; t\u00edpico, aunque la verdad es que no se llaman as\u00ed, sino que es un apodo que les ha puesto los compa\u00f1eros andaluces. Se trata de puestos de carretera en donde se asa carne y se forma una humareda importante, de ah\u00ed lo de &#8216;humer\u00edo&#8217;&#8230; La jornada termin\u00f3 finalmente en <strong>Marrakech<\/strong>.<\/p>\n<p><center><a href=\"https:\/\/www.subaru.es\/blog\/wp-content\/uploads\/2013\/10\/Interior-640px.jpg\"><img decoding=\"async\" data-src=\"https:\/\/www.subaru.es\/blog\/wp-content\/uploads\/2013\/10\/Interior-640px.jpg\" alt=\"\" title=\"Interior 640px\" width=\"550\" height=\"413\" class=\"aligncenter size-full wp-image-9359 lazyload\" data-srcset=\"https:\/\/www.subaru.es\/blog\/wp-content\/uploads\/2013\/10\/Interior-640px.jpg 640w, https:\/\/www.subaru.es\/blog\/wp-content\/uploads\/2013\/10\/Interior-640px-560x420.jpg 560w\" data-sizes=\"(max-width: 550px) 100vw, 550px\" src=\"data:image\/svg+xml;base64,PHN2ZyB3aWR0aD0iMSIgaGVpZ2h0PSIxIiB4bWxucz0iaHR0cDovL3d3dy53My5vcmcvMjAwMC9zdmciPjwvc3ZnPg==\" style=\"--smush-placeholder-width: 550px; --smush-placeholder-aspect-ratio: 550\/413;\" \/><\/a><\/center><\/p>\n<p>Como <strong>an\u00e9cdota del viaje<\/strong>, se impone el t\u00e9rmino \u00abtopalantismo\u00bb, palabra \u00abpropiedad\u00bb de Julio Garc\u00eda y Miguel Siles. Es un t\u00e9rmino muy gaditano que significa b\u00e1sicamente que para sacar las cosas adelante en Marruecos es necesario \u00abir to pa&#8217;lante\u00bb, que ha sido realmente la filosof\u00eda de este gran viaje. Tras la visita a Marrakech, disfrutando del Zoco, del barrio de los curtidores, la plaza Jmaafnaa y las peque\u00f1as callecitas de los artesanos, tocaba descansar para dirigirse al d\u00eda siguiente de vuelta hacia <strong>Tanger<\/strong>, en principio con una parada previa en un peque\u00f1o pueblo pesquero, pero con la opci\u00f3n de llegar directamente a Tanger para intentar dormir cuanto antes en territorio espa\u00f1ol.<\/p>\n<p>Os dejamos con la galer\u00eda de fotos y os recordamos la buena noticia de que <strong>se repetir\u00e1 el Subaru Grand Tour en Semana Santa<\/strong>, evento del que os iremos informando cuando sepamos m\u00e1s detalles.<\/p>\n<h2>Galer\u00eda de fotos del Subaru Grand Tour<\/h2>\n<div id='gallery-1' class='gallery galleryid-9324 gallery-columns-3 gallery-size-thumbnail'><figure class='gallery-item'>\n\t\t\t<div class='gallery-icon landscape'>\n\t\t\t\t<a href='https:\/\/www.subaru.es\/blog\/subaru-lifestyle\/ultimas-etapas-del-subaru-grand-tour\/attachment\/20131009_164146-2\/'><img decoding=\"async\" width=\"200\" height=\"200\" data-src=\"https:\/\/www.subaru.es\/blog\/wp-content\/uploads\/2013\/10\/20131009_1641461-200x200.jpg\" class=\"attachment-thumbnail size-thumbnail lazyload\" alt=\"\" src=\"data:image\/svg+xml;base64,PHN2ZyB3aWR0aD0iMSIgaGVpZ2h0PSIxIiB4bWxucz0iaHR0cDovL3d3dy53My5vcmcvMjAwMC9zdmciPjwvc3ZnPg==\" style=\"--smush-placeholder-width: 200px; --smush-placeholder-aspect-ratio: 200\/200;\" \/><\/a>\n\t\t\t<\/div><\/figure><figure class='gallery-item'>\n\t\t\t<div class='gallery-icon landscape'>\n\t\t\t\t<a href='https:\/\/www.subaru.es\/blog\/subaru-lifestyle\/ultimas-etapas-del-subaru-grand-tour\/attachment\/20131009_164157-2\/'><img decoding=\"async\" width=\"200\" height=\"200\" data-src=\"https:\/\/www.subaru.es\/blog\/wp-content\/uploads\/2013\/10\/20131009_1641571-200x200.jpg\" class=\"attachment-thumbnail size-thumbnail lazyload\" alt=\"\" src=\"data:image\/svg+xml;base64,PHN2ZyB3aWR0aD0iMSIgaGVpZ2h0PSIxIiB4bWxucz0iaHR0cDovL3d3dy53My5vcmcvMjAwMC9zdmciPjwvc3ZnPg==\" style=\"--smush-placeholder-width: 200px; --smush-placeholder-aspect-ratio: 200\/200;\" \/><\/a>\n\t\t\t<\/div><\/figure><figure class='gallery-item'>\n\t\t\t<div class='gallery-icon landscape'>\n\t\t\t\t<a href='https:\/\/www.subaru.es\/blog\/subaru-lifestyle\/ultimas-etapas-del-subaru-grand-tour\/attachment\/20131009_165225\/'><img decoding=\"async\" width=\"200\" height=\"200\" data-src=\"https:\/\/www.subaru.es\/blog\/wp-content\/uploads\/2013\/10\/20131009_165225-200x200.jpg\" class=\"attachment-thumbnail size-thumbnail lazyload\" alt=\"\" src=\"data:image\/svg+xml;base64,PHN2ZyB3aWR0aD0iMSIgaGVpZ2h0PSIxIiB4bWxucz0iaHR0cDovL3d3dy53My5vcmcvMjAwMC9zdmciPjwvc3ZnPg==\" style=\"--smush-placeholder-width: 200px; --smush-placeholder-aspect-ratio: 200\/200;\" \/><\/a>\n\t\t\t<\/div><\/figure><figure class='gallery-item'>\n\t\t\t<div class='gallery-icon landscape'>\n\t\t\t\t<a href='https:\/\/www.subaru.es\/blog\/subaru-lifestyle\/ultimas-etapas-del-subaru-grand-tour\/attachment\/20131009_165407-2\/'><img decoding=\"async\" width=\"200\" height=\"200\" data-src=\"https:\/\/www.subaru.es\/blog\/wp-content\/uploads\/2013\/10\/20131009_1654071-200x200.jpg\" class=\"attachment-thumbnail size-thumbnail lazyload\" alt=\"\" src=\"data:image\/svg+xml;base64,PHN2ZyB3aWR0aD0iMSIgaGVpZ2h0PSIxIiB4bWxucz0iaHR0cDovL3d3dy53My5vcmcvMjAwMC9zdmciPjwvc3ZnPg==\" style=\"--smush-placeholder-width: 200px; --smush-placeholder-aspect-ratio: 200\/200;\" \/><\/a>\n\t\t\t<\/div><\/figure><figure class='gallery-item'>\n\t\t\t<div class='gallery-icon landscape'>\n\t\t\t\t<a href='https:\/\/www.subaru.es\/blog\/subaru-lifestyle\/ultimas-etapas-del-subaru-grand-tour\/attachment\/20131009_170714-2\/'><img decoding=\"async\" width=\"200\" height=\"200\" data-src=\"https:\/\/www.subaru.es\/blog\/wp-content\/uploads\/2013\/10\/20131009_1707141-200x200.jpg\" class=\"attachment-thumbnail size-thumbnail lazyload\" alt=\"\" src=\"data:image\/svg+xml;base64,PHN2ZyB3aWR0aD0iMSIgaGVpZ2h0PSIxIiB4bWxucz0iaHR0cDovL3d3dy53My5vcmcvMjAwMC9zdmciPjwvc3ZnPg==\" style=\"--smush-placeholder-width: 200px; --smush-placeholder-aspect-ratio: 200\/200;\" \/><\/a>\n\t\t\t<\/div><\/figure><figure class='gallery-item'>\n\t\t\t<div class='gallery-icon portrait'>\n\t\t\t\t<a href='https:\/\/www.subaru.es\/blog\/subaru-lifestyle\/ultimas-etapas-del-subaru-grand-tour\/attachment\/20131009_172225-2\/'><img decoding=\"async\" width=\"200\" height=\"200\" data-src=\"https:\/\/www.subaru.es\/blog\/wp-content\/uploads\/2013\/10\/20131009_1722251-200x200.jpg\" class=\"attachment-thumbnail size-thumbnail lazyload\" alt=\"\" src=\"data:image\/svg+xml;base64,PHN2ZyB3aWR0aD0iMSIgaGVpZ2h0PSIxIiB4bWxucz0iaHR0cDovL3d3dy53My5vcmcvMjAwMC9zdmciPjwvc3ZnPg==\" style=\"--smush-placeholder-width: 200px; --smush-placeholder-aspect-ratio: 200\/200;\" \/><\/a>\n\t\t\t<\/div><\/figure><figure class='gallery-item'>\n\t\t\t<div class='gallery-icon landscape'>\n\t\t\t\t<a href='https:\/\/www.subaru.es\/blog\/subaru-lifestyle\/ultimas-etapas-del-subaru-grand-tour\/attachment\/20131009_172258\/'><img decoding=\"async\" width=\"200\" height=\"200\" data-src=\"https:\/\/www.subaru.es\/blog\/wp-content\/uploads\/2013\/10\/20131009_172258-200x200.jpg\" class=\"attachment-thumbnail size-thumbnail lazyload\" alt=\"\" src=\"data:image\/svg+xml;base64,PHN2ZyB3aWR0aD0iMSIgaGVpZ2h0PSIxIiB4bWxucz0iaHR0cDovL3d3dy53My5vcmcvMjAwMC9zdmciPjwvc3ZnPg==\" style=\"--smush-placeholder-width: 200px; --smush-placeholder-aspect-ratio: 200\/200;\" \/><\/a>\n\t\t\t<\/div><\/figure><figure class='gallery-item'>\n\t\t\t<div class='gallery-icon landscape'>\n\t\t\t\t<a href='https:\/\/www.subaru.es\/blog\/subaru-lifestyle\/ultimas-etapas-del-subaru-grand-tour\/attachment\/20131009_175105\/'><img decoding=\"async\" width=\"200\" height=\"200\" data-src=\"https:\/\/www.subaru.es\/blog\/wp-content\/uploads\/2013\/10\/20131009_175105-200x200.jpg\" class=\"attachment-thumbnail size-thumbnail lazyload\" alt=\"\" src=\"data:image\/svg+xml;base64,PHN2ZyB3aWR0aD0iMSIgaGVpZ2h0PSIxIiB4bWxucz0iaHR0cDovL3d3dy53My5vcmcvMjAwMC9zdmciPjwvc3ZnPg==\" style=\"--smush-placeholder-width: 200px; --smush-placeholder-aspect-ratio: 200\/200;\" \/><\/a>\n\t\t\t<\/div><\/figure><figure class='gallery-item'>\n\t\t\t<div class='gallery-icon landscape'>\n\t\t\t\t<a href='https:\/\/www.subaru.es\/blog\/subaru-lifestyle\/ultimas-etapas-del-subaru-grand-tour\/attachment\/20131009_175426-2\/'><img decoding=\"async\" width=\"200\" height=\"200\" data-src=\"https:\/\/www.subaru.es\/blog\/wp-content\/uploads\/2013\/10\/20131009_1754261-200x200.jpg\" class=\"attachment-thumbnail size-thumbnail lazyload\" alt=\"\" src=\"data:image\/svg+xml;base64,PHN2ZyB3aWR0aD0iMSIgaGVpZ2h0PSIxIiB4bWxucz0iaHR0cDovL3d3dy53My5vcmcvMjAwMC9zdmciPjwvc3ZnPg==\" style=\"--smush-placeholder-width: 200px; --smush-placeholder-aspect-ratio: 200\/200;\" \/><\/a>\n\t\t\t<\/div><\/figure><figure class='gallery-item'>\n\t\t\t<div class='gallery-icon landscape'>\n\t\t\t\t<a href='https:\/\/www.subaru.es\/blog\/subaru-lifestyle\/ultimas-etapas-del-subaru-grand-tour\/attachment\/20131010_075256\/'><img decoding=\"async\" width=\"200\" height=\"200\" data-src=\"https:\/\/www.subaru.es\/blog\/wp-content\/uploads\/2013\/10\/20131010_075256-200x200.jpg\" class=\"attachment-thumbnail size-thumbnail lazyload\" alt=\"\" src=\"data:image\/svg+xml;base64,PHN2ZyB3aWR0aD0iMSIgaGVpZ2h0PSIxIiB4bWxucz0iaHR0cDovL3d3dy53My5vcmcvMjAwMC9zdmciPjwvc3ZnPg==\" style=\"--smush-placeholder-width: 200px; --smush-placeholder-aspect-ratio: 200\/200;\" \/><\/a>\n\t\t\t<\/div><\/figure><figure class='gallery-item'>\n\t\t\t<div class='gallery-icon landscape'>\n\t\t\t\t<a href='https:\/\/www.subaru.es\/blog\/subaru-lifestyle\/ultimas-etapas-del-subaru-grand-tour\/attachment\/20131010_075408\/'><img decoding=\"async\" width=\"200\" height=\"200\" data-src=\"https:\/\/www.subaru.es\/blog\/wp-content\/uploads\/2013\/10\/20131010_075408-200x200.jpg\" class=\"attachment-thumbnail size-thumbnail lazyload\" alt=\"\" src=\"data:image\/svg+xml;base64,PHN2ZyB3aWR0aD0iMSIgaGVpZ2h0PSIxIiB4bWxucz0iaHR0cDovL3d3dy53My5vcmcvMjAwMC9zdmciPjwvc3ZnPg==\" style=\"--smush-placeholder-width: 200px; --smush-placeholder-aspect-ratio: 200\/200;\" \/><\/a>\n\t\t\t<\/div><\/figure><figure class='gallery-item'>\n\t\t\t<div class='gallery-icon landscape'>\n\t\t\t\t<a href='https:\/\/www.subaru.es\/blog\/subaru-lifestyle\/ultimas-etapas-del-subaru-grand-tour\/attachment\/20131010_094028\/'><img decoding=\"async\" width=\"200\" height=\"200\" data-src=\"https:\/\/www.subaru.es\/blog\/wp-content\/uploads\/2013\/10\/20131010_094028-200x200.jpg\" class=\"attachment-thumbnail size-thumbnail lazyload\" alt=\"\" src=\"data:image\/svg+xml;base64,PHN2ZyB3aWR0aD0iMSIgaGVpZ2h0PSIxIiB4bWxucz0iaHR0cDovL3d3dy53My5vcmcvMjAwMC9zdmciPjwvc3ZnPg==\" style=\"--smush-placeholder-width: 200px; --smush-placeholder-aspect-ratio: 200\/200;\" \/><\/a>\n\t\t\t<\/div><\/figure><figure class='gallery-item'>\n\t\t\t<div class='gallery-icon landscape'>\n\t\t\t\t<a href='https:\/\/www.subaru.es\/blog\/subaru-lifestyle\/ultimas-etapas-del-subaru-grand-tour\/attachment\/20131010_095246\/'><img decoding=\"async\" width=\"200\" height=\"200\" data-src=\"https:\/\/www.subaru.es\/blog\/wp-content\/uploads\/2013\/10\/20131010_095246-200x200.jpg\" class=\"attachment-thumbnail size-thumbnail lazyload\" alt=\"\" src=\"data:image\/svg+xml;base64,PHN2ZyB3aWR0aD0iMSIgaGVpZ2h0PSIxIiB4bWxucz0iaHR0cDovL3d3dy53My5vcmcvMjAwMC9zdmciPjwvc3ZnPg==\" style=\"--smush-placeholder-width: 200px; --smush-placeholder-aspect-ratio: 200\/200;\" \/><\/a>\n\t\t\t<\/div><\/figure><figure class='gallery-item'>\n\t\t\t<div class='gallery-icon landscape'>\n\t\t\t\t<a href='https:\/\/www.subaru.es\/blog\/subaru-lifestyle\/ultimas-etapas-del-subaru-grand-tour\/attachment\/20131010_105324\/'><img decoding=\"async\" width=\"200\" height=\"200\" data-src=\"https:\/\/www.subaru.es\/blog\/wp-content\/uploads\/2013\/10\/20131010_105324-200x200.jpg\" class=\"attachment-thumbnail size-thumbnail lazyload\" alt=\"\" src=\"data:image\/svg+xml;base64,PHN2ZyB3aWR0aD0iMSIgaGVpZ2h0PSIxIiB4bWxucz0iaHR0cDovL3d3dy53My5vcmcvMjAwMC9zdmciPjwvc3ZnPg==\" style=\"--smush-placeholder-width: 200px; --smush-placeholder-aspect-ratio: 200\/200;\" \/><\/a>\n\t\t\t<\/div><\/figure><figure class='gallery-item'>\n\t\t\t<div class='gallery-icon landscape'>\n\t\t\t\t<a href='https:\/\/www.subaru.es\/blog\/subaru-lifestyle\/ultimas-etapas-del-subaru-grand-tour\/attachment\/20131010_105504\/'><img decoding=\"async\" width=\"200\" height=\"200\" data-src=\"https:\/\/www.subaru.es\/blog\/wp-content\/uploads\/2013\/10\/20131010_105504-200x200.jpg\" class=\"attachment-thumbnail size-thumbnail lazyload\" alt=\"\" src=\"data:image\/svg+xml;base64,PHN2ZyB3aWR0aD0iMSIgaGVpZ2h0PSIxIiB4bWxucz0iaHR0cDovL3d3dy53My5vcmcvMjAwMC9zdmciPjwvc3ZnPg==\" style=\"--smush-placeholder-width: 200px; --smush-placeholder-aspect-ratio: 200\/200;\" \/><\/a>\n\t\t\t<\/div><\/figure><figure class='gallery-item'>\n\t\t\t<div class='gallery-icon landscape'>\n\t\t\t\t<a href='https:\/\/www.subaru.es\/blog\/subaru-lifestyle\/ultimas-etapas-del-subaru-grand-tour\/attachment\/20131010_120216\/'><img decoding=\"async\" width=\"200\" height=\"200\" data-src=\"https:\/\/www.subaru.es\/blog\/wp-content\/uploads\/2013\/10\/20131010_120216-200x200.jpg\" class=\"attachment-thumbnail size-thumbnail lazyload\" alt=\"\" src=\"data:image\/svg+xml;base64,PHN2ZyB3aWR0aD0iMSIgaGVpZ2h0PSIxIiB4bWxucz0iaHR0cDovL3d3dy53My5vcmcvMjAwMC9zdmciPjwvc3ZnPg==\" style=\"--smush-placeholder-width: 200px; --smush-placeholder-aspect-ratio: 200\/200;\" \/><\/a>\n\t\t\t<\/div><\/figure><figure class='gallery-item'>\n\t\t\t<div class='gallery-icon landscape'>\n\t\t\t\t<a href='https:\/\/www.subaru.es\/blog\/subaru-lifestyle\/ultimas-etapas-del-subaru-grand-tour\/attachment\/20131010_122009\/'><img decoding=\"async\" width=\"200\" height=\"200\" data-src=\"https:\/\/www.subaru.es\/blog\/wp-content\/uploads\/2013\/10\/20131010_122009-200x200.jpg\" class=\"attachment-thumbnail size-thumbnail lazyload\" alt=\"\" src=\"data:image\/svg+xml;base64,PHN2ZyB3aWR0aD0iMSIgaGVpZ2h0PSIxIiB4bWxucz0iaHR0cDovL3d3dy53My5vcmcvMjAwMC9zdmciPjwvc3ZnPg==\" style=\"--smush-placeholder-width: 200px; --smush-placeholder-aspect-ratio: 200\/200;\" \/><\/a>\n\t\t\t<\/div><\/figure><figure class='gallery-item'>\n\t\t\t<div class='gallery-icon landscape'>\n\t\t\t\t<a href='https:\/\/www.subaru.es\/blog\/subaru-lifestyle\/ultimas-etapas-del-subaru-grand-tour\/attachment\/20131010_142517\/'><img decoding=\"async\" width=\"200\" height=\"200\" data-src=\"https:\/\/www.subaru.es\/blog\/wp-content\/uploads\/2013\/10\/20131010_142517-200x200.jpg\" class=\"attachment-thumbnail size-thumbnail lazyload\" alt=\"\" src=\"data:image\/svg+xml;base64,PHN2ZyB3aWR0aD0iMSIgaGVpZ2h0PSIxIiB4bWxucz0iaHR0cDovL3d3dy53My5vcmcvMjAwMC9zdmciPjwvc3ZnPg==\" style=\"--smush-placeholder-width: 200px; --smush-placeholder-aspect-ratio: 200\/200;\" \/><\/a>\n\t\t\t<\/div><\/figure><figure class='gallery-item'>\n\t\t\t<div class='gallery-icon landscape'>\n\t\t\t\t<a href='https:\/\/www.subaru.es\/blog\/subaru-lifestyle\/ultimas-etapas-del-subaru-grand-tour\/attachment\/20131010_144417\/'><img decoding=\"async\" width=\"200\" height=\"200\" data-src=\"https:\/\/www.subaru.es\/blog\/wp-content\/uploads\/2013\/10\/20131010_144417-200x200.jpg\" class=\"attachment-thumbnail size-thumbnail lazyload\" alt=\"\" src=\"data:image\/svg+xml;base64,PHN2ZyB3aWR0aD0iMSIgaGVpZ2h0PSIxIiB4bWxucz0iaHR0cDovL3d3dy53My5vcmcvMjAwMC9zdmciPjwvc3ZnPg==\" style=\"--smush-placeholder-width: 200px; --smush-placeholder-aspect-ratio: 200\/200;\" \/><\/a>\n\t\t\t<\/div><\/figure><figure class='gallery-item'>\n\t\t\t<div class='gallery-icon landscape'>\n\t\t\t\t<a href='https:\/\/www.subaru.es\/blog\/subaru-lifestyle\/ultimas-etapas-del-subaru-grand-tour\/attachment\/20131010_150516\/'><img decoding=\"async\" width=\"200\" height=\"200\" data-src=\"https:\/\/www.subaru.es\/blog\/wp-content\/uploads\/2013\/10\/20131010_150516-200x200.jpg\" class=\"attachment-thumbnail size-thumbnail lazyload\" alt=\"\" src=\"data:image\/svg+xml;base64,PHN2ZyB3aWR0aD0iMSIgaGVpZ2h0PSIxIiB4bWxucz0iaHR0cDovL3d3dy53My5vcmcvMjAwMC9zdmciPjwvc3ZnPg==\" style=\"--smush-placeholder-width: 200px; --smush-placeholder-aspect-ratio: 200\/200;\" \/><\/a>\n\t\t\t<\/div><\/figure><figure class='gallery-item'>\n\t\t\t<div class='gallery-icon landscape'>\n\t\t\t\t<a href='https:\/\/www.subaru.es\/blog\/subaru-lifestyle\/ultimas-etapas-del-subaru-grand-tour\/attachment\/20131010_154155\/'><img decoding=\"async\" width=\"200\" height=\"200\" data-src=\"https:\/\/www.subaru.es\/blog\/wp-content\/uploads\/2013\/10\/20131010_154155-200x200.jpg\" class=\"attachment-thumbnail size-thumbnail lazyload\" alt=\"\" src=\"data:image\/svg+xml;base64,PHN2ZyB3aWR0aD0iMSIgaGVpZ2h0PSIxIiB4bWxucz0iaHR0cDovL3d3dy53My5vcmcvMjAwMC9zdmciPjwvc3ZnPg==\" style=\"--smush-placeholder-width: 200px; --smush-placeholder-aspect-ratio: 200\/200;\" \/><\/a>\n\t\t\t<\/div><\/figure><figure class='gallery-item'>\n\t\t\t<div class='gallery-icon landscape'>\n\t\t\t\t<a href='https:\/\/www.subaru.es\/blog\/subaru-lifestyle\/ultimas-etapas-del-subaru-grand-tour\/attachment\/20131011_100619\/'><img decoding=\"async\" width=\"200\" height=\"200\" data-src=\"https:\/\/www.subaru.es\/blog\/wp-content\/uploads\/2013\/10\/20131011_100619-200x200.jpg\" class=\"attachment-thumbnail size-thumbnail lazyload\" alt=\"\" src=\"data:image\/svg+xml;base64,PHN2ZyB3aWR0aD0iMSIgaGVpZ2h0PSIxIiB4bWxucz0iaHR0cDovL3d3dy53My5vcmcvMjAwMC9zdmciPjwvc3ZnPg==\" style=\"--smush-placeholder-width: 200px; --smush-placeholder-aspect-ratio: 200\/200;\" \/><\/a>\n\t\t\t<\/div><\/figure><figure class='gallery-item'>\n\t\t\t<div class='gallery-icon landscape'>\n\t\t\t\t<a href='https:\/\/www.subaru.es\/blog\/subaru-lifestyle\/ultimas-etapas-del-subaru-grand-tour\/attachment\/20131011_120157\/'><img decoding=\"async\" width=\"200\" height=\"200\" data-src=\"https:\/\/www.subaru.es\/blog\/wp-content\/uploads\/2013\/10\/20131011_120157-200x200.jpg\" class=\"attachment-thumbnail size-thumbnail lazyload\" alt=\"\" src=\"data:image\/svg+xml;base64,PHN2ZyB3aWR0aD0iMSIgaGVpZ2h0PSIxIiB4bWxucz0iaHR0cDovL3d3dy53My5vcmcvMjAwMC9zdmciPjwvc3ZnPg==\" style=\"--smush-placeholder-width: 200px; --smush-placeholder-aspect-ratio: 200\/200;\" \/><\/a>\n\t\t\t<\/div><\/figure><figure class='gallery-item'>\n\t\t\t<div class='gallery-icon portrait'>\n\t\t\t\t<a href='https:\/\/www.subaru.es\/blog\/subaru-lifestyle\/ultimas-etapas-del-subaru-grand-tour\/attachment\/20131011_124007\/'><img decoding=\"async\" width=\"200\" height=\"200\" data-src=\"https:\/\/www.subaru.es\/blog\/wp-content\/uploads\/2013\/10\/20131011_124007-200x200.jpg\" class=\"attachment-thumbnail size-thumbnail lazyload\" alt=\"\" src=\"data:image\/svg+xml;base64,PHN2ZyB3aWR0aD0iMSIgaGVpZ2h0PSIxIiB4bWxucz0iaHR0cDovL3d3dy53My5vcmcvMjAwMC9zdmciPjwvc3ZnPg==\" style=\"--smush-placeholder-width: 200px; --smush-placeholder-aspect-ratio: 200\/200;\" \/><\/a>\n\t\t\t<\/div><\/figure><figure class='gallery-item'>\n\t\t\t<div class='gallery-icon landscape'>\n\t\t\t\t<a href='https:\/\/www.subaru.es\/blog\/subaru-lifestyle\/ultimas-etapas-del-subaru-grand-tour\/attachment\/20131011_124309\/'><img decoding=\"async\" width=\"200\" height=\"200\" data-src=\"https:\/\/www.subaru.es\/blog\/wp-content\/uploads\/2013\/10\/20131011_124309-200x200.jpg\" class=\"attachment-thumbnail size-thumbnail lazyload\" alt=\"\" src=\"data:image\/svg+xml;base64,PHN2ZyB3aWR0aD0iMSIgaGVpZ2h0PSIxIiB4bWxucz0iaHR0cDovL3d3dy53My5vcmcvMjAwMC9zdmciPjwvc3ZnPg==\" style=\"--smush-placeholder-width: 200px; --smush-placeholder-aspect-ratio: 200\/200;\" \/><\/a>\n\t\t\t<\/div><\/figure><figure class='gallery-item'>\n\t\t\t<div class='gallery-icon landscape'>\n\t\t\t\t<a href='https:\/\/www.subaru.es\/blog\/subaru-lifestyle\/ultimas-etapas-del-subaru-grand-tour\/attachment\/20131011_125543\/'><img decoding=\"async\" width=\"200\" height=\"200\" data-src=\"https:\/\/www.subaru.es\/blog\/wp-content\/uploads\/2013\/10\/20131011_125543-200x200.jpg\" class=\"attachment-thumbnail size-thumbnail lazyload\" alt=\"\" src=\"data:image\/svg+xml;base64,PHN2ZyB3aWR0aD0iMSIgaGVpZ2h0PSIxIiB4bWxucz0iaHR0cDovL3d3dy53My5vcmcvMjAwMC9zdmciPjwvc3ZnPg==\" style=\"--smush-placeholder-width: 200px; --smush-placeholder-aspect-ratio: 200\/200;\" \/><\/a>\n\t\t\t<\/div><\/figure><figure class='gallery-item'>\n\t\t\t<div class='gallery-icon portrait'>\n\t\t\t\t<a href='https:\/\/www.subaru.es\/blog\/subaru-lifestyle\/ultimas-etapas-del-subaru-grand-tour\/attachment\/20131011_172052\/'><img decoding=\"async\" width=\"200\" height=\"200\" data-src=\"https:\/\/www.subaru.es\/blog\/wp-content\/uploads\/2013\/10\/20131011_172052-200x200.jpg\" class=\"attachment-thumbnail size-thumbnail lazyload\" alt=\"\" src=\"data:image\/svg+xml;base64,PHN2ZyB3aWR0aD0iMSIgaGVpZ2h0PSIxIiB4bWxucz0iaHR0cDovL3d3dy53My5vcmcvMjAwMC9zdmciPjwvc3ZnPg==\" style=\"--smush-placeholder-width: 200px; --smush-placeholder-aspect-ratio: 200\/200;\" \/><\/a>\n\t\t\t<\/div><\/figure><figure class='gallery-item'>\n\t\t\t<div class='gallery-icon landscape'>\n\t\t\t\t<a href='https:\/\/www.subaru.es\/blog\/subaru-lifestyle\/ultimas-etapas-del-subaru-grand-tour\/attachment\/20131011_173650\/'><img decoding=\"async\" width=\"200\" height=\"200\" data-src=\"https:\/\/www.subaru.es\/blog\/wp-content\/uploads\/2013\/10\/20131011_173650-200x200.jpg\" class=\"attachment-thumbnail size-thumbnail lazyload\" alt=\"\" src=\"data:image\/svg+xml;base64,PHN2ZyB3aWR0aD0iMSIgaGVpZ2h0PSIxIiB4bWxucz0iaHR0cDovL3d3dy53My5vcmcvMjAwMC9zdmciPjwvc3ZnPg==\" style=\"--smush-placeholder-width: 200px; --smush-placeholder-aspect-ratio: 200\/200;\" \/><\/a>\n\t\t\t<\/div><\/figure><figure class='gallery-item'>\n\t\t\t<div class='gallery-icon landscape'>\n\t\t\t\t<a href='https:\/\/www.subaru.es\/blog\/subaru-lifestyle\/ultimas-etapas-del-subaru-grand-tour\/attachment\/20131011_173659\/'><img decoding=\"async\" width=\"200\" height=\"200\" data-src=\"https:\/\/www.subaru.es\/blog\/wp-content\/uploads\/2013\/10\/20131011_173659-200x200.jpg\" class=\"attachment-thumbnail size-thumbnail lazyload\" alt=\"\" src=\"data:image\/svg+xml;base64,PHN2ZyB3aWR0aD0iMSIgaGVpZ2h0PSIxIiB4bWxucz0iaHR0cDovL3d3dy53My5vcmcvMjAwMC9zdmciPjwvc3ZnPg==\" style=\"--smush-placeholder-width: 200px; --smush-placeholder-aspect-ratio: 200\/200;\" \/><\/a>\n\t\t\t<\/div><\/figure><figure class='gallery-item'>\n\t\t\t<div class='gallery-icon landscape'>\n\t\t\t\t<a href='https:\/\/www.subaru.es\/blog\/subaru-lifestyle\/ultimas-etapas-del-subaru-grand-tour\/attachment\/20131011_175011\/'><img decoding=\"async\" width=\"200\" height=\"200\" data-src=\"https:\/\/www.subaru.es\/blog\/wp-content\/uploads\/2013\/10\/20131011_175011-200x200.jpg\" class=\"attachment-thumbnail size-thumbnail lazyload\" alt=\"\" src=\"data:image\/svg+xml;base64,PHN2ZyB3aWR0aD0iMSIgaGVpZ2h0PSIxIiB4bWxucz0iaHR0cDovL3d3dy53My5vcmcvMjAwMC9zdmciPjwvc3ZnPg==\" style=\"--smush-placeholder-width: 200px; --smush-placeholder-aspect-ratio: 200\/200;\" \/><\/a>\n\t\t\t<\/div><\/figure><figure class='gallery-item'>\n\t\t\t<div class='gallery-icon landscape'>\n\t\t\t\t<a href='https:\/\/www.subaru.es\/blog\/subaru-lifestyle\/ultimas-etapas-del-subaru-grand-tour\/attachment\/20131011_180515\/'><img decoding=\"async\" width=\"200\" height=\"200\" data-src=\"https:\/\/www.subaru.es\/blog\/wp-content\/uploads\/2013\/10\/20131011_180515-200x200.jpg\" class=\"attachment-thumbnail size-thumbnail lazyload\" alt=\"\" src=\"data:image\/svg+xml;base64,PHN2ZyB3aWR0aD0iMSIgaGVpZ2h0PSIxIiB4bWxucz0iaHR0cDovL3d3dy53My5vcmcvMjAwMC9zdmciPjwvc3ZnPg==\" style=\"--smush-placeholder-width: 200px; --smush-placeholder-aspect-ratio: 200\/200;\" \/><\/a>\n\t\t\t<\/div><\/figure><figure class='gallery-item'>\n\t\t\t<div class='gallery-icon landscape'>\n\t\t\t\t<a href='https:\/\/www.subaru.es\/blog\/subaru-lifestyle\/ultimas-etapas-del-subaru-grand-tour\/attachment\/20131011_180918\/'><img decoding=\"async\" width=\"200\" height=\"200\" data-src=\"https:\/\/www.subaru.es\/blog\/wp-content\/uploads\/2013\/10\/20131011_180918-200x200.jpg\" class=\"attachment-thumbnail size-thumbnail lazyload\" alt=\"\" src=\"data:image\/svg+xml;base64,PHN2ZyB3aWR0aD0iMSIgaGVpZ2h0PSIxIiB4bWxucz0iaHR0cDovL3d3dy53My5vcmcvMjAwMC9zdmciPjwvc3ZnPg==\" style=\"--smush-placeholder-width: 200px; --smush-placeholder-aspect-ratio: 200\/200;\" \/><\/a>\n\t\t\t<\/div><\/figure><figure class='gallery-item'>\n\t\t\t<div class='gallery-icon landscape'>\n\t\t\t\t<a href='https:\/\/www.subaru.es\/blog\/subaru-lifestyle\/ultimas-etapas-del-subaru-grand-tour\/attachment\/20131011_181127\/'><img decoding=\"async\" width=\"200\" height=\"200\" data-src=\"https:\/\/www.subaru.es\/blog\/wp-content\/uploads\/2013\/10\/20131011_181127-200x200.jpg\" class=\"attachment-thumbnail size-thumbnail lazyload\" alt=\"\" src=\"data:image\/svg+xml;base64,PHN2ZyB3aWR0aD0iMSIgaGVpZ2h0PSIxIiB4bWxucz0iaHR0cDovL3d3dy53My5vcmcvMjAwMC9zdmciPjwvc3ZnPg==\" style=\"--smush-placeholder-width: 200px; --smush-placeholder-aspect-ratio: 200\/200;\" \/><\/a>\n\t\t\t<\/div><\/figure><figure class='gallery-item'>\n\t\t\t<div class='gallery-icon portrait'>\n\t\t\t\t<a href='https:\/\/www.subaru.es\/blog\/subaru-lifestyle\/ultimas-etapas-del-subaru-grand-tour\/attachment\/img_20131011_180701\/'><img decoding=\"async\" width=\"200\" height=\"200\" data-src=\"https:\/\/www.subaru.es\/blog\/wp-content\/uploads\/2013\/10\/IMG_20131011_180701-200x200.jpg\" class=\"attachment-thumbnail size-thumbnail lazyload\" alt=\"\" src=\"data:image\/svg+xml;base64,PHN2ZyB3aWR0aD0iMSIgaGVpZ2h0PSIxIiB4bWxucz0iaHR0cDovL3d3dy53My5vcmcvMjAwMC9zdmciPjwvc3ZnPg==\" style=\"--smush-placeholder-width: 200px; --smush-placeholder-aspect-ratio: 200\/200;\" \/><\/a>\n\t\t\t<\/div><\/figure><figure class='gallery-item'>\n\t\t\t<div class='gallery-icon landscape'>\n\t\t\t\t<a href='https:\/\/www.subaru.es\/blog\/subaru-lifestyle\/ultimas-etapas-del-subaru-grand-tour\/attachment\/interior-640px\/'><img decoding=\"async\" width=\"200\" height=\"200\" data-src=\"https:\/\/www.subaru.es\/blog\/wp-content\/uploads\/2013\/10\/Interior-640px-200x200.jpg\" class=\"attachment-thumbnail size-thumbnail lazyload\" alt=\"\" src=\"data:image\/svg+xml;base64,PHN2ZyB3aWR0aD0iMSIgaGVpZ2h0PSIxIiB4bWxucz0iaHR0cDovL3d3dy53My5vcmcvMjAwMC9zdmciPjwvc3ZnPg==\" style=\"--smush-placeholder-width: 200px; --smush-placeholder-aspect-ratio: 200\/200;\" \/><\/a>\n\t\t\t<\/div><\/figure><figure class='gallery-item'>\n\t\t\t<div class='gallery-icon landscape'>\n\t\t\t\t<a href='https:\/\/www.subaru.es\/blog\/subaru-lifestyle\/ultimas-etapas-del-subaru-grand-tour\/attachment\/interior-4\/'><img decoding=\"async\" width=\"200\" height=\"200\" data-src=\"https:\/\/www.subaru.es\/blog\/wp-content\/uploads\/2013\/10\/Interior-200x200.jpg\" class=\"attachment-thumbnail size-thumbnail lazyload\" alt=\"\" src=\"data:image\/svg+xml;base64,PHN2ZyB3aWR0aD0iMSIgaGVpZ2h0PSIxIiB4bWxucz0iaHR0cDovL3d3dy53My5vcmcvMjAwMC9zdmciPjwvc3ZnPg==\" style=\"--smush-placeholder-width: 200px; --smush-placeholder-aspect-ratio: 200\/200;\" \/><\/a>\n\t\t\t<\/div><\/figure><figure class='gallery-item'>\n\t\t\t<div class='gallery-icon landscape'>\n\t\t\t\t<a href='https:\/\/www.subaru.es\/blog\/subaru-lifestyle\/ultimas-etapas-del-subaru-grand-tour\/attachment\/portada-640px\/'><img decoding=\"async\" width=\"200\" height=\"200\" data-src=\"https:\/\/www.subaru.es\/blog\/wp-content\/uploads\/2013\/10\/Portada-640px-200x200.jpg\" class=\"attachment-thumbnail size-thumbnail lazyload\" alt=\"\" src=\"data:image\/svg+xml;base64,PHN2ZyB3aWR0aD0iMSIgaGVpZ2h0PSIxIiB4bWxucz0iaHR0cDovL3d3dy53My5vcmcvMjAwMC9zdmciPjwvc3ZnPg==\" style=\"--smush-placeholder-width: 200px; --smush-placeholder-aspect-ratio: 200\/200;\" \/><\/a>\n\t\t\t<\/div><\/figure>\n\t\t<\/div>\n\n","protected":false},"excerpt":{"rendered":"<p>El Subaru Grand Tour sigui\u00f3 su curso por tierras marroqu\u00edes, y poco a poco nos fueron llegando an\u00e9cdotas y fotos del viaje y de la experiencia. Esperamos haberte puesto los dientes largos, y si es as\u00ed entonces tenemos una buena noticia: la organizaci\u00f3n ya ha anunciado que repetir\u00e1 el Subaru Grand Tour en Semana Santa, [&hellip;]<\/p>\n","protected":false},"author":21,"featured_media":9325,"comment_status":"open","ping_status":"open","sticky":false,"template":"","format":"standard","meta":{"_acf_changed":false,"_eb_attr":"","inline_featured_image":false,"footnotes":""},"categories":[4520],"tags":[4225,4223,4224],"class_list":["post-9324","post","type-post","status-publish","format-standard","has-post-thumbnail","hentry","category-subaru-lifestyle","tag-marruecos","tag-rutas-4x4","tag-subaru-grand-tour"],"acf":[],"yoast_head":"<!-- This site is optimized with the Yoast SEO plugin v27.3 - https:\/\/yoast.com\/product\/yoast-seo-wordpress\/ -->\n<title>\u00daltimas etapas del Subaru Grand Tour - Universo Subaru<\/title>\n<meta name=\"robots\" content=\"index, follow, max-snippet:-1, max-image-preview:large, max-video-preview:-1\" \/>\n<link rel=\"canonical\" href=\"https:\/\/www.subaru.es\/blog\/subaru-lifestyle\/ultimas-etapas-del-subaru-grand-tour\/\" \/>\n<meta property=\"og:locale\" content=\"es_ES\" \/>\n<meta property=\"og:type\" content=\"article\" \/>\n<meta property=\"og:title\" content=\"\u00daltimas etapas del Subaru Grand Tour - Universo Subaru\" \/>\n<meta property=\"og:description\" content=\"El Subaru Grand Tour sigui\u00f3 su curso por tierras marroqu\u00edes, y poco a poco nos fueron llegando an\u00e9cdotas y fotos del viaje y de la experiencia. Esperamos haberte puesto los dientes largos, y si es as\u00ed entonces tenemos una buena noticia: la organizaci\u00f3n ya ha anunciado que repetir\u00e1 el Subaru Grand Tour en Semana Santa, [&hellip;]\" \/>\n<meta property=\"og:url\" content=\"https:\/\/www.subaru.es\/blog\/subaru-lifestyle\/ultimas-etapas-del-subaru-grand-tour\/\" \/>\n<meta property=\"og:site_name\" content=\"Universo Subaru\" \/>\n<meta property=\"article:publisher\" content=\"https:\/\/www.facebook.com\/subaruespana\" \/>\n<meta property=\"article:published_time\" content=\"2013-10-17T09:51:28+00:00\" \/>\n<meta property=\"article:modified_time\" content=\"2020-08-12T09:42:33+00:00\" \/>\n<meta property=\"og:image\" content=\"https:\/\/www.subaru.es\/blog\/wp-content\/uploads\/2013\/10\/20131009_1641461.jpg\" \/>\n\t<meta property=\"og:image:width\" content=\"1280\" \/>\n\t<meta property=\"og:image:height\" content=\"960\" \/>\n\t<meta property=\"og:image:type\" content=\"image\/jpeg\" \/>\n<meta name=\"author\" content=\"Subaru\" \/>\n<meta name=\"twitter:card\" content=\"summary_large_image\" \/>\n<meta name=\"twitter:label1\" content=\"Escrito por\" \/>\n\t<meta name=\"twitter:data1\" content=\"Subaru\" \/>\n\t<meta name=\"twitter:label2\" content=\"Tiempo de lectura\" \/>\n\t<meta name=\"twitter:data2\" content=\"2 minutos\" \/>\n<script type=\"application\/ld+json\" class=\"yoast-schema-graph\">{\"@context\":\"https:\\\/\\\/schema.org\",\"@graph\":[{\"@type\":\"Article\",\"@id\":\"https:\\\/\\\/www.subaru.es\\\/blog\\\/subaru-lifestyle\\\/ultimas-etapas-del-subaru-grand-tour\\\/#article\",\"isPartOf\":{\"@id\":\"https:\\\/\\\/www.subaru.es\\\/blog\\\/subaru-lifestyle\\\/ultimas-etapas-del-subaru-grand-tour\\\/\"},\"author\":{\"name\":\"Subaru\",\"@id\":\"https:\\\/\\\/www.subaru.es\\\/blog\\\/#\\\/schema\\\/person\\\/19a90b892230b8e0ec752704ddf4aa10\"},\"headline\":\"\u00daltimas etapas del Subaru Grand Tour\",\"datePublished\":\"2013-10-17T09:51:28+00:00\",\"dateModified\":\"2020-08-12T09:42:33+00:00\",\"mainEntityOfPage\":{\"@id\":\"https:\\\/\\\/www.subaru.es\\\/blog\\\/subaru-lifestyle\\\/ultimas-etapas-del-subaru-grand-tour\\\/\"},\"wordCount\":481,\"commentCount\":0,\"publisher\":{\"@id\":\"https:\\\/\\\/www.subaru.es\\\/blog\\\/#organization\"},\"image\":{\"@id\":\"https:\\\/\\\/www.subaru.es\\\/blog\\\/subaru-lifestyle\\\/ultimas-etapas-del-subaru-grand-tour\\\/#primaryimage\"},\"thumbnailUrl\":\"https:\\\/\\\/www.subaru.es\\\/blog\\\/wp-content\\\/uploads\\\/2013\\\/10\\\/20131009_1641461.jpg\",\"keywords\":[\"Marruecos\",\"rutas 4x4\",\"Subaru Grand Tour\"],\"articleSection\":[\"Subaru LifeStyle\"],\"inLanguage\":\"es\",\"potentialAction\":[{\"@type\":\"CommentAction\",\"name\":\"Comment\",\"target\":[\"https:\\\/\\\/www.subaru.es\\\/blog\\\/subaru-lifestyle\\\/ultimas-etapas-del-subaru-grand-tour\\\/#respond\"]}]},{\"@type\":\"WebPage\",\"@id\":\"https:\\\/\\\/www.subaru.es\\\/blog\\\/subaru-lifestyle\\\/ultimas-etapas-del-subaru-grand-tour\\\/\",\"url\":\"https:\\\/\\\/www.subaru.es\\\/blog\\\/subaru-lifestyle\\\/ultimas-etapas-del-subaru-grand-tour\\\/\",\"name\":\"\u00daltimas etapas del Subaru Grand Tour - Universo Subaru\",\"isPartOf\":{\"@id\":\"https:\\\/\\\/www.subaru.es\\\/blog\\\/#website\"},\"primaryImageOfPage\":{\"@id\":\"https:\\\/\\\/www.subaru.es\\\/blog\\\/subaru-lifestyle\\\/ultimas-etapas-del-subaru-grand-tour\\\/#primaryimage\"},\"image\":{\"@id\":\"https:\\\/\\\/www.subaru.es\\\/blog\\\/subaru-lifestyle\\\/ultimas-etapas-del-subaru-grand-tour\\\/#primaryimage\"},\"thumbnailUrl\":\"https:\\\/\\\/www.subaru.es\\\/blog\\\/wp-content\\\/uploads\\\/2013\\\/10\\\/20131009_1641461.jpg\",\"datePublished\":\"2013-10-17T09:51:28+00:00\",\"dateModified\":\"2020-08-12T09:42:33+00:00\",\"breadcrumb\":{\"@id\":\"https:\\\/\\\/www.subaru.es\\\/blog\\\/subaru-lifestyle\\\/ultimas-etapas-del-subaru-grand-tour\\\/#breadcrumb\"},\"inLanguage\":\"es\",\"potentialAction\":[{\"@type\":\"ReadAction\",\"target\":[\"https:\\\/\\\/www.subaru.es\\\/blog\\\/subaru-lifestyle\\\/ultimas-etapas-del-subaru-grand-tour\\\/\"]}]},{\"@type\":\"ImageObject\",\"inLanguage\":\"es\",\"@id\":\"https:\\\/\\\/www.subaru.es\\\/blog\\\/subaru-lifestyle\\\/ultimas-etapas-del-subaru-grand-tour\\\/#primaryimage\",\"url\":\"https:\\\/\\\/www.subaru.es\\\/blog\\\/wp-content\\\/uploads\\\/2013\\\/10\\\/20131009_1641461.jpg\",\"contentUrl\":\"https:\\\/\\\/www.subaru.es\\\/blog\\\/wp-content\\\/uploads\\\/2013\\\/10\\\/20131009_1641461.jpg\",\"width\":1280,\"height\":960},{\"@type\":\"BreadcrumbList\",\"@id\":\"https:\\\/\\\/www.subaru.es\\\/blog\\\/subaru-lifestyle\\\/ultimas-etapas-del-subaru-grand-tour\\\/#breadcrumb\",\"itemListElement\":[{\"@type\":\"ListItem\",\"position\":1,\"name\":\"Portada\",\"item\":\"https:\\\/\\\/www.subaru.es\\\/blog\\\/\"},{\"@type\":\"ListItem\",\"position\":2,\"name\":\"\u00daltimas etapas del Subaru Grand Tour\"}]},{\"@type\":\"WebSite\",\"@id\":\"https:\\\/\\\/www.subaru.es\\\/blog\\\/#website\",\"url\":\"https:\\\/\\\/www.subaru.es\\\/blog\\\/\",\"name\":\"Universo Subaru\",\"description\":\"Descubre este apasionante espacio de Subaru donde vas a conocer todo sobre nuestros coches y las experiencias que vivimos con ellos. Si est\u00e1s preparado para dejarte seducir por la filosof\u00eda Subaru, qu\u00e9date con nosotros.\",\"publisher\":{\"@id\":\"https:\\\/\\\/www.subaru.es\\\/blog\\\/#organization\"},\"potentialAction\":[{\"@type\":\"SearchAction\",\"target\":{\"@type\":\"EntryPoint\",\"urlTemplate\":\"https:\\\/\\\/www.subaru.es\\\/blog\\\/?s={search_term_string}\"},\"query-input\":{\"@type\":\"PropertyValueSpecification\",\"valueRequired\":true,\"valueName\":\"search_term_string\"}}],\"inLanguage\":\"es\"},{\"@type\":\"Organization\",\"@id\":\"https:\\\/\\\/www.subaru.es\\\/blog\\\/#organization\",\"name\":\"Subaru Espa\u00f1a S.A.\",\"url\":\"https:\\\/\\\/www.subaru.es\\\/blog\\\/\",\"logo\":{\"@type\":\"ImageObject\",\"inLanguage\":\"es\",\"@id\":\"https:\\\/\\\/www.subaru.es\\\/blog\\\/#\\\/schema\\\/logo\\\/image\\\/\",\"url\":\"https:\\\/\\\/www.subaru.es\\\/blog\\\/wp-content\\\/uploads\\\/2016\\\/12\\\/Logo-Subaru-TypeV_C300-scaled.jpg\",\"contentUrl\":\"https:\\\/\\\/www.subaru.es\\\/blog\\\/wp-content\\\/uploads\\\/2016\\\/12\\\/Logo-Subaru-TypeV_C300-scaled.jpg\",\"width\":2560,\"height\":1864,\"caption\":\"Subaru Espa\u00f1a S.A.\"},\"image\":{\"@id\":\"https:\\\/\\\/www.subaru.es\\\/blog\\\/#\\\/schema\\\/logo\\\/image\\\/\"},\"sameAs\":[\"https:\\\/\\\/www.facebook.com\\\/subaruespana\",\"https:\\\/\\\/www.instagram.com\\\/subarues\\\/\",\"https:\\\/\\\/www.youtube.com\\\/user\\\/subaruespana\"]},{\"@type\":\"Person\",\"@id\":\"https:\\\/\\\/www.subaru.es\\\/blog\\\/#\\\/schema\\\/person\\\/19a90b892230b8e0ec752704ddf4aa10\",\"name\":\"Subaru\",\"url\":\"https:\\\/\\\/www.subaru.es\\\/blog\\\/author\\\/subaria\\\/\"}]}<\/script>\n<!-- \/ Yoast SEO plugin. -->","yoast_head_json":{"title":"\u00daltimas etapas del Subaru Grand Tour - Universo Subaru","robots":{"index":"index","follow":"follow","max-snippet":"max-snippet:-1","max-image-preview":"max-image-preview:large","max-video-preview":"max-video-preview:-1"},"canonical":"https:\/\/www.subaru.es\/blog\/subaru-lifestyle\/ultimas-etapas-del-subaru-grand-tour\/","og_locale":"es_ES","og_type":"article","og_title":"\u00daltimas etapas del Subaru Grand Tour - Universo Subaru","og_description":"El Subaru Grand Tour sigui\u00f3 su curso por tierras marroqu\u00edes, y poco a poco nos fueron llegando an\u00e9cdotas y fotos del viaje y de la experiencia. Esperamos haberte puesto los dientes largos, y si es as\u00ed entonces tenemos una buena noticia: la organizaci\u00f3n ya ha anunciado que repetir\u00e1 el Subaru Grand Tour en Semana Santa, [&hellip;]","og_url":"https:\/\/www.subaru.es\/blog\/subaru-lifestyle\/ultimas-etapas-del-subaru-grand-tour\/","og_site_name":"Universo Subaru","article_publisher":"https:\/\/www.facebook.com\/subaruespana","article_published_time":"2013-10-17T09:51:28+00:00","article_modified_time":"2020-08-12T09:42:33+00:00","og_image":[{"width":1280,"height":960,"url":"https:\/\/www.subaru.es\/blog\/wp-content\/uploads\/2013\/10\/20131009_1641461.jpg","type":"image\/jpeg"}],"author":"Subaru","twitter_card":"summary_large_image","twitter_misc":{"Escrito por":"Subaru","Tiempo de lectura":"2 minutos"},"schema":{"@context":"https:\/\/schema.org","@graph":[{"@type":"Article","@id":"https:\/\/www.subaru.es\/blog\/subaru-lifestyle\/ultimas-etapas-del-subaru-grand-tour\/#article","isPartOf":{"@id":"https:\/\/www.subaru.es\/blog\/subaru-lifestyle\/ultimas-etapas-del-subaru-grand-tour\/"},"author":{"name":"Subaru","@id":"https:\/\/www.subaru.es\/blog\/#\/schema\/person\/19a90b892230b8e0ec752704ddf4aa10"},"headline":"\u00daltimas etapas del Subaru Grand Tour","datePublished":"2013-10-17T09:51:28+00:00","dateModified":"2020-08-12T09:42:33+00:00","mainEntityOfPage":{"@id":"https:\/\/www.subaru.es\/blog\/subaru-lifestyle\/ultimas-etapas-del-subaru-grand-tour\/"},"wordCount":481,"commentCount":0,"publisher":{"@id":"https:\/\/www.subaru.es\/blog\/#organization"},"image":{"@id":"https:\/\/www.subaru.es\/blog\/subaru-lifestyle\/ultimas-etapas-del-subaru-grand-tour\/#primaryimage"},"thumbnailUrl":"https:\/\/www.subaru.es\/blog\/wp-content\/uploads\/2013\/10\/20131009_1641461.jpg","keywords":["Marruecos","rutas 4x4","Subaru Grand Tour"],"articleSection":["Subaru LifeStyle"],"inLanguage":"es","potentialAction":[{"@type":"CommentAction","name":"Comment","target":["https:\/\/www.subaru.es\/blog\/subaru-lifestyle\/ultimas-etapas-del-subaru-grand-tour\/#respond"]}]},{"@type":"WebPage","@id":"https:\/\/www.subaru.es\/blog\/subaru-lifestyle\/ultimas-etapas-del-subaru-grand-tour\/","url":"https:\/\/www.subaru.es\/blog\/subaru-lifestyle\/ultimas-etapas-del-subaru-grand-tour\/","name":"\u00daltimas etapas del Subaru Grand Tour - Universo Subaru","isPartOf":{"@id":"https:\/\/www.subaru.es\/blog\/#website"},"primaryImageOfPage":{"@id":"https:\/\/www.subaru.es\/blog\/subaru-lifestyle\/ultimas-etapas-del-subaru-grand-tour\/#primaryimage"},"image":{"@id":"https:\/\/www.subaru.es\/blog\/subaru-lifestyle\/ultimas-etapas-del-subaru-grand-tour\/#primaryimage"},"thumbnailUrl":"https:\/\/www.subaru.es\/blog\/wp-content\/uploads\/2013\/10\/20131009_1641461.jpg","datePublished":"2013-10-17T09:51:28+00:00","dateModified":"2020-08-12T09:42:33+00:00","breadcrumb":{"@id":"https:\/\/www.subaru.es\/blog\/subaru-lifestyle\/ultimas-etapas-del-subaru-grand-tour\/#breadcrumb"},"inLanguage":"es","potentialAction":[{"@type":"ReadAction","target":["https:\/\/www.subaru.es\/blog\/subaru-lifestyle\/ultimas-etapas-del-subaru-grand-tour\/"]}]},{"@type":"ImageObject","inLanguage":"es","@id":"https:\/\/www.subaru.es\/blog\/subaru-lifestyle\/ultimas-etapas-del-subaru-grand-tour\/#primaryimage","url":"https:\/\/www.subaru.es\/blog\/wp-content\/uploads\/2013\/10\/20131009_1641461.jpg","contentUrl":"https:\/\/www.subaru.es\/blog\/wp-content\/uploads\/2013\/10\/20131009_1641461.jpg","width":1280,"height":960},{"@type":"BreadcrumbList","@id":"https:\/\/www.subaru.es\/blog\/subaru-lifestyle\/ultimas-etapas-del-subaru-grand-tour\/#breadcrumb","itemListElement":[{"@type":"ListItem","position":1,"name":"Portada","item":"https:\/\/www.subaru.es\/blog\/"},{"@type":"ListItem","position":2,"name":"\u00daltimas etapas del Subaru Grand Tour"}]},{"@type":"WebSite","@id":"https:\/\/www.subaru.es\/blog\/#website","url":"https:\/\/www.subaru.es\/blog\/","name":"Universo Subaru","description":"Descubre este apasionante espacio de Subaru donde vas a conocer todo sobre nuestros coches y las experiencias que vivimos con ellos. Si est\u00e1s preparado para dejarte seducir por la filosof\u00eda Subaru, qu\u00e9date con nosotros.","publisher":{"@id":"https:\/\/www.subaru.es\/blog\/#organization"},"potentialAction":[{"@type":"SearchAction","target":{"@type":"EntryPoint","urlTemplate":"https:\/\/www.subaru.es\/blog\/?s={search_term_string}"},"query-input":{"@type":"PropertyValueSpecification","valueRequired":true,"valueName":"search_term_string"}}],"inLanguage":"es"},{"@type":"Organization","@id":"https:\/\/www.subaru.es\/blog\/#organization","name":"Subaru Espa\u00f1a S.A.","url":"https:\/\/www.subaru.es\/blog\/","logo":{"@type":"ImageObject","inLanguage":"es","@id":"https:\/\/www.subaru.es\/blog\/#\/schema\/logo\/image\/","url":"https:\/\/www.subaru.es\/blog\/wp-content\/uploads\/2016\/12\/Logo-Subaru-TypeV_C300-scaled.jpg","contentUrl":"https:\/\/www.subaru.es\/blog\/wp-content\/uploads\/2016\/12\/Logo-Subaru-TypeV_C300-scaled.jpg","width":2560,"height":1864,"caption":"Subaru Espa\u00f1a S.A."},"image":{"@id":"https:\/\/www.subaru.es\/blog\/#\/schema\/logo\/image\/"},"sameAs":["https:\/\/www.facebook.com\/subaruespana","https:\/\/www.instagram.com\/subarues\/","https:\/\/www.youtube.com\/user\/subaruespana"]},{"@type":"Person","@id":"https:\/\/www.subaru.es\/blog\/#\/schema\/person\/19a90b892230b8e0ec752704ddf4aa10","name":"Subaru","url":"https:\/\/www.subaru.es\/blog\/author\/subaria\/"}]}},"_links":{"self":[{"href":"https:\/\/www.subaru.es\/blog\/wp-json\/wp\/v2\/posts\/9324","targetHints":{"allow":["GET"]}}],"collection":[{"href":"https:\/\/www.subaru.es\/blog\/wp-json\/wp\/v2\/posts"}],"about":[{"href":"https:\/\/www.subaru.es\/blog\/wp-json\/wp\/v2\/types\/post"}],"author":[{"embeddable":true,"href":"https:\/\/www.subaru.es\/blog\/wp-json\/wp\/v2\/users\/21"}],"replies":[{"embeddable":true,"href":"https:\/\/www.subaru.es\/blog\/wp-json\/wp\/v2\/comments?post=9324"}],"version-history":[{"count":2,"href":"https:\/\/www.subaru.es\/blog\/wp-json\/wp\/v2\/posts\/9324\/revisions"}],"predecessor-version":[{"id":22177,"href":"https:\/\/www.subaru.es\/blog\/wp-json\/wp\/v2\/posts\/9324\/revisions\/22177"}],"wp:featuredmedia":[{"embeddable":true,"href":"https:\/\/www.subaru.es\/blog\/wp-json\/wp\/v2\/media\/9325"}],"wp:attachment":[{"href":"https:\/\/www.subaru.es\/blog\/wp-json\/wp\/v2\/media?parent=9324"}],"wp:term":[{"taxonomy":"category","embeddable":true,"href":"https:\/\/www.subaru.es\/blog\/wp-json\/wp\/v2\/categories?post=9324"},{"taxonomy":"post_tag","embeddable":true,"href":"https:\/\/www.subaru.es\/blog\/wp-json\/wp\/v2\/tags?post=9324"}],"curies":[{"name":"wp","href":"https:\/\/api.w.org\/{rel}","templated":true}]}}