{"id":914,"date":"2008-05-18T20:08:10","date_gmt":"2008-05-18T18:08:10","guid":{"rendered":"http:\/\/subaru.preproduccion.com\/blog\/wp-content\/2008\/05\/18\/juan-luis-cruz-se-pasa-a-subaru\/"},"modified":"2020-08-06T11:48:41","modified_gmt":"2020-08-06T09:48:41","slug":"juan-luis-cruz-se-pasa-a-subaru","status":"publish","type":"post","link":"https:\/\/www.subaru.es\/blog\/nuestra-marca\/juan-luis-cruz-se-pasa-a-subaru\/","title":{"rendered":"Juan Luis Cruz se pasa a Subaru"},"content":{"rendered":"<p><img decoding=\"async\" data-src=\"https:\/\/www.subaru.es\/blog\/wp-content\/uploads\/2008\/02\/post-presentacion1.jpg\" alt=\"Nuevo Impreza 2008\" src=\"data:image\/svg+xml;base64,PHN2ZyB3aWR0aD0iMSIgaGVpZ2h0PSIxIiB4bWxucz0iaHR0cDovL3d3dy53My5vcmcvMjAwMC9zdmciPjwvc3ZnPg==\" class=\"lazyload\" style=\"--smush-placeholder-width: 485px; --smush-placeholder-aspect-ratio: 485\/257;\" \/><\/p>\n<p><strong>Juan Luis Cruz<\/strong> ha decidido mejorar su montura y seguir\u00e1 en el <strong>Campeonato de Espa\u00f1a de Monta\u00f1a<\/strong> subido al nuevo Subaru Impreza WRC. El piloto canario cambia de coche con la intenci\u00f3n de escalar puestos en la general. Cruz correr\u00e1 con el Impreza las cinco pruebas que restan de este certamen, comenzando con la Subida al Fito de la pr\u00f3xima semana. El piloto se muestra ilusionado y conf\u00eda en la experiencia previa de haber dispuesto de dos Subaru Impreza WRC.<\/p>\n<blockquote><p>\u201cHemos barajado nuestras posibilidades y a partir de ahora seguiremos el nacional de monta\u00f1a con un <strong>competitivo Subaru Impreza WRC S12<\/strong>. Creo que es una evoluci\u00f3n id\u00f3nea para estar m\u00e1s cerca de la cabeza y luchar por las victorias, algo que creo puede estar al alcance de nuestra mano. El debut ser\u00e1 en una prueba exigente y carism\u00e1tica como la Subida al Fito, que cuenta con una afici\u00f3n muy entendida y a buen seguro disfrutar\u00e1 de nuestra unidad. Vamos a tratar de que la adaptaci\u00f3n sea sencilla, ya que imagino que la experiencia de haber competido con otros <strong>Subaru Impreza WRC<\/strong> nos debe ayudar en este proceso.\u201d<br \/>\n<strong>Juan Luis Cruz, piloto de rallyes<\/strong><\/p><\/blockquote>\n<p>La Subida al Fito tendr\u00e1 lugar los d\u00edas diez y once de mayo en Asturias. Destaca, a diferencia del resto del nacional, principalmente por su condici\u00f3n de prueba europea.<\/p>\n<p>V\u00eda <a href=\"http:\/\/www.tenerifemotor.com\/noticia2469.html\">Tenerife Motor<\/a><\/p>\n","protected":false},"excerpt":{"rendered":"<p>Juan Luis Cruz ha decidido mejorar su montura y seguir\u00e1 en el Campeonato de Espa\u00f1a de Monta\u00f1a subido al nuevo Subaru Impreza WRC. El piloto canario cambia de coche con la intenci\u00f3n de escalar puestos en la general. Cruz correr\u00e1 con el Impreza las cinco pruebas que restan de este certamen, comenzando con la Subida [&hellip;]<\/p>\n","protected":false},"author":21,"featured_media":0,"comment_status":"open","ping_status":"open","sticky":false,"template":"","format":"standard","meta":{"_acf_changed":false,"_eb_attr":"","inline_featured_image":false,"footnotes":""},"categories":[4401],"tags":[602,577,22,603,4390,329],"class_list":["post-914","post","type-post","status-publish","format-standard","hentry","category-nuestra-marca","tag-juan-luis-cruz","tag-montana","tag-motor","tag-nuevo-impreza-wrc","tag-subaru","tag-tenerife"],"acf":[],"yoast_head":"<!-- This site is optimized with the Yoast SEO plugin v27.3 - https:\/\/yoast.com\/product\/yoast-seo-wordpress\/ -->\n<title>Juan Luis Cruz se pasa a Subaru - Universo Subaru<\/title>\n<meta name=\"robots\" content=\"index, follow, max-snippet:-1, max-image-preview:large, max-video-preview:-1\" \/>\n<link rel=\"canonical\" href=\"https:\/\/www.subaru.es\/blog\/nuestra-marca\/juan-luis-cruz-se-pasa-a-subaru\/\" \/>\n<meta property=\"og:locale\" content=\"es_ES\" \/>\n<meta property=\"og:type\" content=\"article\" \/>\n<meta property=\"og:title\" content=\"Juan Luis Cruz se pasa a Subaru - Universo Subaru\" \/>\n<meta property=\"og:description\" content=\"Juan Luis Cruz ha decidido mejorar su montura y seguir\u00e1 en el Campeonato de Espa\u00f1a de Monta\u00f1a subido al nuevo Subaru Impreza WRC. El piloto canario cambia de coche con la intenci\u00f3n de escalar puestos en la general. Cruz correr\u00e1 con el Impreza las cinco pruebas que restan de este certamen, comenzando con la Subida [&hellip;]\" \/>\n<meta property=\"og:url\" content=\"https:\/\/www.subaru.es\/blog\/nuestra-marca\/juan-luis-cruz-se-pasa-a-subaru\/\" \/>\n<meta property=\"og:site_name\" content=\"Universo Subaru\" \/>\n<meta property=\"article:publisher\" content=\"https:\/\/www.facebook.com\/subaruespana\" \/>\n<meta property=\"article:published_time\" content=\"2008-05-18T18:08:10+00:00\" \/>\n<meta property=\"article:modified_time\" content=\"2020-08-06T09:48:41+00:00\" \/>\n<meta property=\"og:image\" content=\"https:\/\/www.subaru.es\/blog\/wp-content\/uploads\/2008\/02\/post-presentacion1.jpg\" \/>\n<meta name=\"author\" content=\"Subaru\" \/>\n<meta name=\"twitter:card\" content=\"summary_large_image\" \/>\n<meta name=\"twitter:label1\" content=\"Escrito por\" \/>\n\t<meta name=\"twitter:data1\" content=\"Subaru\" \/>\n\t<meta name=\"twitter:label2\" content=\"Tiempo de lectura\" \/>\n\t<meta name=\"twitter:data2\" content=\"1 minuto\" \/>\n<script type=\"application\/ld+json\" class=\"yoast-schema-graph\">{\"@context\":\"https:\\\/\\\/schema.org\",\"@graph\":[{\"@type\":\"Article\",\"@id\":\"https:\\\/\\\/www.subaru.es\\\/blog\\\/nuestra-marca\\\/juan-luis-cruz-se-pasa-a-subaru\\\/#article\",\"isPartOf\":{\"@id\":\"https:\\\/\\\/www.subaru.es\\\/blog\\\/nuestra-marca\\\/juan-luis-cruz-se-pasa-a-subaru\\\/\"},\"author\":{\"name\":\"Subaru\",\"@id\":\"https:\\\/\\\/www.subaru.es\\\/blog\\\/#\\\/schema\\\/person\\\/19a90b892230b8e0ec752704ddf4aa10\"},\"headline\":\"Juan Luis Cruz se pasa a Subaru\",\"datePublished\":\"2008-05-18T18:08:10+00:00\",\"dateModified\":\"2020-08-06T09:48:41+00:00\",\"mainEntityOfPage\":{\"@id\":\"https:\\\/\\\/www.subaru.es\\\/blog\\\/nuestra-marca\\\/juan-luis-cruz-se-pasa-a-subaru\\\/\"},\"wordCount\":247,\"commentCount\":0,\"publisher\":{\"@id\":\"https:\\\/\\\/www.subaru.es\\\/blog\\\/#organization\"},\"image\":{\"@id\":\"https:\\\/\\\/www.subaru.es\\\/blog\\\/nuestra-marca\\\/juan-luis-cruz-se-pasa-a-subaru\\\/#primaryimage\"},\"thumbnailUrl\":\"https:\\\/\\\/www.subaru.es\\\/blog\\\/wp-content\\\/uploads\\\/2008\\\/02\\\/post-presentacion1.jpg\",\"keywords\":[\"juan luis cruz\",\"monta\u00f1a\",\"motor\",\"nuevo impreza wrc\",\"Subaru\",\"tenerife\"],\"articleSection\":[\"Nuestra marca\"],\"inLanguage\":\"es\",\"potentialAction\":[{\"@type\":\"CommentAction\",\"name\":\"Comment\",\"target\":[\"https:\\\/\\\/www.subaru.es\\\/blog\\\/nuestra-marca\\\/juan-luis-cruz-se-pasa-a-subaru\\\/#respond\"]}]},{\"@type\":\"WebPage\",\"@id\":\"https:\\\/\\\/www.subaru.es\\\/blog\\\/nuestra-marca\\\/juan-luis-cruz-se-pasa-a-subaru\\\/\",\"url\":\"https:\\\/\\\/www.subaru.es\\\/blog\\\/nuestra-marca\\\/juan-luis-cruz-se-pasa-a-subaru\\\/\",\"name\":\"Juan Luis Cruz se pasa a Subaru - Universo Subaru\",\"isPartOf\":{\"@id\":\"https:\\\/\\\/www.subaru.es\\\/blog\\\/#website\"},\"primaryImageOfPage\":{\"@id\":\"https:\\\/\\\/www.subaru.es\\\/blog\\\/nuestra-marca\\\/juan-luis-cruz-se-pasa-a-subaru\\\/#primaryimage\"},\"image\":{\"@id\":\"https:\\\/\\\/www.subaru.es\\\/blog\\\/nuestra-marca\\\/juan-luis-cruz-se-pasa-a-subaru\\\/#primaryimage\"},\"thumbnailUrl\":\"https:\\\/\\\/www.subaru.es\\\/blog\\\/wp-content\\\/uploads\\\/2008\\\/02\\\/post-presentacion1.jpg\",\"datePublished\":\"2008-05-18T18:08:10+00:00\",\"dateModified\":\"2020-08-06T09:48:41+00:00\",\"breadcrumb\":{\"@id\":\"https:\\\/\\\/www.subaru.es\\\/blog\\\/nuestra-marca\\\/juan-luis-cruz-se-pasa-a-subaru\\\/#breadcrumb\"},\"inLanguage\":\"es\",\"potentialAction\":[{\"@type\":\"ReadAction\",\"target\":[\"https:\\\/\\\/www.subaru.es\\\/blog\\\/nuestra-marca\\\/juan-luis-cruz-se-pasa-a-subaru\\\/\"]}]},{\"@type\":\"ImageObject\",\"inLanguage\":\"es\",\"@id\":\"https:\\\/\\\/www.subaru.es\\\/blog\\\/nuestra-marca\\\/juan-luis-cruz-se-pasa-a-subaru\\\/#primaryimage\",\"url\":\"https:\\\/\\\/www.subaru.es\\\/blog\\\/wp-content\\\/uploads\\\/2008\\\/02\\\/post-presentacion1.jpg\",\"contentUrl\":\"https:\\\/\\\/www.subaru.es\\\/blog\\\/wp-content\\\/uploads\\\/2008\\\/02\\\/post-presentacion1.jpg\",\"width\":485,\"height\":257},{\"@type\":\"BreadcrumbList\",\"@id\":\"https:\\\/\\\/www.subaru.es\\\/blog\\\/nuestra-marca\\\/juan-luis-cruz-se-pasa-a-subaru\\\/#breadcrumb\",\"itemListElement\":[{\"@type\":\"ListItem\",\"position\":1,\"name\":\"Portada\",\"item\":\"https:\\\/\\\/www.subaru.es\\\/blog\\\/\"},{\"@type\":\"ListItem\",\"position\":2,\"name\":\"Juan Luis Cruz se pasa a Subaru\"}]},{\"@type\":\"WebSite\",\"@id\":\"https:\\\/\\\/www.subaru.es\\\/blog\\\/#website\",\"url\":\"https:\\\/\\\/www.subaru.es\\\/blog\\\/\",\"name\":\"Universo Subaru\",\"description\":\"Descubre este apasionante espacio de Subaru donde vas a conocer todo sobre nuestros coches y las experiencias que vivimos con ellos. Si est\u00e1s preparado para dejarte seducir por la filosof\u00eda Subaru, qu\u00e9date con nosotros.\",\"publisher\":{\"@id\":\"https:\\\/\\\/www.subaru.es\\\/blog\\\/#organization\"},\"potentialAction\":[{\"@type\":\"SearchAction\",\"target\":{\"@type\":\"EntryPoint\",\"urlTemplate\":\"https:\\\/\\\/www.subaru.es\\\/blog\\\/?s={search_term_string}\"},\"query-input\":{\"@type\":\"PropertyValueSpecification\",\"valueRequired\":true,\"valueName\":\"search_term_string\"}}],\"inLanguage\":\"es\"},{\"@type\":\"Organization\",\"@id\":\"https:\\\/\\\/www.subaru.es\\\/blog\\\/#organization\",\"name\":\"Subaru Espa\u00f1a S.A.\",\"url\":\"https:\\\/\\\/www.subaru.es\\\/blog\\\/\",\"logo\":{\"@type\":\"ImageObject\",\"inLanguage\":\"es\",\"@id\":\"https:\\\/\\\/www.subaru.es\\\/blog\\\/#\\\/schema\\\/logo\\\/image\\\/\",\"url\":\"https:\\\/\\\/www.subaru.es\\\/blog\\\/wp-content\\\/uploads\\\/2016\\\/12\\\/Logo-Subaru-TypeV_C300-scaled.jpg\",\"contentUrl\":\"https:\\\/\\\/www.subaru.es\\\/blog\\\/wp-content\\\/uploads\\\/2016\\\/12\\\/Logo-Subaru-TypeV_C300-scaled.jpg\",\"width\":2560,\"height\":1864,\"caption\":\"Subaru Espa\u00f1a S.A.\"},\"image\":{\"@id\":\"https:\\\/\\\/www.subaru.es\\\/blog\\\/#\\\/schema\\\/logo\\\/image\\\/\"},\"sameAs\":[\"https:\\\/\\\/www.facebook.com\\\/subaruespana\",\"https:\\\/\\\/www.instagram.com\\\/subarues\\\/\",\"https:\\\/\\\/www.youtube.com\\\/user\\\/subaruespana\"]},{\"@type\":\"Person\",\"@id\":\"https:\\\/\\\/www.subaru.es\\\/blog\\\/#\\\/schema\\\/person\\\/19a90b892230b8e0ec752704ddf4aa10\",\"name\":\"Subaru\",\"url\":\"https:\\\/\\\/www.subaru.es\\\/blog\\\/author\\\/subaria\\\/\"}]}<\/script>\n<!-- \/ Yoast SEO plugin. -->","yoast_head_json":{"title":"Juan Luis Cruz se pasa a Subaru - Universo Subaru","robots":{"index":"index","follow":"follow","max-snippet":"max-snippet:-1","max-image-preview":"max-image-preview:large","max-video-preview":"max-video-preview:-1"},"canonical":"https:\/\/www.subaru.es\/blog\/nuestra-marca\/juan-luis-cruz-se-pasa-a-subaru\/","og_locale":"es_ES","og_type":"article","og_title":"Juan Luis Cruz se pasa a Subaru - Universo Subaru","og_description":"Juan Luis Cruz ha decidido mejorar su montura y seguir\u00e1 en el Campeonato de Espa\u00f1a de Monta\u00f1a subido al nuevo Subaru Impreza WRC. El piloto canario cambia de coche con la intenci\u00f3n de escalar puestos en la general. Cruz correr\u00e1 con el Impreza las cinco pruebas que restan de este certamen, comenzando con la Subida [&hellip;]","og_url":"https:\/\/www.subaru.es\/blog\/nuestra-marca\/juan-luis-cruz-se-pasa-a-subaru\/","og_site_name":"Universo Subaru","article_publisher":"https:\/\/www.facebook.com\/subaruespana","article_published_time":"2008-05-18T18:08:10+00:00","article_modified_time":"2020-08-06T09:48:41+00:00","og_image":[{"url":"https:\/\/www.subaru.es\/blog\/wp-content\/uploads\/2008\/02\/post-presentacion1.jpg","type":"","width":"","height":""}],"author":"Subaru","twitter_card":"summary_large_image","twitter_misc":{"Escrito por":"Subaru","Tiempo de lectura":"1 minuto"},"schema":{"@context":"https:\/\/schema.org","@graph":[{"@type":"Article","@id":"https:\/\/www.subaru.es\/blog\/nuestra-marca\/juan-luis-cruz-se-pasa-a-subaru\/#article","isPartOf":{"@id":"https:\/\/www.subaru.es\/blog\/nuestra-marca\/juan-luis-cruz-se-pasa-a-subaru\/"},"author":{"name":"Subaru","@id":"https:\/\/www.subaru.es\/blog\/#\/schema\/person\/19a90b892230b8e0ec752704ddf4aa10"},"headline":"Juan Luis Cruz se pasa a Subaru","datePublished":"2008-05-18T18:08:10+00:00","dateModified":"2020-08-06T09:48:41+00:00","mainEntityOfPage":{"@id":"https:\/\/www.subaru.es\/blog\/nuestra-marca\/juan-luis-cruz-se-pasa-a-subaru\/"},"wordCount":247,"commentCount":0,"publisher":{"@id":"https:\/\/www.subaru.es\/blog\/#organization"},"image":{"@id":"https:\/\/www.subaru.es\/blog\/nuestra-marca\/juan-luis-cruz-se-pasa-a-subaru\/#primaryimage"},"thumbnailUrl":"https:\/\/www.subaru.es\/blog\/wp-content\/uploads\/2008\/02\/post-presentacion1.jpg","keywords":["juan luis cruz","monta\u00f1a","motor","nuevo impreza wrc","Subaru","tenerife"],"articleSection":["Nuestra marca"],"inLanguage":"es","potentialAction":[{"@type":"CommentAction","name":"Comment","target":["https:\/\/www.subaru.es\/blog\/nuestra-marca\/juan-luis-cruz-se-pasa-a-subaru\/#respond"]}]},{"@type":"WebPage","@id":"https:\/\/www.subaru.es\/blog\/nuestra-marca\/juan-luis-cruz-se-pasa-a-subaru\/","url":"https:\/\/www.subaru.es\/blog\/nuestra-marca\/juan-luis-cruz-se-pasa-a-subaru\/","name":"Juan Luis Cruz se pasa a Subaru - Universo Subaru","isPartOf":{"@id":"https:\/\/www.subaru.es\/blog\/#website"},"primaryImageOfPage":{"@id":"https:\/\/www.subaru.es\/blog\/nuestra-marca\/juan-luis-cruz-se-pasa-a-subaru\/#primaryimage"},"image":{"@id":"https:\/\/www.subaru.es\/blog\/nuestra-marca\/juan-luis-cruz-se-pasa-a-subaru\/#primaryimage"},"thumbnailUrl":"https:\/\/www.subaru.es\/blog\/wp-content\/uploads\/2008\/02\/post-presentacion1.jpg","datePublished":"2008-05-18T18:08:10+00:00","dateModified":"2020-08-06T09:48:41+00:00","breadcrumb":{"@id":"https:\/\/www.subaru.es\/blog\/nuestra-marca\/juan-luis-cruz-se-pasa-a-subaru\/#breadcrumb"},"inLanguage":"es","potentialAction":[{"@type":"ReadAction","target":["https:\/\/www.subaru.es\/blog\/nuestra-marca\/juan-luis-cruz-se-pasa-a-subaru\/"]}]},{"@type":"ImageObject","inLanguage":"es","@id":"https:\/\/www.subaru.es\/blog\/nuestra-marca\/juan-luis-cruz-se-pasa-a-subaru\/#primaryimage","url":"https:\/\/www.subaru.es\/blog\/wp-content\/uploads\/2008\/02\/post-presentacion1.jpg","contentUrl":"https:\/\/www.subaru.es\/blog\/wp-content\/uploads\/2008\/02\/post-presentacion1.jpg","width":485,"height":257},{"@type":"BreadcrumbList","@id":"https:\/\/www.subaru.es\/blog\/nuestra-marca\/juan-luis-cruz-se-pasa-a-subaru\/#breadcrumb","itemListElement":[{"@type":"ListItem","position":1,"name":"Portada","item":"https:\/\/www.subaru.es\/blog\/"},{"@type":"ListItem","position":2,"name":"Juan Luis Cruz se pasa a Subaru"}]},{"@type":"WebSite","@id":"https:\/\/www.subaru.es\/blog\/#website","url":"https:\/\/www.subaru.es\/blog\/","name":"Universo Subaru","description":"Descubre este apasionante espacio de Subaru donde vas a conocer todo sobre nuestros coches y las experiencias que vivimos con ellos. Si est\u00e1s preparado para dejarte seducir por la filosof\u00eda Subaru, qu\u00e9date con nosotros.","publisher":{"@id":"https:\/\/www.subaru.es\/blog\/#organization"},"potentialAction":[{"@type":"SearchAction","target":{"@type":"EntryPoint","urlTemplate":"https:\/\/www.subaru.es\/blog\/?s={search_term_string}"},"query-input":{"@type":"PropertyValueSpecification","valueRequired":true,"valueName":"search_term_string"}}],"inLanguage":"es"},{"@type":"Organization","@id":"https:\/\/www.subaru.es\/blog\/#organization","name":"Subaru Espa\u00f1a S.A.","url":"https:\/\/www.subaru.es\/blog\/","logo":{"@type":"ImageObject","inLanguage":"es","@id":"https:\/\/www.subaru.es\/blog\/#\/schema\/logo\/image\/","url":"https:\/\/www.subaru.es\/blog\/wp-content\/uploads\/2016\/12\/Logo-Subaru-TypeV_C300-scaled.jpg","contentUrl":"https:\/\/www.subaru.es\/blog\/wp-content\/uploads\/2016\/12\/Logo-Subaru-TypeV_C300-scaled.jpg","width":2560,"height":1864,"caption":"Subaru Espa\u00f1a S.A."},"image":{"@id":"https:\/\/www.subaru.es\/blog\/#\/schema\/logo\/image\/"},"sameAs":["https:\/\/www.facebook.com\/subaruespana","https:\/\/www.instagram.com\/subarues\/","https:\/\/www.youtube.com\/user\/subaruespana"]},{"@type":"Person","@id":"https:\/\/www.subaru.es\/blog\/#\/schema\/person\/19a90b892230b8e0ec752704ddf4aa10","name":"Subaru","url":"https:\/\/www.subaru.es\/blog\/author\/subaria\/"}]}},"_links":{"self":[{"href":"https:\/\/www.subaru.es\/blog\/wp-json\/wp\/v2\/posts\/914","targetHints":{"allow":["GET"]}}],"collection":[{"href":"https:\/\/www.subaru.es\/blog\/wp-json\/wp\/v2\/posts"}],"about":[{"href":"https:\/\/www.subaru.es\/blog\/wp-json\/wp\/v2\/types\/post"}],"author":[{"embeddable":true,"href":"https:\/\/www.subaru.es\/blog\/wp-json\/wp\/v2\/users\/21"}],"replies":[{"embeddable":true,"href":"https:\/\/www.subaru.es\/blog\/wp-json\/wp\/v2\/comments?post=914"}],"version-history":[{"count":1,"href":"https:\/\/www.subaru.es\/blog\/wp-json\/wp\/v2\/posts\/914\/revisions"}],"predecessor-version":[{"id":15565,"href":"https:\/\/www.subaru.es\/blog\/wp-json\/wp\/v2\/posts\/914\/revisions\/15565"}],"wp:attachment":[{"href":"https:\/\/www.subaru.es\/blog\/wp-json\/wp\/v2\/media?parent=914"}],"wp:term":[{"taxonomy":"category","embeddable":true,"href":"https:\/\/www.subaru.es\/blog\/wp-json\/wp\/v2\/categories?post=914"},{"taxonomy":"post_tag","embeddable":true,"href":"https:\/\/www.subaru.es\/blog\/wp-json\/wp\/v2\/tags?post=914"}],"curies":[{"name":"wp","href":"https:\/\/api.w.org\/{rel}","templated":true}]}}