{"id":8920,"date":"2013-07-19T10:48:26","date_gmt":"2013-07-19T08:48:26","guid":{"rendered":"http:\/\/subaru.preproduccion.com\/blog\/?p=8920"},"modified":"2016-10-17T15:07:24","modified_gmt":"2016-10-17T13:07:24","slug":"60-aniversario-de-fuji-heavy-industries","status":"publish","type":"post","link":"https:\/\/www.subaru.es\/blog\/nuestra-marca\/60-aniversario-de-fuji-heavy-industries\/","title":{"rendered":"60 aniversario de Fuji Heavy Industries"},"content":{"rendered":"<p><img decoding=\"async\" data-src=\"https:\/\/www.subaru.es\/blog\/wp-content\/uploads\/2013\/07\/60-aniversario-de-FHI.-Foto-de-gama-completa-de-Subaru.jpg\" alt=\"\" title=\"60 aniversario de FHI. Foto de gama completa de Subaru\" width=\"620\" height=\"256\" class=\"aligncenter size-full wp-image-8923 lazyload\" data-srcset=\"https:\/\/www.subaru.es\/blog\/wp-content\/uploads\/2013\/07\/60-aniversario-de-FHI.-Foto-de-gama-completa-de-Subaru.jpg 620w, https:\/\/www.subaru.es\/blog\/wp-content\/uploads\/2013\/07\/60-aniversario-de-FHI.-Foto-de-gama-completa-de-Subaru-560x231.jpg 560w\" data-sizes=\"(max-width: 620px) 100vw, 620px\" src=\"data:image\/svg+xml;base64,PHN2ZyB3aWR0aD0iMSIgaGVpZ2h0PSIxIiB4bWxucz0iaHR0cDovL3d3dy53My5vcmcvMjAwMC9zdmciPjwvc3ZnPg==\" style=\"--smush-placeholder-width: 620px; --smush-placeholder-aspect-ratio: 620\/256;\" \/><br \/>\nSi hace un par de meses hablamos del <a href=\"https:\/\/www.subaru.es\/blog\/subaru\/celebramos-los-55-anos-de-historia-de-subaru\/\">55 aniversario de Subaru<\/a>, hoy tenemos que referirnos al <strong>60 aniversario de la empresa matriz de la marca<\/strong>, que fue anunciado por la compa\u00f1\u00eda el pasado 15 de julio. De todos modos, me permito utilizar una frase de Isaac Newton para describir la historia de la compa\u00f1\u00eda: \u00abSi he logrado ver m\u00e1s lejos, ha sido porque he subido a hombros de gigantes\u00bb.<\/p>\n<p>Y es que Fuji Heavy Industries tiene el origen de su historia a\u00f1os atr\u00e1s, en 1917, cuando se funda el Laboratorio de Investigaci\u00f3n Aeron\u00e1utica. Hablamos, pues de <strong>casi cien a\u00f1os<\/strong> desde que se inici\u00f3 el germen de lo que hoy conocemos como FHI.<br \/>\n<!--more--><br \/>\nEl Laboratorio de Investigaci\u00f3n Aeron\u00e1utica se incorpor\u00f3 a Nakajima aircraft Co. Ltd., y despu\u00e9s de la Segunda Guerra Mundial Nakajima Aircraft pas\u00f3 a formar parte de Fuji Sangyo Co. Ltd. El complejo mundo de las empresas y la tecnolog\u00eda hizo que esa compa\u00f1\u00eda se dividiese en 12 independientes, y de esas doce, solo cinco pasaron a formar parte de lo que hoy conocemos (y por eso celebramos) como <strong>Fuji Heavy Industries<\/strong>. Era el a\u00f1o 1953 y <strong>empezaba toda la historia<\/strong>.<\/p>\n<p>Como dec\u00eda al principio, FHI ha podido llegar tan lejos por haber subido a hombros de gigantes, y habiendo surgido de las compa\u00f1\u00edas mencionadas, ahora podemos entenderlo mejor. En 1958, la compa\u00f1\u00eda lanz\u00f3 al mercado su primer avi\u00f3n a reacci\u00f3n de pruebas, el T1, y el primer modelo Subaru, <a href=\"https:\/\/www.subaru.es\/blog\/subaru\/subaru-360-curiosidades-de-subaru\/\">el entra\u00f1able Subaru 360<\/a>. A partir de ah\u00ed se suceder\u00edan los hechos y se investigar\u00eda en tecnolog\u00eda sin cesar.<br \/>\n<img decoding=\"async\" data-src=\"https:\/\/www.subaru.es\/blog\/wp-content\/uploads\/2013\/07\/60-aniversario-de-FHI.-Subaru-Leone-1972.jpg\" alt=\"\" title=\"60 aniversario de FHI. Subaru Leone 1972\" width=\"600\" height=\"340\" class=\"aligncenter size-full wp-image-8924 lazyload\" data-srcset=\"https:\/\/www.subaru.es\/blog\/wp-content\/uploads\/2013\/07\/60-aniversario-de-FHI.-Subaru-Leone-1972.jpg 600w, https:\/\/www.subaru.es\/blog\/wp-content\/uploads\/2013\/07\/60-aniversario-de-FHI.-Subaru-Leone-1972-560x317.jpg 560w\" data-sizes=\"(max-width: 600px) 100vw, 600px\" src=\"data:image\/svg+xml;base64,PHN2ZyB3aWR0aD0iMSIgaGVpZ2h0PSIxIiB4bWxucz0iaHR0cDovL3d3dy53My5vcmcvMjAwMC9zdmciPjwvc3ZnPg==\" style=\"--smush-placeholder-width: 600px; --smush-placeholder-aspect-ratio: 600\/340;\" \/><br \/>\nPor ejemplo, gracias al <strong>Subaru Leone<\/strong> de 1972, el primer coche japon\u00e9s con tracci\u00f3n integral vio la luz. A partir de esa tecnolog\u00eda se fue desarrollando el conocido Symmetrical all Wheel Drive, que todos conocemos y que todos disfrutamos al volante. Como veis, recientemente se celebra <a href=\"https:\/\/www.subaru.es\/blog\/actualidad\/subaru-celebra-los-40-anos-de-symmetrical-all-wheel-drive\/\">el 40 aniversario del AWD<\/a>, el 55 aniversario de Subaru y hoy, el 60 aniversario de Fuji Heavy Industries.<\/p>\n<p>Os recomiendo echar un vistazo <a href=\"https:\/\/www.subaru.es\/blog\/subaru\/celebramos-los-55-anos-de-historia-de-subaru\/\">al post sobre el aniversario de Subaru<\/a>, en el que os ofrecemos v\u00eddeos y fotos sobre el evento<\/p>\n","protected":false},"excerpt":{"rendered":"<p>Si hace un par de meses hablamos del 55 aniversario de Subaru, hoy tenemos que referirnos al 60 aniversario de la empresa matriz de la marca, que fue anunciado por la compa\u00f1\u00eda el pasado 15 de julio. De todos modos, me permito utilizar una frase de Isaac Newton para describir la historia de la compa\u00f1\u00eda: [&hellip;]<\/p>\n","protected":false},"author":21,"featured_media":8923,"comment_status":"open","ping_status":"open","sticky":false,"template":"","format":"standard","meta":{"_acf_changed":false,"_eb_attr":"","inline_featured_image":false,"footnotes":""},"categories":[4401],"tags":[2400,1475,4390],"class_list":["post-8920","post","type-post","status-publish","format-standard","has-post-thumbnail","hentry","category-nuestra-marca","tag-aniversario","tag-fuji-heavy-industries","tag-subaru"],"acf":[],"yoast_head":"<!-- This site is optimized with the Yoast SEO plugin v27.3 - https:\/\/yoast.com\/product\/yoast-seo-wordpress\/ -->\n<title>60 aniversario de Fuji Heavy Industries - Universo Subaru<\/title>\n<meta name=\"robots\" content=\"index, follow, max-snippet:-1, max-image-preview:large, max-video-preview:-1\" \/>\n<link rel=\"canonical\" href=\"https:\/\/www.subaru.es\/blog\/nuestra-marca\/60-aniversario-de-fuji-heavy-industries\/\" \/>\n<meta property=\"og:locale\" content=\"es_ES\" \/>\n<meta property=\"og:type\" content=\"article\" \/>\n<meta property=\"og:title\" content=\"60 aniversario de Fuji Heavy Industries - Universo Subaru\" \/>\n<meta property=\"og:description\" content=\"Si hace un par de meses hablamos del 55 aniversario de Subaru, hoy tenemos que referirnos al 60 aniversario de la empresa matriz de la marca, que fue anunciado por la compa\u00f1\u00eda el pasado 15 de julio. De todos modos, me permito utilizar una frase de Isaac Newton para describir la historia de la compa\u00f1\u00eda: [&hellip;]\" \/>\n<meta property=\"og:url\" content=\"https:\/\/www.subaru.es\/blog\/nuestra-marca\/60-aniversario-de-fuji-heavy-industries\/\" \/>\n<meta property=\"og:site_name\" content=\"Universo Subaru\" \/>\n<meta property=\"article:publisher\" content=\"https:\/\/www.facebook.com\/subaruespana\" \/>\n<meta property=\"article:published_time\" content=\"2013-07-19T08:48:26+00:00\" \/>\n<meta property=\"article:modified_time\" content=\"2016-10-17T13:07:24+00:00\" \/>\n<meta property=\"og:image\" content=\"https:\/\/www.subaru.es\/blog\/wp-content\/uploads\/2013\/07\/60-aniversario-de-FHI.-Foto-de-gama-completa-de-Subaru.jpg\" \/>\n\t<meta property=\"og:image:width\" content=\"620\" \/>\n\t<meta property=\"og:image:height\" content=\"256\" \/>\n\t<meta property=\"og:image:type\" content=\"image\/jpeg\" \/>\n<meta name=\"author\" content=\"Subaru\" \/>\n<meta name=\"twitter:card\" content=\"summary_large_image\" \/>\n<meta name=\"twitter:label1\" content=\"Escrito por\" \/>\n\t<meta name=\"twitter:data1\" content=\"Subaru\" \/>\n\t<meta name=\"twitter:label2\" content=\"Tiempo de lectura\" \/>\n\t<meta name=\"twitter:data2\" content=\"2 minutos\" \/>\n<script type=\"application\/ld+json\" class=\"yoast-schema-graph\">{\"@context\":\"https:\\\/\\\/schema.org\",\"@graph\":[{\"@type\":\"Article\",\"@id\":\"https:\\\/\\\/www.subaru.es\\\/blog\\\/nuestra-marca\\\/60-aniversario-de-fuji-heavy-industries\\\/#article\",\"isPartOf\":{\"@id\":\"https:\\\/\\\/www.subaru.es\\\/blog\\\/nuestra-marca\\\/60-aniversario-de-fuji-heavy-industries\\\/\"},\"author\":{\"name\":\"Subaru\",\"@id\":\"https:\\\/\\\/www.subaru.es\\\/blog\\\/#\\\/schema\\\/person\\\/19a90b892230b8e0ec752704ddf4aa10\"},\"headline\":\"60 aniversario de Fuji Heavy Industries\",\"datePublished\":\"2013-07-19T08:48:26+00:00\",\"dateModified\":\"2016-10-17T13:07:24+00:00\",\"mainEntityOfPage\":{\"@id\":\"https:\\\/\\\/www.subaru.es\\\/blog\\\/nuestra-marca\\\/60-aniversario-de-fuji-heavy-industries\\\/\"},\"wordCount\":369,\"commentCount\":0,\"publisher\":{\"@id\":\"https:\\\/\\\/www.subaru.es\\\/blog\\\/#organization\"},\"image\":{\"@id\":\"https:\\\/\\\/www.subaru.es\\\/blog\\\/nuestra-marca\\\/60-aniversario-de-fuji-heavy-industries\\\/#primaryimage\"},\"thumbnailUrl\":\"https:\\\/\\\/www.subaru.es\\\/blog\\\/wp-content\\\/uploads\\\/2013\\\/07\\\/60-aniversario-de-FHI.-Foto-de-gama-completa-de-Subaru.jpg\",\"keywords\":[\"aniversario\",\"Fuji Heavy Industries\",\"Subaru\"],\"articleSection\":[\"Nuestra marca\"],\"inLanguage\":\"es\",\"potentialAction\":[{\"@type\":\"CommentAction\",\"name\":\"Comment\",\"target\":[\"https:\\\/\\\/www.subaru.es\\\/blog\\\/nuestra-marca\\\/60-aniversario-de-fuji-heavy-industries\\\/#respond\"]}]},{\"@type\":\"WebPage\",\"@id\":\"https:\\\/\\\/www.subaru.es\\\/blog\\\/nuestra-marca\\\/60-aniversario-de-fuji-heavy-industries\\\/\",\"url\":\"https:\\\/\\\/www.subaru.es\\\/blog\\\/nuestra-marca\\\/60-aniversario-de-fuji-heavy-industries\\\/\",\"name\":\"60 aniversario de Fuji Heavy Industries - Universo Subaru\",\"isPartOf\":{\"@id\":\"https:\\\/\\\/www.subaru.es\\\/blog\\\/#website\"},\"primaryImageOfPage\":{\"@id\":\"https:\\\/\\\/www.subaru.es\\\/blog\\\/nuestra-marca\\\/60-aniversario-de-fuji-heavy-industries\\\/#primaryimage\"},\"image\":{\"@id\":\"https:\\\/\\\/www.subaru.es\\\/blog\\\/nuestra-marca\\\/60-aniversario-de-fuji-heavy-industries\\\/#primaryimage\"},\"thumbnailUrl\":\"https:\\\/\\\/www.subaru.es\\\/blog\\\/wp-content\\\/uploads\\\/2013\\\/07\\\/60-aniversario-de-FHI.-Foto-de-gama-completa-de-Subaru.jpg\",\"datePublished\":\"2013-07-19T08:48:26+00:00\",\"dateModified\":\"2016-10-17T13:07:24+00:00\",\"breadcrumb\":{\"@id\":\"https:\\\/\\\/www.subaru.es\\\/blog\\\/nuestra-marca\\\/60-aniversario-de-fuji-heavy-industries\\\/#breadcrumb\"},\"inLanguage\":\"es\",\"potentialAction\":[{\"@type\":\"ReadAction\",\"target\":[\"https:\\\/\\\/www.subaru.es\\\/blog\\\/nuestra-marca\\\/60-aniversario-de-fuji-heavy-industries\\\/\"]}]},{\"@type\":\"ImageObject\",\"inLanguage\":\"es\",\"@id\":\"https:\\\/\\\/www.subaru.es\\\/blog\\\/nuestra-marca\\\/60-aniversario-de-fuji-heavy-industries\\\/#primaryimage\",\"url\":\"https:\\\/\\\/www.subaru.es\\\/blog\\\/wp-content\\\/uploads\\\/2013\\\/07\\\/60-aniversario-de-FHI.-Foto-de-gama-completa-de-Subaru.jpg\",\"contentUrl\":\"https:\\\/\\\/www.subaru.es\\\/blog\\\/wp-content\\\/uploads\\\/2013\\\/07\\\/60-aniversario-de-FHI.-Foto-de-gama-completa-de-Subaru.jpg\",\"width\":620,\"height\":256},{\"@type\":\"BreadcrumbList\",\"@id\":\"https:\\\/\\\/www.subaru.es\\\/blog\\\/nuestra-marca\\\/60-aniversario-de-fuji-heavy-industries\\\/#breadcrumb\",\"itemListElement\":[{\"@type\":\"ListItem\",\"position\":1,\"name\":\"Portada\",\"item\":\"https:\\\/\\\/www.subaru.es\\\/blog\\\/\"},{\"@type\":\"ListItem\",\"position\":2,\"name\":\"60 aniversario de Fuji Heavy Industries\"}]},{\"@type\":\"WebSite\",\"@id\":\"https:\\\/\\\/www.subaru.es\\\/blog\\\/#website\",\"url\":\"https:\\\/\\\/www.subaru.es\\\/blog\\\/\",\"name\":\"Universo Subaru\",\"description\":\"Descubre este apasionante espacio de Subaru donde vas a conocer todo sobre nuestros coches y las experiencias que vivimos con ellos. Si est\u00e1s preparado para dejarte seducir por la filosof\u00eda Subaru, qu\u00e9date con nosotros.\",\"publisher\":{\"@id\":\"https:\\\/\\\/www.subaru.es\\\/blog\\\/#organization\"},\"potentialAction\":[{\"@type\":\"SearchAction\",\"target\":{\"@type\":\"EntryPoint\",\"urlTemplate\":\"https:\\\/\\\/www.subaru.es\\\/blog\\\/?s={search_term_string}\"},\"query-input\":{\"@type\":\"PropertyValueSpecification\",\"valueRequired\":true,\"valueName\":\"search_term_string\"}}],\"inLanguage\":\"es\"},{\"@type\":\"Organization\",\"@id\":\"https:\\\/\\\/www.subaru.es\\\/blog\\\/#organization\",\"name\":\"Subaru Espa\u00f1a S.A.\",\"url\":\"https:\\\/\\\/www.subaru.es\\\/blog\\\/\",\"logo\":{\"@type\":\"ImageObject\",\"inLanguage\":\"es\",\"@id\":\"https:\\\/\\\/www.subaru.es\\\/blog\\\/#\\\/schema\\\/logo\\\/image\\\/\",\"url\":\"https:\\\/\\\/www.subaru.es\\\/blog\\\/wp-content\\\/uploads\\\/2016\\\/12\\\/Logo-Subaru-TypeV_C300-scaled.jpg\",\"contentUrl\":\"https:\\\/\\\/www.subaru.es\\\/blog\\\/wp-content\\\/uploads\\\/2016\\\/12\\\/Logo-Subaru-TypeV_C300-scaled.jpg\",\"width\":2560,\"height\":1864,\"caption\":\"Subaru Espa\u00f1a S.A.\"},\"image\":{\"@id\":\"https:\\\/\\\/www.subaru.es\\\/blog\\\/#\\\/schema\\\/logo\\\/image\\\/\"},\"sameAs\":[\"https:\\\/\\\/www.facebook.com\\\/subaruespana\",\"https:\\\/\\\/www.instagram.com\\\/subarues\\\/\",\"https:\\\/\\\/www.youtube.com\\\/user\\\/subaruespana\"]},{\"@type\":\"Person\",\"@id\":\"https:\\\/\\\/www.subaru.es\\\/blog\\\/#\\\/schema\\\/person\\\/19a90b892230b8e0ec752704ddf4aa10\",\"name\":\"Subaru\",\"url\":\"https:\\\/\\\/www.subaru.es\\\/blog\\\/author\\\/subaria\\\/\"}]}<\/script>\n<!-- \/ Yoast SEO plugin. -->","yoast_head_json":{"title":"60 aniversario de Fuji Heavy Industries - Universo Subaru","robots":{"index":"index","follow":"follow","max-snippet":"max-snippet:-1","max-image-preview":"max-image-preview:large","max-video-preview":"max-video-preview:-1"},"canonical":"https:\/\/www.subaru.es\/blog\/nuestra-marca\/60-aniversario-de-fuji-heavy-industries\/","og_locale":"es_ES","og_type":"article","og_title":"60 aniversario de Fuji Heavy Industries - Universo Subaru","og_description":"Si hace un par de meses hablamos del 55 aniversario de Subaru, hoy tenemos que referirnos al 60 aniversario de la empresa matriz de la marca, que fue anunciado por la compa\u00f1\u00eda el pasado 15 de julio. De todos modos, me permito utilizar una frase de Isaac Newton para describir la historia de la compa\u00f1\u00eda: [&hellip;]","og_url":"https:\/\/www.subaru.es\/blog\/nuestra-marca\/60-aniversario-de-fuji-heavy-industries\/","og_site_name":"Universo Subaru","article_publisher":"https:\/\/www.facebook.com\/subaruespana","article_published_time":"2013-07-19T08:48:26+00:00","article_modified_time":"2016-10-17T13:07:24+00:00","og_image":[{"width":620,"height":256,"url":"https:\/\/www.subaru.es\/blog\/wp-content\/uploads\/2013\/07\/60-aniversario-de-FHI.-Foto-de-gama-completa-de-Subaru.jpg","type":"image\/jpeg"}],"author":"Subaru","twitter_card":"summary_large_image","twitter_misc":{"Escrito por":"Subaru","Tiempo de lectura":"2 minutos"},"schema":{"@context":"https:\/\/schema.org","@graph":[{"@type":"Article","@id":"https:\/\/www.subaru.es\/blog\/nuestra-marca\/60-aniversario-de-fuji-heavy-industries\/#article","isPartOf":{"@id":"https:\/\/www.subaru.es\/blog\/nuestra-marca\/60-aniversario-de-fuji-heavy-industries\/"},"author":{"name":"Subaru","@id":"https:\/\/www.subaru.es\/blog\/#\/schema\/person\/19a90b892230b8e0ec752704ddf4aa10"},"headline":"60 aniversario de Fuji Heavy Industries","datePublished":"2013-07-19T08:48:26+00:00","dateModified":"2016-10-17T13:07:24+00:00","mainEntityOfPage":{"@id":"https:\/\/www.subaru.es\/blog\/nuestra-marca\/60-aniversario-de-fuji-heavy-industries\/"},"wordCount":369,"commentCount":0,"publisher":{"@id":"https:\/\/www.subaru.es\/blog\/#organization"},"image":{"@id":"https:\/\/www.subaru.es\/blog\/nuestra-marca\/60-aniversario-de-fuji-heavy-industries\/#primaryimage"},"thumbnailUrl":"https:\/\/www.subaru.es\/blog\/wp-content\/uploads\/2013\/07\/60-aniversario-de-FHI.-Foto-de-gama-completa-de-Subaru.jpg","keywords":["aniversario","Fuji Heavy Industries","Subaru"],"articleSection":["Nuestra marca"],"inLanguage":"es","potentialAction":[{"@type":"CommentAction","name":"Comment","target":["https:\/\/www.subaru.es\/blog\/nuestra-marca\/60-aniversario-de-fuji-heavy-industries\/#respond"]}]},{"@type":"WebPage","@id":"https:\/\/www.subaru.es\/blog\/nuestra-marca\/60-aniversario-de-fuji-heavy-industries\/","url":"https:\/\/www.subaru.es\/blog\/nuestra-marca\/60-aniversario-de-fuji-heavy-industries\/","name":"60 aniversario de Fuji Heavy Industries - Universo Subaru","isPartOf":{"@id":"https:\/\/www.subaru.es\/blog\/#website"},"primaryImageOfPage":{"@id":"https:\/\/www.subaru.es\/blog\/nuestra-marca\/60-aniversario-de-fuji-heavy-industries\/#primaryimage"},"image":{"@id":"https:\/\/www.subaru.es\/blog\/nuestra-marca\/60-aniversario-de-fuji-heavy-industries\/#primaryimage"},"thumbnailUrl":"https:\/\/www.subaru.es\/blog\/wp-content\/uploads\/2013\/07\/60-aniversario-de-FHI.-Foto-de-gama-completa-de-Subaru.jpg","datePublished":"2013-07-19T08:48:26+00:00","dateModified":"2016-10-17T13:07:24+00:00","breadcrumb":{"@id":"https:\/\/www.subaru.es\/blog\/nuestra-marca\/60-aniversario-de-fuji-heavy-industries\/#breadcrumb"},"inLanguage":"es","potentialAction":[{"@type":"ReadAction","target":["https:\/\/www.subaru.es\/blog\/nuestra-marca\/60-aniversario-de-fuji-heavy-industries\/"]}]},{"@type":"ImageObject","inLanguage":"es","@id":"https:\/\/www.subaru.es\/blog\/nuestra-marca\/60-aniversario-de-fuji-heavy-industries\/#primaryimage","url":"https:\/\/www.subaru.es\/blog\/wp-content\/uploads\/2013\/07\/60-aniversario-de-FHI.-Foto-de-gama-completa-de-Subaru.jpg","contentUrl":"https:\/\/www.subaru.es\/blog\/wp-content\/uploads\/2013\/07\/60-aniversario-de-FHI.-Foto-de-gama-completa-de-Subaru.jpg","width":620,"height":256},{"@type":"BreadcrumbList","@id":"https:\/\/www.subaru.es\/blog\/nuestra-marca\/60-aniversario-de-fuji-heavy-industries\/#breadcrumb","itemListElement":[{"@type":"ListItem","position":1,"name":"Portada","item":"https:\/\/www.subaru.es\/blog\/"},{"@type":"ListItem","position":2,"name":"60 aniversario de Fuji Heavy Industries"}]},{"@type":"WebSite","@id":"https:\/\/www.subaru.es\/blog\/#website","url":"https:\/\/www.subaru.es\/blog\/","name":"Universo Subaru","description":"Descubre este apasionante espacio de Subaru donde vas a conocer todo sobre nuestros coches y las experiencias que vivimos con ellos. Si est\u00e1s preparado para dejarte seducir por la filosof\u00eda Subaru, qu\u00e9date con nosotros.","publisher":{"@id":"https:\/\/www.subaru.es\/blog\/#organization"},"potentialAction":[{"@type":"SearchAction","target":{"@type":"EntryPoint","urlTemplate":"https:\/\/www.subaru.es\/blog\/?s={search_term_string}"},"query-input":{"@type":"PropertyValueSpecification","valueRequired":true,"valueName":"search_term_string"}}],"inLanguage":"es"},{"@type":"Organization","@id":"https:\/\/www.subaru.es\/blog\/#organization","name":"Subaru Espa\u00f1a S.A.","url":"https:\/\/www.subaru.es\/blog\/","logo":{"@type":"ImageObject","inLanguage":"es","@id":"https:\/\/www.subaru.es\/blog\/#\/schema\/logo\/image\/","url":"https:\/\/www.subaru.es\/blog\/wp-content\/uploads\/2016\/12\/Logo-Subaru-TypeV_C300-scaled.jpg","contentUrl":"https:\/\/www.subaru.es\/blog\/wp-content\/uploads\/2016\/12\/Logo-Subaru-TypeV_C300-scaled.jpg","width":2560,"height":1864,"caption":"Subaru Espa\u00f1a S.A."},"image":{"@id":"https:\/\/www.subaru.es\/blog\/#\/schema\/logo\/image\/"},"sameAs":["https:\/\/www.facebook.com\/subaruespana","https:\/\/www.instagram.com\/subarues\/","https:\/\/www.youtube.com\/user\/subaruespana"]},{"@type":"Person","@id":"https:\/\/www.subaru.es\/blog\/#\/schema\/person\/19a90b892230b8e0ec752704ddf4aa10","name":"Subaru","url":"https:\/\/www.subaru.es\/blog\/author\/subaria\/"}]}},"_links":{"self":[{"href":"https:\/\/www.subaru.es\/blog\/wp-json\/wp\/v2\/posts\/8920","targetHints":{"allow":["GET"]}}],"collection":[{"href":"https:\/\/www.subaru.es\/blog\/wp-json\/wp\/v2\/posts"}],"about":[{"href":"https:\/\/www.subaru.es\/blog\/wp-json\/wp\/v2\/types\/post"}],"author":[{"embeddable":true,"href":"https:\/\/www.subaru.es\/blog\/wp-json\/wp\/v2\/users\/21"}],"replies":[{"embeddable":true,"href":"https:\/\/www.subaru.es\/blog\/wp-json\/wp\/v2\/comments?post=8920"}],"version-history":[{"count":1,"href":"https:\/\/www.subaru.es\/blog\/wp-json\/wp\/v2\/posts\/8920\/revisions"}],"predecessor-version":[{"id":14788,"href":"https:\/\/www.subaru.es\/blog\/wp-json\/wp\/v2\/posts\/8920\/revisions\/14788"}],"wp:featuredmedia":[{"embeddable":true,"href":"https:\/\/www.subaru.es\/blog\/wp-json\/wp\/v2\/media\/8923"}],"wp:attachment":[{"href":"https:\/\/www.subaru.es\/blog\/wp-json\/wp\/v2\/media?parent=8920"}],"wp:term":[{"taxonomy":"category","embeddable":true,"href":"https:\/\/www.subaru.es\/blog\/wp-json\/wp\/v2\/categories?post=8920"},{"taxonomy":"post_tag","embeddable":true,"href":"https:\/\/www.subaru.es\/blog\/wp-json\/wp\/v2\/tags?post=8920"}],"curies":[{"name":"wp","href":"https:\/\/api.w.org\/{rel}","templated":true}]}}