{"id":890,"date":"2008-05-08T09:22:48","date_gmt":"2008-05-08T07:22:48","guid":{"rendered":"http:\/\/subaru.preproduccion.com\/blog\/wp-content\/2008\/05\/08\/primer-contacto-de-atkinson-con-el-nuevo-subaru\/"},"modified":"2020-08-12T13:46:01","modified_gmt":"2020-08-12T11:46:01","slug":"primer-contacto-de-atkinson-con-el-nuevo-subaru","status":"publish","type":"post","link":"https:\/\/www.subaru.es\/blog\/nuestra-marca\/primer-contacto-de-atkinson-con-el-nuevo-subaru\/","title":{"rendered":"Primer contacto de Atkinson con el nuevo Subaru"},"content":{"rendered":"<p>Tanto Chris Atkinson como Petter Solberg han declarado haber salido con <strong>\u00abbuenas sensaciones\u00bb<\/strong> de las pruebas disputadas la semana pasada en la isla italiana de Cerde\u00f1a, habitual centro de pruebas de tierra de Subaru, con el nuevo modelo de Subaru, que a\u00fan no hab\u00edan tenido ocasi\u00f3n de testear. Hasta ahora, las pruebas las estaba llevando a cabo tan solo el estonio <a href=\"https:\/\/www.subaru.es\/blog\/2008\/01\/28\/la-experiencia-de-markko-martin-al-servicio-de-subaru\/\">Markko Martin<\/a>, retirado del circuito en 2005 y actual testador de la marca, y por primera vez los pilotos oficiales han podido catar la nueva m\u00e1quina. <strong>\u00bfContinuar\u00e1n utilizando el Impreza cl\u00e1sico que hasta ahora les est\u00e1 dando tantos podios, o dar\u00e1n el salto al modelo avanzado?<\/strong>.<\/p>\n<p><img decoding=\"async\" data-src=\"https:\/\/www.subaru.es\/blog\/wp-content\/uploads\/2008\/05\/pruebasrally.jpg\" alt=\"pruebasrally.jpg\" src=\"data:image\/svg+xml;base64,PHN2ZyB3aWR0aD0iMSIgaGVpZ2h0PSIxIiB4bWxucz0iaHR0cDovL3d3dy53My5vcmcvMjAwMC9zdmciPjwvc3ZnPg==\" class=\"lazyload\" style=\"--smush-placeholder-width: 420px; --smush-placeholder-aspect-ratio: 420\/280;\"><\/p>\n<p>La incompatibilidad de fechas y la presi\u00f3n del torneo les hab\u00eda mantenido alejados del contacto directo con el nuevo modelo hasta ahora. El salto evolutivo al nuevo Impreza est\u00e1 previsto para mediados de este a\u00f1o en el Mundial de Rallies, en caso de que todas las pruebas sean favorables.<\/p>\n","protected":false},"excerpt":{"rendered":"<p>Tanto Chris Atkinson como Petter Solberg han declarado haber salido con \u00abbuenas sensaciones\u00bb de las pruebas disputadas la semana pasada en la isla italiana de Cerde\u00f1a, habitual centro de pruebas de tierra de Subaru, con el nuevo modelo de Subaru, que a\u00fan no hab\u00edan tenido ocasi\u00f3n de testear. Hasta ahora, las pruebas las estaba llevando [&hellip;]<\/p>\n","protected":false},"author":21,"featured_media":0,"comment_status":"open","ping_status":"open","sticky":false,"template":"","format":"standard","meta":{"_acf_changed":false,"_eb_attr":"","inline_featured_image":false,"footnotes":""},"categories":[4401],"tags":[108,588,589],"class_list":["post-890","post","type-post","status-publish","format-standard","hentry","category-nuestra-marca","tag-atkinson","tag-contacto","tag-nuevo-subaru"],"acf":[],"yoast_head":"<!-- This site is optimized with the Yoast SEO plugin v27.3 - https:\/\/yoast.com\/product\/yoast-seo-wordpress\/ -->\n<title>Primer contacto de Atkinson con el nuevo Subaru - Universo Subaru<\/title>\n<meta name=\"robots\" content=\"index, follow, max-snippet:-1, max-image-preview:large, max-video-preview:-1\" \/>\n<link rel=\"canonical\" href=\"https:\/\/www.subaru.es\/blog\/nuestra-marca\/primer-contacto-de-atkinson-con-el-nuevo-subaru\/\" \/>\n<meta property=\"og:locale\" content=\"es_ES\" \/>\n<meta property=\"og:type\" content=\"article\" \/>\n<meta property=\"og:title\" content=\"Primer contacto de Atkinson con el nuevo Subaru - Universo Subaru\" \/>\n<meta property=\"og:description\" content=\"Tanto Chris Atkinson como Petter Solberg han declarado haber salido con \u00abbuenas sensaciones\u00bb de las pruebas disputadas la semana pasada en la isla italiana de Cerde\u00f1a, habitual centro de pruebas de tierra de Subaru, con el nuevo modelo de Subaru, que a\u00fan no hab\u00edan tenido ocasi\u00f3n de testear. Hasta ahora, las pruebas las estaba llevando [&hellip;]\" \/>\n<meta property=\"og:url\" content=\"https:\/\/www.subaru.es\/blog\/nuestra-marca\/primer-contacto-de-atkinson-con-el-nuevo-subaru\/\" \/>\n<meta property=\"og:site_name\" content=\"Universo Subaru\" \/>\n<meta property=\"article:publisher\" content=\"https:\/\/www.facebook.com\/subaruespana\" \/>\n<meta property=\"article:published_time\" content=\"2008-05-08T07:22:48+00:00\" \/>\n<meta property=\"article:modified_time\" content=\"2020-08-12T11:46:01+00:00\" \/>\n<meta property=\"og:image\" content=\"https:\/\/www.subaru.es\/blog\/wp-content\/uploads\/2008\/05\/pruebasrally.jpg\" \/>\n<meta name=\"author\" content=\"Subaru\" \/>\n<meta name=\"twitter:card\" content=\"summary_large_image\" \/>\n<meta name=\"twitter:label1\" content=\"Escrito por\" \/>\n\t<meta name=\"twitter:data1\" content=\"Subaru\" \/>\n\t<meta name=\"twitter:label2\" content=\"Tiempo de lectura\" \/>\n\t<meta name=\"twitter:data2\" content=\"1 minuto\" \/>\n<script type=\"application\/ld+json\" class=\"yoast-schema-graph\">{\"@context\":\"https:\\\/\\\/schema.org\",\"@graph\":[{\"@type\":\"Article\",\"@id\":\"https:\\\/\\\/www.subaru.es\\\/blog\\\/nuestra-marca\\\/primer-contacto-de-atkinson-con-el-nuevo-subaru\\\/#article\",\"isPartOf\":{\"@id\":\"https:\\\/\\\/www.subaru.es\\\/blog\\\/nuestra-marca\\\/primer-contacto-de-atkinson-con-el-nuevo-subaru\\\/\"},\"author\":{\"name\":\"Subaru\",\"@id\":\"https:\\\/\\\/www.subaru.es\\\/blog\\\/#\\\/schema\\\/person\\\/19a90b892230b8e0ec752704ddf4aa10\"},\"headline\":\"Primer contacto de Atkinson con el nuevo Subaru\",\"datePublished\":\"2008-05-08T07:22:48+00:00\",\"dateModified\":\"2020-08-12T11:46:01+00:00\",\"mainEntityOfPage\":{\"@id\":\"https:\\\/\\\/www.subaru.es\\\/blog\\\/nuestra-marca\\\/primer-contacto-de-atkinson-con-el-nuevo-subaru\\\/\"},\"wordCount\":174,\"commentCount\":1,\"publisher\":{\"@id\":\"https:\\\/\\\/www.subaru.es\\\/blog\\\/#organization\"},\"image\":{\"@id\":\"https:\\\/\\\/www.subaru.es\\\/blog\\\/nuestra-marca\\\/primer-contacto-de-atkinson-con-el-nuevo-subaru\\\/#primaryimage\"},\"thumbnailUrl\":\"https:\\\/\\\/www.subaru.es\\\/blog\\\/wp-content\\\/uploads\\\/2008\\\/05\\\/pruebasrally.jpg\",\"keywords\":[\"atkinson\",\"contacto\",\"nuevo subaru\"],\"articleSection\":[\"Nuestra marca\"],\"inLanguage\":\"es\",\"potentialAction\":[{\"@type\":\"CommentAction\",\"name\":\"Comment\",\"target\":[\"https:\\\/\\\/www.subaru.es\\\/blog\\\/nuestra-marca\\\/primer-contacto-de-atkinson-con-el-nuevo-subaru\\\/#respond\"]}]},{\"@type\":\"WebPage\",\"@id\":\"https:\\\/\\\/www.subaru.es\\\/blog\\\/nuestra-marca\\\/primer-contacto-de-atkinson-con-el-nuevo-subaru\\\/\",\"url\":\"https:\\\/\\\/www.subaru.es\\\/blog\\\/nuestra-marca\\\/primer-contacto-de-atkinson-con-el-nuevo-subaru\\\/\",\"name\":\"Primer contacto de Atkinson con el nuevo Subaru - Universo Subaru\",\"isPartOf\":{\"@id\":\"https:\\\/\\\/www.subaru.es\\\/blog\\\/#website\"},\"primaryImageOfPage\":{\"@id\":\"https:\\\/\\\/www.subaru.es\\\/blog\\\/nuestra-marca\\\/primer-contacto-de-atkinson-con-el-nuevo-subaru\\\/#primaryimage\"},\"image\":{\"@id\":\"https:\\\/\\\/www.subaru.es\\\/blog\\\/nuestra-marca\\\/primer-contacto-de-atkinson-con-el-nuevo-subaru\\\/#primaryimage\"},\"thumbnailUrl\":\"https:\\\/\\\/www.subaru.es\\\/blog\\\/wp-content\\\/uploads\\\/2008\\\/05\\\/pruebasrally.jpg\",\"datePublished\":\"2008-05-08T07:22:48+00:00\",\"dateModified\":\"2020-08-12T11:46:01+00:00\",\"breadcrumb\":{\"@id\":\"https:\\\/\\\/www.subaru.es\\\/blog\\\/nuestra-marca\\\/primer-contacto-de-atkinson-con-el-nuevo-subaru\\\/#breadcrumb\"},\"inLanguage\":\"es\",\"potentialAction\":[{\"@type\":\"ReadAction\",\"target\":[\"https:\\\/\\\/www.subaru.es\\\/blog\\\/nuestra-marca\\\/primer-contacto-de-atkinson-con-el-nuevo-subaru\\\/\"]}]},{\"@type\":\"ImageObject\",\"inLanguage\":\"es\",\"@id\":\"https:\\\/\\\/www.subaru.es\\\/blog\\\/nuestra-marca\\\/primer-contacto-de-atkinson-con-el-nuevo-subaru\\\/#primaryimage\",\"url\":\"https:\\\/\\\/www.subaru.es\\\/blog\\\/wp-content\\\/uploads\\\/2008\\\/05\\\/pruebasrally.jpg\",\"contentUrl\":\"https:\\\/\\\/www.subaru.es\\\/blog\\\/wp-content\\\/uploads\\\/2008\\\/05\\\/pruebasrally.jpg\",\"width\":420,\"height\":280},{\"@type\":\"BreadcrumbList\",\"@id\":\"https:\\\/\\\/www.subaru.es\\\/blog\\\/nuestra-marca\\\/primer-contacto-de-atkinson-con-el-nuevo-subaru\\\/#breadcrumb\",\"itemListElement\":[{\"@type\":\"ListItem\",\"position\":1,\"name\":\"Portada\",\"item\":\"https:\\\/\\\/www.subaru.es\\\/blog\\\/\"},{\"@type\":\"ListItem\",\"position\":2,\"name\":\"Primer contacto de Atkinson con el nuevo Subaru\"}]},{\"@type\":\"WebSite\",\"@id\":\"https:\\\/\\\/www.subaru.es\\\/blog\\\/#website\",\"url\":\"https:\\\/\\\/www.subaru.es\\\/blog\\\/\",\"name\":\"Universo Subaru\",\"description\":\"Descubre este apasionante espacio de Subaru donde vas a conocer todo sobre nuestros coches y las experiencias que vivimos con ellos. Si est\u00e1s preparado para dejarte seducir por la filosof\u00eda Subaru, qu\u00e9date con nosotros.\",\"publisher\":{\"@id\":\"https:\\\/\\\/www.subaru.es\\\/blog\\\/#organization\"},\"potentialAction\":[{\"@type\":\"SearchAction\",\"target\":{\"@type\":\"EntryPoint\",\"urlTemplate\":\"https:\\\/\\\/www.subaru.es\\\/blog\\\/?s={search_term_string}\"},\"query-input\":{\"@type\":\"PropertyValueSpecification\",\"valueRequired\":true,\"valueName\":\"search_term_string\"}}],\"inLanguage\":\"es\"},{\"@type\":\"Organization\",\"@id\":\"https:\\\/\\\/www.subaru.es\\\/blog\\\/#organization\",\"name\":\"Subaru Espa\u00f1a S.A.\",\"url\":\"https:\\\/\\\/www.subaru.es\\\/blog\\\/\",\"logo\":{\"@type\":\"ImageObject\",\"inLanguage\":\"es\",\"@id\":\"https:\\\/\\\/www.subaru.es\\\/blog\\\/#\\\/schema\\\/logo\\\/image\\\/\",\"url\":\"https:\\\/\\\/www.subaru.es\\\/blog\\\/wp-content\\\/uploads\\\/2016\\\/12\\\/Logo-Subaru-TypeV_C300-scaled.jpg\",\"contentUrl\":\"https:\\\/\\\/www.subaru.es\\\/blog\\\/wp-content\\\/uploads\\\/2016\\\/12\\\/Logo-Subaru-TypeV_C300-scaled.jpg\",\"width\":2560,\"height\":1864,\"caption\":\"Subaru Espa\u00f1a S.A.\"},\"image\":{\"@id\":\"https:\\\/\\\/www.subaru.es\\\/blog\\\/#\\\/schema\\\/logo\\\/image\\\/\"},\"sameAs\":[\"https:\\\/\\\/www.facebook.com\\\/subaruespana\",\"https:\\\/\\\/www.instagram.com\\\/subarues\\\/\",\"https:\\\/\\\/www.youtube.com\\\/user\\\/subaruespana\"]},{\"@type\":\"Person\",\"@id\":\"https:\\\/\\\/www.subaru.es\\\/blog\\\/#\\\/schema\\\/person\\\/19a90b892230b8e0ec752704ddf4aa10\",\"name\":\"Subaru\",\"url\":\"https:\\\/\\\/www.subaru.es\\\/blog\\\/author\\\/subaria\\\/\"}]}<\/script>\n<!-- \/ Yoast SEO plugin. -->","yoast_head_json":{"title":"Primer contacto de Atkinson con el nuevo Subaru - Universo Subaru","robots":{"index":"index","follow":"follow","max-snippet":"max-snippet:-1","max-image-preview":"max-image-preview:large","max-video-preview":"max-video-preview:-1"},"canonical":"https:\/\/www.subaru.es\/blog\/nuestra-marca\/primer-contacto-de-atkinson-con-el-nuevo-subaru\/","og_locale":"es_ES","og_type":"article","og_title":"Primer contacto de Atkinson con el nuevo Subaru - Universo Subaru","og_description":"Tanto Chris Atkinson como Petter Solberg han declarado haber salido con \u00abbuenas sensaciones\u00bb de las pruebas disputadas la semana pasada en la isla italiana de Cerde\u00f1a, habitual centro de pruebas de tierra de Subaru, con el nuevo modelo de Subaru, que a\u00fan no hab\u00edan tenido ocasi\u00f3n de testear. Hasta ahora, las pruebas las estaba llevando [&hellip;]","og_url":"https:\/\/www.subaru.es\/blog\/nuestra-marca\/primer-contacto-de-atkinson-con-el-nuevo-subaru\/","og_site_name":"Universo Subaru","article_publisher":"https:\/\/www.facebook.com\/subaruespana","article_published_time":"2008-05-08T07:22:48+00:00","article_modified_time":"2020-08-12T11:46:01+00:00","og_image":[{"url":"https:\/\/www.subaru.es\/blog\/wp-content\/uploads\/2008\/05\/pruebasrally.jpg","type":"","width":"","height":""}],"author":"Subaru","twitter_card":"summary_large_image","twitter_misc":{"Escrito por":"Subaru","Tiempo de lectura":"1 minuto"},"schema":{"@context":"https:\/\/schema.org","@graph":[{"@type":"Article","@id":"https:\/\/www.subaru.es\/blog\/nuestra-marca\/primer-contacto-de-atkinson-con-el-nuevo-subaru\/#article","isPartOf":{"@id":"https:\/\/www.subaru.es\/blog\/nuestra-marca\/primer-contacto-de-atkinson-con-el-nuevo-subaru\/"},"author":{"name":"Subaru","@id":"https:\/\/www.subaru.es\/blog\/#\/schema\/person\/19a90b892230b8e0ec752704ddf4aa10"},"headline":"Primer contacto de Atkinson con el nuevo Subaru","datePublished":"2008-05-08T07:22:48+00:00","dateModified":"2020-08-12T11:46:01+00:00","mainEntityOfPage":{"@id":"https:\/\/www.subaru.es\/blog\/nuestra-marca\/primer-contacto-de-atkinson-con-el-nuevo-subaru\/"},"wordCount":174,"commentCount":1,"publisher":{"@id":"https:\/\/www.subaru.es\/blog\/#organization"},"image":{"@id":"https:\/\/www.subaru.es\/blog\/nuestra-marca\/primer-contacto-de-atkinson-con-el-nuevo-subaru\/#primaryimage"},"thumbnailUrl":"https:\/\/www.subaru.es\/blog\/wp-content\/uploads\/2008\/05\/pruebasrally.jpg","keywords":["atkinson","contacto","nuevo subaru"],"articleSection":["Nuestra marca"],"inLanguage":"es","potentialAction":[{"@type":"CommentAction","name":"Comment","target":["https:\/\/www.subaru.es\/blog\/nuestra-marca\/primer-contacto-de-atkinson-con-el-nuevo-subaru\/#respond"]}]},{"@type":"WebPage","@id":"https:\/\/www.subaru.es\/blog\/nuestra-marca\/primer-contacto-de-atkinson-con-el-nuevo-subaru\/","url":"https:\/\/www.subaru.es\/blog\/nuestra-marca\/primer-contacto-de-atkinson-con-el-nuevo-subaru\/","name":"Primer contacto de Atkinson con el nuevo Subaru - Universo Subaru","isPartOf":{"@id":"https:\/\/www.subaru.es\/blog\/#website"},"primaryImageOfPage":{"@id":"https:\/\/www.subaru.es\/blog\/nuestra-marca\/primer-contacto-de-atkinson-con-el-nuevo-subaru\/#primaryimage"},"image":{"@id":"https:\/\/www.subaru.es\/blog\/nuestra-marca\/primer-contacto-de-atkinson-con-el-nuevo-subaru\/#primaryimage"},"thumbnailUrl":"https:\/\/www.subaru.es\/blog\/wp-content\/uploads\/2008\/05\/pruebasrally.jpg","datePublished":"2008-05-08T07:22:48+00:00","dateModified":"2020-08-12T11:46:01+00:00","breadcrumb":{"@id":"https:\/\/www.subaru.es\/blog\/nuestra-marca\/primer-contacto-de-atkinson-con-el-nuevo-subaru\/#breadcrumb"},"inLanguage":"es","potentialAction":[{"@type":"ReadAction","target":["https:\/\/www.subaru.es\/blog\/nuestra-marca\/primer-contacto-de-atkinson-con-el-nuevo-subaru\/"]}]},{"@type":"ImageObject","inLanguage":"es","@id":"https:\/\/www.subaru.es\/blog\/nuestra-marca\/primer-contacto-de-atkinson-con-el-nuevo-subaru\/#primaryimage","url":"https:\/\/www.subaru.es\/blog\/wp-content\/uploads\/2008\/05\/pruebasrally.jpg","contentUrl":"https:\/\/www.subaru.es\/blog\/wp-content\/uploads\/2008\/05\/pruebasrally.jpg","width":420,"height":280},{"@type":"BreadcrumbList","@id":"https:\/\/www.subaru.es\/blog\/nuestra-marca\/primer-contacto-de-atkinson-con-el-nuevo-subaru\/#breadcrumb","itemListElement":[{"@type":"ListItem","position":1,"name":"Portada","item":"https:\/\/www.subaru.es\/blog\/"},{"@type":"ListItem","position":2,"name":"Primer contacto de Atkinson con el nuevo Subaru"}]},{"@type":"WebSite","@id":"https:\/\/www.subaru.es\/blog\/#website","url":"https:\/\/www.subaru.es\/blog\/","name":"Universo Subaru","description":"Descubre este apasionante espacio de Subaru donde vas a conocer todo sobre nuestros coches y las experiencias que vivimos con ellos. Si est\u00e1s preparado para dejarte seducir por la filosof\u00eda Subaru, qu\u00e9date con nosotros.","publisher":{"@id":"https:\/\/www.subaru.es\/blog\/#organization"},"potentialAction":[{"@type":"SearchAction","target":{"@type":"EntryPoint","urlTemplate":"https:\/\/www.subaru.es\/blog\/?s={search_term_string}"},"query-input":{"@type":"PropertyValueSpecification","valueRequired":true,"valueName":"search_term_string"}}],"inLanguage":"es"},{"@type":"Organization","@id":"https:\/\/www.subaru.es\/blog\/#organization","name":"Subaru Espa\u00f1a S.A.","url":"https:\/\/www.subaru.es\/blog\/","logo":{"@type":"ImageObject","inLanguage":"es","@id":"https:\/\/www.subaru.es\/blog\/#\/schema\/logo\/image\/","url":"https:\/\/www.subaru.es\/blog\/wp-content\/uploads\/2016\/12\/Logo-Subaru-TypeV_C300-scaled.jpg","contentUrl":"https:\/\/www.subaru.es\/blog\/wp-content\/uploads\/2016\/12\/Logo-Subaru-TypeV_C300-scaled.jpg","width":2560,"height":1864,"caption":"Subaru Espa\u00f1a S.A."},"image":{"@id":"https:\/\/www.subaru.es\/blog\/#\/schema\/logo\/image\/"},"sameAs":["https:\/\/www.facebook.com\/subaruespana","https:\/\/www.instagram.com\/subarues\/","https:\/\/www.youtube.com\/user\/subaruespana"]},{"@type":"Person","@id":"https:\/\/www.subaru.es\/blog\/#\/schema\/person\/19a90b892230b8e0ec752704ddf4aa10","name":"Subaru","url":"https:\/\/www.subaru.es\/blog\/author\/subaria\/"}]}},"_links":{"self":[{"href":"https:\/\/www.subaru.es\/blog\/wp-json\/wp\/v2\/posts\/890","targetHints":{"allow":["GET"]}}],"collection":[{"href":"https:\/\/www.subaru.es\/blog\/wp-json\/wp\/v2\/posts"}],"about":[{"href":"https:\/\/www.subaru.es\/blog\/wp-json\/wp\/v2\/types\/post"}],"author":[{"embeddable":true,"href":"https:\/\/www.subaru.es\/blog\/wp-json\/wp\/v2\/users\/21"}],"replies":[{"embeddable":true,"href":"https:\/\/www.subaru.es\/blog\/wp-json\/wp\/v2\/comments?post=890"}],"version-history":[{"count":2,"href":"https:\/\/www.subaru.es\/blog\/wp-json\/wp\/v2\/posts\/890\/revisions"}],"predecessor-version":[{"id":22366,"href":"https:\/\/www.subaru.es\/blog\/wp-json\/wp\/v2\/posts\/890\/revisions\/22366"}],"wp:attachment":[{"href":"https:\/\/www.subaru.es\/blog\/wp-json\/wp\/v2\/media?parent=890"}],"wp:term":[{"taxonomy":"category","embeddable":true,"href":"https:\/\/www.subaru.es\/blog\/wp-json\/wp\/v2\/categories?post=890"},{"taxonomy":"post_tag","embeddable":true,"href":"https:\/\/www.subaru.es\/blog\/wp-json\/wp\/v2\/tags?post=890"}],"curies":[{"name":"wp","href":"https:\/\/api.w.org\/{rel}","templated":true}]}}