{"id":879,"date":"2008-04-29T20:52:11","date_gmt":"2008-04-29T18:52:11","guid":{"rendered":"http:\/\/subaru.preproduccion.com\/blog\/wp-content\/2008\/04\/29\/los-subaru-impreza-en-el-rally-de-madrid\/"},"modified":"2020-08-06T11:49:06","modified_gmt":"2020-08-06T09:49:06","slug":"los-subaru-impreza-en-el-rally-de-madrid","status":"publish","type":"post","link":"https:\/\/www.subaru.es\/blog\/nuestra-marca\/los-subaru-impreza-en-el-rally-de-madrid\/","title":{"rendered":"Los Subaru Impreza en el Rally de Madrid"},"content":{"rendered":"<p><center><object width=\"425\" height=\"355\"><param name=\"movie\" value=\"http:\/\/www.youtube.com\/v\/aPcFNA3odu0&#038;hl=en\"><\/param><param name=\"wmode\" value=\"transparent\"><\/param><embed src=\"http:\/\/www.youtube.com\/v\/aPcFNA3odu0&#038;hl=en\" type=\"application\/x-shockwave-flash\" wmode=\"transparent\" width=\"425\" height=\"355\"><\/embed><\/object><\/center><\/p>\n<p>V\u00eddeo resumen con las mejores im\u00e1genes de la participaci\u00f3n de <strong>Subaru<\/strong> en el Rally de Madrid. La prueba, segunda del <strong><a href=\"http:\/\/www.rallyesdetierra.com\">Campeonato de Espa\u00f1a de Rallies de Tierra<\/a><\/strong>, alumbr\u00f3 el debut en competici\u00f3n del <strong><a href=\"https:\/\/www.subaru.es\/blog\/2007\/09\/11\/impreza-2008\/\">nuevo Subaru Impreza<\/a><\/strong>. Fue los d\u00edas 18 y 19 de abril en la localidad madrile\u00f1a de Navalcarnero. <\/p>\n<p>Los nuevos Impreza, pilotados por <strong>Eduard Pons<\/strong> y <strong>Francisco Pardo<\/strong>, consiguieron unos satisfactorios <a href=\"https:\/\/www.subaru.es\/blog\/2008\/04\/22\/satisfactoria-participacion-del-nuevo-subaru-impreza-en-el-rallye-de-madrid\/\">5\u00ba y 6\u00ba puesto de la general, respectivamente<\/a>.<\/p>\n","protected":false},"excerpt":{"rendered":"<p>V\u00eddeo resumen con las mejores im\u00e1genes de la participaci\u00f3n de Subaru en el Rally de Madrid. La prueba, segunda del Campeonato de Espa\u00f1a de Rallies de Tierra, alumbr\u00f3 el debut en competici\u00f3n del nuevo Subaru Impreza. Fue los d\u00edas 18 y 19 de abril en la localidad madrile\u00f1a de Navalcarnero. Los nuevos Impreza, pilotados por [&hellip;]<\/p>\n","protected":false},"author":21,"featured_media":0,"comment_status":"closed","ping_status":"closed","sticky":false,"template":"","format":"standard","meta":{"_acf_changed":false,"_eb_attr":"","inline_featured_image":false,"footnotes":""},"categories":[4401],"tags":[10,244,107,557,4390,38],"class_list":["post-879","post","type-post","status-publish","format-standard","hentry","category-nuestra-marca","tag-impreza","tag-madrid","tag-rallye","tag-resumen","tag-subaru","tag-video"],"acf":[],"yoast_head":"<!-- This site is optimized with the Yoast SEO plugin v27.3 - https:\/\/yoast.com\/product\/yoast-seo-wordpress\/ -->\n<title>Los Subaru Impreza en el Rally de Madrid - Universo Subaru<\/title>\n<meta name=\"robots\" content=\"index, follow, max-snippet:-1, max-image-preview:large, max-video-preview:-1\" \/>\n<link rel=\"canonical\" href=\"https:\/\/www.subaru.es\/blog\/nuestra-marca\/los-subaru-impreza-en-el-rally-de-madrid\/\" \/>\n<meta property=\"og:locale\" content=\"es_ES\" \/>\n<meta property=\"og:type\" content=\"article\" \/>\n<meta property=\"og:title\" content=\"Los Subaru Impreza en el Rally de Madrid - Universo Subaru\" \/>\n<meta property=\"og:description\" content=\"V\u00eddeo resumen con las mejores im\u00e1genes de la participaci\u00f3n de Subaru en el Rally de Madrid. La prueba, segunda del Campeonato de Espa\u00f1a de Rallies de Tierra, alumbr\u00f3 el debut en competici\u00f3n del nuevo Subaru Impreza. Fue los d\u00edas 18 y 19 de abril en la localidad madrile\u00f1a de Navalcarnero. Los nuevos Impreza, pilotados por [&hellip;]\" \/>\n<meta property=\"og:url\" content=\"https:\/\/www.subaru.es\/blog\/nuestra-marca\/los-subaru-impreza-en-el-rally-de-madrid\/\" \/>\n<meta property=\"og:site_name\" content=\"Universo Subaru\" \/>\n<meta property=\"article:publisher\" content=\"https:\/\/www.facebook.com\/subaruespana\" \/>\n<meta property=\"article:published_time\" content=\"2008-04-29T18:52:11+00:00\" \/>\n<meta property=\"article:modified_time\" content=\"2020-08-06T09:49:06+00:00\" \/>\n<meta name=\"author\" content=\"Subaru\" \/>\n<meta name=\"twitter:card\" content=\"summary_large_image\" \/>\n<meta name=\"twitter:label1\" content=\"Escrito por\" \/>\n\t<meta name=\"twitter:data1\" content=\"Subaru\" \/>\n<script type=\"application\/ld+json\" class=\"yoast-schema-graph\">{\"@context\":\"https:\\\/\\\/schema.org\",\"@graph\":[{\"@type\":\"Article\",\"@id\":\"https:\\\/\\\/www.subaru.es\\\/blog\\\/nuestra-marca\\\/los-subaru-impreza-en-el-rally-de-madrid\\\/#article\",\"isPartOf\":{\"@id\":\"https:\\\/\\\/www.subaru.es\\\/blog\\\/nuestra-marca\\\/los-subaru-impreza-en-el-rally-de-madrid\\\/\"},\"author\":{\"name\":\"Subaru\",\"@id\":\"https:\\\/\\\/www.subaru.es\\\/blog\\\/#\\\/schema\\\/person\\\/19a90b892230b8e0ec752704ddf4aa10\"},\"headline\":\"Los Subaru Impreza en el Rally de Madrid\",\"datePublished\":\"2008-04-29T18:52:11+00:00\",\"dateModified\":\"2020-08-06T09:49:06+00:00\",\"mainEntityOfPage\":{\"@id\":\"https:\\\/\\\/www.subaru.es\\\/blog\\\/nuestra-marca\\\/los-subaru-impreza-en-el-rally-de-madrid\\\/\"},\"wordCount\":82,\"publisher\":{\"@id\":\"https:\\\/\\\/www.subaru.es\\\/blog\\\/#organization\"},\"keywords\":[\"impreza\",\"madrid\",\"rallye\",\"resumen\",\"Subaru\",\"v\u00eddeo\"],\"articleSection\":[\"Nuestra marca\"],\"inLanguage\":\"es\"},{\"@type\":\"WebPage\",\"@id\":\"https:\\\/\\\/www.subaru.es\\\/blog\\\/nuestra-marca\\\/los-subaru-impreza-en-el-rally-de-madrid\\\/\",\"url\":\"https:\\\/\\\/www.subaru.es\\\/blog\\\/nuestra-marca\\\/los-subaru-impreza-en-el-rally-de-madrid\\\/\",\"name\":\"Los Subaru Impreza en el Rally de Madrid - Universo Subaru\",\"isPartOf\":{\"@id\":\"https:\\\/\\\/www.subaru.es\\\/blog\\\/#website\"},\"datePublished\":\"2008-04-29T18:52:11+00:00\",\"dateModified\":\"2020-08-06T09:49:06+00:00\",\"breadcrumb\":{\"@id\":\"https:\\\/\\\/www.subaru.es\\\/blog\\\/nuestra-marca\\\/los-subaru-impreza-en-el-rally-de-madrid\\\/#breadcrumb\"},\"inLanguage\":\"es\",\"potentialAction\":[{\"@type\":\"ReadAction\",\"target\":[\"https:\\\/\\\/www.subaru.es\\\/blog\\\/nuestra-marca\\\/los-subaru-impreza-en-el-rally-de-madrid\\\/\"]}]},{\"@type\":\"BreadcrumbList\",\"@id\":\"https:\\\/\\\/www.subaru.es\\\/blog\\\/nuestra-marca\\\/los-subaru-impreza-en-el-rally-de-madrid\\\/#breadcrumb\",\"itemListElement\":[{\"@type\":\"ListItem\",\"position\":1,\"name\":\"Portada\",\"item\":\"https:\\\/\\\/www.subaru.es\\\/blog\\\/\"},{\"@type\":\"ListItem\",\"position\":2,\"name\":\"Los Subaru Impreza en el Rally de Madrid\"}]},{\"@type\":\"WebSite\",\"@id\":\"https:\\\/\\\/www.subaru.es\\\/blog\\\/#website\",\"url\":\"https:\\\/\\\/www.subaru.es\\\/blog\\\/\",\"name\":\"Universo Subaru\",\"description\":\"Descubre este apasionante espacio de Subaru donde vas a conocer todo sobre nuestros coches y las experiencias que vivimos con ellos. Si est\u00e1s preparado para dejarte seducir por la filosof\u00eda Subaru, qu\u00e9date con nosotros.\",\"publisher\":{\"@id\":\"https:\\\/\\\/www.subaru.es\\\/blog\\\/#organization\"},\"potentialAction\":[{\"@type\":\"SearchAction\",\"target\":{\"@type\":\"EntryPoint\",\"urlTemplate\":\"https:\\\/\\\/www.subaru.es\\\/blog\\\/?s={search_term_string}\"},\"query-input\":{\"@type\":\"PropertyValueSpecification\",\"valueRequired\":true,\"valueName\":\"search_term_string\"}}],\"inLanguage\":\"es\"},{\"@type\":\"Organization\",\"@id\":\"https:\\\/\\\/www.subaru.es\\\/blog\\\/#organization\",\"name\":\"Subaru Espa\u00f1a S.A.\",\"url\":\"https:\\\/\\\/www.subaru.es\\\/blog\\\/\",\"logo\":{\"@type\":\"ImageObject\",\"inLanguage\":\"es\",\"@id\":\"https:\\\/\\\/www.subaru.es\\\/blog\\\/#\\\/schema\\\/logo\\\/image\\\/\",\"url\":\"https:\\\/\\\/www.subaru.es\\\/blog\\\/wp-content\\\/uploads\\\/2016\\\/12\\\/Logo-Subaru-TypeV_C300-scaled.jpg\",\"contentUrl\":\"https:\\\/\\\/www.subaru.es\\\/blog\\\/wp-content\\\/uploads\\\/2016\\\/12\\\/Logo-Subaru-TypeV_C300-scaled.jpg\",\"width\":2560,\"height\":1864,\"caption\":\"Subaru Espa\u00f1a S.A.\"},\"image\":{\"@id\":\"https:\\\/\\\/www.subaru.es\\\/blog\\\/#\\\/schema\\\/logo\\\/image\\\/\"},\"sameAs\":[\"https:\\\/\\\/www.facebook.com\\\/subaruespana\",\"https:\\\/\\\/www.instagram.com\\\/subarues\\\/\",\"https:\\\/\\\/www.youtube.com\\\/user\\\/subaruespana\"]},{\"@type\":\"Person\",\"@id\":\"https:\\\/\\\/www.subaru.es\\\/blog\\\/#\\\/schema\\\/person\\\/19a90b892230b8e0ec752704ddf4aa10\",\"name\":\"Subaru\",\"url\":\"https:\\\/\\\/www.subaru.es\\\/blog\\\/author\\\/subaria\\\/\"}]}<\/script>\n<!-- \/ Yoast SEO plugin. -->","yoast_head_json":{"title":"Los Subaru Impreza en el Rally de Madrid - Universo Subaru","robots":{"index":"index","follow":"follow","max-snippet":"max-snippet:-1","max-image-preview":"max-image-preview:large","max-video-preview":"max-video-preview:-1"},"canonical":"https:\/\/www.subaru.es\/blog\/nuestra-marca\/los-subaru-impreza-en-el-rally-de-madrid\/","og_locale":"es_ES","og_type":"article","og_title":"Los Subaru Impreza en el Rally de Madrid - Universo Subaru","og_description":"V\u00eddeo resumen con las mejores im\u00e1genes de la participaci\u00f3n de Subaru en el Rally de Madrid. La prueba, segunda del Campeonato de Espa\u00f1a de Rallies de Tierra, alumbr\u00f3 el debut en competici\u00f3n del nuevo Subaru Impreza. Fue los d\u00edas 18 y 19 de abril en la localidad madrile\u00f1a de Navalcarnero. Los nuevos Impreza, pilotados por [&hellip;]","og_url":"https:\/\/www.subaru.es\/blog\/nuestra-marca\/los-subaru-impreza-en-el-rally-de-madrid\/","og_site_name":"Universo Subaru","article_publisher":"https:\/\/www.facebook.com\/subaruespana","article_published_time":"2008-04-29T18:52:11+00:00","article_modified_time":"2020-08-06T09:49:06+00:00","author":"Subaru","twitter_card":"summary_large_image","twitter_misc":{"Escrito por":"Subaru"},"schema":{"@context":"https:\/\/schema.org","@graph":[{"@type":"Article","@id":"https:\/\/www.subaru.es\/blog\/nuestra-marca\/los-subaru-impreza-en-el-rally-de-madrid\/#article","isPartOf":{"@id":"https:\/\/www.subaru.es\/blog\/nuestra-marca\/los-subaru-impreza-en-el-rally-de-madrid\/"},"author":{"name":"Subaru","@id":"https:\/\/www.subaru.es\/blog\/#\/schema\/person\/19a90b892230b8e0ec752704ddf4aa10"},"headline":"Los Subaru Impreza en el Rally de Madrid","datePublished":"2008-04-29T18:52:11+00:00","dateModified":"2020-08-06T09:49:06+00:00","mainEntityOfPage":{"@id":"https:\/\/www.subaru.es\/blog\/nuestra-marca\/los-subaru-impreza-en-el-rally-de-madrid\/"},"wordCount":82,"publisher":{"@id":"https:\/\/www.subaru.es\/blog\/#organization"},"keywords":["impreza","madrid","rallye","resumen","Subaru","v\u00eddeo"],"articleSection":["Nuestra marca"],"inLanguage":"es"},{"@type":"WebPage","@id":"https:\/\/www.subaru.es\/blog\/nuestra-marca\/los-subaru-impreza-en-el-rally-de-madrid\/","url":"https:\/\/www.subaru.es\/blog\/nuestra-marca\/los-subaru-impreza-en-el-rally-de-madrid\/","name":"Los Subaru Impreza en el Rally de Madrid - Universo Subaru","isPartOf":{"@id":"https:\/\/www.subaru.es\/blog\/#website"},"datePublished":"2008-04-29T18:52:11+00:00","dateModified":"2020-08-06T09:49:06+00:00","breadcrumb":{"@id":"https:\/\/www.subaru.es\/blog\/nuestra-marca\/los-subaru-impreza-en-el-rally-de-madrid\/#breadcrumb"},"inLanguage":"es","potentialAction":[{"@type":"ReadAction","target":["https:\/\/www.subaru.es\/blog\/nuestra-marca\/los-subaru-impreza-en-el-rally-de-madrid\/"]}]},{"@type":"BreadcrumbList","@id":"https:\/\/www.subaru.es\/blog\/nuestra-marca\/los-subaru-impreza-en-el-rally-de-madrid\/#breadcrumb","itemListElement":[{"@type":"ListItem","position":1,"name":"Portada","item":"https:\/\/www.subaru.es\/blog\/"},{"@type":"ListItem","position":2,"name":"Los Subaru Impreza en el Rally de Madrid"}]},{"@type":"WebSite","@id":"https:\/\/www.subaru.es\/blog\/#website","url":"https:\/\/www.subaru.es\/blog\/","name":"Universo Subaru","description":"Descubre este apasionante espacio de Subaru donde vas a conocer todo sobre nuestros coches y las experiencias que vivimos con ellos. Si est\u00e1s preparado para dejarte seducir por la filosof\u00eda Subaru, qu\u00e9date con nosotros.","publisher":{"@id":"https:\/\/www.subaru.es\/blog\/#organization"},"potentialAction":[{"@type":"SearchAction","target":{"@type":"EntryPoint","urlTemplate":"https:\/\/www.subaru.es\/blog\/?s={search_term_string}"},"query-input":{"@type":"PropertyValueSpecification","valueRequired":true,"valueName":"search_term_string"}}],"inLanguage":"es"},{"@type":"Organization","@id":"https:\/\/www.subaru.es\/blog\/#organization","name":"Subaru Espa\u00f1a S.A.","url":"https:\/\/www.subaru.es\/blog\/","logo":{"@type":"ImageObject","inLanguage":"es","@id":"https:\/\/www.subaru.es\/blog\/#\/schema\/logo\/image\/","url":"https:\/\/www.subaru.es\/blog\/wp-content\/uploads\/2016\/12\/Logo-Subaru-TypeV_C300-scaled.jpg","contentUrl":"https:\/\/www.subaru.es\/blog\/wp-content\/uploads\/2016\/12\/Logo-Subaru-TypeV_C300-scaled.jpg","width":2560,"height":1864,"caption":"Subaru Espa\u00f1a S.A."},"image":{"@id":"https:\/\/www.subaru.es\/blog\/#\/schema\/logo\/image\/"},"sameAs":["https:\/\/www.facebook.com\/subaruespana","https:\/\/www.instagram.com\/subarues\/","https:\/\/www.youtube.com\/user\/subaruespana"]},{"@type":"Person","@id":"https:\/\/www.subaru.es\/blog\/#\/schema\/person\/19a90b892230b8e0ec752704ddf4aa10","name":"Subaru","url":"https:\/\/www.subaru.es\/blog\/author\/subaria\/"}]}},"_links":{"self":[{"href":"https:\/\/www.subaru.es\/blog\/wp-json\/wp\/v2\/posts\/879","targetHints":{"allow":["GET"]}}],"collection":[{"href":"https:\/\/www.subaru.es\/blog\/wp-json\/wp\/v2\/posts"}],"about":[{"href":"https:\/\/www.subaru.es\/blog\/wp-json\/wp\/v2\/types\/post"}],"author":[{"embeddable":true,"href":"https:\/\/www.subaru.es\/blog\/wp-json\/wp\/v2\/users\/21"}],"replies":[{"embeddable":true,"href":"https:\/\/www.subaru.es\/blog\/wp-json\/wp\/v2\/comments?post=879"}],"version-history":[{"count":1,"href":"https:\/\/www.subaru.es\/blog\/wp-json\/wp\/v2\/posts\/879\/revisions"}],"predecessor-version":[{"id":15582,"href":"https:\/\/www.subaru.es\/blog\/wp-json\/wp\/v2\/posts\/879\/revisions\/15582"}],"wp:attachment":[{"href":"https:\/\/www.subaru.es\/blog\/wp-json\/wp\/v2\/media?parent=879"}],"wp:term":[{"taxonomy":"category","embeddable":true,"href":"https:\/\/www.subaru.es\/blog\/wp-json\/wp\/v2\/categories?post=879"},{"taxonomy":"post_tag","embeddable":true,"href":"https:\/\/www.subaru.es\/blog\/wp-json\/wp\/v2\/tags?post=879"}],"curies":[{"name":"wp","href":"https:\/\/api.w.org\/{rel}","templated":true}]}}