{"id":8692,"date":"2013-05-10T12:31:37","date_gmt":"2013-05-10T10:31:37","guid":{"rendered":"http:\/\/subaru.preproduccion.com\/blog\/?p=8692"},"modified":"2016-10-17T15:11:01","modified_gmt":"2016-10-17T13:11:01","slug":"este-sabado-trackday-8000vueltas-en-el-circuito-del-jarama","status":"publish","type":"post","link":"https:\/\/www.subaru.es\/blog\/nuestra-marca\/este-sabado-trackday-8000vueltas-en-el-circuito-del-jarama\/","title":{"rendered":"\u00a1Este s\u00e1bado, Trackday 8000vueltas en el Circuito del Jarama!"},"content":{"rendered":"<p>Ma\u00f1ana s\u00e1bado 11 de mayo, Subaru Espa\u00f1a estar\u00e1 presente en el Trackday 8000vueltas, uno de los eventos del motor m\u00e1s importantes del a\u00f1o que tiene lugar en el <strong><a href=\"http:\/\/www.jarama.org\/opencms\/opencms\/Jarama\/web\/index.html\">Circuito del Jarama de Madrid<\/a><\/strong>, y del que somos colaboradores en exclusiva junto a 3 conocidas marcas alemanas.<\/p>\n<p><a href=\"https:\/\/www.subaru.es\/blog\/wp-content\/uploads\/2013\/05\/MG_2312.jpg\"><img decoding=\"async\" data-src=\"https:\/\/www.subaru.es\/blog\/wp-content\/uploads\/2013\/05\/MG_2312-1024x682.jpg\" alt=\"\" title=\"Subaru BRZ\" width=\"610\" height=\"380\" class=\"aligncenter size-large wp-image-8693 lazyload\" src=\"data:image\/svg+xml;base64,PHN2ZyB3aWR0aD0iMSIgaGVpZ2h0PSIxIiB4bWxucz0iaHR0cDovL3d3dy53My5vcmcvMjAwMC9zdmciPjwvc3ZnPg==\" style=\"--smush-placeholder-width: 610px; --smush-placeholder-aspect-ratio: 610\/380;\" \/><\/a><\/p>\n<p><!--more--><\/p>\n<p>En esta ocasi\u00f3n,  el <strong><a href=\"http:\/\/https:\/\/www.subaru.es\/blog\/?s=BRZ&#038;searchbutton=buscar\">Subaru BRZ<\/a> y el <a href=\"https:\/\/www.subaru.es\/blog\/?s=wrx&#038;searchbutton=buscar\">Subaru WRX STI<\/a><\/strong> han sido los coches elegidos para compartir pista con los mejores deportivos del mundo. As\u00ed, los m\u00e1s madrugadores podr\u00e1n ver el STI midi\u00e9ndose con los coches m\u00e1s potentes del momento, mientras que el  BRZ despertar\u00e1 las miradas de los asistentes en la zona de exposici\u00f3n del evento <strong><a href=\"http:\/\/madrid.carsandcoffee.info\/\">Cars&#038;Coffee<\/a>. <\/strong><\/p>\n<p>Durante la segunda jornada del d\u00eda, el Subaru BRZ tomar\u00e1 el testigo saliendo a pista para desafiar a los competidores de su categor\u00eda, mientras que todos aquellos que quieran ver de cerca el STI, tienen una cita en la misma zona de exposiciones. <\/p>\n<p><a href=\"https:\/\/www.subaru.es\/blog\/wp-content\/uploads\/2013\/05\/DSC09301.jpg\"><img decoding=\"async\" data-src=\"https:\/\/www.subaru.es\/blog\/wp-content\/uploads\/2013\/05\/DSC09301-1024x680.jpg\" alt=\"\" title=\"Subaru WRX STI\" width=\"610\" height=\"380\" class=\"aligncenter size-large wp-image-8695 lazyload\" src=\"data:image\/svg+xml;base64,PHN2ZyB3aWR0aD0iMSIgaGVpZ2h0PSIxIiB4bWxucz0iaHR0cDovL3d3dy53My5vcmcvMjAwMC9zdmciPjwvc3ZnPg==\" style=\"--smush-placeholder-width: 610px; --smush-placeholder-aspect-ratio: 610\/380;\" \/><\/a><\/p>\n<p>Coches, charlas con entusiastas del mundo del motor y sobre todo mucha, mucha diversi\u00f3n, en una completa jornada que arrancar\u00e1 a las 9h de la ma\u00f1ana y que se alargar\u00e1 hasta las 18h PM. \u00bfQu\u00e9 m\u00e1s se puede pedir? ;-)<\/p>\n","protected":false},"excerpt":{"rendered":"<p>Ma\u00f1ana s\u00e1bado 11 de mayo, Subaru Espa\u00f1a estar\u00e1 presente en el Trackday 8000vueltas, uno de los eventos del motor m\u00e1s importantes del a\u00f1o que tiene lugar en el Circuito del Jarama de Madrid, y del que somos colaboradores en exclusiva junto a 3 conocidas marcas alemanas.<\/p>\n","protected":false},"author":21,"featured_media":8693,"comment_status":"open","ping_status":"open","sticky":false,"template":"","format":"standard","meta":{"_acf_changed":false,"_eb_attr":"","inline_featured_image":false,"footnotes":""},"categories":[4401],"tags":[4184,4185,4180,4181,4390,3597,64,4179,4182,4183,62],"class_list":["post-8692","post","type-post","status-publish","format-standard","has-post-thumbnail","hentry","category-nuestra-marca","tag-8000-vueltas","tag-cars-and-coffee","tag-circuito-del-jarama","tag-jarama","tag-subaru","tag-subaru-brz","tag-subaru-espana","tag-subaru-impresa-wrx-sti","tag-trackday","tag-trackday-8000-vueltas","tag-wrx"],"acf":[],"yoast_head":"<!-- This site is optimized with the Yoast SEO plugin v27.3 - https:\/\/yoast.com\/product\/yoast-seo-wordpress\/ -->\n<title>\u00a1Este s\u00e1bado, Trackday 8000vueltas en el Circuito del Jarama! - Universo Subaru<\/title>\n<meta name=\"robots\" content=\"index, follow, max-snippet:-1, max-image-preview:large, max-video-preview:-1\" \/>\n<link rel=\"canonical\" href=\"https:\/\/www.subaru.es\/blog\/nuestra-marca\/este-sabado-trackday-8000vueltas-en-el-circuito-del-jarama\/\" \/>\n<meta property=\"og:locale\" content=\"es_ES\" \/>\n<meta property=\"og:type\" content=\"article\" \/>\n<meta property=\"og:title\" content=\"\u00a1Este s\u00e1bado, Trackday 8000vueltas en el Circuito del Jarama! - Universo Subaru\" \/>\n<meta property=\"og:description\" content=\"Ma\u00f1ana s\u00e1bado 11 de mayo, Subaru Espa\u00f1a estar\u00e1 presente en el Trackday 8000vueltas, uno de los eventos del motor m\u00e1s importantes del a\u00f1o que tiene lugar en el Circuito del Jarama de Madrid, y del que somos colaboradores en exclusiva junto a 3 conocidas marcas alemanas.\" \/>\n<meta property=\"og:url\" content=\"https:\/\/www.subaru.es\/blog\/nuestra-marca\/este-sabado-trackday-8000vueltas-en-el-circuito-del-jarama\/\" \/>\n<meta property=\"og:site_name\" content=\"Universo Subaru\" \/>\n<meta property=\"article:publisher\" content=\"https:\/\/www.facebook.com\/subaruespana\" \/>\n<meta property=\"article:published_time\" content=\"2013-05-10T10:31:37+00:00\" \/>\n<meta property=\"article:modified_time\" content=\"2016-10-17T13:11:01+00:00\" \/>\n<meta property=\"og:image\" content=\"https:\/\/www.subaru.es\/blog\/wp-content\/uploads\/2013\/05\/MG_2312.jpg\" \/>\n\t<meta property=\"og:image:width\" content=\"2000\" \/>\n\t<meta property=\"og:image:height\" content=\"1333\" \/>\n\t<meta property=\"og:image:type\" content=\"image\/jpeg\" \/>\n<meta name=\"author\" content=\"Subaru\" \/>\n<meta name=\"twitter:card\" content=\"summary_large_image\" \/>\n<meta name=\"twitter:label1\" content=\"Escrito por\" \/>\n\t<meta name=\"twitter:data1\" content=\"Subaru\" \/>\n\t<meta name=\"twitter:label2\" content=\"Tiempo de lectura\" \/>\n\t<meta name=\"twitter:data2\" content=\"1 minuto\" \/>\n<script type=\"application\/ld+json\" class=\"yoast-schema-graph\">{\"@context\":\"https:\\\/\\\/schema.org\",\"@graph\":[{\"@type\":\"Article\",\"@id\":\"https:\\\/\\\/www.subaru.es\\\/blog\\\/nuestra-marca\\\/este-sabado-trackday-8000vueltas-en-el-circuito-del-jarama\\\/#article\",\"isPartOf\":{\"@id\":\"https:\\\/\\\/www.subaru.es\\\/blog\\\/nuestra-marca\\\/este-sabado-trackday-8000vueltas-en-el-circuito-del-jarama\\\/\"},\"author\":{\"name\":\"Subaru\",\"@id\":\"https:\\\/\\\/www.subaru.es\\\/blog\\\/#\\\/schema\\\/person\\\/19a90b892230b8e0ec752704ddf4aa10\"},\"headline\":\"\u00a1Este s\u00e1bado, Trackday 8000vueltas en el Circuito del Jarama!\",\"datePublished\":\"2013-05-10T10:31:37+00:00\",\"dateModified\":\"2016-10-17T13:11:01+00:00\",\"mainEntityOfPage\":{\"@id\":\"https:\\\/\\\/www.subaru.es\\\/blog\\\/nuestra-marca\\\/este-sabado-trackday-8000vueltas-en-el-circuito-del-jarama\\\/\"},\"wordCount\":213,\"commentCount\":0,\"publisher\":{\"@id\":\"https:\\\/\\\/www.subaru.es\\\/blog\\\/#organization\"},\"image\":{\"@id\":\"https:\\\/\\\/www.subaru.es\\\/blog\\\/nuestra-marca\\\/este-sabado-trackday-8000vueltas-en-el-circuito-del-jarama\\\/#primaryimage\"},\"thumbnailUrl\":\"https:\\\/\\\/www.subaru.es\\\/blog\\\/wp-content\\\/uploads\\\/2013\\\/05\\\/MG_2312.jpg\",\"keywords\":[\"8000 vueltas\",\"cars and coffee\",\"circuito del jarama\",\"jarama\",\"Subaru\",\"Subaru BRZ\",\"subaru espa\u00f1a\",\"subaru impresa wrx sti\",\"trackday\",\"trackday 8000 vueltas\",\"wrx\"],\"articleSection\":[\"Nuestra marca\"],\"inLanguage\":\"es\",\"potentialAction\":[{\"@type\":\"CommentAction\",\"name\":\"Comment\",\"target\":[\"https:\\\/\\\/www.subaru.es\\\/blog\\\/nuestra-marca\\\/este-sabado-trackday-8000vueltas-en-el-circuito-del-jarama\\\/#respond\"]}]},{\"@type\":\"WebPage\",\"@id\":\"https:\\\/\\\/www.subaru.es\\\/blog\\\/nuestra-marca\\\/este-sabado-trackday-8000vueltas-en-el-circuito-del-jarama\\\/\",\"url\":\"https:\\\/\\\/www.subaru.es\\\/blog\\\/nuestra-marca\\\/este-sabado-trackday-8000vueltas-en-el-circuito-del-jarama\\\/\",\"name\":\"\u00a1Este s\u00e1bado, Trackday 8000vueltas en el Circuito del Jarama! - Universo Subaru\",\"isPartOf\":{\"@id\":\"https:\\\/\\\/www.subaru.es\\\/blog\\\/#website\"},\"primaryImageOfPage\":{\"@id\":\"https:\\\/\\\/www.subaru.es\\\/blog\\\/nuestra-marca\\\/este-sabado-trackday-8000vueltas-en-el-circuito-del-jarama\\\/#primaryimage\"},\"image\":{\"@id\":\"https:\\\/\\\/www.subaru.es\\\/blog\\\/nuestra-marca\\\/este-sabado-trackday-8000vueltas-en-el-circuito-del-jarama\\\/#primaryimage\"},\"thumbnailUrl\":\"https:\\\/\\\/www.subaru.es\\\/blog\\\/wp-content\\\/uploads\\\/2013\\\/05\\\/MG_2312.jpg\",\"datePublished\":\"2013-05-10T10:31:37+00:00\",\"dateModified\":\"2016-10-17T13:11:01+00:00\",\"breadcrumb\":{\"@id\":\"https:\\\/\\\/www.subaru.es\\\/blog\\\/nuestra-marca\\\/este-sabado-trackday-8000vueltas-en-el-circuito-del-jarama\\\/#breadcrumb\"},\"inLanguage\":\"es\",\"potentialAction\":[{\"@type\":\"ReadAction\",\"target\":[\"https:\\\/\\\/www.subaru.es\\\/blog\\\/nuestra-marca\\\/este-sabado-trackday-8000vueltas-en-el-circuito-del-jarama\\\/\"]}]},{\"@type\":\"ImageObject\",\"inLanguage\":\"es\",\"@id\":\"https:\\\/\\\/www.subaru.es\\\/blog\\\/nuestra-marca\\\/este-sabado-trackday-8000vueltas-en-el-circuito-del-jarama\\\/#primaryimage\",\"url\":\"https:\\\/\\\/www.subaru.es\\\/blog\\\/wp-content\\\/uploads\\\/2013\\\/05\\\/MG_2312.jpg\",\"contentUrl\":\"https:\\\/\\\/www.subaru.es\\\/blog\\\/wp-content\\\/uploads\\\/2013\\\/05\\\/MG_2312.jpg\",\"width\":2000,\"height\":1333},{\"@type\":\"BreadcrumbList\",\"@id\":\"https:\\\/\\\/www.subaru.es\\\/blog\\\/nuestra-marca\\\/este-sabado-trackday-8000vueltas-en-el-circuito-del-jarama\\\/#breadcrumb\",\"itemListElement\":[{\"@type\":\"ListItem\",\"position\":1,\"name\":\"Portada\",\"item\":\"https:\\\/\\\/www.subaru.es\\\/blog\\\/\"},{\"@type\":\"ListItem\",\"position\":2,\"name\":\"\u00a1Este s\u00e1bado, Trackday 8000vueltas en el Circuito del Jarama!\"}]},{\"@type\":\"WebSite\",\"@id\":\"https:\\\/\\\/www.subaru.es\\\/blog\\\/#website\",\"url\":\"https:\\\/\\\/www.subaru.es\\\/blog\\\/\",\"name\":\"Universo Subaru\",\"description\":\"Descubre este apasionante espacio de Subaru donde vas a conocer todo sobre nuestros coches y las experiencias que vivimos con ellos. Si est\u00e1s preparado para dejarte seducir por la filosof\u00eda Subaru, qu\u00e9date con nosotros.\",\"publisher\":{\"@id\":\"https:\\\/\\\/www.subaru.es\\\/blog\\\/#organization\"},\"potentialAction\":[{\"@type\":\"SearchAction\",\"target\":{\"@type\":\"EntryPoint\",\"urlTemplate\":\"https:\\\/\\\/www.subaru.es\\\/blog\\\/?s={search_term_string}\"},\"query-input\":{\"@type\":\"PropertyValueSpecification\",\"valueRequired\":true,\"valueName\":\"search_term_string\"}}],\"inLanguage\":\"es\"},{\"@type\":\"Organization\",\"@id\":\"https:\\\/\\\/www.subaru.es\\\/blog\\\/#organization\",\"name\":\"Subaru Espa\u00f1a S.A.\",\"url\":\"https:\\\/\\\/www.subaru.es\\\/blog\\\/\",\"logo\":{\"@type\":\"ImageObject\",\"inLanguage\":\"es\",\"@id\":\"https:\\\/\\\/www.subaru.es\\\/blog\\\/#\\\/schema\\\/logo\\\/image\\\/\",\"url\":\"https:\\\/\\\/www.subaru.es\\\/blog\\\/wp-content\\\/uploads\\\/2016\\\/12\\\/Logo-Subaru-TypeV_C300-scaled.jpg\",\"contentUrl\":\"https:\\\/\\\/www.subaru.es\\\/blog\\\/wp-content\\\/uploads\\\/2016\\\/12\\\/Logo-Subaru-TypeV_C300-scaled.jpg\",\"width\":2560,\"height\":1864,\"caption\":\"Subaru Espa\u00f1a S.A.\"},\"image\":{\"@id\":\"https:\\\/\\\/www.subaru.es\\\/blog\\\/#\\\/schema\\\/logo\\\/image\\\/\"},\"sameAs\":[\"https:\\\/\\\/www.facebook.com\\\/subaruespana\",\"https:\\\/\\\/www.instagram.com\\\/subarues\\\/\",\"https:\\\/\\\/www.youtube.com\\\/user\\\/subaruespana\"]},{\"@type\":\"Person\",\"@id\":\"https:\\\/\\\/www.subaru.es\\\/blog\\\/#\\\/schema\\\/person\\\/19a90b892230b8e0ec752704ddf4aa10\",\"name\":\"Subaru\",\"url\":\"https:\\\/\\\/www.subaru.es\\\/blog\\\/author\\\/subaria\\\/\"}]}<\/script>\n<!-- \/ Yoast SEO plugin. -->","yoast_head_json":{"title":"\u00a1Este s\u00e1bado, Trackday 8000vueltas en el Circuito del Jarama! - Universo Subaru","robots":{"index":"index","follow":"follow","max-snippet":"max-snippet:-1","max-image-preview":"max-image-preview:large","max-video-preview":"max-video-preview:-1"},"canonical":"https:\/\/www.subaru.es\/blog\/nuestra-marca\/este-sabado-trackday-8000vueltas-en-el-circuito-del-jarama\/","og_locale":"es_ES","og_type":"article","og_title":"\u00a1Este s\u00e1bado, Trackday 8000vueltas en el Circuito del Jarama! - Universo Subaru","og_description":"Ma\u00f1ana s\u00e1bado 11 de mayo, Subaru Espa\u00f1a estar\u00e1 presente en el Trackday 8000vueltas, uno de los eventos del motor m\u00e1s importantes del a\u00f1o que tiene lugar en el Circuito del Jarama de Madrid, y del que somos colaboradores en exclusiva junto a 3 conocidas marcas alemanas.","og_url":"https:\/\/www.subaru.es\/blog\/nuestra-marca\/este-sabado-trackday-8000vueltas-en-el-circuito-del-jarama\/","og_site_name":"Universo Subaru","article_publisher":"https:\/\/www.facebook.com\/subaruespana","article_published_time":"2013-05-10T10:31:37+00:00","article_modified_time":"2016-10-17T13:11:01+00:00","og_image":[{"width":2000,"height":1333,"url":"https:\/\/www.subaru.es\/blog\/wp-content\/uploads\/2013\/05\/MG_2312.jpg","type":"image\/jpeg"}],"author":"Subaru","twitter_card":"summary_large_image","twitter_misc":{"Escrito por":"Subaru","Tiempo de lectura":"1 minuto"},"schema":{"@context":"https:\/\/schema.org","@graph":[{"@type":"Article","@id":"https:\/\/www.subaru.es\/blog\/nuestra-marca\/este-sabado-trackday-8000vueltas-en-el-circuito-del-jarama\/#article","isPartOf":{"@id":"https:\/\/www.subaru.es\/blog\/nuestra-marca\/este-sabado-trackday-8000vueltas-en-el-circuito-del-jarama\/"},"author":{"name":"Subaru","@id":"https:\/\/www.subaru.es\/blog\/#\/schema\/person\/19a90b892230b8e0ec752704ddf4aa10"},"headline":"\u00a1Este s\u00e1bado, Trackday 8000vueltas en el Circuito del Jarama!","datePublished":"2013-05-10T10:31:37+00:00","dateModified":"2016-10-17T13:11:01+00:00","mainEntityOfPage":{"@id":"https:\/\/www.subaru.es\/blog\/nuestra-marca\/este-sabado-trackday-8000vueltas-en-el-circuito-del-jarama\/"},"wordCount":213,"commentCount":0,"publisher":{"@id":"https:\/\/www.subaru.es\/blog\/#organization"},"image":{"@id":"https:\/\/www.subaru.es\/blog\/nuestra-marca\/este-sabado-trackday-8000vueltas-en-el-circuito-del-jarama\/#primaryimage"},"thumbnailUrl":"https:\/\/www.subaru.es\/blog\/wp-content\/uploads\/2013\/05\/MG_2312.jpg","keywords":["8000 vueltas","cars and coffee","circuito del jarama","jarama","Subaru","Subaru BRZ","subaru espa\u00f1a","subaru impresa wrx sti","trackday","trackday 8000 vueltas","wrx"],"articleSection":["Nuestra marca"],"inLanguage":"es","potentialAction":[{"@type":"CommentAction","name":"Comment","target":["https:\/\/www.subaru.es\/blog\/nuestra-marca\/este-sabado-trackday-8000vueltas-en-el-circuito-del-jarama\/#respond"]}]},{"@type":"WebPage","@id":"https:\/\/www.subaru.es\/blog\/nuestra-marca\/este-sabado-trackday-8000vueltas-en-el-circuito-del-jarama\/","url":"https:\/\/www.subaru.es\/blog\/nuestra-marca\/este-sabado-trackday-8000vueltas-en-el-circuito-del-jarama\/","name":"\u00a1Este s\u00e1bado, Trackday 8000vueltas en el Circuito del Jarama! - Universo Subaru","isPartOf":{"@id":"https:\/\/www.subaru.es\/blog\/#website"},"primaryImageOfPage":{"@id":"https:\/\/www.subaru.es\/blog\/nuestra-marca\/este-sabado-trackday-8000vueltas-en-el-circuito-del-jarama\/#primaryimage"},"image":{"@id":"https:\/\/www.subaru.es\/blog\/nuestra-marca\/este-sabado-trackday-8000vueltas-en-el-circuito-del-jarama\/#primaryimage"},"thumbnailUrl":"https:\/\/www.subaru.es\/blog\/wp-content\/uploads\/2013\/05\/MG_2312.jpg","datePublished":"2013-05-10T10:31:37+00:00","dateModified":"2016-10-17T13:11:01+00:00","breadcrumb":{"@id":"https:\/\/www.subaru.es\/blog\/nuestra-marca\/este-sabado-trackday-8000vueltas-en-el-circuito-del-jarama\/#breadcrumb"},"inLanguage":"es","potentialAction":[{"@type":"ReadAction","target":["https:\/\/www.subaru.es\/blog\/nuestra-marca\/este-sabado-trackday-8000vueltas-en-el-circuito-del-jarama\/"]}]},{"@type":"ImageObject","inLanguage":"es","@id":"https:\/\/www.subaru.es\/blog\/nuestra-marca\/este-sabado-trackday-8000vueltas-en-el-circuito-del-jarama\/#primaryimage","url":"https:\/\/www.subaru.es\/blog\/wp-content\/uploads\/2013\/05\/MG_2312.jpg","contentUrl":"https:\/\/www.subaru.es\/blog\/wp-content\/uploads\/2013\/05\/MG_2312.jpg","width":2000,"height":1333},{"@type":"BreadcrumbList","@id":"https:\/\/www.subaru.es\/blog\/nuestra-marca\/este-sabado-trackday-8000vueltas-en-el-circuito-del-jarama\/#breadcrumb","itemListElement":[{"@type":"ListItem","position":1,"name":"Portada","item":"https:\/\/www.subaru.es\/blog\/"},{"@type":"ListItem","position":2,"name":"\u00a1Este s\u00e1bado, Trackday 8000vueltas en el Circuito del Jarama!"}]},{"@type":"WebSite","@id":"https:\/\/www.subaru.es\/blog\/#website","url":"https:\/\/www.subaru.es\/blog\/","name":"Universo Subaru","description":"Descubre este apasionante espacio de Subaru donde vas a conocer todo sobre nuestros coches y las experiencias que vivimos con ellos. Si est\u00e1s preparado para dejarte seducir por la filosof\u00eda Subaru, qu\u00e9date con nosotros.","publisher":{"@id":"https:\/\/www.subaru.es\/blog\/#organization"},"potentialAction":[{"@type":"SearchAction","target":{"@type":"EntryPoint","urlTemplate":"https:\/\/www.subaru.es\/blog\/?s={search_term_string}"},"query-input":{"@type":"PropertyValueSpecification","valueRequired":true,"valueName":"search_term_string"}}],"inLanguage":"es"},{"@type":"Organization","@id":"https:\/\/www.subaru.es\/blog\/#organization","name":"Subaru Espa\u00f1a S.A.","url":"https:\/\/www.subaru.es\/blog\/","logo":{"@type":"ImageObject","inLanguage":"es","@id":"https:\/\/www.subaru.es\/blog\/#\/schema\/logo\/image\/","url":"https:\/\/www.subaru.es\/blog\/wp-content\/uploads\/2016\/12\/Logo-Subaru-TypeV_C300-scaled.jpg","contentUrl":"https:\/\/www.subaru.es\/blog\/wp-content\/uploads\/2016\/12\/Logo-Subaru-TypeV_C300-scaled.jpg","width":2560,"height":1864,"caption":"Subaru Espa\u00f1a S.A."},"image":{"@id":"https:\/\/www.subaru.es\/blog\/#\/schema\/logo\/image\/"},"sameAs":["https:\/\/www.facebook.com\/subaruespana","https:\/\/www.instagram.com\/subarues\/","https:\/\/www.youtube.com\/user\/subaruespana"]},{"@type":"Person","@id":"https:\/\/www.subaru.es\/blog\/#\/schema\/person\/19a90b892230b8e0ec752704ddf4aa10","name":"Subaru","url":"https:\/\/www.subaru.es\/blog\/author\/subaria\/"}]}},"_links":{"self":[{"href":"https:\/\/www.subaru.es\/blog\/wp-json\/wp\/v2\/posts\/8692","targetHints":{"allow":["GET"]}}],"collection":[{"href":"https:\/\/www.subaru.es\/blog\/wp-json\/wp\/v2\/posts"}],"about":[{"href":"https:\/\/www.subaru.es\/blog\/wp-json\/wp\/v2\/types\/post"}],"author":[{"embeddable":true,"href":"https:\/\/www.subaru.es\/blog\/wp-json\/wp\/v2\/users\/21"}],"replies":[{"embeddable":true,"href":"https:\/\/www.subaru.es\/blog\/wp-json\/wp\/v2\/comments?post=8692"}],"version-history":[{"count":1,"href":"https:\/\/www.subaru.es\/blog\/wp-json\/wp\/v2\/posts\/8692\/revisions"}],"predecessor-version":[{"id":14798,"href":"https:\/\/www.subaru.es\/blog\/wp-json\/wp\/v2\/posts\/8692\/revisions\/14798"}],"wp:featuredmedia":[{"embeddable":true,"href":"https:\/\/www.subaru.es\/blog\/wp-json\/wp\/v2\/media\/8693"}],"wp:attachment":[{"href":"https:\/\/www.subaru.es\/blog\/wp-json\/wp\/v2\/media?parent=8692"}],"wp:term":[{"taxonomy":"category","embeddable":true,"href":"https:\/\/www.subaru.es\/blog\/wp-json\/wp\/v2\/categories?post=8692"},{"taxonomy":"post_tag","embeddable":true,"href":"https:\/\/www.subaru.es\/blog\/wp-json\/wp\/v2\/tags?post=8692"}],"curies":[{"name":"wp","href":"https:\/\/api.w.org\/{rel}","templated":true}]}}