{"id":8642,"date":"2013-06-03T18:17:12","date_gmt":"2013-06-03T16:17:12","guid":{"rendered":"http:\/\/subaru.preproduccion.com\/blog\/?p=8642"},"modified":"2016-10-17T15:07:25","modified_gmt":"2016-10-17T13:07:25","slug":"peatonito-el-defensor-de-los-viandantes-mexicanos","status":"publish","type":"post","link":"https:\/\/www.subaru.es\/blog\/nuestra-marca\/peatonito-el-defensor-de-los-viandantes-mexicanos\/","title":{"rendered":"Peat\u00f3nito, el defensor de los viandantes mexicanos"},"content":{"rendered":"<p><iframe width=\"640\" height=\"360\" data-src=\"http:\/\/www.youtube.com\/embed\/J4KLlvQIzfM?rel=0\" frameborder=\"0\" allowfullscreen src=\"data:image\/svg+xml;base64,PHN2ZyB3aWR0aD0iMSIgaGVpZ2h0PSIxIiB4bWxucz0iaHR0cDovL3d3dy53My5vcmcvMjAwMC9zdmciPjwvc3ZnPg==\" class=\"lazyload\" data-load-mode=\"1\"><\/iframe><\/p>\n<p>Desde un pa\u00eds tan lejos como <strong>M\u00e9xico <\/strong>nos llega una iniciativa personal relacionada con la <strong>Seguridad Vial<\/strong> por la cual no podemos hacer otra cosa que ponernos en pie y aplaudir. La mayor\u00eda hemos visto o hemos le\u00eddo que en asuntos de la seguridad en las carreteras y ciudades, los pa\u00edses sudamericanos tienen un largo trecho que recorrer pero para que este camino sea m\u00e1s f\u00e1cil, surge <strong>Peat\u00f3nito<\/strong>.<\/p>\n<p>Y es que ya de por s\u00ed es largo y tortuoso ya que al propio problema que lleva intr\u00ednseca cualquier tema relacionado con el tr\u00e1fico y sus consecuencias, se une que adem\u00e1s <strong>all\u00ed las autoridades no incluyen entre sus prioridades<\/strong> hacer entornos m\u00e1s seguros para todos.<\/p>\n<p><!--more--><\/p>\n<p>Con tal panorama desalentador, <strong>Peat\u00f3nito <\/strong>llega un paso m\u00e1s all\u00e1 del punto al que todos nos hemos plantado alguna vez. Ese en el que nos decimos: <strong>por qu\u00e9 no me tomar\u00e9 la justicia de mi mano<\/strong>. Pues \u00e9l lo ha hecho, pero adem\u00e1s en todas las facetas de ayuda al peat\u00f3n.<\/p>\n<p>Su labor es <strong>concienciar y corregir los malos h\u00e1bitos de los conductores<\/strong> porque no todos los peatones son conductores pero s\u00ed todos los conductores son peatones. Y as\u00ed, poni\u00e9ndoles en su lugar y mostr\u00e1ndoles lo que el dice el reglamento, intentar que no vuelvan a cometer los mismos errores.<\/p>\n<p>Pero adem\u00e1s, su labor tambi\u00e9n est\u00e1 en la b\u00fasqueda de elementos viarios que pueden ser peligrosos para los viandantes, desde restos de postes y otros objetos hasta tapas de alcantarillado que no existen, o mantenimiento de las se\u00f1ales viarias que indican d\u00f3nde se encuentran o mejor dicho d\u00f3nde se encontraban los pasos de peatones.<\/p>\n<p>Lo mejor, la propia frase con la que <strong>Peat\u00f3nito<\/strong> resume su propia iniciativa:<\/p>\n<blockquote><p>Buscamos imponer sanciones morales como alternativa a un sistema policiaco corrupto que no pone multas. Algo sencillo y divertido que se comprenda por los automovilistas.<\/p><\/blockquote>\n<p>Repito, una iniciativa que habr\u00eda que aplaudir hasta que nos doliesen las manos. Y sobre todo, como conductores, que nos pongamos en la situaci\u00f3n de los dem\u00e1s. Esto nos har\u00e1 ser mejores conductores y sobre todo, <strong>mejores ciudadanos<\/strong>.<\/p>\n<p>V\u00eda | <a href=\"http:\/\/www.circulaseguro.com\/educacion-vial\/peatonito-y-la-iniciativa-personal\">Circula Seguro<\/a><\/p>\n","protected":false},"excerpt":{"rendered":"<p>Desde un pa\u00eds tan lejos como M\u00e9xico nos llega una iniciativa personal relacionada con la Seguridad Vial por la cual no podemos hacer otra cosa que ponernos en pie y aplaudir. La mayor\u00eda hemos visto o hemos le\u00eddo que en asuntos de la seguridad en las carreteras y ciudades, los pa\u00edses sudamericanos tienen un largo [&hellip;]<\/p>\n","protected":false},"author":21,"featured_media":0,"comment_status":"open","ping_status":"open","sticky":false,"template":"","format":"standard","meta":{"_acf_changed":false,"_eb_attr":"","inline_featured_image":false,"footnotes":""},"categories":[4401],"tags":[279,2781,4177,411],"class_list":["post-8642","post","type-post","status-publish","format-standard","hentry","category-nuestra-marca","tag-mexico","tag-peatones","tag-peatonito","tag-seguridad-vial"],"acf":[],"yoast_head":"<!-- This site is optimized with the Yoast SEO plugin v27.3 - https:\/\/yoast.com\/product\/yoast-seo-wordpress\/ -->\n<title>Peat\u00f3nito, el defensor de los viandantes mexicanos - Universo Subaru<\/title>\n<meta name=\"robots\" content=\"index, follow, max-snippet:-1, max-image-preview:large, max-video-preview:-1\" \/>\n<link rel=\"canonical\" href=\"https:\/\/www.subaru.es\/blog\/nuestra-marca\/peatonito-el-defensor-de-los-viandantes-mexicanos\/\" \/>\n<meta property=\"og:locale\" content=\"es_ES\" \/>\n<meta property=\"og:type\" content=\"article\" \/>\n<meta property=\"og:title\" content=\"Peat\u00f3nito, el defensor de los viandantes mexicanos - Universo Subaru\" \/>\n<meta property=\"og:description\" content=\"Desde un pa\u00eds tan lejos como M\u00e9xico nos llega una iniciativa personal relacionada con la Seguridad Vial por la cual no podemos hacer otra cosa que ponernos en pie y aplaudir. La mayor\u00eda hemos visto o hemos le\u00eddo que en asuntos de la seguridad en las carreteras y ciudades, los pa\u00edses sudamericanos tienen un largo [&hellip;]\" \/>\n<meta property=\"og:url\" content=\"https:\/\/www.subaru.es\/blog\/nuestra-marca\/peatonito-el-defensor-de-los-viandantes-mexicanos\/\" \/>\n<meta property=\"og:site_name\" content=\"Universo Subaru\" \/>\n<meta property=\"article:publisher\" content=\"https:\/\/www.facebook.com\/subaruespana\" \/>\n<meta property=\"article:published_time\" content=\"2013-06-03T16:17:12+00:00\" \/>\n<meta property=\"article:modified_time\" content=\"2016-10-17T13:07:25+00:00\" \/>\n<meta name=\"author\" content=\"Subaru\" \/>\n<meta name=\"twitter:card\" content=\"summary_large_image\" \/>\n<meta name=\"twitter:label1\" content=\"Escrito por\" \/>\n\t<meta name=\"twitter:data1\" content=\"Subaru\" \/>\n\t<meta name=\"twitter:label2\" content=\"Tiempo de lectura\" \/>\n\t<meta name=\"twitter:data2\" content=\"2 minutos\" \/>\n<script type=\"application\/ld+json\" class=\"yoast-schema-graph\">{\"@context\":\"https:\\\/\\\/schema.org\",\"@graph\":[{\"@type\":\"Article\",\"@id\":\"https:\\\/\\\/www.subaru.es\\\/blog\\\/nuestra-marca\\\/peatonito-el-defensor-de-los-viandantes-mexicanos\\\/#article\",\"isPartOf\":{\"@id\":\"https:\\\/\\\/www.subaru.es\\\/blog\\\/nuestra-marca\\\/peatonito-el-defensor-de-los-viandantes-mexicanos\\\/\"},\"author\":{\"name\":\"Subaru\",\"@id\":\"https:\\\/\\\/www.subaru.es\\\/blog\\\/#\\\/schema\\\/person\\\/19a90b892230b8e0ec752704ddf4aa10\"},\"headline\":\"Peat\u00f3nito, el defensor de los viandantes mexicanos\",\"datePublished\":\"2013-06-03T16:17:12+00:00\",\"dateModified\":\"2016-10-17T13:07:25+00:00\",\"mainEntityOfPage\":{\"@id\":\"https:\\\/\\\/www.subaru.es\\\/blog\\\/nuestra-marca\\\/peatonito-el-defensor-de-los-viandantes-mexicanos\\\/\"},\"wordCount\":385,\"commentCount\":0,\"publisher\":{\"@id\":\"https:\\\/\\\/www.subaru.es\\\/blog\\\/#organization\"},\"keywords\":[\"m\u00e9xico\",\"peatones\",\"peat\u00f3nito\",\"seguridad vial\"],\"articleSection\":[\"Nuestra marca\"],\"inLanguage\":\"es\",\"potentialAction\":[{\"@type\":\"CommentAction\",\"name\":\"Comment\",\"target\":[\"https:\\\/\\\/www.subaru.es\\\/blog\\\/nuestra-marca\\\/peatonito-el-defensor-de-los-viandantes-mexicanos\\\/#respond\"]}]},{\"@type\":\"WebPage\",\"@id\":\"https:\\\/\\\/www.subaru.es\\\/blog\\\/nuestra-marca\\\/peatonito-el-defensor-de-los-viandantes-mexicanos\\\/\",\"url\":\"https:\\\/\\\/www.subaru.es\\\/blog\\\/nuestra-marca\\\/peatonito-el-defensor-de-los-viandantes-mexicanos\\\/\",\"name\":\"Peat\u00f3nito, el defensor de los viandantes mexicanos - Universo Subaru\",\"isPartOf\":{\"@id\":\"https:\\\/\\\/www.subaru.es\\\/blog\\\/#website\"},\"datePublished\":\"2013-06-03T16:17:12+00:00\",\"dateModified\":\"2016-10-17T13:07:25+00:00\",\"breadcrumb\":{\"@id\":\"https:\\\/\\\/www.subaru.es\\\/blog\\\/nuestra-marca\\\/peatonito-el-defensor-de-los-viandantes-mexicanos\\\/#breadcrumb\"},\"inLanguage\":\"es\",\"potentialAction\":[{\"@type\":\"ReadAction\",\"target\":[\"https:\\\/\\\/www.subaru.es\\\/blog\\\/nuestra-marca\\\/peatonito-el-defensor-de-los-viandantes-mexicanos\\\/\"]}]},{\"@type\":\"BreadcrumbList\",\"@id\":\"https:\\\/\\\/www.subaru.es\\\/blog\\\/nuestra-marca\\\/peatonito-el-defensor-de-los-viandantes-mexicanos\\\/#breadcrumb\",\"itemListElement\":[{\"@type\":\"ListItem\",\"position\":1,\"name\":\"Portada\",\"item\":\"https:\\\/\\\/www.subaru.es\\\/blog\\\/\"},{\"@type\":\"ListItem\",\"position\":2,\"name\":\"Peat\u00f3nito, el defensor de los viandantes mexicanos\"}]},{\"@type\":\"WebSite\",\"@id\":\"https:\\\/\\\/www.subaru.es\\\/blog\\\/#website\",\"url\":\"https:\\\/\\\/www.subaru.es\\\/blog\\\/\",\"name\":\"Universo Subaru\",\"description\":\"Descubre este apasionante espacio de Subaru donde vas a conocer todo sobre nuestros coches y las experiencias que vivimos con ellos. Si est\u00e1s preparado para dejarte seducir por la filosof\u00eda Subaru, qu\u00e9date con nosotros.\",\"publisher\":{\"@id\":\"https:\\\/\\\/www.subaru.es\\\/blog\\\/#organization\"},\"potentialAction\":[{\"@type\":\"SearchAction\",\"target\":{\"@type\":\"EntryPoint\",\"urlTemplate\":\"https:\\\/\\\/www.subaru.es\\\/blog\\\/?s={search_term_string}\"},\"query-input\":{\"@type\":\"PropertyValueSpecification\",\"valueRequired\":true,\"valueName\":\"search_term_string\"}}],\"inLanguage\":\"es\"},{\"@type\":\"Organization\",\"@id\":\"https:\\\/\\\/www.subaru.es\\\/blog\\\/#organization\",\"name\":\"Subaru Espa\u00f1a S.A.\",\"url\":\"https:\\\/\\\/www.subaru.es\\\/blog\\\/\",\"logo\":{\"@type\":\"ImageObject\",\"inLanguage\":\"es\",\"@id\":\"https:\\\/\\\/www.subaru.es\\\/blog\\\/#\\\/schema\\\/logo\\\/image\\\/\",\"url\":\"https:\\\/\\\/www.subaru.es\\\/blog\\\/wp-content\\\/uploads\\\/2016\\\/12\\\/Logo-Subaru-TypeV_C300-scaled.jpg\",\"contentUrl\":\"https:\\\/\\\/www.subaru.es\\\/blog\\\/wp-content\\\/uploads\\\/2016\\\/12\\\/Logo-Subaru-TypeV_C300-scaled.jpg\",\"width\":2560,\"height\":1864,\"caption\":\"Subaru Espa\u00f1a S.A.\"},\"image\":{\"@id\":\"https:\\\/\\\/www.subaru.es\\\/blog\\\/#\\\/schema\\\/logo\\\/image\\\/\"},\"sameAs\":[\"https:\\\/\\\/www.facebook.com\\\/subaruespana\",\"https:\\\/\\\/www.instagram.com\\\/subarues\\\/\",\"https:\\\/\\\/www.youtube.com\\\/user\\\/subaruespana\"]},{\"@type\":\"Person\",\"@id\":\"https:\\\/\\\/www.subaru.es\\\/blog\\\/#\\\/schema\\\/person\\\/19a90b892230b8e0ec752704ddf4aa10\",\"name\":\"Subaru\",\"url\":\"https:\\\/\\\/www.subaru.es\\\/blog\\\/author\\\/subaria\\\/\"}]}<\/script>\n<!-- \/ Yoast SEO plugin. -->","yoast_head_json":{"title":"Peat\u00f3nito, el defensor de los viandantes mexicanos - Universo Subaru","robots":{"index":"index","follow":"follow","max-snippet":"max-snippet:-1","max-image-preview":"max-image-preview:large","max-video-preview":"max-video-preview:-1"},"canonical":"https:\/\/www.subaru.es\/blog\/nuestra-marca\/peatonito-el-defensor-de-los-viandantes-mexicanos\/","og_locale":"es_ES","og_type":"article","og_title":"Peat\u00f3nito, el defensor de los viandantes mexicanos - Universo Subaru","og_description":"Desde un pa\u00eds tan lejos como M\u00e9xico nos llega una iniciativa personal relacionada con la Seguridad Vial por la cual no podemos hacer otra cosa que ponernos en pie y aplaudir. La mayor\u00eda hemos visto o hemos le\u00eddo que en asuntos de la seguridad en las carreteras y ciudades, los pa\u00edses sudamericanos tienen un largo [&hellip;]","og_url":"https:\/\/www.subaru.es\/blog\/nuestra-marca\/peatonito-el-defensor-de-los-viandantes-mexicanos\/","og_site_name":"Universo Subaru","article_publisher":"https:\/\/www.facebook.com\/subaruespana","article_published_time":"2013-06-03T16:17:12+00:00","article_modified_time":"2016-10-17T13:07:25+00:00","author":"Subaru","twitter_card":"summary_large_image","twitter_misc":{"Escrito por":"Subaru","Tiempo de lectura":"2 minutos"},"schema":{"@context":"https:\/\/schema.org","@graph":[{"@type":"Article","@id":"https:\/\/www.subaru.es\/blog\/nuestra-marca\/peatonito-el-defensor-de-los-viandantes-mexicanos\/#article","isPartOf":{"@id":"https:\/\/www.subaru.es\/blog\/nuestra-marca\/peatonito-el-defensor-de-los-viandantes-mexicanos\/"},"author":{"name":"Subaru","@id":"https:\/\/www.subaru.es\/blog\/#\/schema\/person\/19a90b892230b8e0ec752704ddf4aa10"},"headline":"Peat\u00f3nito, el defensor de los viandantes mexicanos","datePublished":"2013-06-03T16:17:12+00:00","dateModified":"2016-10-17T13:07:25+00:00","mainEntityOfPage":{"@id":"https:\/\/www.subaru.es\/blog\/nuestra-marca\/peatonito-el-defensor-de-los-viandantes-mexicanos\/"},"wordCount":385,"commentCount":0,"publisher":{"@id":"https:\/\/www.subaru.es\/blog\/#organization"},"keywords":["m\u00e9xico","peatones","peat\u00f3nito","seguridad vial"],"articleSection":["Nuestra marca"],"inLanguage":"es","potentialAction":[{"@type":"CommentAction","name":"Comment","target":["https:\/\/www.subaru.es\/blog\/nuestra-marca\/peatonito-el-defensor-de-los-viandantes-mexicanos\/#respond"]}]},{"@type":"WebPage","@id":"https:\/\/www.subaru.es\/blog\/nuestra-marca\/peatonito-el-defensor-de-los-viandantes-mexicanos\/","url":"https:\/\/www.subaru.es\/blog\/nuestra-marca\/peatonito-el-defensor-de-los-viandantes-mexicanos\/","name":"Peat\u00f3nito, el defensor de los viandantes mexicanos - Universo Subaru","isPartOf":{"@id":"https:\/\/www.subaru.es\/blog\/#website"},"datePublished":"2013-06-03T16:17:12+00:00","dateModified":"2016-10-17T13:07:25+00:00","breadcrumb":{"@id":"https:\/\/www.subaru.es\/blog\/nuestra-marca\/peatonito-el-defensor-de-los-viandantes-mexicanos\/#breadcrumb"},"inLanguage":"es","potentialAction":[{"@type":"ReadAction","target":["https:\/\/www.subaru.es\/blog\/nuestra-marca\/peatonito-el-defensor-de-los-viandantes-mexicanos\/"]}]},{"@type":"BreadcrumbList","@id":"https:\/\/www.subaru.es\/blog\/nuestra-marca\/peatonito-el-defensor-de-los-viandantes-mexicanos\/#breadcrumb","itemListElement":[{"@type":"ListItem","position":1,"name":"Portada","item":"https:\/\/www.subaru.es\/blog\/"},{"@type":"ListItem","position":2,"name":"Peat\u00f3nito, el defensor de los viandantes mexicanos"}]},{"@type":"WebSite","@id":"https:\/\/www.subaru.es\/blog\/#website","url":"https:\/\/www.subaru.es\/blog\/","name":"Universo Subaru","description":"Descubre este apasionante espacio de Subaru donde vas a conocer todo sobre nuestros coches y las experiencias que vivimos con ellos. Si est\u00e1s preparado para dejarte seducir por la filosof\u00eda Subaru, qu\u00e9date con nosotros.","publisher":{"@id":"https:\/\/www.subaru.es\/blog\/#organization"},"potentialAction":[{"@type":"SearchAction","target":{"@type":"EntryPoint","urlTemplate":"https:\/\/www.subaru.es\/blog\/?s={search_term_string}"},"query-input":{"@type":"PropertyValueSpecification","valueRequired":true,"valueName":"search_term_string"}}],"inLanguage":"es"},{"@type":"Organization","@id":"https:\/\/www.subaru.es\/blog\/#organization","name":"Subaru Espa\u00f1a S.A.","url":"https:\/\/www.subaru.es\/blog\/","logo":{"@type":"ImageObject","inLanguage":"es","@id":"https:\/\/www.subaru.es\/blog\/#\/schema\/logo\/image\/","url":"https:\/\/www.subaru.es\/blog\/wp-content\/uploads\/2016\/12\/Logo-Subaru-TypeV_C300-scaled.jpg","contentUrl":"https:\/\/www.subaru.es\/blog\/wp-content\/uploads\/2016\/12\/Logo-Subaru-TypeV_C300-scaled.jpg","width":2560,"height":1864,"caption":"Subaru Espa\u00f1a S.A."},"image":{"@id":"https:\/\/www.subaru.es\/blog\/#\/schema\/logo\/image\/"},"sameAs":["https:\/\/www.facebook.com\/subaruespana","https:\/\/www.instagram.com\/subarues\/","https:\/\/www.youtube.com\/user\/subaruespana"]},{"@type":"Person","@id":"https:\/\/www.subaru.es\/blog\/#\/schema\/person\/19a90b892230b8e0ec752704ddf4aa10","name":"Subaru","url":"https:\/\/www.subaru.es\/blog\/author\/subaria\/"}]}},"_links":{"self":[{"href":"https:\/\/www.subaru.es\/blog\/wp-json\/wp\/v2\/posts\/8642","targetHints":{"allow":["GET"]}}],"collection":[{"href":"https:\/\/www.subaru.es\/blog\/wp-json\/wp\/v2\/posts"}],"about":[{"href":"https:\/\/www.subaru.es\/blog\/wp-json\/wp\/v2\/types\/post"}],"author":[{"embeddable":true,"href":"https:\/\/www.subaru.es\/blog\/wp-json\/wp\/v2\/users\/21"}],"replies":[{"embeddable":true,"href":"https:\/\/www.subaru.es\/blog\/wp-json\/wp\/v2\/comments?post=8642"}],"version-history":[{"count":1,"href":"https:\/\/www.subaru.es\/blog\/wp-json\/wp\/v2\/posts\/8642\/revisions"}],"predecessor-version":[{"id":16048,"href":"https:\/\/www.subaru.es\/blog\/wp-json\/wp\/v2\/posts\/8642\/revisions\/16048"}],"wp:attachment":[{"href":"https:\/\/www.subaru.es\/blog\/wp-json\/wp\/v2\/media?parent=8642"}],"wp:term":[{"taxonomy":"category","embeddable":true,"href":"https:\/\/www.subaru.es\/blog\/wp-json\/wp\/v2\/categories?post=8642"},{"taxonomy":"post_tag","embeddable":true,"href":"https:\/\/www.subaru.es\/blog\/wp-json\/wp\/v2\/tags?post=8642"}],"curies":[{"name":"wp","href":"https:\/\/api.w.org\/{rel}","templated":true}]}}