{"id":857,"date":"2008-04-23T10:03:44","date_gmt":"2008-04-23T08:03:44","guid":{"rendered":"http:\/\/subaru.preproduccion.com\/blog\/wp-content\/2008\/04\/23\/angel-bartolome-segundo-impreza-en-el-rally-mobil-de-chile\/"},"modified":"2020-08-06T11:49:07","modified_gmt":"2020-08-06T09:49:07","slug":"angel-bartolome-segundo-impreza-en-el-rally-mobil-de-chile","status":"publish","type":"post","link":"https:\/\/www.subaru.es\/blog\/nuestra-marca\/angel-bartolome-segundo-impreza-en-el-rally-mobil-de-chile\/","title":{"rendered":"\u00c1ngel Bartolom\u00e9, segundo Impreza en el Rally Mobil de Chile"},"content":{"rendered":"<p>El piloto chileno \u00c1ngel Bartolom\u00e9 se une a <a href=\"https:\/\/www.subaru.es\/blog\/2007\/10\/04\/chile-vibra-con-enzo-innocenti-al-asalto-del-titulo\/\">Enzo Innocenti<\/a> en la flota Subaru, al asalto del <a href=\"http:\/\/www.rallymobil.cl\">Rally Mobil 2008<\/a> en la categor\u00eda N4. La prueba de rallyes m\u00e1s popular de Chile coloc\u00f3 a Innocenti <strong>subcampe\u00f3n en Valdivia 2007<\/strong> (en el v\u00eddeo).<\/p>\n<p><center><object width=\"425\" height=\"355\"><param name=\"movie\" value=\"http:\/\/www.youtube.com\/v\/ZTW_5g-h2zI&#038;hl=en\"><\/param><param name=\"wmode\" value=\"transparent\"><\/param><embed src=\"http:\/\/www.youtube.com\/v\/ZTW_5g-h2zI&#038;hl=en\" type=\"application\/x-shockwave-flash\" wmode=\"transparent\" width=\"425\" height=\"355\"><\/embed><\/object><\/center><\/p>\n<p>Este a\u00f1o, \u00c1ngel Bartolom\u00e9 asume tambi\u00e9n el reto de conducir un <strong>Impreza STI<\/strong> desde el desierto m\u00e1s \u00e1rido del mundo hasta el sur m\u00e1s austral del planeta.<\/p>\n","protected":false},"excerpt":{"rendered":"<p>El piloto chileno \u00c1ngel Bartolom\u00e9 se une a Enzo Innocenti en la flota Subaru, al asalto del Rally Mobil 2008 en la categor\u00eda N4. La prueba de rallyes m\u00e1s popular de Chile coloc\u00f3 a Innocenti subcampe\u00f3n en Valdivia 2007 (en el v\u00eddeo). Este a\u00f1o, \u00c1ngel Bartolom\u00e9 asume tambi\u00e9n el reto de conducir un Impreza STI [&hellip;]<\/p>\n","protected":false},"author":21,"featured_media":0,"comment_status":"open","ping_status":"open","sticky":false,"template":"","format":"standard","meta":{"_acf_changed":false,"_eb_attr":"","inline_featured_image":false,"footnotes":""},"categories":[4401],"tags":[531,534,533,10,535,532,43],"class_list":["post-857","post","type-post","status-publish","format-standard","hentry","category-nuestra-marca","tag-angel-bartolome","tag-chile","tag-enzo","tag-impreza","tag-innocenti","tag-mobil","tag-rally"],"acf":[],"yoast_head":"<!-- This site is optimized with the Yoast SEO plugin v27.3 - https:\/\/yoast.com\/product\/yoast-seo-wordpress\/ -->\n<title>\u00c1ngel Bartolom\u00e9, segundo Impreza en el Rally Mobil de Chile - Universo Subaru<\/title>\n<meta name=\"robots\" content=\"index, follow, max-snippet:-1, max-image-preview:large, max-video-preview:-1\" \/>\n<link rel=\"canonical\" href=\"https:\/\/www.subaru.es\/blog\/nuestra-marca\/angel-bartolome-segundo-impreza-en-el-rally-mobil-de-chile\/\" \/>\n<meta property=\"og:locale\" content=\"es_ES\" \/>\n<meta property=\"og:type\" content=\"article\" \/>\n<meta property=\"og:title\" content=\"\u00c1ngel Bartolom\u00e9, segundo Impreza en el Rally Mobil de Chile - Universo Subaru\" \/>\n<meta property=\"og:description\" content=\"El piloto chileno \u00c1ngel Bartolom\u00e9 se une a Enzo Innocenti en la flota Subaru, al asalto del Rally Mobil 2008 en la categor\u00eda N4. La prueba de rallyes m\u00e1s popular de Chile coloc\u00f3 a Innocenti subcampe\u00f3n en Valdivia 2007 (en el v\u00eddeo). Este a\u00f1o, \u00c1ngel Bartolom\u00e9 asume tambi\u00e9n el reto de conducir un Impreza STI [&hellip;]\" \/>\n<meta property=\"og:url\" content=\"https:\/\/www.subaru.es\/blog\/nuestra-marca\/angel-bartolome-segundo-impreza-en-el-rally-mobil-de-chile\/\" \/>\n<meta property=\"og:site_name\" content=\"Universo Subaru\" \/>\n<meta property=\"article:publisher\" content=\"https:\/\/www.facebook.com\/subaruespana\" \/>\n<meta property=\"article:published_time\" content=\"2008-04-23T08:03:44+00:00\" \/>\n<meta property=\"article:modified_time\" content=\"2020-08-06T09:49:07+00:00\" \/>\n<meta name=\"author\" content=\"Subaru\" \/>\n<meta name=\"twitter:card\" content=\"summary_large_image\" \/>\n<meta name=\"twitter:label1\" content=\"Escrito por\" \/>\n\t<meta name=\"twitter:data1\" content=\"Subaru\" \/>\n<script type=\"application\/ld+json\" class=\"yoast-schema-graph\">{\"@context\":\"https:\\\/\\\/schema.org\",\"@graph\":[{\"@type\":\"Article\",\"@id\":\"https:\\\/\\\/www.subaru.es\\\/blog\\\/nuestra-marca\\\/angel-bartolome-segundo-impreza-en-el-rally-mobil-de-chile\\\/#article\",\"isPartOf\":{\"@id\":\"https:\\\/\\\/www.subaru.es\\\/blog\\\/nuestra-marca\\\/angel-bartolome-segundo-impreza-en-el-rally-mobil-de-chile\\\/\"},\"author\":{\"name\":\"Subaru\",\"@id\":\"https:\\\/\\\/www.subaru.es\\\/blog\\\/#\\\/schema\\\/person\\\/19a90b892230b8e0ec752704ddf4aa10\"},\"headline\":\"\u00c1ngel Bartolom\u00e9, segundo Impreza en el Rally Mobil de Chile\",\"datePublished\":\"2008-04-23T08:03:44+00:00\",\"dateModified\":\"2020-08-06T09:49:07+00:00\",\"mainEntityOfPage\":{\"@id\":\"https:\\\/\\\/www.subaru.es\\\/blog\\\/nuestra-marca\\\/angel-bartolome-segundo-impreza-en-el-rally-mobil-de-chile\\\/\"},\"wordCount\":85,\"commentCount\":1,\"publisher\":{\"@id\":\"https:\\\/\\\/www.subaru.es\\\/blog\\\/#organization\"},\"keywords\":[\"angel bartolome\",\"chile\",\"enzo\",\"impreza\",\"innocenti\",\"mobil\",\"rally\"],\"articleSection\":[\"Nuestra marca\"],\"inLanguage\":\"es\",\"potentialAction\":[{\"@type\":\"CommentAction\",\"name\":\"Comment\",\"target\":[\"https:\\\/\\\/www.subaru.es\\\/blog\\\/nuestra-marca\\\/angel-bartolome-segundo-impreza-en-el-rally-mobil-de-chile\\\/#respond\"]}]},{\"@type\":\"WebPage\",\"@id\":\"https:\\\/\\\/www.subaru.es\\\/blog\\\/nuestra-marca\\\/angel-bartolome-segundo-impreza-en-el-rally-mobil-de-chile\\\/\",\"url\":\"https:\\\/\\\/www.subaru.es\\\/blog\\\/nuestra-marca\\\/angel-bartolome-segundo-impreza-en-el-rally-mobil-de-chile\\\/\",\"name\":\"\u00c1ngel Bartolom\u00e9, segundo Impreza en el Rally Mobil de Chile - Universo Subaru\",\"isPartOf\":{\"@id\":\"https:\\\/\\\/www.subaru.es\\\/blog\\\/#website\"},\"datePublished\":\"2008-04-23T08:03:44+00:00\",\"dateModified\":\"2020-08-06T09:49:07+00:00\",\"breadcrumb\":{\"@id\":\"https:\\\/\\\/www.subaru.es\\\/blog\\\/nuestra-marca\\\/angel-bartolome-segundo-impreza-en-el-rally-mobil-de-chile\\\/#breadcrumb\"},\"inLanguage\":\"es\",\"potentialAction\":[{\"@type\":\"ReadAction\",\"target\":[\"https:\\\/\\\/www.subaru.es\\\/blog\\\/nuestra-marca\\\/angel-bartolome-segundo-impreza-en-el-rally-mobil-de-chile\\\/\"]}]},{\"@type\":\"BreadcrumbList\",\"@id\":\"https:\\\/\\\/www.subaru.es\\\/blog\\\/nuestra-marca\\\/angel-bartolome-segundo-impreza-en-el-rally-mobil-de-chile\\\/#breadcrumb\",\"itemListElement\":[{\"@type\":\"ListItem\",\"position\":1,\"name\":\"Portada\",\"item\":\"https:\\\/\\\/www.subaru.es\\\/blog\\\/\"},{\"@type\":\"ListItem\",\"position\":2,\"name\":\"\u00c1ngel Bartolom\u00e9, segundo Impreza en el Rally Mobil de Chile\"}]},{\"@type\":\"WebSite\",\"@id\":\"https:\\\/\\\/www.subaru.es\\\/blog\\\/#website\",\"url\":\"https:\\\/\\\/www.subaru.es\\\/blog\\\/\",\"name\":\"Universo Subaru\",\"description\":\"Descubre este apasionante espacio de Subaru donde vas a conocer todo sobre nuestros coches y las experiencias que vivimos con ellos. Si est\u00e1s preparado para dejarte seducir por la filosof\u00eda Subaru, qu\u00e9date con nosotros.\",\"publisher\":{\"@id\":\"https:\\\/\\\/www.subaru.es\\\/blog\\\/#organization\"},\"potentialAction\":[{\"@type\":\"SearchAction\",\"target\":{\"@type\":\"EntryPoint\",\"urlTemplate\":\"https:\\\/\\\/www.subaru.es\\\/blog\\\/?s={search_term_string}\"},\"query-input\":{\"@type\":\"PropertyValueSpecification\",\"valueRequired\":true,\"valueName\":\"search_term_string\"}}],\"inLanguage\":\"es\"},{\"@type\":\"Organization\",\"@id\":\"https:\\\/\\\/www.subaru.es\\\/blog\\\/#organization\",\"name\":\"Subaru Espa\u00f1a S.A.\",\"url\":\"https:\\\/\\\/www.subaru.es\\\/blog\\\/\",\"logo\":{\"@type\":\"ImageObject\",\"inLanguage\":\"es\",\"@id\":\"https:\\\/\\\/www.subaru.es\\\/blog\\\/#\\\/schema\\\/logo\\\/image\\\/\",\"url\":\"https:\\\/\\\/www.subaru.es\\\/blog\\\/wp-content\\\/uploads\\\/2016\\\/12\\\/Logo-Subaru-TypeV_C300-scaled.jpg\",\"contentUrl\":\"https:\\\/\\\/www.subaru.es\\\/blog\\\/wp-content\\\/uploads\\\/2016\\\/12\\\/Logo-Subaru-TypeV_C300-scaled.jpg\",\"width\":2560,\"height\":1864,\"caption\":\"Subaru Espa\u00f1a S.A.\"},\"image\":{\"@id\":\"https:\\\/\\\/www.subaru.es\\\/blog\\\/#\\\/schema\\\/logo\\\/image\\\/\"},\"sameAs\":[\"https:\\\/\\\/www.facebook.com\\\/subaruespana\",\"https:\\\/\\\/www.instagram.com\\\/subarues\\\/\",\"https:\\\/\\\/www.youtube.com\\\/user\\\/subaruespana\"]},{\"@type\":\"Person\",\"@id\":\"https:\\\/\\\/www.subaru.es\\\/blog\\\/#\\\/schema\\\/person\\\/19a90b892230b8e0ec752704ddf4aa10\",\"name\":\"Subaru\",\"url\":\"https:\\\/\\\/www.subaru.es\\\/blog\\\/author\\\/subaria\\\/\"}]}<\/script>\n<!-- \/ Yoast SEO plugin. -->","yoast_head_json":{"title":"\u00c1ngel Bartolom\u00e9, segundo Impreza en el Rally Mobil de Chile - Universo Subaru","robots":{"index":"index","follow":"follow","max-snippet":"max-snippet:-1","max-image-preview":"max-image-preview:large","max-video-preview":"max-video-preview:-1"},"canonical":"https:\/\/www.subaru.es\/blog\/nuestra-marca\/angel-bartolome-segundo-impreza-en-el-rally-mobil-de-chile\/","og_locale":"es_ES","og_type":"article","og_title":"\u00c1ngel Bartolom\u00e9, segundo Impreza en el Rally Mobil de Chile - Universo Subaru","og_description":"El piloto chileno \u00c1ngel Bartolom\u00e9 se une a Enzo Innocenti en la flota Subaru, al asalto del Rally Mobil 2008 en la categor\u00eda N4. La prueba de rallyes m\u00e1s popular de Chile coloc\u00f3 a Innocenti subcampe\u00f3n en Valdivia 2007 (en el v\u00eddeo). Este a\u00f1o, \u00c1ngel Bartolom\u00e9 asume tambi\u00e9n el reto de conducir un Impreza STI [&hellip;]","og_url":"https:\/\/www.subaru.es\/blog\/nuestra-marca\/angel-bartolome-segundo-impreza-en-el-rally-mobil-de-chile\/","og_site_name":"Universo Subaru","article_publisher":"https:\/\/www.facebook.com\/subaruespana","article_published_time":"2008-04-23T08:03:44+00:00","article_modified_time":"2020-08-06T09:49:07+00:00","author":"Subaru","twitter_card":"summary_large_image","twitter_misc":{"Escrito por":"Subaru"},"schema":{"@context":"https:\/\/schema.org","@graph":[{"@type":"Article","@id":"https:\/\/www.subaru.es\/blog\/nuestra-marca\/angel-bartolome-segundo-impreza-en-el-rally-mobil-de-chile\/#article","isPartOf":{"@id":"https:\/\/www.subaru.es\/blog\/nuestra-marca\/angel-bartolome-segundo-impreza-en-el-rally-mobil-de-chile\/"},"author":{"name":"Subaru","@id":"https:\/\/www.subaru.es\/blog\/#\/schema\/person\/19a90b892230b8e0ec752704ddf4aa10"},"headline":"\u00c1ngel Bartolom\u00e9, segundo Impreza en el Rally Mobil de Chile","datePublished":"2008-04-23T08:03:44+00:00","dateModified":"2020-08-06T09:49:07+00:00","mainEntityOfPage":{"@id":"https:\/\/www.subaru.es\/blog\/nuestra-marca\/angel-bartolome-segundo-impreza-en-el-rally-mobil-de-chile\/"},"wordCount":85,"commentCount":1,"publisher":{"@id":"https:\/\/www.subaru.es\/blog\/#organization"},"keywords":["angel bartolome","chile","enzo","impreza","innocenti","mobil","rally"],"articleSection":["Nuestra marca"],"inLanguage":"es","potentialAction":[{"@type":"CommentAction","name":"Comment","target":["https:\/\/www.subaru.es\/blog\/nuestra-marca\/angel-bartolome-segundo-impreza-en-el-rally-mobil-de-chile\/#respond"]}]},{"@type":"WebPage","@id":"https:\/\/www.subaru.es\/blog\/nuestra-marca\/angel-bartolome-segundo-impreza-en-el-rally-mobil-de-chile\/","url":"https:\/\/www.subaru.es\/blog\/nuestra-marca\/angel-bartolome-segundo-impreza-en-el-rally-mobil-de-chile\/","name":"\u00c1ngel Bartolom\u00e9, segundo Impreza en el Rally Mobil de Chile - Universo Subaru","isPartOf":{"@id":"https:\/\/www.subaru.es\/blog\/#website"},"datePublished":"2008-04-23T08:03:44+00:00","dateModified":"2020-08-06T09:49:07+00:00","breadcrumb":{"@id":"https:\/\/www.subaru.es\/blog\/nuestra-marca\/angel-bartolome-segundo-impreza-en-el-rally-mobil-de-chile\/#breadcrumb"},"inLanguage":"es","potentialAction":[{"@type":"ReadAction","target":["https:\/\/www.subaru.es\/blog\/nuestra-marca\/angel-bartolome-segundo-impreza-en-el-rally-mobil-de-chile\/"]}]},{"@type":"BreadcrumbList","@id":"https:\/\/www.subaru.es\/blog\/nuestra-marca\/angel-bartolome-segundo-impreza-en-el-rally-mobil-de-chile\/#breadcrumb","itemListElement":[{"@type":"ListItem","position":1,"name":"Portada","item":"https:\/\/www.subaru.es\/blog\/"},{"@type":"ListItem","position":2,"name":"\u00c1ngel Bartolom\u00e9, segundo Impreza en el Rally Mobil de Chile"}]},{"@type":"WebSite","@id":"https:\/\/www.subaru.es\/blog\/#website","url":"https:\/\/www.subaru.es\/blog\/","name":"Universo Subaru","description":"Descubre este apasionante espacio de Subaru donde vas a conocer todo sobre nuestros coches y las experiencias que vivimos con ellos. Si est\u00e1s preparado para dejarte seducir por la filosof\u00eda Subaru, qu\u00e9date con nosotros.","publisher":{"@id":"https:\/\/www.subaru.es\/blog\/#organization"},"potentialAction":[{"@type":"SearchAction","target":{"@type":"EntryPoint","urlTemplate":"https:\/\/www.subaru.es\/blog\/?s={search_term_string}"},"query-input":{"@type":"PropertyValueSpecification","valueRequired":true,"valueName":"search_term_string"}}],"inLanguage":"es"},{"@type":"Organization","@id":"https:\/\/www.subaru.es\/blog\/#organization","name":"Subaru Espa\u00f1a S.A.","url":"https:\/\/www.subaru.es\/blog\/","logo":{"@type":"ImageObject","inLanguage":"es","@id":"https:\/\/www.subaru.es\/blog\/#\/schema\/logo\/image\/","url":"https:\/\/www.subaru.es\/blog\/wp-content\/uploads\/2016\/12\/Logo-Subaru-TypeV_C300-scaled.jpg","contentUrl":"https:\/\/www.subaru.es\/blog\/wp-content\/uploads\/2016\/12\/Logo-Subaru-TypeV_C300-scaled.jpg","width":2560,"height":1864,"caption":"Subaru Espa\u00f1a S.A."},"image":{"@id":"https:\/\/www.subaru.es\/blog\/#\/schema\/logo\/image\/"},"sameAs":["https:\/\/www.facebook.com\/subaruespana","https:\/\/www.instagram.com\/subarues\/","https:\/\/www.youtube.com\/user\/subaruespana"]},{"@type":"Person","@id":"https:\/\/www.subaru.es\/blog\/#\/schema\/person\/19a90b892230b8e0ec752704ddf4aa10","name":"Subaru","url":"https:\/\/www.subaru.es\/blog\/author\/subaria\/"}]}},"_links":{"self":[{"href":"https:\/\/www.subaru.es\/blog\/wp-json\/wp\/v2\/posts\/857","targetHints":{"allow":["GET"]}}],"collection":[{"href":"https:\/\/www.subaru.es\/blog\/wp-json\/wp\/v2\/posts"}],"about":[{"href":"https:\/\/www.subaru.es\/blog\/wp-json\/wp\/v2\/types\/post"}],"author":[{"embeddable":true,"href":"https:\/\/www.subaru.es\/blog\/wp-json\/wp\/v2\/users\/21"}],"replies":[{"embeddable":true,"href":"https:\/\/www.subaru.es\/blog\/wp-json\/wp\/v2\/comments?post=857"}],"version-history":[{"count":1,"href":"https:\/\/www.subaru.es\/blog\/wp-json\/wp\/v2\/posts\/857\/revisions"}],"predecessor-version":[{"id":15590,"href":"https:\/\/www.subaru.es\/blog\/wp-json\/wp\/v2\/posts\/857\/revisions\/15590"}],"wp:attachment":[{"href":"https:\/\/www.subaru.es\/blog\/wp-json\/wp\/v2\/media?parent=857"}],"wp:term":[{"taxonomy":"category","embeddable":true,"href":"https:\/\/www.subaru.es\/blog\/wp-json\/wp\/v2\/categories?post=857"},{"taxonomy":"post_tag","embeddable":true,"href":"https:\/\/www.subaru.es\/blog\/wp-json\/wp\/v2\/tags?post=857"}],"curies":[{"name":"wp","href":"https:\/\/api.w.org\/{rel}","templated":true}]}}