{"id":8548,"date":"2013-04-05T10:51:58","date_gmt":"2013-04-05T08:51:58","guid":{"rendered":"http:\/\/subaru.preproduccion.com\/blog\/?p=8548"},"modified":"2016-10-17T15:07:26","modified_gmt":"2016-10-17T13:07:26","slug":"subaru-wrx-concept-y-subaru-xv-crosstrek-hybrid-en-el-salon-de-nueva-york","status":"publish","type":"post","link":"https:\/\/www.subaru.es\/blog\/nuestra-marca\/subaru-wrx-concept-y-subaru-xv-crosstrek-hybrid-en-el-salon-de-nueva-york\/","title":{"rendered":"Subaru WRX Concept y Subaru XV Crosstrek Hybrid en el Sal\u00f3n de Nueva York"},"content":{"rendered":"<p><iframe width=\"560\" height=\"315\" data-src=\"http:\/\/www.youtube.com\/embed\/Qbt8XYTb5_4\" frameborder=\"0\" allowfullscreen src=\"data:image\/svg+xml;base64,PHN2ZyB3aWR0aD0iMSIgaGVpZ2h0PSIxIiB4bWxucz0iaHR0cDovL3d3dy53My5vcmcvMjAwMC9zdmciPjwvc3ZnPg==\" class=\"lazyload\" data-load-mode=\"1\"><\/iframe><\/p>\n<p>El <strong>Sal\u00f3n de Nueva York<\/strong> es otra de las grandes citas anuales del mundo del motor, que se viene celebrando anualmente desde el a\u00f1o 1900. en la edici\u00f3n de este a\u00f1o hemos podido asistir a dos presentaciones espectaculares, como lo son el nuevo <strong>Subaru WRX Concept<\/strong> y el <strong>Subaru XV Crosstrek Hybrid<\/strong>, las dos propuestas de Subaru.<\/p>\n<p>El Sal\u00f3n de Nueva York suele coincidir con la Pascua (Semana Santa), y empieza o bien justo antes, o durante el fin de semana de Pascua, terminando el domingo siguiente, as\u00ed que es un evento con fecha variable. Vamos a ver las dos propuestas de Subaru.<br \/>\n<!--more--><\/p>\n<h2>Subaru WRX Concept<\/h2>\n<p><a href=\"https:\/\/www.subaru.es\/blog\/wp-content\/uploads\/2013\/04\/subaruwrxconcept.jpg\"><img decoding=\"async\" class=\"aligncenter size-full wp-image-8554 lazyload\" title=\"subaruwrxconcept\" data-src=\"https:\/\/www.subaru.es\/blog\/wp-content\/uploads\/2013\/04\/subaruwrxconcept.jpg\" alt=\"\" width=\"600\" height=\"327\" data-srcset=\"https:\/\/www.subaru.es\/blog\/wp-content\/uploads\/2013\/04\/subaruwrxconcept.jpg 600w, https:\/\/www.subaru.es\/blog\/wp-content\/uploads\/2013\/04\/subaruwrxconcept-560x305.jpg 560w\" data-sizes=\"(max-width: 600px) 100vw, 600px\" src=\"data:image\/svg+xml;base64,PHN2ZyB3aWR0aD0iMSIgaGVpZ2h0PSIxIiB4bWxucz0iaHR0cDovL3d3dy53My5vcmcvMjAwMC9zdmciPjwvc3ZnPg==\" style=\"--smush-placeholder-width: 600px; --smush-placeholder-aspect-ratio: 600\/327;\" \/><\/a><\/p>\n<p>Este concept basado en el <strong>Subaru WRX<\/strong> es una apuesta fuerte por la continuidad del modelo, pero introduciendo varias mejoras y propuestas interesantes.<\/p>\n<p>El frontal, por ejemplo, est\u00e1 dise\u00f1ado para transmitir la agresividad y le deportividad que se le supone, y muestra una rejilla hexagonal con patrones de entrelazado en tres dimensiones.<\/p>\n<p>Este <strong>Subaru WRX Concept<\/strong> es m\u00e1s bajo, m\u00e1s liso y elegante, y sobre todo m\u00e1s agresivo. Por si fuera poco, dejando de lado la impresionante estampa exterior del coche, los neum\u00e1ticos que monta son los 245\/40ZR20 Dunlop, con un dibujo de dise\u00f1o exclusivo. Las llantas BBS \u201cRI-D\u201d One Piece Forged Duralumin rematan un conjunto que es impresionante.<\/p>\n<h2>Subaru XV Crosstrek Hybrid<\/h2>\n<p><img decoding=\"async\" class=\"aligncenter size-full wp-image-8555 lazyload\" title=\"subaru hybrid\" data-src=\"https:\/\/www.subaru.es\/blog\/wp-content\/uploads\/2013\/04\/subaru-hybrid.jpg\" alt=\"\" width=\"600\" height=\"323\" data-srcset=\"https:\/\/www.subaru.es\/blog\/wp-content\/uploads\/2013\/04\/subaru-hybrid.jpg 600w, https:\/\/www.subaru.es\/blog\/wp-content\/uploads\/2013\/04\/subaru-hybrid-560x301.jpg 560w\" data-sizes=\"(max-width: 600px) 100vw, 600px\" src=\"data:image\/svg+xml;base64,PHN2ZyB3aWR0aD0iMSIgaGVpZ2h0PSIxIiB4bWxucz0iaHR0cDovL3d3dy53My5vcmcvMjAwMC9zdmciPjwvc3ZnPg==\" style=\"--smush-placeholder-width: 600px; --smush-placeholder-aspect-ratio: 600\/323;\" \/><\/p>\n<p>Este <strong>Subaru XV Crosstrek Hybrid<\/strong> es el primer modelo h\u00edbrido de Subaru que se comercializa. Ya conocemos <a href=\"https:\/\/www.subaru.es\/blog\/subaru\/subaru-viviz-concept-car-conoce-el-crossover-de-generacion-futura-el-motor-hibrido-y-muchas-mas-novedades-de-subaru-en-el-salon-de-ginebra\/\">los planes de Subaru para la tecnolog\u00eda h\u00edbrida<\/a> y sabemos perfectamente que <a href=\"https:\/\/www.subaru.es\/blog\/subaru\/el-primer-subaru-hibrido-esta-listo-para-ser-presentado\/\">el futuro pasa por el coche h\u00edbrido<\/a>, pero eso no es excusa como para no deleitarnos con el nuevo Subaru h\u00edbrido. Aqu\u00ed, en el v\u00eddeo, pod\u00e9is saber m\u00e1s sobre \u00e9l.<\/p>\n<p>M\u00e1s informaci\u00f3n sobre los modelos que Subaru present\u00f3 en el Sal\u00f3n de Nueva York <a href=\"http:\/\/www.subaru-global.com\/2013ny.html\">en el microsite de Subaru Global<\/a>.<\/p>\n","protected":false},"excerpt":{"rendered":"<p>El Sal\u00f3n de Nueva York es otra de las grandes citas anuales del mundo del motor, que se viene celebrando anualmente desde el a\u00f1o 1900. en la edici\u00f3n de este a\u00f1o hemos podido asistir a dos presentaciones espectaculares, como lo son el nuevo Subaru WRX Concept y el Subaru XV Crosstrek Hybrid, las dos propuestas [&hellip;]<\/p>\n","protected":false},"author":21,"featured_media":8554,"comment_status":"open","ping_status":"open","sticky":false,"template":"","format":"standard","meta":{"_acf_changed":false,"_eb_attr":"","inline_featured_image":false,"footnotes":""},"categories":[4401],"tags":[4173,2273,4171,4172],"class_list":["post-8548","post","type-post","status-publish","format-standard","has-post-thumbnail","hentry","category-nuestra-marca","tag-novedades-subaru","tag-salon-de-nueva-york","tag-subaru-wrx-concept","tag-subaru-xv-crosstrek-hybrid"],"acf":[],"yoast_head":"<!-- This site is optimized with the Yoast SEO plugin v27.3 - https:\/\/yoast.com\/product\/yoast-seo-wordpress\/ -->\n<title>Subaru WRX Concept y Subaru XV Crosstrek Hybrid en el Sal\u00f3n de Nueva York - Universo Subaru<\/title>\n<meta name=\"robots\" content=\"index, follow, max-snippet:-1, max-image-preview:large, max-video-preview:-1\" \/>\n<link rel=\"canonical\" href=\"https:\/\/www.subaru.es\/blog\/nuestra-marca\/subaru-wrx-concept-y-subaru-xv-crosstrek-hybrid-en-el-salon-de-nueva-york\/\" \/>\n<meta property=\"og:locale\" content=\"es_ES\" \/>\n<meta property=\"og:type\" content=\"article\" \/>\n<meta property=\"og:title\" content=\"Subaru WRX Concept y Subaru XV Crosstrek Hybrid en el Sal\u00f3n de Nueva York - Universo Subaru\" \/>\n<meta property=\"og:description\" content=\"El Sal\u00f3n de Nueva York es otra de las grandes citas anuales del mundo del motor, que se viene celebrando anualmente desde el a\u00f1o 1900. en la edici\u00f3n de este a\u00f1o hemos podido asistir a dos presentaciones espectaculares, como lo son el nuevo Subaru WRX Concept y el Subaru XV Crosstrek Hybrid, las dos propuestas [&hellip;]\" \/>\n<meta property=\"og:url\" content=\"https:\/\/www.subaru.es\/blog\/nuestra-marca\/subaru-wrx-concept-y-subaru-xv-crosstrek-hybrid-en-el-salon-de-nueva-york\/\" \/>\n<meta property=\"og:site_name\" content=\"Universo Subaru\" \/>\n<meta property=\"article:publisher\" content=\"https:\/\/www.facebook.com\/subaruespana\" \/>\n<meta property=\"article:published_time\" content=\"2013-04-05T08:51:58+00:00\" \/>\n<meta property=\"article:modified_time\" content=\"2016-10-17T13:07:26+00:00\" \/>\n<meta property=\"og:image\" content=\"https:\/\/www.subaru.es\/blog\/wp-content\/uploads\/2013\/04\/subaruwrxconcept.jpg\" \/>\n\t<meta property=\"og:image:width\" content=\"600\" \/>\n\t<meta property=\"og:image:height\" content=\"327\" \/>\n\t<meta property=\"og:image:type\" content=\"image\/jpeg\" \/>\n<meta name=\"author\" content=\"Subaru\" \/>\n<meta name=\"twitter:card\" content=\"summary_large_image\" \/>\n<meta name=\"twitter:label1\" content=\"Escrito por\" \/>\n\t<meta name=\"twitter:data1\" content=\"Subaru\" \/>\n\t<meta name=\"twitter:label2\" content=\"Tiempo de lectura\" \/>\n\t<meta name=\"twitter:data2\" content=\"2 minutos\" \/>\n<script type=\"application\/ld+json\" class=\"yoast-schema-graph\">{\"@context\":\"https:\\\/\\\/schema.org\",\"@graph\":[{\"@type\":\"Article\",\"@id\":\"https:\\\/\\\/www.subaru.es\\\/blog\\\/nuestra-marca\\\/subaru-wrx-concept-y-subaru-xv-crosstrek-hybrid-en-el-salon-de-nueva-york\\\/#article\",\"isPartOf\":{\"@id\":\"https:\\\/\\\/www.subaru.es\\\/blog\\\/nuestra-marca\\\/subaru-wrx-concept-y-subaru-xv-crosstrek-hybrid-en-el-salon-de-nueva-york\\\/\"},\"author\":{\"name\":\"Subaru\",\"@id\":\"https:\\\/\\\/www.subaru.es\\\/blog\\\/#\\\/schema\\\/person\\\/19a90b892230b8e0ec752704ddf4aa10\"},\"headline\":\"Subaru WRX Concept y Subaru XV Crosstrek Hybrid en el Sal\u00f3n de Nueva York\",\"datePublished\":\"2013-04-05T08:51:58+00:00\",\"dateModified\":\"2016-10-17T13:07:26+00:00\",\"mainEntityOfPage\":{\"@id\":\"https:\\\/\\\/www.subaru.es\\\/blog\\\/nuestra-marca\\\/subaru-wrx-concept-y-subaru-xv-crosstrek-hybrid-en-el-salon-de-nueva-york\\\/\"},\"wordCount\":334,\"commentCount\":0,\"publisher\":{\"@id\":\"https:\\\/\\\/www.subaru.es\\\/blog\\\/#organization\"},\"image\":{\"@id\":\"https:\\\/\\\/www.subaru.es\\\/blog\\\/nuestra-marca\\\/subaru-wrx-concept-y-subaru-xv-crosstrek-hybrid-en-el-salon-de-nueva-york\\\/#primaryimage\"},\"thumbnailUrl\":\"https:\\\/\\\/www.subaru.es\\\/blog\\\/wp-content\\\/uploads\\\/2013\\\/04\\\/subaruwrxconcept.jpg\",\"keywords\":[\"Novedades Subaru\",\"Sal\u00f3n de Nueva York\",\"Subaru WRX Concept\",\"Subaru XV Crosstrek Hybrid\"],\"articleSection\":[\"Nuestra marca\"],\"inLanguage\":\"es\",\"potentialAction\":[{\"@type\":\"CommentAction\",\"name\":\"Comment\",\"target\":[\"https:\\\/\\\/www.subaru.es\\\/blog\\\/nuestra-marca\\\/subaru-wrx-concept-y-subaru-xv-crosstrek-hybrid-en-el-salon-de-nueva-york\\\/#respond\"]}]},{\"@type\":\"WebPage\",\"@id\":\"https:\\\/\\\/www.subaru.es\\\/blog\\\/nuestra-marca\\\/subaru-wrx-concept-y-subaru-xv-crosstrek-hybrid-en-el-salon-de-nueva-york\\\/\",\"url\":\"https:\\\/\\\/www.subaru.es\\\/blog\\\/nuestra-marca\\\/subaru-wrx-concept-y-subaru-xv-crosstrek-hybrid-en-el-salon-de-nueva-york\\\/\",\"name\":\"Subaru WRX Concept y Subaru XV Crosstrek Hybrid en el Sal\u00f3n de Nueva York - Universo Subaru\",\"isPartOf\":{\"@id\":\"https:\\\/\\\/www.subaru.es\\\/blog\\\/#website\"},\"primaryImageOfPage\":{\"@id\":\"https:\\\/\\\/www.subaru.es\\\/blog\\\/nuestra-marca\\\/subaru-wrx-concept-y-subaru-xv-crosstrek-hybrid-en-el-salon-de-nueva-york\\\/#primaryimage\"},\"image\":{\"@id\":\"https:\\\/\\\/www.subaru.es\\\/blog\\\/nuestra-marca\\\/subaru-wrx-concept-y-subaru-xv-crosstrek-hybrid-en-el-salon-de-nueva-york\\\/#primaryimage\"},\"thumbnailUrl\":\"https:\\\/\\\/www.subaru.es\\\/blog\\\/wp-content\\\/uploads\\\/2013\\\/04\\\/subaruwrxconcept.jpg\",\"datePublished\":\"2013-04-05T08:51:58+00:00\",\"dateModified\":\"2016-10-17T13:07:26+00:00\",\"breadcrumb\":{\"@id\":\"https:\\\/\\\/www.subaru.es\\\/blog\\\/nuestra-marca\\\/subaru-wrx-concept-y-subaru-xv-crosstrek-hybrid-en-el-salon-de-nueva-york\\\/#breadcrumb\"},\"inLanguage\":\"es\",\"potentialAction\":[{\"@type\":\"ReadAction\",\"target\":[\"https:\\\/\\\/www.subaru.es\\\/blog\\\/nuestra-marca\\\/subaru-wrx-concept-y-subaru-xv-crosstrek-hybrid-en-el-salon-de-nueva-york\\\/\"]}]},{\"@type\":\"ImageObject\",\"inLanguage\":\"es\",\"@id\":\"https:\\\/\\\/www.subaru.es\\\/blog\\\/nuestra-marca\\\/subaru-wrx-concept-y-subaru-xv-crosstrek-hybrid-en-el-salon-de-nueva-york\\\/#primaryimage\",\"url\":\"https:\\\/\\\/www.subaru.es\\\/blog\\\/wp-content\\\/uploads\\\/2013\\\/04\\\/subaruwrxconcept.jpg\",\"contentUrl\":\"https:\\\/\\\/www.subaru.es\\\/blog\\\/wp-content\\\/uploads\\\/2013\\\/04\\\/subaruwrxconcept.jpg\",\"width\":600,\"height\":327},{\"@type\":\"BreadcrumbList\",\"@id\":\"https:\\\/\\\/www.subaru.es\\\/blog\\\/nuestra-marca\\\/subaru-wrx-concept-y-subaru-xv-crosstrek-hybrid-en-el-salon-de-nueva-york\\\/#breadcrumb\",\"itemListElement\":[{\"@type\":\"ListItem\",\"position\":1,\"name\":\"Portada\",\"item\":\"https:\\\/\\\/www.subaru.es\\\/blog\\\/\"},{\"@type\":\"ListItem\",\"position\":2,\"name\":\"Subaru WRX Concept y Subaru XV Crosstrek Hybrid en el Sal\u00f3n de Nueva York\"}]},{\"@type\":\"WebSite\",\"@id\":\"https:\\\/\\\/www.subaru.es\\\/blog\\\/#website\",\"url\":\"https:\\\/\\\/www.subaru.es\\\/blog\\\/\",\"name\":\"Universo Subaru\",\"description\":\"Descubre este apasionante espacio de Subaru donde vas a conocer todo sobre nuestros coches y las experiencias que vivimos con ellos. Si est\u00e1s preparado para dejarte seducir por la filosof\u00eda Subaru, qu\u00e9date con nosotros.\",\"publisher\":{\"@id\":\"https:\\\/\\\/www.subaru.es\\\/blog\\\/#organization\"},\"potentialAction\":[{\"@type\":\"SearchAction\",\"target\":{\"@type\":\"EntryPoint\",\"urlTemplate\":\"https:\\\/\\\/www.subaru.es\\\/blog\\\/?s={search_term_string}\"},\"query-input\":{\"@type\":\"PropertyValueSpecification\",\"valueRequired\":true,\"valueName\":\"search_term_string\"}}],\"inLanguage\":\"es\"},{\"@type\":\"Organization\",\"@id\":\"https:\\\/\\\/www.subaru.es\\\/blog\\\/#organization\",\"name\":\"Subaru Espa\u00f1a S.A.\",\"url\":\"https:\\\/\\\/www.subaru.es\\\/blog\\\/\",\"logo\":{\"@type\":\"ImageObject\",\"inLanguage\":\"es\",\"@id\":\"https:\\\/\\\/www.subaru.es\\\/blog\\\/#\\\/schema\\\/logo\\\/image\\\/\",\"url\":\"https:\\\/\\\/www.subaru.es\\\/blog\\\/wp-content\\\/uploads\\\/2016\\\/12\\\/Logo-Subaru-TypeV_C300-scaled.jpg\",\"contentUrl\":\"https:\\\/\\\/www.subaru.es\\\/blog\\\/wp-content\\\/uploads\\\/2016\\\/12\\\/Logo-Subaru-TypeV_C300-scaled.jpg\",\"width\":2560,\"height\":1864,\"caption\":\"Subaru Espa\u00f1a S.A.\"},\"image\":{\"@id\":\"https:\\\/\\\/www.subaru.es\\\/blog\\\/#\\\/schema\\\/logo\\\/image\\\/\"},\"sameAs\":[\"https:\\\/\\\/www.facebook.com\\\/subaruespana\",\"https:\\\/\\\/www.instagram.com\\\/subarues\\\/\",\"https:\\\/\\\/www.youtube.com\\\/user\\\/subaruespana\"]},{\"@type\":\"Person\",\"@id\":\"https:\\\/\\\/www.subaru.es\\\/blog\\\/#\\\/schema\\\/person\\\/19a90b892230b8e0ec752704ddf4aa10\",\"name\":\"Subaru\",\"url\":\"https:\\\/\\\/www.subaru.es\\\/blog\\\/author\\\/subaria\\\/\"}]}<\/script>\n<!-- \/ Yoast SEO plugin. -->","yoast_head_json":{"title":"Subaru WRX Concept y Subaru XV Crosstrek Hybrid en el Sal\u00f3n de Nueva York - Universo Subaru","robots":{"index":"index","follow":"follow","max-snippet":"max-snippet:-1","max-image-preview":"max-image-preview:large","max-video-preview":"max-video-preview:-1"},"canonical":"https:\/\/www.subaru.es\/blog\/nuestra-marca\/subaru-wrx-concept-y-subaru-xv-crosstrek-hybrid-en-el-salon-de-nueva-york\/","og_locale":"es_ES","og_type":"article","og_title":"Subaru WRX Concept y Subaru XV Crosstrek Hybrid en el Sal\u00f3n de Nueva York - Universo Subaru","og_description":"El Sal\u00f3n de Nueva York es otra de las grandes citas anuales del mundo del motor, que se viene celebrando anualmente desde el a\u00f1o 1900. en la edici\u00f3n de este a\u00f1o hemos podido asistir a dos presentaciones espectaculares, como lo son el nuevo Subaru WRX Concept y el Subaru XV Crosstrek Hybrid, las dos propuestas [&hellip;]","og_url":"https:\/\/www.subaru.es\/blog\/nuestra-marca\/subaru-wrx-concept-y-subaru-xv-crosstrek-hybrid-en-el-salon-de-nueva-york\/","og_site_name":"Universo Subaru","article_publisher":"https:\/\/www.facebook.com\/subaruespana","article_published_time":"2013-04-05T08:51:58+00:00","article_modified_time":"2016-10-17T13:07:26+00:00","og_image":[{"width":600,"height":327,"url":"https:\/\/www.subaru.es\/blog\/wp-content\/uploads\/2013\/04\/subaruwrxconcept.jpg","type":"image\/jpeg"}],"author":"Subaru","twitter_card":"summary_large_image","twitter_misc":{"Escrito por":"Subaru","Tiempo de lectura":"2 minutos"},"schema":{"@context":"https:\/\/schema.org","@graph":[{"@type":"Article","@id":"https:\/\/www.subaru.es\/blog\/nuestra-marca\/subaru-wrx-concept-y-subaru-xv-crosstrek-hybrid-en-el-salon-de-nueva-york\/#article","isPartOf":{"@id":"https:\/\/www.subaru.es\/blog\/nuestra-marca\/subaru-wrx-concept-y-subaru-xv-crosstrek-hybrid-en-el-salon-de-nueva-york\/"},"author":{"name":"Subaru","@id":"https:\/\/www.subaru.es\/blog\/#\/schema\/person\/19a90b892230b8e0ec752704ddf4aa10"},"headline":"Subaru WRX Concept y Subaru XV Crosstrek Hybrid en el Sal\u00f3n de Nueva York","datePublished":"2013-04-05T08:51:58+00:00","dateModified":"2016-10-17T13:07:26+00:00","mainEntityOfPage":{"@id":"https:\/\/www.subaru.es\/blog\/nuestra-marca\/subaru-wrx-concept-y-subaru-xv-crosstrek-hybrid-en-el-salon-de-nueva-york\/"},"wordCount":334,"commentCount":0,"publisher":{"@id":"https:\/\/www.subaru.es\/blog\/#organization"},"image":{"@id":"https:\/\/www.subaru.es\/blog\/nuestra-marca\/subaru-wrx-concept-y-subaru-xv-crosstrek-hybrid-en-el-salon-de-nueva-york\/#primaryimage"},"thumbnailUrl":"https:\/\/www.subaru.es\/blog\/wp-content\/uploads\/2013\/04\/subaruwrxconcept.jpg","keywords":["Novedades Subaru","Sal\u00f3n de Nueva York","Subaru WRX Concept","Subaru XV Crosstrek Hybrid"],"articleSection":["Nuestra marca"],"inLanguage":"es","potentialAction":[{"@type":"CommentAction","name":"Comment","target":["https:\/\/www.subaru.es\/blog\/nuestra-marca\/subaru-wrx-concept-y-subaru-xv-crosstrek-hybrid-en-el-salon-de-nueva-york\/#respond"]}]},{"@type":"WebPage","@id":"https:\/\/www.subaru.es\/blog\/nuestra-marca\/subaru-wrx-concept-y-subaru-xv-crosstrek-hybrid-en-el-salon-de-nueva-york\/","url":"https:\/\/www.subaru.es\/blog\/nuestra-marca\/subaru-wrx-concept-y-subaru-xv-crosstrek-hybrid-en-el-salon-de-nueva-york\/","name":"Subaru WRX Concept y Subaru XV Crosstrek Hybrid en el Sal\u00f3n de Nueva York - Universo Subaru","isPartOf":{"@id":"https:\/\/www.subaru.es\/blog\/#website"},"primaryImageOfPage":{"@id":"https:\/\/www.subaru.es\/blog\/nuestra-marca\/subaru-wrx-concept-y-subaru-xv-crosstrek-hybrid-en-el-salon-de-nueva-york\/#primaryimage"},"image":{"@id":"https:\/\/www.subaru.es\/blog\/nuestra-marca\/subaru-wrx-concept-y-subaru-xv-crosstrek-hybrid-en-el-salon-de-nueva-york\/#primaryimage"},"thumbnailUrl":"https:\/\/www.subaru.es\/blog\/wp-content\/uploads\/2013\/04\/subaruwrxconcept.jpg","datePublished":"2013-04-05T08:51:58+00:00","dateModified":"2016-10-17T13:07:26+00:00","breadcrumb":{"@id":"https:\/\/www.subaru.es\/blog\/nuestra-marca\/subaru-wrx-concept-y-subaru-xv-crosstrek-hybrid-en-el-salon-de-nueva-york\/#breadcrumb"},"inLanguage":"es","potentialAction":[{"@type":"ReadAction","target":["https:\/\/www.subaru.es\/blog\/nuestra-marca\/subaru-wrx-concept-y-subaru-xv-crosstrek-hybrid-en-el-salon-de-nueva-york\/"]}]},{"@type":"ImageObject","inLanguage":"es","@id":"https:\/\/www.subaru.es\/blog\/nuestra-marca\/subaru-wrx-concept-y-subaru-xv-crosstrek-hybrid-en-el-salon-de-nueva-york\/#primaryimage","url":"https:\/\/www.subaru.es\/blog\/wp-content\/uploads\/2013\/04\/subaruwrxconcept.jpg","contentUrl":"https:\/\/www.subaru.es\/blog\/wp-content\/uploads\/2013\/04\/subaruwrxconcept.jpg","width":600,"height":327},{"@type":"BreadcrumbList","@id":"https:\/\/www.subaru.es\/blog\/nuestra-marca\/subaru-wrx-concept-y-subaru-xv-crosstrek-hybrid-en-el-salon-de-nueva-york\/#breadcrumb","itemListElement":[{"@type":"ListItem","position":1,"name":"Portada","item":"https:\/\/www.subaru.es\/blog\/"},{"@type":"ListItem","position":2,"name":"Subaru WRX Concept y Subaru XV Crosstrek Hybrid en el Sal\u00f3n de Nueva York"}]},{"@type":"WebSite","@id":"https:\/\/www.subaru.es\/blog\/#website","url":"https:\/\/www.subaru.es\/blog\/","name":"Universo Subaru","description":"Descubre este apasionante espacio de Subaru donde vas a conocer todo sobre nuestros coches y las experiencias que vivimos con ellos. Si est\u00e1s preparado para dejarte seducir por la filosof\u00eda Subaru, qu\u00e9date con nosotros.","publisher":{"@id":"https:\/\/www.subaru.es\/blog\/#organization"},"potentialAction":[{"@type":"SearchAction","target":{"@type":"EntryPoint","urlTemplate":"https:\/\/www.subaru.es\/blog\/?s={search_term_string}"},"query-input":{"@type":"PropertyValueSpecification","valueRequired":true,"valueName":"search_term_string"}}],"inLanguage":"es"},{"@type":"Organization","@id":"https:\/\/www.subaru.es\/blog\/#organization","name":"Subaru Espa\u00f1a S.A.","url":"https:\/\/www.subaru.es\/blog\/","logo":{"@type":"ImageObject","inLanguage":"es","@id":"https:\/\/www.subaru.es\/blog\/#\/schema\/logo\/image\/","url":"https:\/\/www.subaru.es\/blog\/wp-content\/uploads\/2016\/12\/Logo-Subaru-TypeV_C300-scaled.jpg","contentUrl":"https:\/\/www.subaru.es\/blog\/wp-content\/uploads\/2016\/12\/Logo-Subaru-TypeV_C300-scaled.jpg","width":2560,"height":1864,"caption":"Subaru Espa\u00f1a S.A."},"image":{"@id":"https:\/\/www.subaru.es\/blog\/#\/schema\/logo\/image\/"},"sameAs":["https:\/\/www.facebook.com\/subaruespana","https:\/\/www.instagram.com\/subarues\/","https:\/\/www.youtube.com\/user\/subaruespana"]},{"@type":"Person","@id":"https:\/\/www.subaru.es\/blog\/#\/schema\/person\/19a90b892230b8e0ec752704ddf4aa10","name":"Subaru","url":"https:\/\/www.subaru.es\/blog\/author\/subaria\/"}]}},"_links":{"self":[{"href":"https:\/\/www.subaru.es\/blog\/wp-json\/wp\/v2\/posts\/8548","targetHints":{"allow":["GET"]}}],"collection":[{"href":"https:\/\/www.subaru.es\/blog\/wp-json\/wp\/v2\/posts"}],"about":[{"href":"https:\/\/www.subaru.es\/blog\/wp-json\/wp\/v2\/types\/post"}],"author":[{"embeddable":true,"href":"https:\/\/www.subaru.es\/blog\/wp-json\/wp\/v2\/users\/21"}],"replies":[{"embeddable":true,"href":"https:\/\/www.subaru.es\/blog\/wp-json\/wp\/v2\/comments?post=8548"}],"version-history":[{"count":1,"href":"https:\/\/www.subaru.es\/blog\/wp-json\/wp\/v2\/posts\/8548\/revisions"}],"predecessor-version":[{"id":14803,"href":"https:\/\/www.subaru.es\/blog\/wp-json\/wp\/v2\/posts\/8548\/revisions\/14803"}],"wp:featuredmedia":[{"embeddable":true,"href":"https:\/\/www.subaru.es\/blog\/wp-json\/wp\/v2\/media\/8554"}],"wp:attachment":[{"href":"https:\/\/www.subaru.es\/blog\/wp-json\/wp\/v2\/media?parent=8548"}],"wp:term":[{"taxonomy":"category","embeddable":true,"href":"https:\/\/www.subaru.es\/blog\/wp-json\/wp\/v2\/categories?post=8548"},{"taxonomy":"post_tag","embeddable":true,"href":"https:\/\/www.subaru.es\/blog\/wp-json\/wp\/v2\/tags?post=8548"}],"curies":[{"name":"wp","href":"https:\/\/api.w.org\/{rel}","templated":true}]}}