{"id":8449,"date":"2013-03-08T12:13:30","date_gmt":"2013-03-08T10:13:30","guid":{"rendered":"http:\/\/subaru.preproduccion.com\/blog\/?p=8449"},"modified":"2016-10-17T15:07:26","modified_gmt":"2016-10-17T13:07:26","slug":"despues-de-tanto-avance-seguimos-sin-usar-todos-el-cinturon-de-seguridad","status":"publish","type":"post","link":"https:\/\/www.subaru.es\/blog\/nuestra-marca\/despues-de-tanto-avance-seguimos-sin-usar-todos-el-cinturon-de-seguridad\/","title":{"rendered":"Despu\u00e9s de tanto avance&#8230; seguimos sin usar todos el cintur\u00f3n de seguridad"},"content":{"rendered":"<p><img decoding=\"async\" data-src=\"https:\/\/www.subaru.es\/blog\/wp-content\/uploads\/2013\/03\/cintur\u00f3n-de-seguridad.jpg\" alt=\"\" title=\"cintur\u00f3n de seguridad\" width=\"600\" height=\"450\" class=\"aligncenter size-full wp-image-8450 lazyload\" data-srcset=\"https:\/\/www.subaru.es\/blog\/wp-content\/uploads\/2013\/03\/cintur\u00f3n-de-seguridad.jpg 600w, https:\/\/www.subaru.es\/blog\/wp-content\/uploads\/2013\/03\/cintur\u00f3n-de-seguridad-560x420.jpg 560w\" data-sizes=\"(max-width: 600px) 100vw, 600px\" src=\"data:image\/svg+xml;base64,PHN2ZyB3aWR0aD0iMSIgaGVpZ2h0PSIxIiB4bWxucz0iaHR0cDovL3d3dy53My5vcmcvMjAwMC9zdmciPjwvc3ZnPg==\" style=\"--smush-placeholder-width: 600px; --smush-placeholder-aspect-ratio: 600\/450;\" \/><br \/>\nEstamos en pleno siglo XXI. Es el siglo de los avances tecnol\u00f3gicos, de los <strong>sistemas de seguridad activa y pasiva<\/strong> m\u00e1s sofisticados. Incluso es, o mejor dicho, ser\u00e1, el siglo en el que los coches conduzcan de forma aut\u00f3noma. Y siendo as\u00ed, es hoy el d\u00eda en el que todav\u00eda <strong>siguen muriendo conductores que no ten\u00edan abrochado el cintur\u00f3n de seguridad<\/strong> en el momento del accidente.<\/p>\n<p><!--more--><br \/>\nUn gesto tan sencillo, tan autom\u00e1tico como sentarnos en el asiento del conductor (o cualquier otro) y abrocharnos el cintur\u00f3n, no es tan general como pens\u00e1bamos. Sin ir m\u00e1s lejos, el 20% de las muertes en v\u00eda interurbana, y el 41% de las que suceden en el casco urbano tienen como factor com\u00fan que el conductor no llevaba sujeto el cintur\u00f3n.<\/p>\n<p>\u00bfQu\u00e9 hace falta para hacer volver a la actualidad aqu\u00e9llo de que <strong>ponerse el cintur\u00f3n de seguridad<\/strong> te salvar\u00eda la vida? \u00bfPor qu\u00e9 parece que estamos ante un retroceso en el uso del cintur\u00f3n frente a otros sistemas de seguridad? Seguramente la DGT se hace esas mismas preguntas, porque en los pr\u00f3ximos meses emprender\u00e1 una serie de <strong>campa\u00f1as y recordatorios<\/strong> de lo importante que es el cintur\u00f3n de seguridad para nuestra integridad.<\/p>\n<p>Hemos repasado aqu\u00ed algunas <a href=\"https:\/\/www.subaru.es\/blog\/subaru\/el-cinturon-de-seguridad-salva-dos-campanas-impactantes\/\">campa\u00f1as impactantes sobre el uso del cintur\u00f3n de seguridad<\/a>, e incluso hemos visto <a href=\"https:\/\/www.subaru.es\/blog\/puesta-a-punto\/cinturon-de-seguridad-consejos-de-mantenimiento\/\">c\u00f3mo es el mantenimiento b\u00e1sico<\/a> que le haremos. Pero no por ello vamos a dejar de insistir en que el cintur\u00f3n de seguridad es clave para el progreso en el que nos embarcamos, que es el de que cada vez haya menos muertos en carretera&#8230; y en ciudad.<\/p>\n<p>Mar\u00eda Segu\u00ed, la directora de la DGT, hace un <strong>llamamiento a la cordura<\/strong>:<\/p>\n<blockquote><p>Esto es intolerable. Es una herramienta cuya utilidad es incuestionable y debemos mantener la presi\u00f3n para que este mensaje sea recibido con firmeza y cualquier ayuda por parte de la sociedad ser\u00e1 muy bien recibida<\/p><\/blockquote>\n<p>Foto | <a href=\"http:\/\/www.flickr.com\/photos\/ljhaywood\/240769026\/sizes\/z\/\">Lee J Haywood<\/a><\/p>\n","protected":false},"excerpt":{"rendered":"<p>Estamos en pleno siglo XXI. Es el siglo de los avances tecnol\u00f3gicos, de los sistemas de seguridad activa y pasiva m\u00e1s sofisticados. Incluso es, o mejor dicho, ser\u00e1, el siglo en el que los coches conduzcan de forma aut\u00f3noma. Y siendo as\u00ed, es hoy el d\u00eda en el que todav\u00eda siguen muriendo conductores que no [&hellip;]<\/p>\n","protected":false},"author":21,"featured_media":8450,"comment_status":"open","ping_status":"open","sticky":false,"template":"","format":"standard","meta":{"_acf_changed":false,"_eb_attr":"","inline_featured_image":false,"footnotes":""},"categories":[4401],"tags":[3428,3159,3453],"class_list":["post-8449","post","type-post","status-publish","format-standard","has-post-thumbnail","hentry","category-nuestra-marca","tag-cinturon-de-seguridad","tag-dgt","tag-seguridad-pasiva"],"acf":[],"yoast_head":"<!-- This site is optimized with the Yoast SEO plugin v27.3 - https:\/\/yoast.com\/product\/yoast-seo-wordpress\/ -->\n<title>Despu\u00e9s de tanto avance... seguimos sin usar todos el cintur\u00f3n de seguridad - Universo Subaru<\/title>\n<meta name=\"robots\" content=\"index, follow, max-snippet:-1, max-image-preview:large, max-video-preview:-1\" \/>\n<link rel=\"canonical\" href=\"https:\/\/www.subaru.es\/blog\/nuestra-marca\/despues-de-tanto-avance-seguimos-sin-usar-todos-el-cinturon-de-seguridad\/\" \/>\n<meta property=\"og:locale\" content=\"es_ES\" \/>\n<meta property=\"og:type\" content=\"article\" \/>\n<meta property=\"og:title\" content=\"Despu\u00e9s de tanto avance... seguimos sin usar todos el cintur\u00f3n de seguridad - Universo Subaru\" \/>\n<meta property=\"og:description\" content=\"Estamos en pleno siglo XXI. Es el siglo de los avances tecnol\u00f3gicos, de los sistemas de seguridad activa y pasiva m\u00e1s sofisticados. Incluso es, o mejor dicho, ser\u00e1, el siglo en el que los coches conduzcan de forma aut\u00f3noma. Y siendo as\u00ed, es hoy el d\u00eda en el que todav\u00eda siguen muriendo conductores que no [&hellip;]\" \/>\n<meta property=\"og:url\" content=\"https:\/\/www.subaru.es\/blog\/nuestra-marca\/despues-de-tanto-avance-seguimos-sin-usar-todos-el-cinturon-de-seguridad\/\" \/>\n<meta property=\"og:site_name\" content=\"Universo Subaru\" \/>\n<meta property=\"article:publisher\" content=\"https:\/\/www.facebook.com\/subaruespana\" \/>\n<meta property=\"article:published_time\" content=\"2013-03-08T10:13:30+00:00\" \/>\n<meta property=\"article:modified_time\" content=\"2016-10-17T13:07:26+00:00\" \/>\n<meta property=\"og:image\" content=\"https:\/\/www.subaru.es\/blog\/wp-content\/uploads\/2013\/03\/cintur\u00f3n-de-seguridad.jpg\" \/>\n\t<meta property=\"og:image:width\" content=\"600\" \/>\n\t<meta property=\"og:image:height\" content=\"450\" \/>\n\t<meta property=\"og:image:type\" content=\"image\/jpeg\" \/>\n<meta name=\"author\" content=\"Subaru\" \/>\n<meta name=\"twitter:card\" content=\"summary_large_image\" \/>\n<meta name=\"twitter:label1\" content=\"Escrito por\" \/>\n\t<meta name=\"twitter:data1\" content=\"Subaru\" \/>\n\t<meta name=\"twitter:label2\" content=\"Tiempo de lectura\" \/>\n\t<meta name=\"twitter:data2\" content=\"2 minutos\" \/>\n<script type=\"application\/ld+json\" class=\"yoast-schema-graph\">{\"@context\":\"https:\\\/\\\/schema.org\",\"@graph\":[{\"@type\":\"Article\",\"@id\":\"https:\\\/\\\/www.subaru.es\\\/blog\\\/nuestra-marca\\\/despues-de-tanto-avance-seguimos-sin-usar-todos-el-cinturon-de-seguridad\\\/#article\",\"isPartOf\":{\"@id\":\"https:\\\/\\\/www.subaru.es\\\/blog\\\/nuestra-marca\\\/despues-de-tanto-avance-seguimos-sin-usar-todos-el-cinturon-de-seguridad\\\/\"},\"author\":{\"name\":\"Subaru\",\"@id\":\"https:\\\/\\\/www.subaru.es\\\/blog\\\/#\\\/schema\\\/person\\\/19a90b892230b8e0ec752704ddf4aa10\"},\"headline\":\"Despu\u00e9s de tanto avance&#8230; seguimos sin usar todos el cintur\u00f3n de seguridad\",\"datePublished\":\"2013-03-08T10:13:30+00:00\",\"dateModified\":\"2016-10-17T13:07:26+00:00\",\"mainEntityOfPage\":{\"@id\":\"https:\\\/\\\/www.subaru.es\\\/blog\\\/nuestra-marca\\\/despues-de-tanto-avance-seguimos-sin-usar-todos-el-cinturon-de-seguridad\\\/\"},\"wordCount\":356,\"commentCount\":0,\"publisher\":{\"@id\":\"https:\\\/\\\/www.subaru.es\\\/blog\\\/#organization\"},\"image\":{\"@id\":\"https:\\\/\\\/www.subaru.es\\\/blog\\\/nuestra-marca\\\/despues-de-tanto-avance-seguimos-sin-usar-todos-el-cinturon-de-seguridad\\\/#primaryimage\"},\"thumbnailUrl\":\"https:\\\/\\\/www.subaru.es\\\/blog\\\/wp-content\\\/uploads\\\/2013\\\/03\\\/cintur\u00f3n-de-seguridad.jpg\",\"keywords\":[\"cintur\u00f3n de seguridad\",\"DGT\",\"Seguridad pasiva\"],\"articleSection\":[\"Nuestra marca\"],\"inLanguage\":\"es\",\"potentialAction\":[{\"@type\":\"CommentAction\",\"name\":\"Comment\",\"target\":[\"https:\\\/\\\/www.subaru.es\\\/blog\\\/nuestra-marca\\\/despues-de-tanto-avance-seguimos-sin-usar-todos-el-cinturon-de-seguridad\\\/#respond\"]}]},{\"@type\":\"WebPage\",\"@id\":\"https:\\\/\\\/www.subaru.es\\\/blog\\\/nuestra-marca\\\/despues-de-tanto-avance-seguimos-sin-usar-todos-el-cinturon-de-seguridad\\\/\",\"url\":\"https:\\\/\\\/www.subaru.es\\\/blog\\\/nuestra-marca\\\/despues-de-tanto-avance-seguimos-sin-usar-todos-el-cinturon-de-seguridad\\\/\",\"name\":\"Despu\u00e9s de tanto avance... seguimos sin usar todos el cintur\u00f3n de seguridad - Universo Subaru\",\"isPartOf\":{\"@id\":\"https:\\\/\\\/www.subaru.es\\\/blog\\\/#website\"},\"primaryImageOfPage\":{\"@id\":\"https:\\\/\\\/www.subaru.es\\\/blog\\\/nuestra-marca\\\/despues-de-tanto-avance-seguimos-sin-usar-todos-el-cinturon-de-seguridad\\\/#primaryimage\"},\"image\":{\"@id\":\"https:\\\/\\\/www.subaru.es\\\/blog\\\/nuestra-marca\\\/despues-de-tanto-avance-seguimos-sin-usar-todos-el-cinturon-de-seguridad\\\/#primaryimage\"},\"thumbnailUrl\":\"https:\\\/\\\/www.subaru.es\\\/blog\\\/wp-content\\\/uploads\\\/2013\\\/03\\\/cintur\u00f3n-de-seguridad.jpg\",\"datePublished\":\"2013-03-08T10:13:30+00:00\",\"dateModified\":\"2016-10-17T13:07:26+00:00\",\"breadcrumb\":{\"@id\":\"https:\\\/\\\/www.subaru.es\\\/blog\\\/nuestra-marca\\\/despues-de-tanto-avance-seguimos-sin-usar-todos-el-cinturon-de-seguridad\\\/#breadcrumb\"},\"inLanguage\":\"es\",\"potentialAction\":[{\"@type\":\"ReadAction\",\"target\":[\"https:\\\/\\\/www.subaru.es\\\/blog\\\/nuestra-marca\\\/despues-de-tanto-avance-seguimos-sin-usar-todos-el-cinturon-de-seguridad\\\/\"]}]},{\"@type\":\"ImageObject\",\"inLanguage\":\"es\",\"@id\":\"https:\\\/\\\/www.subaru.es\\\/blog\\\/nuestra-marca\\\/despues-de-tanto-avance-seguimos-sin-usar-todos-el-cinturon-de-seguridad\\\/#primaryimage\",\"url\":\"https:\\\/\\\/www.subaru.es\\\/blog\\\/wp-content\\\/uploads\\\/2013\\\/03\\\/cintur\u00f3n-de-seguridad.jpg\",\"contentUrl\":\"https:\\\/\\\/www.subaru.es\\\/blog\\\/wp-content\\\/uploads\\\/2013\\\/03\\\/cintur\u00f3n-de-seguridad.jpg\",\"width\":600,\"height\":450},{\"@type\":\"BreadcrumbList\",\"@id\":\"https:\\\/\\\/www.subaru.es\\\/blog\\\/nuestra-marca\\\/despues-de-tanto-avance-seguimos-sin-usar-todos-el-cinturon-de-seguridad\\\/#breadcrumb\",\"itemListElement\":[{\"@type\":\"ListItem\",\"position\":1,\"name\":\"Portada\",\"item\":\"https:\\\/\\\/www.subaru.es\\\/blog\\\/\"},{\"@type\":\"ListItem\",\"position\":2,\"name\":\"Despu\u00e9s de tanto avance&#8230; seguimos sin usar todos el cintur\u00f3n de seguridad\"}]},{\"@type\":\"WebSite\",\"@id\":\"https:\\\/\\\/www.subaru.es\\\/blog\\\/#website\",\"url\":\"https:\\\/\\\/www.subaru.es\\\/blog\\\/\",\"name\":\"Universo Subaru\",\"description\":\"Descubre este apasionante espacio de Subaru donde vas a conocer todo sobre nuestros coches y las experiencias que vivimos con ellos. Si est\u00e1s preparado para dejarte seducir por la filosof\u00eda Subaru, qu\u00e9date con nosotros.\",\"publisher\":{\"@id\":\"https:\\\/\\\/www.subaru.es\\\/blog\\\/#organization\"},\"potentialAction\":[{\"@type\":\"SearchAction\",\"target\":{\"@type\":\"EntryPoint\",\"urlTemplate\":\"https:\\\/\\\/www.subaru.es\\\/blog\\\/?s={search_term_string}\"},\"query-input\":{\"@type\":\"PropertyValueSpecification\",\"valueRequired\":true,\"valueName\":\"search_term_string\"}}],\"inLanguage\":\"es\"},{\"@type\":\"Organization\",\"@id\":\"https:\\\/\\\/www.subaru.es\\\/blog\\\/#organization\",\"name\":\"Subaru Espa\u00f1a S.A.\",\"url\":\"https:\\\/\\\/www.subaru.es\\\/blog\\\/\",\"logo\":{\"@type\":\"ImageObject\",\"inLanguage\":\"es\",\"@id\":\"https:\\\/\\\/www.subaru.es\\\/blog\\\/#\\\/schema\\\/logo\\\/image\\\/\",\"url\":\"https:\\\/\\\/www.subaru.es\\\/blog\\\/wp-content\\\/uploads\\\/2016\\\/12\\\/Logo-Subaru-TypeV_C300-scaled.jpg\",\"contentUrl\":\"https:\\\/\\\/www.subaru.es\\\/blog\\\/wp-content\\\/uploads\\\/2016\\\/12\\\/Logo-Subaru-TypeV_C300-scaled.jpg\",\"width\":2560,\"height\":1864,\"caption\":\"Subaru Espa\u00f1a S.A.\"},\"image\":{\"@id\":\"https:\\\/\\\/www.subaru.es\\\/blog\\\/#\\\/schema\\\/logo\\\/image\\\/\"},\"sameAs\":[\"https:\\\/\\\/www.facebook.com\\\/subaruespana\",\"https:\\\/\\\/www.instagram.com\\\/subarues\\\/\",\"https:\\\/\\\/www.youtube.com\\\/user\\\/subaruespana\"]},{\"@type\":\"Person\",\"@id\":\"https:\\\/\\\/www.subaru.es\\\/blog\\\/#\\\/schema\\\/person\\\/19a90b892230b8e0ec752704ddf4aa10\",\"name\":\"Subaru\",\"url\":\"https:\\\/\\\/www.subaru.es\\\/blog\\\/author\\\/subaria\\\/\"}]}<\/script>\n<!-- \/ Yoast SEO plugin. -->","yoast_head_json":{"title":"Despu\u00e9s de tanto avance... seguimos sin usar todos el cintur\u00f3n de seguridad - Universo Subaru","robots":{"index":"index","follow":"follow","max-snippet":"max-snippet:-1","max-image-preview":"max-image-preview:large","max-video-preview":"max-video-preview:-1"},"canonical":"https:\/\/www.subaru.es\/blog\/nuestra-marca\/despues-de-tanto-avance-seguimos-sin-usar-todos-el-cinturon-de-seguridad\/","og_locale":"es_ES","og_type":"article","og_title":"Despu\u00e9s de tanto avance... seguimos sin usar todos el cintur\u00f3n de seguridad - Universo Subaru","og_description":"Estamos en pleno siglo XXI. Es el siglo de los avances tecnol\u00f3gicos, de los sistemas de seguridad activa y pasiva m\u00e1s sofisticados. Incluso es, o mejor dicho, ser\u00e1, el siglo en el que los coches conduzcan de forma aut\u00f3noma. Y siendo as\u00ed, es hoy el d\u00eda en el que todav\u00eda siguen muriendo conductores que no [&hellip;]","og_url":"https:\/\/www.subaru.es\/blog\/nuestra-marca\/despues-de-tanto-avance-seguimos-sin-usar-todos-el-cinturon-de-seguridad\/","og_site_name":"Universo Subaru","article_publisher":"https:\/\/www.facebook.com\/subaruespana","article_published_time":"2013-03-08T10:13:30+00:00","article_modified_time":"2016-10-17T13:07:26+00:00","og_image":[{"width":600,"height":450,"url":"https:\/\/www.subaru.es\/blog\/wp-content\/uploads\/2013\/03\/cintur\u00f3n-de-seguridad.jpg","type":"image\/jpeg"}],"author":"Subaru","twitter_card":"summary_large_image","twitter_misc":{"Escrito por":"Subaru","Tiempo de lectura":"2 minutos"},"schema":{"@context":"https:\/\/schema.org","@graph":[{"@type":"Article","@id":"https:\/\/www.subaru.es\/blog\/nuestra-marca\/despues-de-tanto-avance-seguimos-sin-usar-todos-el-cinturon-de-seguridad\/#article","isPartOf":{"@id":"https:\/\/www.subaru.es\/blog\/nuestra-marca\/despues-de-tanto-avance-seguimos-sin-usar-todos-el-cinturon-de-seguridad\/"},"author":{"name":"Subaru","@id":"https:\/\/www.subaru.es\/blog\/#\/schema\/person\/19a90b892230b8e0ec752704ddf4aa10"},"headline":"Despu\u00e9s de tanto avance&#8230; seguimos sin usar todos el cintur\u00f3n de seguridad","datePublished":"2013-03-08T10:13:30+00:00","dateModified":"2016-10-17T13:07:26+00:00","mainEntityOfPage":{"@id":"https:\/\/www.subaru.es\/blog\/nuestra-marca\/despues-de-tanto-avance-seguimos-sin-usar-todos-el-cinturon-de-seguridad\/"},"wordCount":356,"commentCount":0,"publisher":{"@id":"https:\/\/www.subaru.es\/blog\/#organization"},"image":{"@id":"https:\/\/www.subaru.es\/blog\/nuestra-marca\/despues-de-tanto-avance-seguimos-sin-usar-todos-el-cinturon-de-seguridad\/#primaryimage"},"thumbnailUrl":"https:\/\/www.subaru.es\/blog\/wp-content\/uploads\/2013\/03\/cintur\u00f3n-de-seguridad.jpg","keywords":["cintur\u00f3n de seguridad","DGT","Seguridad pasiva"],"articleSection":["Nuestra marca"],"inLanguage":"es","potentialAction":[{"@type":"CommentAction","name":"Comment","target":["https:\/\/www.subaru.es\/blog\/nuestra-marca\/despues-de-tanto-avance-seguimos-sin-usar-todos-el-cinturon-de-seguridad\/#respond"]}]},{"@type":"WebPage","@id":"https:\/\/www.subaru.es\/blog\/nuestra-marca\/despues-de-tanto-avance-seguimos-sin-usar-todos-el-cinturon-de-seguridad\/","url":"https:\/\/www.subaru.es\/blog\/nuestra-marca\/despues-de-tanto-avance-seguimos-sin-usar-todos-el-cinturon-de-seguridad\/","name":"Despu\u00e9s de tanto avance... seguimos sin usar todos el cintur\u00f3n de seguridad - Universo Subaru","isPartOf":{"@id":"https:\/\/www.subaru.es\/blog\/#website"},"primaryImageOfPage":{"@id":"https:\/\/www.subaru.es\/blog\/nuestra-marca\/despues-de-tanto-avance-seguimos-sin-usar-todos-el-cinturon-de-seguridad\/#primaryimage"},"image":{"@id":"https:\/\/www.subaru.es\/blog\/nuestra-marca\/despues-de-tanto-avance-seguimos-sin-usar-todos-el-cinturon-de-seguridad\/#primaryimage"},"thumbnailUrl":"https:\/\/www.subaru.es\/blog\/wp-content\/uploads\/2013\/03\/cintur\u00f3n-de-seguridad.jpg","datePublished":"2013-03-08T10:13:30+00:00","dateModified":"2016-10-17T13:07:26+00:00","breadcrumb":{"@id":"https:\/\/www.subaru.es\/blog\/nuestra-marca\/despues-de-tanto-avance-seguimos-sin-usar-todos-el-cinturon-de-seguridad\/#breadcrumb"},"inLanguage":"es","potentialAction":[{"@type":"ReadAction","target":["https:\/\/www.subaru.es\/blog\/nuestra-marca\/despues-de-tanto-avance-seguimos-sin-usar-todos-el-cinturon-de-seguridad\/"]}]},{"@type":"ImageObject","inLanguage":"es","@id":"https:\/\/www.subaru.es\/blog\/nuestra-marca\/despues-de-tanto-avance-seguimos-sin-usar-todos-el-cinturon-de-seguridad\/#primaryimage","url":"https:\/\/www.subaru.es\/blog\/wp-content\/uploads\/2013\/03\/cintur\u00f3n-de-seguridad.jpg","contentUrl":"https:\/\/www.subaru.es\/blog\/wp-content\/uploads\/2013\/03\/cintur\u00f3n-de-seguridad.jpg","width":600,"height":450},{"@type":"BreadcrumbList","@id":"https:\/\/www.subaru.es\/blog\/nuestra-marca\/despues-de-tanto-avance-seguimos-sin-usar-todos-el-cinturon-de-seguridad\/#breadcrumb","itemListElement":[{"@type":"ListItem","position":1,"name":"Portada","item":"https:\/\/www.subaru.es\/blog\/"},{"@type":"ListItem","position":2,"name":"Despu\u00e9s de tanto avance&#8230; seguimos sin usar todos el cintur\u00f3n de seguridad"}]},{"@type":"WebSite","@id":"https:\/\/www.subaru.es\/blog\/#website","url":"https:\/\/www.subaru.es\/blog\/","name":"Universo Subaru","description":"Descubre este apasionante espacio de Subaru donde vas a conocer todo sobre nuestros coches y las experiencias que vivimos con ellos. Si est\u00e1s preparado para dejarte seducir por la filosof\u00eda Subaru, qu\u00e9date con nosotros.","publisher":{"@id":"https:\/\/www.subaru.es\/blog\/#organization"},"potentialAction":[{"@type":"SearchAction","target":{"@type":"EntryPoint","urlTemplate":"https:\/\/www.subaru.es\/blog\/?s={search_term_string}"},"query-input":{"@type":"PropertyValueSpecification","valueRequired":true,"valueName":"search_term_string"}}],"inLanguage":"es"},{"@type":"Organization","@id":"https:\/\/www.subaru.es\/blog\/#organization","name":"Subaru Espa\u00f1a S.A.","url":"https:\/\/www.subaru.es\/blog\/","logo":{"@type":"ImageObject","inLanguage":"es","@id":"https:\/\/www.subaru.es\/blog\/#\/schema\/logo\/image\/","url":"https:\/\/www.subaru.es\/blog\/wp-content\/uploads\/2016\/12\/Logo-Subaru-TypeV_C300-scaled.jpg","contentUrl":"https:\/\/www.subaru.es\/blog\/wp-content\/uploads\/2016\/12\/Logo-Subaru-TypeV_C300-scaled.jpg","width":2560,"height":1864,"caption":"Subaru Espa\u00f1a S.A."},"image":{"@id":"https:\/\/www.subaru.es\/blog\/#\/schema\/logo\/image\/"},"sameAs":["https:\/\/www.facebook.com\/subaruespana","https:\/\/www.instagram.com\/subarues\/","https:\/\/www.youtube.com\/user\/subaruespana"]},{"@type":"Person","@id":"https:\/\/www.subaru.es\/blog\/#\/schema\/person\/19a90b892230b8e0ec752704ddf4aa10","name":"Subaru","url":"https:\/\/www.subaru.es\/blog\/author\/subaria\/"}]}},"_links":{"self":[{"href":"https:\/\/www.subaru.es\/blog\/wp-json\/wp\/v2\/posts\/8449","targetHints":{"allow":["GET"]}}],"collection":[{"href":"https:\/\/www.subaru.es\/blog\/wp-json\/wp\/v2\/posts"}],"about":[{"href":"https:\/\/www.subaru.es\/blog\/wp-json\/wp\/v2\/types\/post"}],"author":[{"embeddable":true,"href":"https:\/\/www.subaru.es\/blog\/wp-json\/wp\/v2\/users\/21"}],"replies":[{"embeddable":true,"href":"https:\/\/www.subaru.es\/blog\/wp-json\/wp\/v2\/comments?post=8449"}],"version-history":[{"count":1,"href":"https:\/\/www.subaru.es\/blog\/wp-json\/wp\/v2\/posts\/8449\/revisions"}],"predecessor-version":[{"id":16060,"href":"https:\/\/www.subaru.es\/blog\/wp-json\/wp\/v2\/posts\/8449\/revisions\/16060"}],"wp:featuredmedia":[{"embeddable":true,"href":"https:\/\/www.subaru.es\/blog\/wp-json\/wp\/v2\/media\/8450"}],"wp:attachment":[{"href":"https:\/\/www.subaru.es\/blog\/wp-json\/wp\/v2\/media?parent=8449"}],"wp:term":[{"taxonomy":"category","embeddable":true,"href":"https:\/\/www.subaru.es\/blog\/wp-json\/wp\/v2\/categories?post=8449"},{"taxonomy":"post_tag","embeddable":true,"href":"https:\/\/www.subaru.es\/blog\/wp-json\/wp\/v2\/tags?post=8449"}],"curies":[{"name":"wp","href":"https:\/\/api.w.org\/{rel}","templated":true}]}}