{"id":841,"date":"2008-04-22T19:50:45","date_gmt":"2008-04-22T17:50:45","guid":{"rendered":"http:\/\/subaru.preproduccion.com\/blog\/wp-content\/2008\/04\/22\/impreza-sti-tierra-i\/"},"modified":"2020-08-06T11:49:07","modified_gmt":"2020-08-06T09:49:07","slug":"impreza-sti-tierra-i","status":"publish","type":"post","link":"https:\/\/www.subaru.es\/blog\/nuestra-marca\/impreza-sti-tierra-i\/","title":{"rendered":"Impreza STI Tierra I"},"content":{"rendered":"<p><center><img data-src='https:\/\/www.subaru.es\/blog\/wp-content\/uploads\/2008\/04\/subaru-impreza-sti-tierra.jpg' alt='Subaru Impreza STI Tierra' src='data:image\/svg+xml;base64,PHN2ZyB3aWR0aD0iMSIgaGVpZ2h0PSIxIiB4bWxucz0iaHR0cDovL3d3dy53My5vcmcvMjAwMC9zdmciPjwvc3ZnPg==' class='lazyload' style='--smush-placeholder-width: 472px; --smush-placeholder-aspect-ratio: 472\/353;' \/><\/center><\/p>\n<p>Este mes los especialistas de la revista <a href=\"http:\/\/www.revistaautohebdo.com\/pruebas\/Subaru-Impreza-STi-Tierra-04-2008-59869.html\"><strong>Autohebdo<\/strong><\/a> prueban la versi\u00f3n del <strong>Subaru Impreza STI<\/strong> que correr\u00e1, entre otros, el <strong>Campeonato de Espa\u00f1a de Rallyes de Tierra<\/strong>.<\/p>\n<p>Esta versi\u00f3n sucede al tradicional <strong>\u00abImpreza de Asfalto\u00bb<\/strong>, cuya evoluci\u00f3n ha servido a la conocida revista para titular el art\u00edculo <strong>\u00abEl legado japon\u00e9s\u00bb<\/strong>.<\/p>\n<blockquote><p>Despu\u00e9s de haber conocido todos los entresijos del Impreza de Asfalto, ahora llega el turno de saber c\u00f3mo ser\u00e1 la versi\u00f3n de Tierra. Con un planteamiento muy pr\u00f3ximo al STi de serie, este nuevo Subaru promete kil\u00f3metros de diversi\u00f3n. Tras probar la \u00faltima evoluci\u00f3n del Impreza de calle, reconozco un cierto cosquilleo en el est\u00f3mago al acercarme a la prueba de este modelo de Tierra. El art\u00edfice del coche no es otro que Francisco Pardo, dos veces campe\u00f3n de la Copa Impreza de Tierra.<\/p><\/blockquote>\n<p>El art\u00edculo lo firma <strong>El\u00edas Domingo<\/strong>.<\/p>\n","protected":false},"excerpt":{"rendered":"<p>Este mes los especialistas de la revista Autohebdo prueban la versi\u00f3n del Subaru Impreza STI que correr\u00e1, entre otros, el Campeonato de Espa\u00f1a de Rallyes de Tierra. Esta versi\u00f3n sucede al tradicional \u00abImpreza de Asfalto\u00bb, cuya evoluci\u00f3n ha servido a la conocida revista para titular el art\u00edculo \u00abEl legado japon\u00e9s\u00bb. Despu\u00e9s de haber conocido todos [&hellip;]<\/p>\n","protected":false},"author":21,"featured_media":842,"comment_status":"open","ping_status":"open","sticky":false,"template":"","format":"standard","meta":{"_acf_changed":false,"_eb_attr":"","inline_featured_image":false,"footnotes":""},"categories":[4401],"tags":[513,516,10,11,517],"class_list":["post-841","post","type-post","status-publish","format-standard","has-post-thumbnail","hentry","category-nuestra-marca","tag-autohebdo","tag-cup","tag-impreza","tag-sti","tag-tierra"],"acf":[],"yoast_head":"<!-- This site is optimized with the Yoast SEO plugin v27.3 - https:\/\/yoast.com\/product\/yoast-seo-wordpress\/ -->\n<title>Impreza STI Tierra I - Universo Subaru<\/title>\n<meta name=\"robots\" content=\"index, follow, max-snippet:-1, max-image-preview:large, max-video-preview:-1\" \/>\n<link rel=\"canonical\" href=\"https:\/\/www.subaru.es\/blog\/nuestra-marca\/impreza-sti-tierra-i\/\" \/>\n<meta property=\"og:locale\" content=\"es_ES\" \/>\n<meta property=\"og:type\" content=\"article\" \/>\n<meta property=\"og:title\" content=\"Impreza STI Tierra I - Universo Subaru\" \/>\n<meta property=\"og:description\" content=\"Este mes los especialistas de la revista Autohebdo prueban la versi\u00f3n del Subaru Impreza STI que correr\u00e1, entre otros, el Campeonato de Espa\u00f1a de Rallyes de Tierra. Esta versi\u00f3n sucede al tradicional \u00abImpreza de Asfalto\u00bb, cuya evoluci\u00f3n ha servido a la conocida revista para titular el art\u00edculo \u00abEl legado japon\u00e9s\u00bb. Despu\u00e9s de haber conocido todos [&hellip;]\" \/>\n<meta property=\"og:url\" content=\"https:\/\/www.subaru.es\/blog\/nuestra-marca\/impreza-sti-tierra-i\/\" \/>\n<meta property=\"og:site_name\" content=\"Universo Subaru\" \/>\n<meta property=\"article:publisher\" content=\"https:\/\/www.facebook.com\/subaruespana\" \/>\n<meta property=\"article:published_time\" content=\"2008-04-22T17:50:45+00:00\" \/>\n<meta property=\"article:modified_time\" content=\"2020-08-06T09:49:07+00:00\" \/>\n<meta property=\"og:image\" content=\"https:\/\/www.subaru.es\/blog\/wp-content\/uploads\/2008\/04\/subaru-impreza-sti-tierra.jpg\" \/>\n\t<meta property=\"og:image:width\" content=\"472\" \/>\n\t<meta property=\"og:image:height\" content=\"353\" \/>\n\t<meta property=\"og:image:type\" content=\"image\/jpeg\" \/>\n<meta name=\"author\" content=\"Subaru\" \/>\n<meta name=\"twitter:card\" content=\"summary_large_image\" \/>\n<meta name=\"twitter:label1\" content=\"Escrito por\" \/>\n\t<meta name=\"twitter:data1\" content=\"Subaru\" \/>\n\t<meta name=\"twitter:label2\" content=\"Tiempo de lectura\" \/>\n\t<meta name=\"twitter:data2\" content=\"1 minuto\" \/>\n<script type=\"application\/ld+json\" class=\"yoast-schema-graph\">{\"@context\":\"https:\\\/\\\/schema.org\",\"@graph\":[{\"@type\":\"Article\",\"@id\":\"https:\\\/\\\/www.subaru.es\\\/blog\\\/nuestra-marca\\\/impreza-sti-tierra-i\\\/#article\",\"isPartOf\":{\"@id\":\"https:\\\/\\\/www.subaru.es\\\/blog\\\/nuestra-marca\\\/impreza-sti-tierra-i\\\/\"},\"author\":{\"name\":\"Subaru\",\"@id\":\"https:\\\/\\\/www.subaru.es\\\/blog\\\/#\\\/schema\\\/person\\\/19a90b892230b8e0ec752704ddf4aa10\"},\"headline\":\"Impreza STI Tierra I\",\"datePublished\":\"2008-04-22T17:50:45+00:00\",\"dateModified\":\"2020-08-06T09:49:07+00:00\",\"mainEntityOfPage\":{\"@id\":\"https:\\\/\\\/www.subaru.es\\\/blog\\\/nuestra-marca\\\/impreza-sti-tierra-i\\\/\"},\"wordCount\":162,\"commentCount\":0,\"publisher\":{\"@id\":\"https:\\\/\\\/www.subaru.es\\\/blog\\\/#organization\"},\"image\":{\"@id\":\"https:\\\/\\\/www.subaru.es\\\/blog\\\/nuestra-marca\\\/impreza-sti-tierra-i\\\/#primaryimage\"},\"thumbnailUrl\":\"https:\\\/\\\/www.subaru.es\\\/blog\\\/wp-content\\\/uploads\\\/2008\\\/04\\\/subaru-impreza-sti-tierra.jpg\",\"keywords\":[\"autohebdo\",\"cup\",\"impreza\",\"sti\",\"tierra\"],\"articleSection\":[\"Nuestra marca\"],\"inLanguage\":\"es\",\"potentialAction\":[{\"@type\":\"CommentAction\",\"name\":\"Comment\",\"target\":[\"https:\\\/\\\/www.subaru.es\\\/blog\\\/nuestra-marca\\\/impreza-sti-tierra-i\\\/#respond\"]}]},{\"@type\":\"WebPage\",\"@id\":\"https:\\\/\\\/www.subaru.es\\\/blog\\\/nuestra-marca\\\/impreza-sti-tierra-i\\\/\",\"url\":\"https:\\\/\\\/www.subaru.es\\\/blog\\\/nuestra-marca\\\/impreza-sti-tierra-i\\\/\",\"name\":\"Impreza STI Tierra I - Universo Subaru\",\"isPartOf\":{\"@id\":\"https:\\\/\\\/www.subaru.es\\\/blog\\\/#website\"},\"primaryImageOfPage\":{\"@id\":\"https:\\\/\\\/www.subaru.es\\\/blog\\\/nuestra-marca\\\/impreza-sti-tierra-i\\\/#primaryimage\"},\"image\":{\"@id\":\"https:\\\/\\\/www.subaru.es\\\/blog\\\/nuestra-marca\\\/impreza-sti-tierra-i\\\/#primaryimage\"},\"thumbnailUrl\":\"https:\\\/\\\/www.subaru.es\\\/blog\\\/wp-content\\\/uploads\\\/2008\\\/04\\\/subaru-impreza-sti-tierra.jpg\",\"datePublished\":\"2008-04-22T17:50:45+00:00\",\"dateModified\":\"2020-08-06T09:49:07+00:00\",\"breadcrumb\":{\"@id\":\"https:\\\/\\\/www.subaru.es\\\/blog\\\/nuestra-marca\\\/impreza-sti-tierra-i\\\/#breadcrumb\"},\"inLanguage\":\"es\",\"potentialAction\":[{\"@type\":\"ReadAction\",\"target\":[\"https:\\\/\\\/www.subaru.es\\\/blog\\\/nuestra-marca\\\/impreza-sti-tierra-i\\\/\"]}]},{\"@type\":\"ImageObject\",\"inLanguage\":\"es\",\"@id\":\"https:\\\/\\\/www.subaru.es\\\/blog\\\/nuestra-marca\\\/impreza-sti-tierra-i\\\/#primaryimage\",\"url\":\"https:\\\/\\\/www.subaru.es\\\/blog\\\/wp-content\\\/uploads\\\/2008\\\/04\\\/subaru-impreza-sti-tierra.jpg\",\"contentUrl\":\"https:\\\/\\\/www.subaru.es\\\/blog\\\/wp-content\\\/uploads\\\/2008\\\/04\\\/subaru-impreza-sti-tierra.jpg\",\"width\":472,\"height\":353},{\"@type\":\"BreadcrumbList\",\"@id\":\"https:\\\/\\\/www.subaru.es\\\/blog\\\/nuestra-marca\\\/impreza-sti-tierra-i\\\/#breadcrumb\",\"itemListElement\":[{\"@type\":\"ListItem\",\"position\":1,\"name\":\"Portada\",\"item\":\"https:\\\/\\\/www.subaru.es\\\/blog\\\/\"},{\"@type\":\"ListItem\",\"position\":2,\"name\":\"Impreza STI Tierra I\"}]},{\"@type\":\"WebSite\",\"@id\":\"https:\\\/\\\/www.subaru.es\\\/blog\\\/#website\",\"url\":\"https:\\\/\\\/www.subaru.es\\\/blog\\\/\",\"name\":\"Universo Subaru\",\"description\":\"Descubre este apasionante espacio de Subaru donde vas a conocer todo sobre nuestros coches y las experiencias que vivimos con ellos. Si est\u00e1s preparado para dejarte seducir por la filosof\u00eda Subaru, qu\u00e9date con nosotros.\",\"publisher\":{\"@id\":\"https:\\\/\\\/www.subaru.es\\\/blog\\\/#organization\"},\"potentialAction\":[{\"@type\":\"SearchAction\",\"target\":{\"@type\":\"EntryPoint\",\"urlTemplate\":\"https:\\\/\\\/www.subaru.es\\\/blog\\\/?s={search_term_string}\"},\"query-input\":{\"@type\":\"PropertyValueSpecification\",\"valueRequired\":true,\"valueName\":\"search_term_string\"}}],\"inLanguage\":\"es\"},{\"@type\":\"Organization\",\"@id\":\"https:\\\/\\\/www.subaru.es\\\/blog\\\/#organization\",\"name\":\"Subaru Espa\u00f1a S.A.\",\"url\":\"https:\\\/\\\/www.subaru.es\\\/blog\\\/\",\"logo\":{\"@type\":\"ImageObject\",\"inLanguage\":\"es\",\"@id\":\"https:\\\/\\\/www.subaru.es\\\/blog\\\/#\\\/schema\\\/logo\\\/image\\\/\",\"url\":\"https:\\\/\\\/www.subaru.es\\\/blog\\\/wp-content\\\/uploads\\\/2016\\\/12\\\/Logo-Subaru-TypeV_C300-scaled.jpg\",\"contentUrl\":\"https:\\\/\\\/www.subaru.es\\\/blog\\\/wp-content\\\/uploads\\\/2016\\\/12\\\/Logo-Subaru-TypeV_C300-scaled.jpg\",\"width\":2560,\"height\":1864,\"caption\":\"Subaru Espa\u00f1a S.A.\"},\"image\":{\"@id\":\"https:\\\/\\\/www.subaru.es\\\/blog\\\/#\\\/schema\\\/logo\\\/image\\\/\"},\"sameAs\":[\"https:\\\/\\\/www.facebook.com\\\/subaruespana\",\"https:\\\/\\\/www.instagram.com\\\/subarues\\\/\",\"https:\\\/\\\/www.youtube.com\\\/user\\\/subaruespana\"]},{\"@type\":\"Person\",\"@id\":\"https:\\\/\\\/www.subaru.es\\\/blog\\\/#\\\/schema\\\/person\\\/19a90b892230b8e0ec752704ddf4aa10\",\"name\":\"Subaru\",\"url\":\"https:\\\/\\\/www.subaru.es\\\/blog\\\/author\\\/subaria\\\/\"}]}<\/script>\n<!-- \/ Yoast SEO plugin. -->","yoast_head_json":{"title":"Impreza STI Tierra I - Universo Subaru","robots":{"index":"index","follow":"follow","max-snippet":"max-snippet:-1","max-image-preview":"max-image-preview:large","max-video-preview":"max-video-preview:-1"},"canonical":"https:\/\/www.subaru.es\/blog\/nuestra-marca\/impreza-sti-tierra-i\/","og_locale":"es_ES","og_type":"article","og_title":"Impreza STI Tierra I - Universo Subaru","og_description":"Este mes los especialistas de la revista Autohebdo prueban la versi\u00f3n del Subaru Impreza STI que correr\u00e1, entre otros, el Campeonato de Espa\u00f1a de Rallyes de Tierra. Esta versi\u00f3n sucede al tradicional \u00abImpreza de Asfalto\u00bb, cuya evoluci\u00f3n ha servido a la conocida revista para titular el art\u00edculo \u00abEl legado japon\u00e9s\u00bb. Despu\u00e9s de haber conocido todos [&hellip;]","og_url":"https:\/\/www.subaru.es\/blog\/nuestra-marca\/impreza-sti-tierra-i\/","og_site_name":"Universo Subaru","article_publisher":"https:\/\/www.facebook.com\/subaruespana","article_published_time":"2008-04-22T17:50:45+00:00","article_modified_time":"2020-08-06T09:49:07+00:00","og_image":[{"width":472,"height":353,"url":"https:\/\/www.subaru.es\/blog\/wp-content\/uploads\/2008\/04\/subaru-impreza-sti-tierra.jpg","type":"image\/jpeg"}],"author":"Subaru","twitter_card":"summary_large_image","twitter_misc":{"Escrito por":"Subaru","Tiempo de lectura":"1 minuto"},"schema":{"@context":"https:\/\/schema.org","@graph":[{"@type":"Article","@id":"https:\/\/www.subaru.es\/blog\/nuestra-marca\/impreza-sti-tierra-i\/#article","isPartOf":{"@id":"https:\/\/www.subaru.es\/blog\/nuestra-marca\/impreza-sti-tierra-i\/"},"author":{"name":"Subaru","@id":"https:\/\/www.subaru.es\/blog\/#\/schema\/person\/19a90b892230b8e0ec752704ddf4aa10"},"headline":"Impreza STI Tierra I","datePublished":"2008-04-22T17:50:45+00:00","dateModified":"2020-08-06T09:49:07+00:00","mainEntityOfPage":{"@id":"https:\/\/www.subaru.es\/blog\/nuestra-marca\/impreza-sti-tierra-i\/"},"wordCount":162,"commentCount":0,"publisher":{"@id":"https:\/\/www.subaru.es\/blog\/#organization"},"image":{"@id":"https:\/\/www.subaru.es\/blog\/nuestra-marca\/impreza-sti-tierra-i\/#primaryimage"},"thumbnailUrl":"https:\/\/www.subaru.es\/blog\/wp-content\/uploads\/2008\/04\/subaru-impreza-sti-tierra.jpg","keywords":["autohebdo","cup","impreza","sti","tierra"],"articleSection":["Nuestra marca"],"inLanguage":"es","potentialAction":[{"@type":"CommentAction","name":"Comment","target":["https:\/\/www.subaru.es\/blog\/nuestra-marca\/impreza-sti-tierra-i\/#respond"]}]},{"@type":"WebPage","@id":"https:\/\/www.subaru.es\/blog\/nuestra-marca\/impreza-sti-tierra-i\/","url":"https:\/\/www.subaru.es\/blog\/nuestra-marca\/impreza-sti-tierra-i\/","name":"Impreza STI Tierra I - Universo Subaru","isPartOf":{"@id":"https:\/\/www.subaru.es\/blog\/#website"},"primaryImageOfPage":{"@id":"https:\/\/www.subaru.es\/blog\/nuestra-marca\/impreza-sti-tierra-i\/#primaryimage"},"image":{"@id":"https:\/\/www.subaru.es\/blog\/nuestra-marca\/impreza-sti-tierra-i\/#primaryimage"},"thumbnailUrl":"https:\/\/www.subaru.es\/blog\/wp-content\/uploads\/2008\/04\/subaru-impreza-sti-tierra.jpg","datePublished":"2008-04-22T17:50:45+00:00","dateModified":"2020-08-06T09:49:07+00:00","breadcrumb":{"@id":"https:\/\/www.subaru.es\/blog\/nuestra-marca\/impreza-sti-tierra-i\/#breadcrumb"},"inLanguage":"es","potentialAction":[{"@type":"ReadAction","target":["https:\/\/www.subaru.es\/blog\/nuestra-marca\/impreza-sti-tierra-i\/"]}]},{"@type":"ImageObject","inLanguage":"es","@id":"https:\/\/www.subaru.es\/blog\/nuestra-marca\/impreza-sti-tierra-i\/#primaryimage","url":"https:\/\/www.subaru.es\/blog\/wp-content\/uploads\/2008\/04\/subaru-impreza-sti-tierra.jpg","contentUrl":"https:\/\/www.subaru.es\/blog\/wp-content\/uploads\/2008\/04\/subaru-impreza-sti-tierra.jpg","width":472,"height":353},{"@type":"BreadcrumbList","@id":"https:\/\/www.subaru.es\/blog\/nuestra-marca\/impreza-sti-tierra-i\/#breadcrumb","itemListElement":[{"@type":"ListItem","position":1,"name":"Portada","item":"https:\/\/www.subaru.es\/blog\/"},{"@type":"ListItem","position":2,"name":"Impreza STI Tierra I"}]},{"@type":"WebSite","@id":"https:\/\/www.subaru.es\/blog\/#website","url":"https:\/\/www.subaru.es\/blog\/","name":"Universo Subaru","description":"Descubre este apasionante espacio de Subaru donde vas a conocer todo sobre nuestros coches y las experiencias que vivimos con ellos. Si est\u00e1s preparado para dejarte seducir por la filosof\u00eda Subaru, qu\u00e9date con nosotros.","publisher":{"@id":"https:\/\/www.subaru.es\/blog\/#organization"},"potentialAction":[{"@type":"SearchAction","target":{"@type":"EntryPoint","urlTemplate":"https:\/\/www.subaru.es\/blog\/?s={search_term_string}"},"query-input":{"@type":"PropertyValueSpecification","valueRequired":true,"valueName":"search_term_string"}}],"inLanguage":"es"},{"@type":"Organization","@id":"https:\/\/www.subaru.es\/blog\/#organization","name":"Subaru Espa\u00f1a S.A.","url":"https:\/\/www.subaru.es\/blog\/","logo":{"@type":"ImageObject","inLanguage":"es","@id":"https:\/\/www.subaru.es\/blog\/#\/schema\/logo\/image\/","url":"https:\/\/www.subaru.es\/blog\/wp-content\/uploads\/2016\/12\/Logo-Subaru-TypeV_C300-scaled.jpg","contentUrl":"https:\/\/www.subaru.es\/blog\/wp-content\/uploads\/2016\/12\/Logo-Subaru-TypeV_C300-scaled.jpg","width":2560,"height":1864,"caption":"Subaru Espa\u00f1a S.A."},"image":{"@id":"https:\/\/www.subaru.es\/blog\/#\/schema\/logo\/image\/"},"sameAs":["https:\/\/www.facebook.com\/subaruespana","https:\/\/www.instagram.com\/subarues\/","https:\/\/www.youtube.com\/user\/subaruespana"]},{"@type":"Person","@id":"https:\/\/www.subaru.es\/blog\/#\/schema\/person\/19a90b892230b8e0ec752704ddf4aa10","name":"Subaru","url":"https:\/\/www.subaru.es\/blog\/author\/subaria\/"}]}},"_links":{"self":[{"href":"https:\/\/www.subaru.es\/blog\/wp-json\/wp\/v2\/posts\/841","targetHints":{"allow":["GET"]}}],"collection":[{"href":"https:\/\/www.subaru.es\/blog\/wp-json\/wp\/v2\/posts"}],"about":[{"href":"https:\/\/www.subaru.es\/blog\/wp-json\/wp\/v2\/types\/post"}],"author":[{"embeddable":true,"href":"https:\/\/www.subaru.es\/blog\/wp-json\/wp\/v2\/users\/21"}],"replies":[{"embeddable":true,"href":"https:\/\/www.subaru.es\/blog\/wp-json\/wp\/v2\/comments?post=841"}],"version-history":[{"count":1,"href":"https:\/\/www.subaru.es\/blog\/wp-json\/wp\/v2\/posts\/841\/revisions"}],"predecessor-version":[{"id":15591,"href":"https:\/\/www.subaru.es\/blog\/wp-json\/wp\/v2\/posts\/841\/revisions\/15591"}],"wp:featuredmedia":[{"embeddable":true,"href":"https:\/\/www.subaru.es\/blog\/wp-json\/wp\/v2\/media\/842"}],"wp:attachment":[{"href":"https:\/\/www.subaru.es\/blog\/wp-json\/wp\/v2\/media?parent=841"}],"wp:term":[{"taxonomy":"category","embeddable":true,"href":"https:\/\/www.subaru.es\/blog\/wp-json\/wp\/v2\/categories?post=841"},{"taxonomy":"post_tag","embeddable":true,"href":"https:\/\/www.subaru.es\/blog\/wp-json\/wp\/v2\/tags?post=841"}],"curies":[{"name":"wp","href":"https:\/\/api.w.org\/{rel}","templated":true}]}}