{"id":8264,"date":"2013-02-18T11:52:13","date_gmt":"2013-02-18T09:52:13","guid":{"rendered":"http:\/\/subaru.preproduccion.com\/blog\/?p=8264"},"modified":"2020-08-12T11:44:29","modified_gmt":"2020-08-12T09:44:29","slug":"una-vuelta-al-nordschleife-con-tommi-makkinen-y-un-subaru-impreza-wrx-sti","status":"publish","type":"post","link":"https:\/\/www.subaru.es\/blog\/nuestra-marca\/una-vuelta-al-nordschleife-con-tommi-makkinen-y-un-subaru-impreza-wrx-sti\/","title":{"rendered":"Una vuelta al Nordschleife con Tommi Makkinen y un Subaru Impreza WRX STI"},"content":{"rendered":"<p><img decoding=\"async\" data-src=\"https:\/\/www.subaru.es\/blog\/wp-content\/uploads\/2013\/01\/makkinen-subaru-wrx-sti.jpg\" alt=\"\" title=\"makkinen-subaru-wrx-sti\" width=\"600\" height=\"336\" class=\"aligncenter size-full wp-image-8267 lazyload\" data-srcset=\"https:\/\/www.subaru.es\/blog\/wp-content\/uploads\/2013\/01\/makkinen-subaru-wrx-sti.jpg 600w, https:\/\/www.subaru.es\/blog\/wp-content\/uploads\/2013\/01\/makkinen-subaru-wrx-sti-560x314.jpg 560w\" data-sizes=\"(max-width: 600px) 100vw, 600px\" src=\"data:image\/svg+xml;base64,PHN2ZyB3aWR0aD0iMSIgaGVpZ2h0PSIxIiB4bWxucz0iaHR0cDovL3d3dy53My5vcmcvMjAwMC9zdmciPjwvc3ZnPg==\" style=\"--smush-placeholder-width: 600px; --smush-placeholder-aspect-ratio: 600\/336;\" \/><br \/>\nPocos circuitos en el mundo tienen el atractivo del <strong>N\u00fcrburgring Nordschleife<\/strong>. Se trata de una pista larga, largu\u00edsima, llena de curvas (el Nordschleife tiene una longitud de 20.81 km y 154 curvas) y de una exigencia extrema en algunos sectores. Esta pista es m\u00edtica desde los tiempos de Gran Premio all\u00e1 por los a\u00f1os 70, siendo especialmente famosa la victoria en ese trazado de un joven Jackie Stewart en 1968, bajo condiciones extremas de niebla y lluvia.<\/p>\n<p>Stewart venci\u00f3 a los mandos de un Matra sacando m\u00e1s de cuatro minutos a su m\u00e1s directo oponente, Graham Hill, y se considera esta como una de las m\u00e1s \u00e9picas victorias de toda la historia de la F\u00f3rmula 1. Pero esa es otra historia. Tras \u00abretirarse\u00bb del mundial de F1 en 1970, el Nordschleife es una pista donde las marcas pruebas sus deportivos m\u00e1s modernos y donde marcar un buen tiempo otorga notoriedad.<br \/>\n<!--more--><\/p>\n<p>En esta ocasi\u00f3n vamos a ver c\u00f3mo se desenvuelve <strong>Tommi Makkinen en la pista a los mandos de un Subaru Impreza WRX STI<\/strong>. Makkinen, cuatro veces campe\u00f3n del mundo de rallyes, es un piloto muy dotado para la conducci\u00f3n, y siendo ex-piloto de rallyes se le da a la perfecci\u00f3n improvisar y aprovechar al m\u00e1ximo lo que le proporciona el terreno.<\/p>\n<p><iframe width=\"600\" height=\"330\" data-src=\"http:\/\/www.youtube.com\/embed\/xO0713EcJ30?feature=player_detailpage\" frameborder=\"0\" allowfullscreen=\"\" src=\"data:image\/svg+xml;base64,PHN2ZyB3aWR0aD0iMSIgaGVpZ2h0PSIxIiB4bWxucz0iaHR0cDovL3d3dy53My5vcmcvMjAwMC9zdmciPjwvc3ZnPg==\" class=\"lazyload\" data-load-mode=\"1\"><\/iframe><\/p>\n<p>Vale much\u00edsimo la pena ver con calma esta vuelta, porque si bien en ocasiones parece que haga patinar en exceso los neum\u00e1ticos o falle alguna marcha, la realidad es que es un tiempazo el conseguido. Incluido el error del final de todo, poco grave pero que le costar\u00eda sus buenos dos o tres segundos. En cualquier caso, <strong>vale la pena ver uno de los Subaru WRX m\u00e1s r\u00e1pidos del mundo<\/strong> pilotado por uno de los mejores pilotos del mundo.<\/p>\n<p>V\u00eddeo | <a href=\"http:\/\/www.youtube.com\/watch?v=xO0713EcJ30\">YouTube<\/a><\/p>\n","protected":false},"excerpt":{"rendered":"<p>Pocos circuitos en el mundo tienen el atractivo del N\u00fcrburgring Nordschleife. Se trata de una pista larga, largu\u00edsima, llena de curvas (el Nordschleife tiene una longitud de 20.81 km y 154 curvas) y de una exigencia extrema en algunos sectores. Esta pista es m\u00edtica desde los tiempos de Gran Premio all\u00e1 por los a\u00f1os 70, [&hellip;]<\/p>\n","protected":false},"author":21,"featured_media":8267,"comment_status":"open","ping_status":"open","sticky":false,"template":"","format":"standard","meta":{"_acf_changed":false,"_eb_attr":"","inline_featured_image":false,"footnotes":""},"categories":[4401],"tags":[4154,649,326,4153,67],"class_list":["post-8264","post","type-post","status-publish","format-standard","has-post-thumbnail","hentry","category-nuestra-marca","tag-nordschleife","tag-nurburgring","tag-subaru-impreza-wrx-sti","tag-tommi-makkinen","tag-videos-subaru"],"acf":[],"yoast_head":"<!-- This site is optimized with the Yoast SEO plugin v27.3 - https:\/\/yoast.com\/product\/yoast-seo-wordpress\/ -->\n<title>Una vuelta al Nordschleife con Tommi Makkinen y un Subaru Impreza WRX STI - Universo Subaru<\/title>\n<meta name=\"robots\" content=\"index, follow, max-snippet:-1, max-image-preview:large, max-video-preview:-1\" \/>\n<link rel=\"canonical\" href=\"https:\/\/www.subaru.es\/blog\/nuestra-marca\/una-vuelta-al-nordschleife-con-tommi-makkinen-y-un-subaru-impreza-wrx-sti\/\" \/>\n<meta property=\"og:locale\" content=\"es_ES\" \/>\n<meta property=\"og:type\" content=\"article\" \/>\n<meta property=\"og:title\" content=\"Una vuelta al Nordschleife con Tommi Makkinen y un Subaru Impreza WRX STI - Universo Subaru\" \/>\n<meta property=\"og:description\" content=\"Pocos circuitos en el mundo tienen el atractivo del N\u00fcrburgring Nordschleife. Se trata de una pista larga, largu\u00edsima, llena de curvas (el Nordschleife tiene una longitud de 20.81 km y 154 curvas) y de una exigencia extrema en algunos sectores. Esta pista es m\u00edtica desde los tiempos de Gran Premio all\u00e1 por los a\u00f1os 70, [&hellip;]\" \/>\n<meta property=\"og:url\" content=\"https:\/\/www.subaru.es\/blog\/nuestra-marca\/una-vuelta-al-nordschleife-con-tommi-makkinen-y-un-subaru-impreza-wrx-sti\/\" \/>\n<meta property=\"og:site_name\" content=\"Universo Subaru\" \/>\n<meta property=\"article:publisher\" content=\"https:\/\/www.facebook.com\/subaruespana\" \/>\n<meta property=\"article:published_time\" content=\"2013-02-18T09:52:13+00:00\" \/>\n<meta property=\"article:modified_time\" content=\"2020-08-12T09:44:29+00:00\" \/>\n<meta property=\"og:image\" content=\"https:\/\/www.subaru.es\/blog\/wp-content\/uploads\/2013\/01\/makkinen-subaru-wrx-sti.jpg\" \/>\n\t<meta property=\"og:image:width\" content=\"600\" \/>\n\t<meta property=\"og:image:height\" content=\"336\" \/>\n\t<meta property=\"og:image:type\" content=\"image\/jpeg\" \/>\n<meta name=\"author\" content=\"Subaru\" \/>\n<meta name=\"twitter:card\" content=\"summary_large_image\" \/>\n<meta name=\"twitter:label1\" content=\"Escrito por\" \/>\n\t<meta name=\"twitter:data1\" content=\"Subaru\" \/>\n\t<meta name=\"twitter:label2\" content=\"Tiempo de lectura\" \/>\n\t<meta name=\"twitter:data2\" content=\"2 minutos\" \/>\n<script type=\"application\/ld+json\" class=\"yoast-schema-graph\">{\"@context\":\"https:\\\/\\\/schema.org\",\"@graph\":[{\"@type\":\"Article\",\"@id\":\"https:\\\/\\\/www.subaru.es\\\/blog\\\/nuestra-marca\\\/una-vuelta-al-nordschleife-con-tommi-makkinen-y-un-subaru-impreza-wrx-sti\\\/#article\",\"isPartOf\":{\"@id\":\"https:\\\/\\\/www.subaru.es\\\/blog\\\/nuestra-marca\\\/una-vuelta-al-nordschleife-con-tommi-makkinen-y-un-subaru-impreza-wrx-sti\\\/\"},\"author\":{\"name\":\"Subaru\",\"@id\":\"https:\\\/\\\/www.subaru.es\\\/blog\\\/#\\\/schema\\\/person\\\/19a90b892230b8e0ec752704ddf4aa10\"},\"headline\":\"Una vuelta al Nordschleife con Tommi Makkinen y un Subaru Impreza WRX STI\",\"datePublished\":\"2013-02-18T09:52:13+00:00\",\"dateModified\":\"2020-08-12T09:44:29+00:00\",\"mainEntityOfPage\":{\"@id\":\"https:\\\/\\\/www.subaru.es\\\/blog\\\/nuestra-marca\\\/una-vuelta-al-nordschleife-con-tommi-makkinen-y-un-subaru-impreza-wrx-sti\\\/\"},\"wordCount\":320,\"commentCount\":0,\"publisher\":{\"@id\":\"https:\\\/\\\/www.subaru.es\\\/blog\\\/#organization\"},\"image\":{\"@id\":\"https:\\\/\\\/www.subaru.es\\\/blog\\\/nuestra-marca\\\/una-vuelta-al-nordschleife-con-tommi-makkinen-y-un-subaru-impreza-wrx-sti\\\/#primaryimage\"},\"thumbnailUrl\":\"https:\\\/\\\/www.subaru.es\\\/blog\\\/wp-content\\\/uploads\\\/2013\\\/01\\\/makkinen-subaru-wrx-sti.jpg\",\"keywords\":[\"Nordschleife\",\"nurburgring\",\"Subaru Impreza WRX STI\",\"Tommi Makkinen\",\"videos subaru\"],\"articleSection\":[\"Nuestra marca\"],\"inLanguage\":\"es\",\"potentialAction\":[{\"@type\":\"CommentAction\",\"name\":\"Comment\",\"target\":[\"https:\\\/\\\/www.subaru.es\\\/blog\\\/nuestra-marca\\\/una-vuelta-al-nordschleife-con-tommi-makkinen-y-un-subaru-impreza-wrx-sti\\\/#respond\"]}]},{\"@type\":\"WebPage\",\"@id\":\"https:\\\/\\\/www.subaru.es\\\/blog\\\/nuestra-marca\\\/una-vuelta-al-nordschleife-con-tommi-makkinen-y-un-subaru-impreza-wrx-sti\\\/\",\"url\":\"https:\\\/\\\/www.subaru.es\\\/blog\\\/nuestra-marca\\\/una-vuelta-al-nordschleife-con-tommi-makkinen-y-un-subaru-impreza-wrx-sti\\\/\",\"name\":\"Una vuelta al Nordschleife con Tommi Makkinen y un Subaru Impreza WRX STI - Universo Subaru\",\"isPartOf\":{\"@id\":\"https:\\\/\\\/www.subaru.es\\\/blog\\\/#website\"},\"primaryImageOfPage\":{\"@id\":\"https:\\\/\\\/www.subaru.es\\\/blog\\\/nuestra-marca\\\/una-vuelta-al-nordschleife-con-tommi-makkinen-y-un-subaru-impreza-wrx-sti\\\/#primaryimage\"},\"image\":{\"@id\":\"https:\\\/\\\/www.subaru.es\\\/blog\\\/nuestra-marca\\\/una-vuelta-al-nordschleife-con-tommi-makkinen-y-un-subaru-impreza-wrx-sti\\\/#primaryimage\"},\"thumbnailUrl\":\"https:\\\/\\\/www.subaru.es\\\/blog\\\/wp-content\\\/uploads\\\/2013\\\/01\\\/makkinen-subaru-wrx-sti.jpg\",\"datePublished\":\"2013-02-18T09:52:13+00:00\",\"dateModified\":\"2020-08-12T09:44:29+00:00\",\"breadcrumb\":{\"@id\":\"https:\\\/\\\/www.subaru.es\\\/blog\\\/nuestra-marca\\\/una-vuelta-al-nordschleife-con-tommi-makkinen-y-un-subaru-impreza-wrx-sti\\\/#breadcrumb\"},\"inLanguage\":\"es\",\"potentialAction\":[{\"@type\":\"ReadAction\",\"target\":[\"https:\\\/\\\/www.subaru.es\\\/blog\\\/nuestra-marca\\\/una-vuelta-al-nordschleife-con-tommi-makkinen-y-un-subaru-impreza-wrx-sti\\\/\"]}]},{\"@type\":\"ImageObject\",\"inLanguage\":\"es\",\"@id\":\"https:\\\/\\\/www.subaru.es\\\/blog\\\/nuestra-marca\\\/una-vuelta-al-nordschleife-con-tommi-makkinen-y-un-subaru-impreza-wrx-sti\\\/#primaryimage\",\"url\":\"https:\\\/\\\/www.subaru.es\\\/blog\\\/wp-content\\\/uploads\\\/2013\\\/01\\\/makkinen-subaru-wrx-sti.jpg\",\"contentUrl\":\"https:\\\/\\\/www.subaru.es\\\/blog\\\/wp-content\\\/uploads\\\/2013\\\/01\\\/makkinen-subaru-wrx-sti.jpg\",\"width\":600,\"height\":336},{\"@type\":\"BreadcrumbList\",\"@id\":\"https:\\\/\\\/www.subaru.es\\\/blog\\\/nuestra-marca\\\/una-vuelta-al-nordschleife-con-tommi-makkinen-y-un-subaru-impreza-wrx-sti\\\/#breadcrumb\",\"itemListElement\":[{\"@type\":\"ListItem\",\"position\":1,\"name\":\"Portada\",\"item\":\"https:\\\/\\\/www.subaru.es\\\/blog\\\/\"},{\"@type\":\"ListItem\",\"position\":2,\"name\":\"Una vuelta al Nordschleife con Tommi Makkinen y un Subaru Impreza WRX STI\"}]},{\"@type\":\"WebSite\",\"@id\":\"https:\\\/\\\/www.subaru.es\\\/blog\\\/#website\",\"url\":\"https:\\\/\\\/www.subaru.es\\\/blog\\\/\",\"name\":\"Universo Subaru\",\"description\":\"Descubre este apasionante espacio de Subaru donde vas a conocer todo sobre nuestros coches y las experiencias que vivimos con ellos. Si est\u00e1s preparado para dejarte seducir por la filosof\u00eda Subaru, qu\u00e9date con nosotros.\",\"publisher\":{\"@id\":\"https:\\\/\\\/www.subaru.es\\\/blog\\\/#organization\"},\"potentialAction\":[{\"@type\":\"SearchAction\",\"target\":{\"@type\":\"EntryPoint\",\"urlTemplate\":\"https:\\\/\\\/www.subaru.es\\\/blog\\\/?s={search_term_string}\"},\"query-input\":{\"@type\":\"PropertyValueSpecification\",\"valueRequired\":true,\"valueName\":\"search_term_string\"}}],\"inLanguage\":\"es\"},{\"@type\":\"Organization\",\"@id\":\"https:\\\/\\\/www.subaru.es\\\/blog\\\/#organization\",\"name\":\"Subaru Espa\u00f1a S.A.\",\"url\":\"https:\\\/\\\/www.subaru.es\\\/blog\\\/\",\"logo\":{\"@type\":\"ImageObject\",\"inLanguage\":\"es\",\"@id\":\"https:\\\/\\\/www.subaru.es\\\/blog\\\/#\\\/schema\\\/logo\\\/image\\\/\",\"url\":\"https:\\\/\\\/www.subaru.es\\\/blog\\\/wp-content\\\/uploads\\\/2016\\\/12\\\/Logo-Subaru-TypeV_C300-scaled.jpg\",\"contentUrl\":\"https:\\\/\\\/www.subaru.es\\\/blog\\\/wp-content\\\/uploads\\\/2016\\\/12\\\/Logo-Subaru-TypeV_C300-scaled.jpg\",\"width\":2560,\"height\":1864,\"caption\":\"Subaru Espa\u00f1a S.A.\"},\"image\":{\"@id\":\"https:\\\/\\\/www.subaru.es\\\/blog\\\/#\\\/schema\\\/logo\\\/image\\\/\"},\"sameAs\":[\"https:\\\/\\\/www.facebook.com\\\/subaruespana\",\"https:\\\/\\\/www.instagram.com\\\/subarues\\\/\",\"https:\\\/\\\/www.youtube.com\\\/user\\\/subaruespana\"]},{\"@type\":\"Person\",\"@id\":\"https:\\\/\\\/www.subaru.es\\\/blog\\\/#\\\/schema\\\/person\\\/19a90b892230b8e0ec752704ddf4aa10\",\"name\":\"Subaru\",\"url\":\"https:\\\/\\\/www.subaru.es\\\/blog\\\/author\\\/subaria\\\/\"}]}<\/script>\n<!-- \/ Yoast SEO plugin. -->","yoast_head_json":{"title":"Una vuelta al Nordschleife con Tommi Makkinen y un Subaru Impreza WRX STI - Universo Subaru","robots":{"index":"index","follow":"follow","max-snippet":"max-snippet:-1","max-image-preview":"max-image-preview:large","max-video-preview":"max-video-preview:-1"},"canonical":"https:\/\/www.subaru.es\/blog\/nuestra-marca\/una-vuelta-al-nordschleife-con-tommi-makkinen-y-un-subaru-impreza-wrx-sti\/","og_locale":"es_ES","og_type":"article","og_title":"Una vuelta al Nordschleife con Tommi Makkinen y un Subaru Impreza WRX STI - Universo Subaru","og_description":"Pocos circuitos en el mundo tienen el atractivo del N\u00fcrburgring Nordschleife. Se trata de una pista larga, largu\u00edsima, llena de curvas (el Nordschleife tiene una longitud de 20.81 km y 154 curvas) y de una exigencia extrema en algunos sectores. Esta pista es m\u00edtica desde los tiempos de Gran Premio all\u00e1 por los a\u00f1os 70, [&hellip;]","og_url":"https:\/\/www.subaru.es\/blog\/nuestra-marca\/una-vuelta-al-nordschleife-con-tommi-makkinen-y-un-subaru-impreza-wrx-sti\/","og_site_name":"Universo Subaru","article_publisher":"https:\/\/www.facebook.com\/subaruespana","article_published_time":"2013-02-18T09:52:13+00:00","article_modified_time":"2020-08-12T09:44:29+00:00","og_image":[{"width":600,"height":336,"url":"https:\/\/www.subaru.es\/blog\/wp-content\/uploads\/2013\/01\/makkinen-subaru-wrx-sti.jpg","type":"image\/jpeg"}],"author":"Subaru","twitter_card":"summary_large_image","twitter_misc":{"Escrito por":"Subaru","Tiempo de lectura":"2 minutos"},"schema":{"@context":"https:\/\/schema.org","@graph":[{"@type":"Article","@id":"https:\/\/www.subaru.es\/blog\/nuestra-marca\/una-vuelta-al-nordschleife-con-tommi-makkinen-y-un-subaru-impreza-wrx-sti\/#article","isPartOf":{"@id":"https:\/\/www.subaru.es\/blog\/nuestra-marca\/una-vuelta-al-nordschleife-con-tommi-makkinen-y-un-subaru-impreza-wrx-sti\/"},"author":{"name":"Subaru","@id":"https:\/\/www.subaru.es\/blog\/#\/schema\/person\/19a90b892230b8e0ec752704ddf4aa10"},"headline":"Una vuelta al Nordschleife con Tommi Makkinen y un Subaru Impreza WRX STI","datePublished":"2013-02-18T09:52:13+00:00","dateModified":"2020-08-12T09:44:29+00:00","mainEntityOfPage":{"@id":"https:\/\/www.subaru.es\/blog\/nuestra-marca\/una-vuelta-al-nordschleife-con-tommi-makkinen-y-un-subaru-impreza-wrx-sti\/"},"wordCount":320,"commentCount":0,"publisher":{"@id":"https:\/\/www.subaru.es\/blog\/#organization"},"image":{"@id":"https:\/\/www.subaru.es\/blog\/nuestra-marca\/una-vuelta-al-nordschleife-con-tommi-makkinen-y-un-subaru-impreza-wrx-sti\/#primaryimage"},"thumbnailUrl":"https:\/\/www.subaru.es\/blog\/wp-content\/uploads\/2013\/01\/makkinen-subaru-wrx-sti.jpg","keywords":["Nordschleife","nurburgring","Subaru Impreza WRX STI","Tommi Makkinen","videos subaru"],"articleSection":["Nuestra marca"],"inLanguage":"es","potentialAction":[{"@type":"CommentAction","name":"Comment","target":["https:\/\/www.subaru.es\/blog\/nuestra-marca\/una-vuelta-al-nordschleife-con-tommi-makkinen-y-un-subaru-impreza-wrx-sti\/#respond"]}]},{"@type":"WebPage","@id":"https:\/\/www.subaru.es\/blog\/nuestra-marca\/una-vuelta-al-nordschleife-con-tommi-makkinen-y-un-subaru-impreza-wrx-sti\/","url":"https:\/\/www.subaru.es\/blog\/nuestra-marca\/una-vuelta-al-nordschleife-con-tommi-makkinen-y-un-subaru-impreza-wrx-sti\/","name":"Una vuelta al Nordschleife con Tommi Makkinen y un Subaru Impreza WRX STI - Universo Subaru","isPartOf":{"@id":"https:\/\/www.subaru.es\/blog\/#website"},"primaryImageOfPage":{"@id":"https:\/\/www.subaru.es\/blog\/nuestra-marca\/una-vuelta-al-nordschleife-con-tommi-makkinen-y-un-subaru-impreza-wrx-sti\/#primaryimage"},"image":{"@id":"https:\/\/www.subaru.es\/blog\/nuestra-marca\/una-vuelta-al-nordschleife-con-tommi-makkinen-y-un-subaru-impreza-wrx-sti\/#primaryimage"},"thumbnailUrl":"https:\/\/www.subaru.es\/blog\/wp-content\/uploads\/2013\/01\/makkinen-subaru-wrx-sti.jpg","datePublished":"2013-02-18T09:52:13+00:00","dateModified":"2020-08-12T09:44:29+00:00","breadcrumb":{"@id":"https:\/\/www.subaru.es\/blog\/nuestra-marca\/una-vuelta-al-nordschleife-con-tommi-makkinen-y-un-subaru-impreza-wrx-sti\/#breadcrumb"},"inLanguage":"es","potentialAction":[{"@type":"ReadAction","target":["https:\/\/www.subaru.es\/blog\/nuestra-marca\/una-vuelta-al-nordschleife-con-tommi-makkinen-y-un-subaru-impreza-wrx-sti\/"]}]},{"@type":"ImageObject","inLanguage":"es","@id":"https:\/\/www.subaru.es\/blog\/nuestra-marca\/una-vuelta-al-nordschleife-con-tommi-makkinen-y-un-subaru-impreza-wrx-sti\/#primaryimage","url":"https:\/\/www.subaru.es\/blog\/wp-content\/uploads\/2013\/01\/makkinen-subaru-wrx-sti.jpg","contentUrl":"https:\/\/www.subaru.es\/blog\/wp-content\/uploads\/2013\/01\/makkinen-subaru-wrx-sti.jpg","width":600,"height":336},{"@type":"BreadcrumbList","@id":"https:\/\/www.subaru.es\/blog\/nuestra-marca\/una-vuelta-al-nordschleife-con-tommi-makkinen-y-un-subaru-impreza-wrx-sti\/#breadcrumb","itemListElement":[{"@type":"ListItem","position":1,"name":"Portada","item":"https:\/\/www.subaru.es\/blog\/"},{"@type":"ListItem","position":2,"name":"Una vuelta al Nordschleife con Tommi Makkinen y un Subaru Impreza WRX STI"}]},{"@type":"WebSite","@id":"https:\/\/www.subaru.es\/blog\/#website","url":"https:\/\/www.subaru.es\/blog\/","name":"Universo Subaru","description":"Descubre este apasionante espacio de Subaru donde vas a conocer todo sobre nuestros coches y las experiencias que vivimos con ellos. Si est\u00e1s preparado para dejarte seducir por la filosof\u00eda Subaru, qu\u00e9date con nosotros.","publisher":{"@id":"https:\/\/www.subaru.es\/blog\/#organization"},"potentialAction":[{"@type":"SearchAction","target":{"@type":"EntryPoint","urlTemplate":"https:\/\/www.subaru.es\/blog\/?s={search_term_string}"},"query-input":{"@type":"PropertyValueSpecification","valueRequired":true,"valueName":"search_term_string"}}],"inLanguage":"es"},{"@type":"Organization","@id":"https:\/\/www.subaru.es\/blog\/#organization","name":"Subaru Espa\u00f1a S.A.","url":"https:\/\/www.subaru.es\/blog\/","logo":{"@type":"ImageObject","inLanguage":"es","@id":"https:\/\/www.subaru.es\/blog\/#\/schema\/logo\/image\/","url":"https:\/\/www.subaru.es\/blog\/wp-content\/uploads\/2016\/12\/Logo-Subaru-TypeV_C300-scaled.jpg","contentUrl":"https:\/\/www.subaru.es\/blog\/wp-content\/uploads\/2016\/12\/Logo-Subaru-TypeV_C300-scaled.jpg","width":2560,"height":1864,"caption":"Subaru Espa\u00f1a S.A."},"image":{"@id":"https:\/\/www.subaru.es\/blog\/#\/schema\/logo\/image\/"},"sameAs":["https:\/\/www.facebook.com\/subaruespana","https:\/\/www.instagram.com\/subarues\/","https:\/\/www.youtube.com\/user\/subaruespana"]},{"@type":"Person","@id":"https:\/\/www.subaru.es\/blog\/#\/schema\/person\/19a90b892230b8e0ec752704ddf4aa10","name":"Subaru","url":"https:\/\/www.subaru.es\/blog\/author\/subaria\/"}]}},"_links":{"self":[{"href":"https:\/\/www.subaru.es\/blog\/wp-json\/wp\/v2\/posts\/8264","targetHints":{"allow":["GET"]}}],"collection":[{"href":"https:\/\/www.subaru.es\/blog\/wp-json\/wp\/v2\/posts"}],"about":[{"href":"https:\/\/www.subaru.es\/blog\/wp-json\/wp\/v2\/types\/post"}],"author":[{"embeddable":true,"href":"https:\/\/www.subaru.es\/blog\/wp-json\/wp\/v2\/users\/21"}],"replies":[{"embeddable":true,"href":"https:\/\/www.subaru.es\/blog\/wp-json\/wp\/v2\/comments?post=8264"}],"version-history":[{"count":2,"href":"https:\/\/www.subaru.es\/blog\/wp-json\/wp\/v2\/posts\/8264\/revisions"}],"predecessor-version":[{"id":22180,"href":"https:\/\/www.subaru.es\/blog\/wp-json\/wp\/v2\/posts\/8264\/revisions\/22180"}],"wp:featuredmedia":[{"embeddable":true,"href":"https:\/\/www.subaru.es\/blog\/wp-json\/wp\/v2\/media\/8267"}],"wp:attachment":[{"href":"https:\/\/www.subaru.es\/blog\/wp-json\/wp\/v2\/media?parent=8264"}],"wp:term":[{"taxonomy":"category","embeddable":true,"href":"https:\/\/www.subaru.es\/blog\/wp-json\/wp\/v2\/categories?post=8264"},{"taxonomy":"post_tag","embeddable":true,"href":"https:\/\/www.subaru.es\/blog\/wp-json\/wp\/v2\/tags?post=8264"}],"curies":[{"name":"wp","href":"https:\/\/api.w.org\/{rel}","templated":true}]}}