{"id":8182,"date":"2013-02-08T13:14:53","date_gmt":"2013-02-08T11:14:53","guid":{"rendered":"http:\/\/subaru.preproduccion.com\/blog\/?p=8182"},"modified":"2016-10-17T15:07:26","modified_gmt":"2016-10-17T13:07:26","slug":"estas-preparado-para-el-nuevo-examen-de-conducir","status":"publish","type":"post","link":"https:\/\/www.subaru.es\/blog\/nuestra-marca\/estas-preparado-para-el-nuevo-examen-de-conducir\/","title":{"rendered":"\u00bfEst\u00e1s preparado para el nuevo examen de conducir?"},"content":{"rendered":"<p><a href=\"http:\/\/www.flickr.com\/photos\/circulaseguro\/6175240938\/sizes\/z\/in\/photostream\/\"><img decoding=\"async\" data-src=\"https:\/\/www.subaru.es\/blog\/wp-content\/uploads\/2012\/12\/coche-autoescuela.jpg\" alt=\"\" title=\"coche autoescuela\" width=\"600\" height=\"450\" class=\"aligncenter size-full wp-image-8189 lazyload\" data-srcset=\"https:\/\/www.subaru.es\/blog\/wp-content\/uploads\/2012\/12\/coche-autoescuela.jpg 600w, https:\/\/www.subaru.es\/blog\/wp-content\/uploads\/2012\/12\/coche-autoescuela-560x420.jpg 560w\" data-sizes=\"(max-width: 600px) 100vw, 600px\" src=\"data:image\/svg+xml;base64,PHN2ZyB3aWR0aD0iMSIgaGVpZ2h0PSIxIiB4bWxucz0iaHR0cDovL3d3dy53My5vcmcvMjAwMC9zdmciPjwvc3ZnPg==\" style=\"--smush-placeholder-width: 600px; --smush-placeholder-aspect-ratio: 600\/450;\" \/><\/a><br \/>\nNo pasa nada porque ya tengas el carnet de conducir, porque como prosperen las iniciativas propuestas, en unos a\u00f1os <strong>a lo mejor tienes que volver a pasar por un examen<\/strong> para poder renovar tu permiso. Por eso, nunca est\u00e1 de m\u00e1s que repasemos <strong>las novedades que se introducen en el examen de conducir<\/strong> (da igual el tipo de permiso). Por lo de pronto, la novedad es que vamos a tener que estudiar m\u00e1s que memorizar, y creo que con eso estamos ganando mucho.<\/p>\n<p><strong>El carnet de conducir es un tr\u00e1mite<\/strong> para mucha gente. Sin embargo deber\u00eda significar algo importante, pues vamos a pasar de ser meros acompa\u00f1antes a conductores, personas que no solo deben saber guiar un veh\u00edculo, sino <strong>circular por las carreteras con total seguridad<\/strong> para s\u00ed mismos y los dem\u00e1s conductores. Se trata de eso, circular, y no conducir.<br \/>\n<!--more--><\/p>\n<h2>M\u00e1s razonamiento, menos memorizaci\u00f3n<\/h2>\n<p>Las preguntas que necesitan de mayor capacidad de razonamiento <strong>cobrar\u00e1n peso<\/strong> en la nueva versi\u00f3n del examen de conducir, y esa es la mejor de las noticias. Ya no valdr\u00e1 con aprenderse de memoria las preguntas tipo (con sus respuestas, obviamente), sino que entrar\u00e1 en juego la capacidad de los aspirantes para resolver problemas. Y la l\u00f3gica, pues es un arma fundamental para hacer las cosas bien luego, en la carretera.<\/p>\n<p>Desde el pasado 8 de octubre <strong>se est\u00e1n haciendo pruebas con el nuevo formato de examen<\/strong>, de hecho se ha sustituido el l\u00e1piz y el papel por pantallas t\u00e1ctiles donde los aspirantes pueden demostrar sus conocimientos. Parece que todav\u00eda falta para que est\u00e9 completamente extendido, pero se han dado los primeros pasos ya.<\/p>\n<p>La pregunta es, \u00bfde verdad <strong>ser\u00e1n m\u00e1s efectivos los nuevos ex\u00e1menes<\/strong>? \u00bfSe puede volver a un escenario de escuelas de conducci\u00f3n (m\u00e1s que de autoescuelas para sacar el carnet) en el que los alumnos aprendan , m\u00e1s que memoricen? El tiempo lo dir\u00e1. De momento, la intenci\u00f3n ya es buena.<\/p>\n<p>V\u00eda y foto | <a href=\"http:\/\/www.circulaseguro.com\/educacion-vial\/como-es-el-nuevo-examen-de-teorica\">Circula Seguro<\/a><\/p>\n","protected":false},"excerpt":{"rendered":"<p>No pasa nada porque ya tengas el carnet de conducir, porque como prosperen las iniciativas propuestas, en unos a\u00f1os a lo mejor tienes que volver a pasar por un examen para poder renovar tu permiso. Por eso, nunca est\u00e1 de m\u00e1s que repasemos las novedades que se introducen en el examen de conducir (da igual [&hellip;]<\/p>\n","protected":false},"author":21,"featured_media":8189,"comment_status":"open","ping_status":"open","sticky":false,"template":"","format":"standard","meta":{"_acf_changed":false,"_eb_attr":"","inline_featured_image":false,"footnotes":""},"categories":[4401],"tags":[3509,3159,4146],"class_list":["post-8182","post","type-post","status-publish","format-standard","has-post-thumbnail","hentry","category-nuestra-marca","tag-carnet-de-conducir","tag-dgt","tag-nuevo-examen-de-conducir"],"acf":[],"yoast_head":"<!-- This site is optimized with the Yoast SEO plugin v27.3 - https:\/\/yoast.com\/product\/yoast-seo-wordpress\/ -->\n<title>\u00bfEst\u00e1s preparado para el nuevo examen de conducir? - Universo Subaru<\/title>\n<meta name=\"robots\" content=\"index, follow, max-snippet:-1, max-image-preview:large, max-video-preview:-1\" \/>\n<link rel=\"canonical\" href=\"https:\/\/www.subaru.es\/blog\/nuestra-marca\/estas-preparado-para-el-nuevo-examen-de-conducir\/\" \/>\n<meta property=\"og:locale\" content=\"es_ES\" \/>\n<meta property=\"og:type\" content=\"article\" \/>\n<meta property=\"og:title\" content=\"\u00bfEst\u00e1s preparado para el nuevo examen de conducir? - Universo Subaru\" \/>\n<meta property=\"og:description\" content=\"No pasa nada porque ya tengas el carnet de conducir, porque como prosperen las iniciativas propuestas, en unos a\u00f1os a lo mejor tienes que volver a pasar por un examen para poder renovar tu permiso. Por eso, nunca est\u00e1 de m\u00e1s que repasemos las novedades que se introducen en el examen de conducir (da igual [&hellip;]\" \/>\n<meta property=\"og:url\" content=\"https:\/\/www.subaru.es\/blog\/nuestra-marca\/estas-preparado-para-el-nuevo-examen-de-conducir\/\" \/>\n<meta property=\"og:site_name\" content=\"Universo Subaru\" \/>\n<meta property=\"article:publisher\" content=\"https:\/\/www.facebook.com\/subaruespana\" \/>\n<meta property=\"article:published_time\" content=\"2013-02-08T11:14:53+00:00\" \/>\n<meta property=\"article:modified_time\" content=\"2016-10-17T13:07:26+00:00\" \/>\n<meta property=\"og:image\" content=\"https:\/\/www.subaru.es\/blog\/wp-content\/uploads\/2012\/12\/coche-autoescuela.jpg\" \/>\n\t<meta property=\"og:image:width\" content=\"600\" \/>\n\t<meta property=\"og:image:height\" content=\"450\" \/>\n\t<meta property=\"og:image:type\" content=\"image\/jpeg\" \/>\n<meta name=\"author\" content=\"Subaru\" \/>\n<meta name=\"twitter:card\" content=\"summary_large_image\" \/>\n<meta name=\"twitter:label1\" content=\"Escrito por\" \/>\n\t<meta name=\"twitter:data1\" content=\"Subaru\" \/>\n\t<meta name=\"twitter:label2\" content=\"Tiempo de lectura\" \/>\n\t<meta name=\"twitter:data2\" content=\"2 minutos\" \/>\n<script type=\"application\/ld+json\" class=\"yoast-schema-graph\">{\"@context\":\"https:\\\/\\\/schema.org\",\"@graph\":[{\"@type\":\"Article\",\"@id\":\"https:\\\/\\\/www.subaru.es\\\/blog\\\/nuestra-marca\\\/estas-preparado-para-el-nuevo-examen-de-conducir\\\/#article\",\"isPartOf\":{\"@id\":\"https:\\\/\\\/www.subaru.es\\\/blog\\\/nuestra-marca\\\/estas-preparado-para-el-nuevo-examen-de-conducir\\\/\"},\"author\":{\"name\":\"Subaru\",\"@id\":\"https:\\\/\\\/www.subaru.es\\\/blog\\\/#\\\/schema\\\/person\\\/19a90b892230b8e0ec752704ddf4aa10\"},\"headline\":\"\u00bfEst\u00e1s preparado para el nuevo examen de conducir?\",\"datePublished\":\"2013-02-08T11:14:53+00:00\",\"dateModified\":\"2016-10-17T13:07:26+00:00\",\"mainEntityOfPage\":{\"@id\":\"https:\\\/\\\/www.subaru.es\\\/blog\\\/nuestra-marca\\\/estas-preparado-para-el-nuevo-examen-de-conducir\\\/\"},\"wordCount\":356,\"commentCount\":1,\"publisher\":{\"@id\":\"https:\\\/\\\/www.subaru.es\\\/blog\\\/#organization\"},\"image\":{\"@id\":\"https:\\\/\\\/www.subaru.es\\\/blog\\\/nuestra-marca\\\/estas-preparado-para-el-nuevo-examen-de-conducir\\\/#primaryimage\"},\"thumbnailUrl\":\"https:\\\/\\\/www.subaru.es\\\/blog\\\/wp-content\\\/uploads\\\/2012\\\/12\\\/coche-autoescuela.jpg\",\"keywords\":[\"Carnet de conducir\",\"DGT\",\"Nuevo examen de conducir\"],\"articleSection\":[\"Nuestra marca\"],\"inLanguage\":\"es\",\"potentialAction\":[{\"@type\":\"CommentAction\",\"name\":\"Comment\",\"target\":[\"https:\\\/\\\/www.subaru.es\\\/blog\\\/nuestra-marca\\\/estas-preparado-para-el-nuevo-examen-de-conducir\\\/#respond\"]}]},{\"@type\":\"WebPage\",\"@id\":\"https:\\\/\\\/www.subaru.es\\\/blog\\\/nuestra-marca\\\/estas-preparado-para-el-nuevo-examen-de-conducir\\\/\",\"url\":\"https:\\\/\\\/www.subaru.es\\\/blog\\\/nuestra-marca\\\/estas-preparado-para-el-nuevo-examen-de-conducir\\\/\",\"name\":\"\u00bfEst\u00e1s preparado para el nuevo examen de conducir? - Universo Subaru\",\"isPartOf\":{\"@id\":\"https:\\\/\\\/www.subaru.es\\\/blog\\\/#website\"},\"primaryImageOfPage\":{\"@id\":\"https:\\\/\\\/www.subaru.es\\\/blog\\\/nuestra-marca\\\/estas-preparado-para-el-nuevo-examen-de-conducir\\\/#primaryimage\"},\"image\":{\"@id\":\"https:\\\/\\\/www.subaru.es\\\/blog\\\/nuestra-marca\\\/estas-preparado-para-el-nuevo-examen-de-conducir\\\/#primaryimage\"},\"thumbnailUrl\":\"https:\\\/\\\/www.subaru.es\\\/blog\\\/wp-content\\\/uploads\\\/2012\\\/12\\\/coche-autoescuela.jpg\",\"datePublished\":\"2013-02-08T11:14:53+00:00\",\"dateModified\":\"2016-10-17T13:07:26+00:00\",\"breadcrumb\":{\"@id\":\"https:\\\/\\\/www.subaru.es\\\/blog\\\/nuestra-marca\\\/estas-preparado-para-el-nuevo-examen-de-conducir\\\/#breadcrumb\"},\"inLanguage\":\"es\",\"potentialAction\":[{\"@type\":\"ReadAction\",\"target\":[\"https:\\\/\\\/www.subaru.es\\\/blog\\\/nuestra-marca\\\/estas-preparado-para-el-nuevo-examen-de-conducir\\\/\"]}]},{\"@type\":\"ImageObject\",\"inLanguage\":\"es\",\"@id\":\"https:\\\/\\\/www.subaru.es\\\/blog\\\/nuestra-marca\\\/estas-preparado-para-el-nuevo-examen-de-conducir\\\/#primaryimage\",\"url\":\"https:\\\/\\\/www.subaru.es\\\/blog\\\/wp-content\\\/uploads\\\/2012\\\/12\\\/coche-autoescuela.jpg\",\"contentUrl\":\"https:\\\/\\\/www.subaru.es\\\/blog\\\/wp-content\\\/uploads\\\/2012\\\/12\\\/coche-autoescuela.jpg\",\"width\":600,\"height\":450},{\"@type\":\"BreadcrumbList\",\"@id\":\"https:\\\/\\\/www.subaru.es\\\/blog\\\/nuestra-marca\\\/estas-preparado-para-el-nuevo-examen-de-conducir\\\/#breadcrumb\",\"itemListElement\":[{\"@type\":\"ListItem\",\"position\":1,\"name\":\"Portada\",\"item\":\"https:\\\/\\\/www.subaru.es\\\/blog\\\/\"},{\"@type\":\"ListItem\",\"position\":2,\"name\":\"\u00bfEst\u00e1s preparado para el nuevo examen de conducir?\"}]},{\"@type\":\"WebSite\",\"@id\":\"https:\\\/\\\/www.subaru.es\\\/blog\\\/#website\",\"url\":\"https:\\\/\\\/www.subaru.es\\\/blog\\\/\",\"name\":\"Universo Subaru\",\"description\":\"Descubre este apasionante espacio de Subaru donde vas a conocer todo sobre nuestros coches y las experiencias que vivimos con ellos. Si est\u00e1s preparado para dejarte seducir por la filosof\u00eda Subaru, qu\u00e9date con nosotros.\",\"publisher\":{\"@id\":\"https:\\\/\\\/www.subaru.es\\\/blog\\\/#organization\"},\"potentialAction\":[{\"@type\":\"SearchAction\",\"target\":{\"@type\":\"EntryPoint\",\"urlTemplate\":\"https:\\\/\\\/www.subaru.es\\\/blog\\\/?s={search_term_string}\"},\"query-input\":{\"@type\":\"PropertyValueSpecification\",\"valueRequired\":true,\"valueName\":\"search_term_string\"}}],\"inLanguage\":\"es\"},{\"@type\":\"Organization\",\"@id\":\"https:\\\/\\\/www.subaru.es\\\/blog\\\/#organization\",\"name\":\"Subaru Espa\u00f1a S.A.\",\"url\":\"https:\\\/\\\/www.subaru.es\\\/blog\\\/\",\"logo\":{\"@type\":\"ImageObject\",\"inLanguage\":\"es\",\"@id\":\"https:\\\/\\\/www.subaru.es\\\/blog\\\/#\\\/schema\\\/logo\\\/image\\\/\",\"url\":\"https:\\\/\\\/www.subaru.es\\\/blog\\\/wp-content\\\/uploads\\\/2016\\\/12\\\/Logo-Subaru-TypeV_C300-scaled.jpg\",\"contentUrl\":\"https:\\\/\\\/www.subaru.es\\\/blog\\\/wp-content\\\/uploads\\\/2016\\\/12\\\/Logo-Subaru-TypeV_C300-scaled.jpg\",\"width\":2560,\"height\":1864,\"caption\":\"Subaru Espa\u00f1a S.A.\"},\"image\":{\"@id\":\"https:\\\/\\\/www.subaru.es\\\/blog\\\/#\\\/schema\\\/logo\\\/image\\\/\"},\"sameAs\":[\"https:\\\/\\\/www.facebook.com\\\/subaruespana\",\"https:\\\/\\\/www.instagram.com\\\/subarues\\\/\",\"https:\\\/\\\/www.youtube.com\\\/user\\\/subaruespana\"]},{\"@type\":\"Person\",\"@id\":\"https:\\\/\\\/www.subaru.es\\\/blog\\\/#\\\/schema\\\/person\\\/19a90b892230b8e0ec752704ddf4aa10\",\"name\":\"Subaru\",\"url\":\"https:\\\/\\\/www.subaru.es\\\/blog\\\/author\\\/subaria\\\/\"}]}<\/script>\n<!-- \/ Yoast SEO plugin. -->","yoast_head_json":{"title":"\u00bfEst\u00e1s preparado para el nuevo examen de conducir? - Universo Subaru","robots":{"index":"index","follow":"follow","max-snippet":"max-snippet:-1","max-image-preview":"max-image-preview:large","max-video-preview":"max-video-preview:-1"},"canonical":"https:\/\/www.subaru.es\/blog\/nuestra-marca\/estas-preparado-para-el-nuevo-examen-de-conducir\/","og_locale":"es_ES","og_type":"article","og_title":"\u00bfEst\u00e1s preparado para el nuevo examen de conducir? - Universo Subaru","og_description":"No pasa nada porque ya tengas el carnet de conducir, porque como prosperen las iniciativas propuestas, en unos a\u00f1os a lo mejor tienes que volver a pasar por un examen para poder renovar tu permiso. Por eso, nunca est\u00e1 de m\u00e1s que repasemos las novedades que se introducen en el examen de conducir (da igual [&hellip;]","og_url":"https:\/\/www.subaru.es\/blog\/nuestra-marca\/estas-preparado-para-el-nuevo-examen-de-conducir\/","og_site_name":"Universo Subaru","article_publisher":"https:\/\/www.facebook.com\/subaruespana","article_published_time":"2013-02-08T11:14:53+00:00","article_modified_time":"2016-10-17T13:07:26+00:00","og_image":[{"width":600,"height":450,"url":"https:\/\/www.subaru.es\/blog\/wp-content\/uploads\/2012\/12\/coche-autoescuela.jpg","type":"image\/jpeg"}],"author":"Subaru","twitter_card":"summary_large_image","twitter_misc":{"Escrito por":"Subaru","Tiempo de lectura":"2 minutos"},"schema":{"@context":"https:\/\/schema.org","@graph":[{"@type":"Article","@id":"https:\/\/www.subaru.es\/blog\/nuestra-marca\/estas-preparado-para-el-nuevo-examen-de-conducir\/#article","isPartOf":{"@id":"https:\/\/www.subaru.es\/blog\/nuestra-marca\/estas-preparado-para-el-nuevo-examen-de-conducir\/"},"author":{"name":"Subaru","@id":"https:\/\/www.subaru.es\/blog\/#\/schema\/person\/19a90b892230b8e0ec752704ddf4aa10"},"headline":"\u00bfEst\u00e1s preparado para el nuevo examen de conducir?","datePublished":"2013-02-08T11:14:53+00:00","dateModified":"2016-10-17T13:07:26+00:00","mainEntityOfPage":{"@id":"https:\/\/www.subaru.es\/blog\/nuestra-marca\/estas-preparado-para-el-nuevo-examen-de-conducir\/"},"wordCount":356,"commentCount":1,"publisher":{"@id":"https:\/\/www.subaru.es\/blog\/#organization"},"image":{"@id":"https:\/\/www.subaru.es\/blog\/nuestra-marca\/estas-preparado-para-el-nuevo-examen-de-conducir\/#primaryimage"},"thumbnailUrl":"https:\/\/www.subaru.es\/blog\/wp-content\/uploads\/2012\/12\/coche-autoescuela.jpg","keywords":["Carnet de conducir","DGT","Nuevo examen de conducir"],"articleSection":["Nuestra marca"],"inLanguage":"es","potentialAction":[{"@type":"CommentAction","name":"Comment","target":["https:\/\/www.subaru.es\/blog\/nuestra-marca\/estas-preparado-para-el-nuevo-examen-de-conducir\/#respond"]}]},{"@type":"WebPage","@id":"https:\/\/www.subaru.es\/blog\/nuestra-marca\/estas-preparado-para-el-nuevo-examen-de-conducir\/","url":"https:\/\/www.subaru.es\/blog\/nuestra-marca\/estas-preparado-para-el-nuevo-examen-de-conducir\/","name":"\u00bfEst\u00e1s preparado para el nuevo examen de conducir? - Universo Subaru","isPartOf":{"@id":"https:\/\/www.subaru.es\/blog\/#website"},"primaryImageOfPage":{"@id":"https:\/\/www.subaru.es\/blog\/nuestra-marca\/estas-preparado-para-el-nuevo-examen-de-conducir\/#primaryimage"},"image":{"@id":"https:\/\/www.subaru.es\/blog\/nuestra-marca\/estas-preparado-para-el-nuevo-examen-de-conducir\/#primaryimage"},"thumbnailUrl":"https:\/\/www.subaru.es\/blog\/wp-content\/uploads\/2012\/12\/coche-autoescuela.jpg","datePublished":"2013-02-08T11:14:53+00:00","dateModified":"2016-10-17T13:07:26+00:00","breadcrumb":{"@id":"https:\/\/www.subaru.es\/blog\/nuestra-marca\/estas-preparado-para-el-nuevo-examen-de-conducir\/#breadcrumb"},"inLanguage":"es","potentialAction":[{"@type":"ReadAction","target":["https:\/\/www.subaru.es\/blog\/nuestra-marca\/estas-preparado-para-el-nuevo-examen-de-conducir\/"]}]},{"@type":"ImageObject","inLanguage":"es","@id":"https:\/\/www.subaru.es\/blog\/nuestra-marca\/estas-preparado-para-el-nuevo-examen-de-conducir\/#primaryimage","url":"https:\/\/www.subaru.es\/blog\/wp-content\/uploads\/2012\/12\/coche-autoescuela.jpg","contentUrl":"https:\/\/www.subaru.es\/blog\/wp-content\/uploads\/2012\/12\/coche-autoescuela.jpg","width":600,"height":450},{"@type":"BreadcrumbList","@id":"https:\/\/www.subaru.es\/blog\/nuestra-marca\/estas-preparado-para-el-nuevo-examen-de-conducir\/#breadcrumb","itemListElement":[{"@type":"ListItem","position":1,"name":"Portada","item":"https:\/\/www.subaru.es\/blog\/"},{"@type":"ListItem","position":2,"name":"\u00bfEst\u00e1s preparado para el nuevo examen de conducir?"}]},{"@type":"WebSite","@id":"https:\/\/www.subaru.es\/blog\/#website","url":"https:\/\/www.subaru.es\/blog\/","name":"Universo Subaru","description":"Descubre este apasionante espacio de Subaru donde vas a conocer todo sobre nuestros coches y las experiencias que vivimos con ellos. Si est\u00e1s preparado para dejarte seducir por la filosof\u00eda Subaru, qu\u00e9date con nosotros.","publisher":{"@id":"https:\/\/www.subaru.es\/blog\/#organization"},"potentialAction":[{"@type":"SearchAction","target":{"@type":"EntryPoint","urlTemplate":"https:\/\/www.subaru.es\/blog\/?s={search_term_string}"},"query-input":{"@type":"PropertyValueSpecification","valueRequired":true,"valueName":"search_term_string"}}],"inLanguage":"es"},{"@type":"Organization","@id":"https:\/\/www.subaru.es\/blog\/#organization","name":"Subaru Espa\u00f1a S.A.","url":"https:\/\/www.subaru.es\/blog\/","logo":{"@type":"ImageObject","inLanguage":"es","@id":"https:\/\/www.subaru.es\/blog\/#\/schema\/logo\/image\/","url":"https:\/\/www.subaru.es\/blog\/wp-content\/uploads\/2016\/12\/Logo-Subaru-TypeV_C300-scaled.jpg","contentUrl":"https:\/\/www.subaru.es\/blog\/wp-content\/uploads\/2016\/12\/Logo-Subaru-TypeV_C300-scaled.jpg","width":2560,"height":1864,"caption":"Subaru Espa\u00f1a S.A."},"image":{"@id":"https:\/\/www.subaru.es\/blog\/#\/schema\/logo\/image\/"},"sameAs":["https:\/\/www.facebook.com\/subaruespana","https:\/\/www.instagram.com\/subarues\/","https:\/\/www.youtube.com\/user\/subaruespana"]},{"@type":"Person","@id":"https:\/\/www.subaru.es\/blog\/#\/schema\/person\/19a90b892230b8e0ec752704ddf4aa10","name":"Subaru","url":"https:\/\/www.subaru.es\/blog\/author\/subaria\/"}]}},"_links":{"self":[{"href":"https:\/\/www.subaru.es\/blog\/wp-json\/wp\/v2\/posts\/8182","targetHints":{"allow":["GET"]}}],"collection":[{"href":"https:\/\/www.subaru.es\/blog\/wp-json\/wp\/v2\/posts"}],"about":[{"href":"https:\/\/www.subaru.es\/blog\/wp-json\/wp\/v2\/types\/post"}],"author":[{"embeddable":true,"href":"https:\/\/www.subaru.es\/blog\/wp-json\/wp\/v2\/users\/21"}],"replies":[{"embeddable":true,"href":"https:\/\/www.subaru.es\/blog\/wp-json\/wp\/v2\/comments?post=8182"}],"version-history":[{"count":1,"href":"https:\/\/www.subaru.es\/blog\/wp-json\/wp\/v2\/posts\/8182\/revisions"}],"predecessor-version":[{"id":16067,"href":"https:\/\/www.subaru.es\/blog\/wp-json\/wp\/v2\/posts\/8182\/revisions\/16067"}],"wp:featuredmedia":[{"embeddable":true,"href":"https:\/\/www.subaru.es\/blog\/wp-json\/wp\/v2\/media\/8189"}],"wp:attachment":[{"href":"https:\/\/www.subaru.es\/blog\/wp-json\/wp\/v2\/media?parent=8182"}],"wp:term":[{"taxonomy":"category","embeddable":true,"href":"https:\/\/www.subaru.es\/blog\/wp-json\/wp\/v2\/categories?post=8182"},{"taxonomy":"post_tag","embeddable":true,"href":"https:\/\/www.subaru.es\/blog\/wp-json\/wp\/v2\/tags?post=8182"}],"curies":[{"name":"wp","href":"https:\/\/api.w.org\/{rel}","templated":true}]}}