{"id":8060,"date":"2012-11-14T11:02:09","date_gmt":"2012-11-14T09:02:09","guid":{"rendered":"http:\/\/subaru.preproduccion.com\/blog\/?p=8060"},"modified":"2016-10-17T15:11:01","modified_gmt":"2016-10-17T13:11:01","slug":"marc-marquez-subaru-y-la-fundacion-bola-de-nieveuna-combinacion-perfecta","status":"publish","type":"post","link":"https:\/\/www.subaru.es\/blog\/nuestra-marca\/marc-marquez-subaru-y-la-fundacion-bola-de-nieveuna-combinacion-perfecta\/","title":{"rendered":"Marc M\u00e0rquez, Subaru y la fundaci\u00f3n Bola de Nieve\u2026\u00a1una combinaci\u00f3n perfecta!"},"content":{"rendered":"<p style=\"text-align: left;\"><a href=\"https:\/\/www.subaru.es\/blog\/wp-content\/uploads\/2012\/11\/Foto-1.jpg\"><\/a><a href=\"https:\/\/www.subaru.es\/blog\/wp-content\/uploads\/2012\/11\/Foto-1.jpg\"><img decoding=\"async\" class=\"aligncenter size-large wp-image-8061 lazyload\" title=\"Foto 1\" data-src=\"https:\/\/www.subaru.es\/blog\/wp-content\/uploads\/2012\/11\/Foto-1-1024x768.jpg\" alt=\"\" width=\"624\" height=\"368\" src=\"data:image\/svg+xml;base64,PHN2ZyB3aWR0aD0iMSIgaGVpZ2h0PSIxIiB4bWxucz0iaHR0cDovL3d3dy53My5vcmcvMjAwMC9zdmciPjwvc3ZnPg==\" style=\"--smush-placeholder-width: 624px; --smush-placeholder-aspect-ratio: 624\/368;\" \/><\/a><br \/>\nUna carrera en Mountain Bike, 90 kil\u00f3metros, 4.000 metros de desnivel positivo. Es tan dif\u00edcil que hasta pensarlo cansa, \u00bfverdad? Ahora imagina que en vez de una Mountain Bike normal, vas a bordo de una hand-bike, de forma que solo puedes pedalear con tus brazos.<\/p>\n<p>\u00bfImposible? No:<strong> Luis Serrano, del equipo <a href=\"http:\/\/www.boladenieve.org\/\">Fundaci\u00f3n Bola de Nieve<\/a><\/strong>, que sufre una lesi\u00f3n medular, lo hace con su Mountain Hand-bike. Lo que no sab\u00eda Luis es que el pasado 3 de noviembre, iba a contar con la ayuda de un invitado sorpresa\u2026 <strong>\u00a1Marc M\u00e0rquez!<\/strong><\/p>\n<p><!--more--><\/p>\n<p><strong><a href=\"http:\/\/subaru.es\/CMS\/home.html\">Subaru\u00a0Espa\u00f1a<\/a> colabora desde hace tiempo con la Fundaci\u00f3n Bola de Nieve, que ayuda\u00a0a personas con discapacidad f\u00edsica a realizar deportes de riesgo.<\/strong> Cuatro miembros del equipo de la Fundaci\u00f3n ayudan a subir los tramos m\u00e1s inclinados a las personas con discapacidad f\u00edsica, tirando a trav\u00e9s de unas gomas que hacen posible unir el esfuerzo de todos para los ascensos. Montado en su hand-bike, adem\u00e1s, Luis ayuda a sus tiradores sin dejar de pedalear tampoco.<\/p>\n<p>El pasado 3 de noviembre, la Fundaci\u00f3n Bola de Nieve organiz\u00f3 una sesi\u00f3n de entrenamiento a la que acudi\u00f3 Luis Serrano y dos ni\u00f1os de 8 a\u00f1os, V\u00edctor y Pablo.\u00a0Marc M\u00e0rquez, que la noche anterior hab\u00eda celebrado con sus paisanos de Cervera la consecuci\u00f3n del Campeonato del Mundo de Moto2, se uni\u00f3 a la sesi\u00f3n para experimentar que se siente ante el esp\u00edritu de superaci\u00f3n y esfuerzo de todo el equipo\u00a0de la Fundaci\u00f3n, y lo que vi\u00f3 no le dej\u00f3 indiferente\u2026<\/p>\n<p><a href=\"https:\/\/www.subaru.es\/blog\/wp-content\/uploads\/2012\/11\/Foto-4.jpg\"><img decoding=\"async\" class=\"aligncenter size-large wp-image-8062 lazyload\" title=\"Foto 4\" data-src=\"https:\/\/www.subaru.es\/blog\/wp-content\/uploads\/2012\/11\/Foto-4-1024x768.jpg\" alt=\"\" width=\"624\" height=\"398\" src=\"data:image\/svg+xml;base64,PHN2ZyB3aWR0aD0iMSIgaGVpZ2h0PSIxIiB4bWxucz0iaHR0cDovL3d3dy53My5vcmcvMjAwMC9zdmciPjwvc3ZnPg==\" style=\"--smush-placeholder-width: 624px; --smush-placeholder-aspect-ratio: 624\/398;\" \/><\/a><\/p>\n<p><strong>Marc es practicante asiduo al Mountain Bike<\/strong>, pero esta era una\u00a0experiencia \u00fanica que no se quer\u00eda perder. Esta sesi\u00f3n de entrenamiento tuvo lugar en la Cerdanya, cerca de Puigcerd\u00e1, en pleno coraz\u00f3n de los Pirineos y el terreno por el que ascendieron (y descendieron) Luis Serrano, V\u00edctor, Pablo y el resto de participantes del equipo (Marc M\u00e0rquez incluido) estaba embarrado, nevado y ofreciendo todo tipo de adversidades.<\/p>\n<p>Al acabar el d\u00eda de entrenamiento, <strong>M\u00e0rquez, que conduce un <a href=\"http:\/\/subaru.es\/CMS\/11sti.html\">Subaru WRX STI<\/a><\/strong>, se percat\u00f3 de c\u00f3mo se simbolizaba ese sue\u00f1o cumplido gracias al que muchos aficionados al deporte extremo que sufren alguna discapacidad f\u00edsica han podido volver a disfrutar del aire fresco, la monta\u00f1a, sentir el sudor del deporte y poner a prueba sus m\u00fasculos en compa\u00f1\u00eda de sus amigos.<\/p>\n<p><center><iframe width=\"560\" height=\"315\" data-src=\"http:\/\/www.youtube.com\/embed\/tsXmdGIdr9w\" frameborder=\"0\" allowfullscreen src=\"data:image\/svg+xml;base64,PHN2ZyB3aWR0aD0iMSIgaGVpZ2h0PSIxIiB4bWxucz0iaHR0cDovL3d3dy53My5vcmcvMjAwMC9zdmciPjwvc3ZnPg==\" class=\"lazyload\" data-load-mode=\"1\"><\/iframe><\/Center><\/p>\n<p><a>\u00bfQui\u00e9n ayuda a qui\u00e9n?<\/a><\/p>\n<p>\u00bfUn equipo 10, no cr\u00e9eis? ;)<\/p>\n","protected":false},"excerpt":{"rendered":"<p>Una carrera en Mountain Bike, 90 kil\u00f3metros, 4.000 metros de desnivel positivo. Es tan dif\u00edcil que hasta pensarlo cansa, \u00bfverdad? Ahora imagina que en vez de una Mountain Bike normal, vas a bordo de una hand-bike, de forma que solo puedes pedalear con tus brazos. \u00bfImposible? No: Luis Serrano, del equipo Fundaci\u00f3n Bola de Nieve, [&hellip;]<\/p>\n","protected":false},"author":21,"featured_media":8061,"comment_status":"open","ping_status":"open","sticky":false,"template":"","format":"standard","meta":{"_acf_changed":false,"_eb_attr":"","inline_featured_image":false,"footnotes":""},"categories":[4401],"tags":[4132,4133,4079,742,214,4390],"class_list":["post-8060","post","type-post","status-publish","format-standard","has-post-thumbnail","hentry","category-nuestra-marca","tag-campeonato-del-mundo-de-moto2","tag-discapacidad","tag-fundacion-bola-de-nieve","tag-marc-marquez","tag-mountain-bike","tag-subaru"],"acf":[],"yoast_head":"<!-- This site is optimized with the Yoast SEO plugin v27.3 - https:\/\/yoast.com\/product\/yoast-seo-wordpress\/ -->\n<title>Marc M\u00e0rquez, Subaru y la fundaci\u00f3n Bola de Nieve\u2026\u00a1una combinaci\u00f3n perfecta! - Universo Subaru<\/title>\n<meta name=\"robots\" content=\"index, follow, max-snippet:-1, max-image-preview:large, max-video-preview:-1\" \/>\n<link rel=\"canonical\" href=\"https:\/\/www.subaru.es\/blog\/nuestra-marca\/marc-marquez-subaru-y-la-fundacion-bola-de-nieveuna-combinacion-perfecta\/\" \/>\n<meta property=\"og:locale\" content=\"es_ES\" \/>\n<meta property=\"og:type\" content=\"article\" \/>\n<meta property=\"og:title\" content=\"Marc M\u00e0rquez, Subaru y la fundaci\u00f3n Bola de Nieve\u2026\u00a1una combinaci\u00f3n perfecta! - Universo Subaru\" \/>\n<meta property=\"og:description\" content=\"Una carrera en Mountain Bike, 90 kil\u00f3metros, 4.000 metros de desnivel positivo. Es tan dif\u00edcil que hasta pensarlo cansa, \u00bfverdad? Ahora imagina que en vez de una Mountain Bike normal, vas a bordo de una hand-bike, de forma que solo puedes pedalear con tus brazos. \u00bfImposible? No: Luis Serrano, del equipo Fundaci\u00f3n Bola de Nieve, [&hellip;]\" \/>\n<meta property=\"og:url\" content=\"https:\/\/www.subaru.es\/blog\/nuestra-marca\/marc-marquez-subaru-y-la-fundacion-bola-de-nieveuna-combinacion-perfecta\/\" \/>\n<meta property=\"og:site_name\" content=\"Universo Subaru\" \/>\n<meta property=\"article:publisher\" content=\"https:\/\/www.facebook.com\/subaruespana\" \/>\n<meta property=\"article:published_time\" content=\"2012-11-14T09:02:09+00:00\" \/>\n<meta property=\"article:modified_time\" content=\"2016-10-17T13:11:01+00:00\" \/>\n<meta property=\"og:image\" content=\"https:\/\/www.subaru.es\/blog\/wp-content\/uploads\/2012\/11\/Foto-1-1440x1080.jpg\" \/>\n\t<meta property=\"og:image:width\" content=\"1440\" \/>\n\t<meta property=\"og:image:height\" content=\"1080\" \/>\n\t<meta property=\"og:image:type\" content=\"image\/jpeg\" \/>\n<meta name=\"author\" content=\"Subaru\" \/>\n<meta name=\"twitter:card\" content=\"summary_large_image\" \/>\n<meta name=\"twitter:label1\" content=\"Escrito por\" \/>\n\t<meta name=\"twitter:data1\" content=\"Subaru\" \/>\n\t<meta name=\"twitter:label2\" content=\"Tiempo de lectura\" \/>\n\t<meta name=\"twitter:data2\" content=\"2 minutos\" \/>\n<script type=\"application\/ld+json\" class=\"yoast-schema-graph\">{\"@context\":\"https:\\\/\\\/schema.org\",\"@graph\":[{\"@type\":\"Article\",\"@id\":\"https:\\\/\\\/www.subaru.es\\\/blog\\\/nuestra-marca\\\/marc-marquez-subaru-y-la-fundacion-bola-de-nieveuna-combinacion-perfecta\\\/#article\",\"isPartOf\":{\"@id\":\"https:\\\/\\\/www.subaru.es\\\/blog\\\/nuestra-marca\\\/marc-marquez-subaru-y-la-fundacion-bola-de-nieveuna-combinacion-perfecta\\\/\"},\"author\":{\"name\":\"Subaru\",\"@id\":\"https:\\\/\\\/www.subaru.es\\\/blog\\\/#\\\/schema\\\/person\\\/19a90b892230b8e0ec752704ddf4aa10\"},\"headline\":\"Marc M\u00e0rquez, Subaru y la fundaci\u00f3n Bola de Nieve\u2026\u00a1una combinaci\u00f3n perfecta!\",\"datePublished\":\"2012-11-14T09:02:09+00:00\",\"dateModified\":\"2016-10-17T13:11:01+00:00\",\"mainEntityOfPage\":{\"@id\":\"https:\\\/\\\/www.subaru.es\\\/blog\\\/nuestra-marca\\\/marc-marquez-subaru-y-la-fundacion-bola-de-nieveuna-combinacion-perfecta\\\/\"},\"wordCount\":438,\"commentCount\":0,\"publisher\":{\"@id\":\"https:\\\/\\\/www.subaru.es\\\/blog\\\/#organization\"},\"image\":{\"@id\":\"https:\\\/\\\/www.subaru.es\\\/blog\\\/nuestra-marca\\\/marc-marquez-subaru-y-la-fundacion-bola-de-nieveuna-combinacion-perfecta\\\/#primaryimage\"},\"thumbnailUrl\":\"https:\\\/\\\/www.subaru.es\\\/blog\\\/wp-content\\\/uploads\\\/2012\\\/11\\\/Foto-1.jpg\",\"keywords\":[\"Campeonato del Mundo de Moto2\",\"discapacidad\",\"Fundaci\u00f3n Bola de Nieve\",\"Marc M\u00e1rquez\",\"mountain bike\",\"Subaru\"],\"articleSection\":[\"Nuestra marca\"],\"inLanguage\":\"es\",\"potentialAction\":[{\"@type\":\"CommentAction\",\"name\":\"Comment\",\"target\":[\"https:\\\/\\\/www.subaru.es\\\/blog\\\/nuestra-marca\\\/marc-marquez-subaru-y-la-fundacion-bola-de-nieveuna-combinacion-perfecta\\\/#respond\"]}]},{\"@type\":\"WebPage\",\"@id\":\"https:\\\/\\\/www.subaru.es\\\/blog\\\/nuestra-marca\\\/marc-marquez-subaru-y-la-fundacion-bola-de-nieveuna-combinacion-perfecta\\\/\",\"url\":\"https:\\\/\\\/www.subaru.es\\\/blog\\\/nuestra-marca\\\/marc-marquez-subaru-y-la-fundacion-bola-de-nieveuna-combinacion-perfecta\\\/\",\"name\":\"Marc M\u00e0rquez, Subaru y la fundaci\u00f3n Bola de Nieve\u2026\u00a1una combinaci\u00f3n perfecta! - Universo Subaru\",\"isPartOf\":{\"@id\":\"https:\\\/\\\/www.subaru.es\\\/blog\\\/#website\"},\"primaryImageOfPage\":{\"@id\":\"https:\\\/\\\/www.subaru.es\\\/blog\\\/nuestra-marca\\\/marc-marquez-subaru-y-la-fundacion-bola-de-nieveuna-combinacion-perfecta\\\/#primaryimage\"},\"image\":{\"@id\":\"https:\\\/\\\/www.subaru.es\\\/blog\\\/nuestra-marca\\\/marc-marquez-subaru-y-la-fundacion-bola-de-nieveuna-combinacion-perfecta\\\/#primaryimage\"},\"thumbnailUrl\":\"https:\\\/\\\/www.subaru.es\\\/blog\\\/wp-content\\\/uploads\\\/2012\\\/11\\\/Foto-1.jpg\",\"datePublished\":\"2012-11-14T09:02:09+00:00\",\"dateModified\":\"2016-10-17T13:11:01+00:00\",\"breadcrumb\":{\"@id\":\"https:\\\/\\\/www.subaru.es\\\/blog\\\/nuestra-marca\\\/marc-marquez-subaru-y-la-fundacion-bola-de-nieveuna-combinacion-perfecta\\\/#breadcrumb\"},\"inLanguage\":\"es\",\"potentialAction\":[{\"@type\":\"ReadAction\",\"target\":[\"https:\\\/\\\/www.subaru.es\\\/blog\\\/nuestra-marca\\\/marc-marquez-subaru-y-la-fundacion-bola-de-nieveuna-combinacion-perfecta\\\/\"]}]},{\"@type\":\"ImageObject\",\"inLanguage\":\"es\",\"@id\":\"https:\\\/\\\/www.subaru.es\\\/blog\\\/nuestra-marca\\\/marc-marquez-subaru-y-la-fundacion-bola-de-nieveuna-combinacion-perfecta\\\/#primaryimage\",\"url\":\"https:\\\/\\\/www.subaru.es\\\/blog\\\/wp-content\\\/uploads\\\/2012\\\/11\\\/Foto-1.jpg\",\"contentUrl\":\"https:\\\/\\\/www.subaru.es\\\/blog\\\/wp-content\\\/uploads\\\/2012\\\/11\\\/Foto-1.jpg\",\"width\":2560,\"height\":1920},{\"@type\":\"BreadcrumbList\",\"@id\":\"https:\\\/\\\/www.subaru.es\\\/blog\\\/nuestra-marca\\\/marc-marquez-subaru-y-la-fundacion-bola-de-nieveuna-combinacion-perfecta\\\/#breadcrumb\",\"itemListElement\":[{\"@type\":\"ListItem\",\"position\":1,\"name\":\"Portada\",\"item\":\"https:\\\/\\\/www.subaru.es\\\/blog\\\/\"},{\"@type\":\"ListItem\",\"position\":2,\"name\":\"Marc M\u00e0rquez, Subaru y la fundaci\u00f3n Bola de Nieve\u2026\u00a1una combinaci\u00f3n perfecta!\"}]},{\"@type\":\"WebSite\",\"@id\":\"https:\\\/\\\/www.subaru.es\\\/blog\\\/#website\",\"url\":\"https:\\\/\\\/www.subaru.es\\\/blog\\\/\",\"name\":\"Universo Subaru\",\"description\":\"Descubre este apasionante espacio de Subaru donde vas a conocer todo sobre nuestros coches y las experiencias que vivimos con ellos. Si est\u00e1s preparado para dejarte seducir por la filosof\u00eda Subaru, qu\u00e9date con nosotros.\",\"publisher\":{\"@id\":\"https:\\\/\\\/www.subaru.es\\\/blog\\\/#organization\"},\"potentialAction\":[{\"@type\":\"SearchAction\",\"target\":{\"@type\":\"EntryPoint\",\"urlTemplate\":\"https:\\\/\\\/www.subaru.es\\\/blog\\\/?s={search_term_string}\"},\"query-input\":{\"@type\":\"PropertyValueSpecification\",\"valueRequired\":true,\"valueName\":\"search_term_string\"}}],\"inLanguage\":\"es\"},{\"@type\":\"Organization\",\"@id\":\"https:\\\/\\\/www.subaru.es\\\/blog\\\/#organization\",\"name\":\"Subaru Espa\u00f1a S.A.\",\"url\":\"https:\\\/\\\/www.subaru.es\\\/blog\\\/\",\"logo\":{\"@type\":\"ImageObject\",\"inLanguage\":\"es\",\"@id\":\"https:\\\/\\\/www.subaru.es\\\/blog\\\/#\\\/schema\\\/logo\\\/image\\\/\",\"url\":\"https:\\\/\\\/www.subaru.es\\\/blog\\\/wp-content\\\/uploads\\\/2016\\\/12\\\/Logo-Subaru-TypeV_C300-scaled.jpg\",\"contentUrl\":\"https:\\\/\\\/www.subaru.es\\\/blog\\\/wp-content\\\/uploads\\\/2016\\\/12\\\/Logo-Subaru-TypeV_C300-scaled.jpg\",\"width\":2560,\"height\":1864,\"caption\":\"Subaru Espa\u00f1a S.A.\"},\"image\":{\"@id\":\"https:\\\/\\\/www.subaru.es\\\/blog\\\/#\\\/schema\\\/logo\\\/image\\\/\"},\"sameAs\":[\"https:\\\/\\\/www.facebook.com\\\/subaruespana\",\"https:\\\/\\\/www.instagram.com\\\/subarues\\\/\",\"https:\\\/\\\/www.youtube.com\\\/user\\\/subaruespana\"]},{\"@type\":\"Person\",\"@id\":\"https:\\\/\\\/www.subaru.es\\\/blog\\\/#\\\/schema\\\/person\\\/19a90b892230b8e0ec752704ddf4aa10\",\"name\":\"Subaru\",\"url\":\"https:\\\/\\\/www.subaru.es\\\/blog\\\/author\\\/subaria\\\/\"}]}<\/script>\n<!-- \/ Yoast SEO plugin. -->","yoast_head_json":{"title":"Marc M\u00e0rquez, Subaru y la fundaci\u00f3n Bola de Nieve\u2026\u00a1una combinaci\u00f3n perfecta! - Universo Subaru","robots":{"index":"index","follow":"follow","max-snippet":"max-snippet:-1","max-image-preview":"max-image-preview:large","max-video-preview":"max-video-preview:-1"},"canonical":"https:\/\/www.subaru.es\/blog\/nuestra-marca\/marc-marquez-subaru-y-la-fundacion-bola-de-nieveuna-combinacion-perfecta\/","og_locale":"es_ES","og_type":"article","og_title":"Marc M\u00e0rquez, Subaru y la fundaci\u00f3n Bola de Nieve\u2026\u00a1una combinaci\u00f3n perfecta! - Universo Subaru","og_description":"Una carrera en Mountain Bike, 90 kil\u00f3metros, 4.000 metros de desnivel positivo. Es tan dif\u00edcil que hasta pensarlo cansa, \u00bfverdad? Ahora imagina que en vez de una Mountain Bike normal, vas a bordo de una hand-bike, de forma que solo puedes pedalear con tus brazos. \u00bfImposible? No: Luis Serrano, del equipo Fundaci\u00f3n Bola de Nieve, [&hellip;]","og_url":"https:\/\/www.subaru.es\/blog\/nuestra-marca\/marc-marquez-subaru-y-la-fundacion-bola-de-nieveuna-combinacion-perfecta\/","og_site_name":"Universo Subaru","article_publisher":"https:\/\/www.facebook.com\/subaruespana","article_published_time":"2012-11-14T09:02:09+00:00","article_modified_time":"2016-10-17T13:11:01+00:00","og_image":[{"width":1440,"height":1080,"url":"https:\/\/www.subaru.es\/blog\/wp-content\/uploads\/2012\/11\/Foto-1-1440x1080.jpg","type":"image\/jpeg"}],"author":"Subaru","twitter_card":"summary_large_image","twitter_misc":{"Escrito por":"Subaru","Tiempo de lectura":"2 minutos"},"schema":{"@context":"https:\/\/schema.org","@graph":[{"@type":"Article","@id":"https:\/\/www.subaru.es\/blog\/nuestra-marca\/marc-marquez-subaru-y-la-fundacion-bola-de-nieveuna-combinacion-perfecta\/#article","isPartOf":{"@id":"https:\/\/www.subaru.es\/blog\/nuestra-marca\/marc-marquez-subaru-y-la-fundacion-bola-de-nieveuna-combinacion-perfecta\/"},"author":{"name":"Subaru","@id":"https:\/\/www.subaru.es\/blog\/#\/schema\/person\/19a90b892230b8e0ec752704ddf4aa10"},"headline":"Marc M\u00e0rquez, Subaru y la fundaci\u00f3n Bola de Nieve\u2026\u00a1una combinaci\u00f3n perfecta!","datePublished":"2012-11-14T09:02:09+00:00","dateModified":"2016-10-17T13:11:01+00:00","mainEntityOfPage":{"@id":"https:\/\/www.subaru.es\/blog\/nuestra-marca\/marc-marquez-subaru-y-la-fundacion-bola-de-nieveuna-combinacion-perfecta\/"},"wordCount":438,"commentCount":0,"publisher":{"@id":"https:\/\/www.subaru.es\/blog\/#organization"},"image":{"@id":"https:\/\/www.subaru.es\/blog\/nuestra-marca\/marc-marquez-subaru-y-la-fundacion-bola-de-nieveuna-combinacion-perfecta\/#primaryimage"},"thumbnailUrl":"https:\/\/www.subaru.es\/blog\/wp-content\/uploads\/2012\/11\/Foto-1.jpg","keywords":["Campeonato del Mundo de Moto2","discapacidad","Fundaci\u00f3n Bola de Nieve","Marc M\u00e1rquez","mountain bike","Subaru"],"articleSection":["Nuestra marca"],"inLanguage":"es","potentialAction":[{"@type":"CommentAction","name":"Comment","target":["https:\/\/www.subaru.es\/blog\/nuestra-marca\/marc-marquez-subaru-y-la-fundacion-bola-de-nieveuna-combinacion-perfecta\/#respond"]}]},{"@type":"WebPage","@id":"https:\/\/www.subaru.es\/blog\/nuestra-marca\/marc-marquez-subaru-y-la-fundacion-bola-de-nieveuna-combinacion-perfecta\/","url":"https:\/\/www.subaru.es\/blog\/nuestra-marca\/marc-marquez-subaru-y-la-fundacion-bola-de-nieveuna-combinacion-perfecta\/","name":"Marc M\u00e0rquez, Subaru y la fundaci\u00f3n Bola de Nieve\u2026\u00a1una combinaci\u00f3n perfecta! - Universo Subaru","isPartOf":{"@id":"https:\/\/www.subaru.es\/blog\/#website"},"primaryImageOfPage":{"@id":"https:\/\/www.subaru.es\/blog\/nuestra-marca\/marc-marquez-subaru-y-la-fundacion-bola-de-nieveuna-combinacion-perfecta\/#primaryimage"},"image":{"@id":"https:\/\/www.subaru.es\/blog\/nuestra-marca\/marc-marquez-subaru-y-la-fundacion-bola-de-nieveuna-combinacion-perfecta\/#primaryimage"},"thumbnailUrl":"https:\/\/www.subaru.es\/blog\/wp-content\/uploads\/2012\/11\/Foto-1.jpg","datePublished":"2012-11-14T09:02:09+00:00","dateModified":"2016-10-17T13:11:01+00:00","breadcrumb":{"@id":"https:\/\/www.subaru.es\/blog\/nuestra-marca\/marc-marquez-subaru-y-la-fundacion-bola-de-nieveuna-combinacion-perfecta\/#breadcrumb"},"inLanguage":"es","potentialAction":[{"@type":"ReadAction","target":["https:\/\/www.subaru.es\/blog\/nuestra-marca\/marc-marquez-subaru-y-la-fundacion-bola-de-nieveuna-combinacion-perfecta\/"]}]},{"@type":"ImageObject","inLanguage":"es","@id":"https:\/\/www.subaru.es\/blog\/nuestra-marca\/marc-marquez-subaru-y-la-fundacion-bola-de-nieveuna-combinacion-perfecta\/#primaryimage","url":"https:\/\/www.subaru.es\/blog\/wp-content\/uploads\/2012\/11\/Foto-1.jpg","contentUrl":"https:\/\/www.subaru.es\/blog\/wp-content\/uploads\/2012\/11\/Foto-1.jpg","width":2560,"height":1920},{"@type":"BreadcrumbList","@id":"https:\/\/www.subaru.es\/blog\/nuestra-marca\/marc-marquez-subaru-y-la-fundacion-bola-de-nieveuna-combinacion-perfecta\/#breadcrumb","itemListElement":[{"@type":"ListItem","position":1,"name":"Portada","item":"https:\/\/www.subaru.es\/blog\/"},{"@type":"ListItem","position":2,"name":"Marc M\u00e0rquez, Subaru y la fundaci\u00f3n Bola de Nieve\u2026\u00a1una combinaci\u00f3n perfecta!"}]},{"@type":"WebSite","@id":"https:\/\/www.subaru.es\/blog\/#website","url":"https:\/\/www.subaru.es\/blog\/","name":"Universo Subaru","description":"Descubre este apasionante espacio de Subaru donde vas a conocer todo sobre nuestros coches y las experiencias que vivimos con ellos. Si est\u00e1s preparado para dejarte seducir por la filosof\u00eda Subaru, qu\u00e9date con nosotros.","publisher":{"@id":"https:\/\/www.subaru.es\/blog\/#organization"},"potentialAction":[{"@type":"SearchAction","target":{"@type":"EntryPoint","urlTemplate":"https:\/\/www.subaru.es\/blog\/?s={search_term_string}"},"query-input":{"@type":"PropertyValueSpecification","valueRequired":true,"valueName":"search_term_string"}}],"inLanguage":"es"},{"@type":"Organization","@id":"https:\/\/www.subaru.es\/blog\/#organization","name":"Subaru Espa\u00f1a S.A.","url":"https:\/\/www.subaru.es\/blog\/","logo":{"@type":"ImageObject","inLanguage":"es","@id":"https:\/\/www.subaru.es\/blog\/#\/schema\/logo\/image\/","url":"https:\/\/www.subaru.es\/blog\/wp-content\/uploads\/2016\/12\/Logo-Subaru-TypeV_C300-scaled.jpg","contentUrl":"https:\/\/www.subaru.es\/blog\/wp-content\/uploads\/2016\/12\/Logo-Subaru-TypeV_C300-scaled.jpg","width":2560,"height":1864,"caption":"Subaru Espa\u00f1a S.A."},"image":{"@id":"https:\/\/www.subaru.es\/blog\/#\/schema\/logo\/image\/"},"sameAs":["https:\/\/www.facebook.com\/subaruespana","https:\/\/www.instagram.com\/subarues\/","https:\/\/www.youtube.com\/user\/subaruespana"]},{"@type":"Person","@id":"https:\/\/www.subaru.es\/blog\/#\/schema\/person\/19a90b892230b8e0ec752704ddf4aa10","name":"Subaru","url":"https:\/\/www.subaru.es\/blog\/author\/subaria\/"}]}},"_links":{"self":[{"href":"https:\/\/www.subaru.es\/blog\/wp-json\/wp\/v2\/posts\/8060","targetHints":{"allow":["GET"]}}],"collection":[{"href":"https:\/\/www.subaru.es\/blog\/wp-json\/wp\/v2\/posts"}],"about":[{"href":"https:\/\/www.subaru.es\/blog\/wp-json\/wp\/v2\/types\/post"}],"author":[{"embeddable":true,"href":"https:\/\/www.subaru.es\/blog\/wp-json\/wp\/v2\/users\/21"}],"replies":[{"embeddable":true,"href":"https:\/\/www.subaru.es\/blog\/wp-json\/wp\/v2\/comments?post=8060"}],"version-history":[{"count":1,"href":"https:\/\/www.subaru.es\/blog\/wp-json\/wp\/v2\/posts\/8060\/revisions"}],"predecessor-version":[{"id":14821,"href":"https:\/\/www.subaru.es\/blog\/wp-json\/wp\/v2\/posts\/8060\/revisions\/14821"}],"wp:featuredmedia":[{"embeddable":true,"href":"https:\/\/www.subaru.es\/blog\/wp-json\/wp\/v2\/media\/8061"}],"wp:attachment":[{"href":"https:\/\/www.subaru.es\/blog\/wp-json\/wp\/v2\/media?parent=8060"}],"wp:term":[{"taxonomy":"category","embeddable":true,"href":"https:\/\/www.subaru.es\/blog\/wp-json\/wp\/v2\/categories?post=8060"},{"taxonomy":"post_tag","embeddable":true,"href":"https:\/\/www.subaru.es\/blog\/wp-json\/wp\/v2\/tags?post=8060"}],"curies":[{"name":"wp","href":"https:\/\/api.w.org\/{rel}","templated":true}]}}