{"id":8007,"date":"2012-10-31T14:59:25","date_gmt":"2012-10-31T12:59:25","guid":{"rendered":"http:\/\/subaru.preproduccion.com\/blog\/?p=8007"},"modified":"2016-10-17T15:11:02","modified_gmt":"2016-10-17T13:11:02","slug":"subaru-y-sus-pilotos-nos-llenan-de-alegrias-con-las-dos-primeras-posiciones-en-el-rallye-de-cerdena-italia","status":"publish","type":"post","link":"https:\/\/www.subaru.es\/blog\/nuestra-marca\/subaru-y-sus-pilotos-nos-llenan-de-alegrias-con-las-dos-primeras-posiciones-en-el-rallye-de-cerdena-italia\/","title":{"rendered":"Subaru y sus pilotos nos llenan de alegr\u00edas con las dos primeras posiciones en el Rallye de Cerde\u00f1a (Italia)"},"content":{"rendered":"<p>El peruano\u00a0<a href=\"http:\/\/www.wrc.com\/pwrc\/drivers-and-teams\/drivers\/nicolas-fuchs\/?whoid=79\">Nicol\u00e1s Fuchs<\/a> se alz\u00f3 con la victoria el pasado 21 de octubre en el Rallye de Cerde\u00f1a (Italia) lo que le permitir\u00e1 estar el pr\u00f3ximo mes en nuestro pa\u00eds y pelear por el t\u00edtulo del\u00a0<a href=\"hhttp:\/\/www.wrc.com\/pwrc\/\">PWRC<\/a>.<\/p>\n<p>Los problemas de frenos y pinchazos no le impidieron hacerse con los 25 puntos que lo posicionan en el cuarto lugar a tan solo 13 puntos del l\u00edder\u00a0Benito Guerra, quien finaliz\u00f3 la prueba el octavo tras su abandono del jueves.<\/p>\n<p>Una emocionante carrera que demostraron la calidad del piloto y la del coche, un\u00a0\u00a0<a href=\"http:\/\/www.subaru.es\/CMS\/11impreza.html?gclid=CITcyPKOq7MCFYta3god6CcAwg\">Subaru Impreza<\/a> del Symtech Racing.<\/p>\n<p><!--more--><\/p>\n<p style=\"text-align: center;\"><a href=\"https:\/\/www.subaru.es\/blog\/wp-content\/uploads\/2012\/10\/121021_Fuchsnew1.jpg\"><img decoding=\"async\" class=\"aligncenter size-full wp-image-8010 lazyload\" title=\"121021_Fuchsnew\" data-src=\"https:\/\/www.subaru.es\/blog\/wp-content\/uploads\/2012\/10\/121021_Fuchsnew1.jpg\" alt=\"\" width=\"660\" height=\"438\" data-srcset=\"https:\/\/www.subaru.es\/blog\/wp-content\/uploads\/2012\/10\/121021_Fuchsnew1.jpg 660w, https:\/\/www.subaru.es\/blog\/wp-content\/uploads\/2012\/10\/121021_Fuchsnew1-560x372.jpg 560w\" data-sizes=\"(max-width: 660px) 100vw, 660px\" src=\"data:image\/svg+xml;base64,PHN2ZyB3aWR0aD0iMSIgaGVpZ2h0PSIxIiB4bWxucz0iaHR0cDovL3d3dy53My5vcmcvMjAwMC9zdmciPjwvc3ZnPg==\" style=\"--smush-placeholder-width: 660px; --smush-placeholder-aspect-ratio: 660\/438;\" \/><\/a><\/p>\n<p style=\"text-align: center;\">Fuente: <a href=\"http:\/\/www.wrc.com\/pwrc\/news\/sunday-pwrc-wrap-fuchs-to-the-fore\/?fid=17755\">WRC<\/a><\/p>\n<p style=\"text-align: justify;\">El peruano<strong> <a href=\"http:\/\/www.wrc.com\/pwrc\/drivers-and-teams\/drivers\/nicolas-fuchs\/?whoid=79\">Nicol\u00e1s Fuchs<\/a> <\/strong>se alz\u00f3 con la victoria el pasado 21 de octubre en el Rallye de Cerde\u00f1a (Italia) lo que le permitir\u00e1 estar el pr\u00f3ximo mes en nuestro pa\u00eds y pelear por el t\u00edtulo del <a href=\"hhttp:\/\/www.wrc.com\/pwrc\/\"><strong>PWRC<\/strong><\/a>.<\/p>\n<p style=\"text-align: justify;\">Los problemas de frenos y pinchazos no le impidieron hacerse con los 25 puntos que lo posicionan en el cuarto lugar a tan solo 13 puntos del l\u00edder <strong>Benito Guerra<\/strong>, quien finaliz\u00f3 la prueba el octavo tras su abandono del jueves.<\/p>\n<p style=\"text-align: justify;\">Una emocionante carrera que demostraron la calidad del piloto y la del coche, un\u00a0 <strong><a href=\"http:\/\/www.subaru.es\/CMS\/11impreza.html?gclid=CITcyPKOq7MCFYta3god6CcAwg\">Subaru Impreza<\/a> del Symtech Racing.<\/strong><\/p>\n<p style=\"text-align: justify;\">Las palabras de Fuchs y del copiloto, el argentino Fernando Mussano, desvelan la dificultad del rallye: \u201cHa sido un rallye dif\u00edcil porque era la primera vez que corr\u00eda aqu\u00ed\u201d y tambi\u00e9n la ilusi\u00f3n por luchar por la victoria: \u201cAhora tenemos opciones a luchar por el t\u00edtulo, aunque siendo realistas va a ser dif\u00edcil. Hemos visto que cualquier cosa puede pasar en este campeonato, as\u00ed que vamos a darlo todo. A decir verdad, \u00a1es nuestra mejor oportunidad!\u201d<\/p>\n<p style=\"text-align: justify;\">Y nosotros desde aqu\u00ed le decimos\u2026\u00a1claro que s\u00ed!\u00a1Una oportunidad que esperamos que sepan aprovechar y para la que le deseamos mucha suerte!<\/p>\n<p style=\"text-align: justify;\">Y deseada la suerte a nuestro ganador de este rallye, como no, felicitar al segundo clasificado, el argentino <a href=\"http:\/\/www.wrc.com\/pwrc\/drivers-and-teams\/drivers\/marcos-ligato\/?whoid=131\"><strong>Marcos Ligato<\/strong><\/a>, que corri\u00f3 con otro <strong><a href=\"http:\/\/www.subaru.es\/CMS\/11impreza.html?gclid=CITcyPKOq7MCFYta3god6CcAwg\">Subaru Impreza<\/a> del Top Run Motorsport<\/strong>, quien se pronunci\u00f3 del siguiente modo: \u201cTrat\u00e9 de ganar, pero el segundo puesto es bueno para el campeonato. Todav\u00eda est\u00e1 todo abierto y vamos a trabajar mucho para el \u00faltimo rallye en Espa\u00f1a\u201d.<\/p>\n<p style=\"text-align: justify;\">Marcos Ligato mantiene vivas sus esperanzas al t\u00edtulo tras haber acabado a 30.4 segundos detr\u00e1s de Fuchs y ser segundo por delante del ucraniano <a href=\"http:\/\/www.wrc.com\/pwrc\/drivers-and-teams\/drivers\/valeriy-gorban\/?whoid=75\"><strong>Valeriy Gorban<\/strong><\/a>.<\/p>\n<p style=\"text-align: justify;\">Sin lugar a dudas la cosa promete y estaremos expectantes&#8230;esperando como agua de mayo la llegada del rallye a Espa\u00f1a.<\/p>\n<p style=\"text-align: justify;\"><strong>Fuente: <a href=\"http:\/\/www.wrc.com\">www.wrc.com<\/a><\/strong><\/p>\n","protected":false},"excerpt":{"rendered":"<p>El peruano\u00a0Nicol\u00e1s Fuchs se alz\u00f3 con la victoria el pasado 21 de octubre en el Rallye de Cerde\u00f1a (Italia) lo que le permitir\u00e1 estar el pr\u00f3ximo mes en nuestro pa\u00eds y pelear por el t\u00edtulo del\u00a0PWRC. Los problemas de frenos y pinchazos no le impidieron hacerse con los 25 puntos que lo posicionan en el [&hellip;]<\/p>\n","protected":false},"author":21,"featured_media":8008,"comment_status":"open","ping_status":"open","sticky":false,"template":"","format":"standard","meta":{"_acf_changed":false,"_eb_attr":"","inline_featured_image":false,"footnotes":""},"categories":[4401],"tags":[4129,4125,4126,3400,107,117,4127,4128,4124,2240],"class_list":["post-8007","post","type-post","status-publish","format-standard","has-post-thumbnail","hentry","category-nuestra-marca","tag-benito-guerra","tag-marcos-ligato","tag-nicolas-fuchs","tag-pwrc","tag-rallye","tag-subaru-impreza","tag-symtech-racing","tag-top-run-motorsport","tag-valeriy-gorban","tag-victoria"],"acf":[],"yoast_head":"<!-- This site is optimized with the Yoast SEO plugin v27.3 - https:\/\/yoast.com\/product\/yoast-seo-wordpress\/ -->\n<title>Subaru y sus pilotos nos llenan de alegr\u00edas con las dos primeras posiciones en el Rallye de Cerde\u00f1a (Italia) - Universo Subaru<\/title>\n<meta name=\"robots\" content=\"index, follow, max-snippet:-1, max-image-preview:large, max-video-preview:-1\" \/>\n<link rel=\"canonical\" href=\"https:\/\/www.subaru.es\/blog\/nuestra-marca\/subaru-y-sus-pilotos-nos-llenan-de-alegrias-con-las-dos-primeras-posiciones-en-el-rallye-de-cerdena-italia\/\" \/>\n<meta property=\"og:locale\" content=\"es_ES\" \/>\n<meta property=\"og:type\" content=\"article\" \/>\n<meta property=\"og:title\" content=\"Subaru y sus pilotos nos llenan de alegr\u00edas con las dos primeras posiciones en el Rallye de Cerde\u00f1a (Italia) - Universo Subaru\" \/>\n<meta property=\"og:description\" content=\"El peruano\u00a0Nicol\u00e1s Fuchs se alz\u00f3 con la victoria el pasado 21 de octubre en el Rallye de Cerde\u00f1a (Italia) lo que le permitir\u00e1 estar el pr\u00f3ximo mes en nuestro pa\u00eds y pelear por el t\u00edtulo del\u00a0PWRC. Los problemas de frenos y pinchazos no le impidieron hacerse con los 25 puntos que lo posicionan en el [&hellip;]\" \/>\n<meta property=\"og:url\" content=\"https:\/\/www.subaru.es\/blog\/nuestra-marca\/subaru-y-sus-pilotos-nos-llenan-de-alegrias-con-las-dos-primeras-posiciones-en-el-rallye-de-cerdena-italia\/\" \/>\n<meta property=\"og:site_name\" content=\"Universo Subaru\" \/>\n<meta property=\"article:publisher\" content=\"https:\/\/www.facebook.com\/subaruespana\" \/>\n<meta property=\"article:published_time\" content=\"2012-10-31T12:59:25+00:00\" \/>\n<meta property=\"article:modified_time\" content=\"2016-10-17T13:11:02+00:00\" \/>\n<meta property=\"og:image\" content=\"https:\/\/www.subaru.es\/blog\/wp-content\/uploads\/2012\/10\/121021_Fuchsnew.jpg\" \/>\n\t<meta property=\"og:image:width\" content=\"660\" \/>\n\t<meta property=\"og:image:height\" content=\"438\" \/>\n\t<meta property=\"og:image:type\" content=\"image\/jpeg\" \/>\n<meta name=\"author\" content=\"Subaru\" \/>\n<meta name=\"twitter:card\" content=\"summary_large_image\" \/>\n<meta name=\"twitter:label1\" content=\"Escrito por\" \/>\n\t<meta name=\"twitter:data1\" content=\"Subaru\" \/>\n\t<meta name=\"twitter:label2\" content=\"Tiempo de lectura\" \/>\n\t<meta name=\"twitter:data2\" content=\"2 minutos\" \/>\n<script type=\"application\/ld+json\" class=\"yoast-schema-graph\">{\"@context\":\"https:\\\/\\\/schema.org\",\"@graph\":[{\"@type\":\"Article\",\"@id\":\"https:\\\/\\\/www.subaru.es\\\/blog\\\/nuestra-marca\\\/subaru-y-sus-pilotos-nos-llenan-de-alegrias-con-las-dos-primeras-posiciones-en-el-rallye-de-cerdena-italia\\\/#article\",\"isPartOf\":{\"@id\":\"https:\\\/\\\/www.subaru.es\\\/blog\\\/nuestra-marca\\\/subaru-y-sus-pilotos-nos-llenan-de-alegrias-con-las-dos-primeras-posiciones-en-el-rallye-de-cerdena-italia\\\/\"},\"author\":{\"name\":\"Subaru\",\"@id\":\"https:\\\/\\\/www.subaru.es\\\/blog\\\/#\\\/schema\\\/person\\\/19a90b892230b8e0ec752704ddf4aa10\"},\"headline\":\"Subaru y sus pilotos nos llenan de alegr\u00edas con las dos primeras posiciones en el Rallye de Cerde\u00f1a (Italia)\",\"datePublished\":\"2012-10-31T12:59:25+00:00\",\"dateModified\":\"2016-10-17T13:11:02+00:00\",\"mainEntityOfPage\":{\"@id\":\"https:\\\/\\\/www.subaru.es\\\/blog\\\/nuestra-marca\\\/subaru-y-sus-pilotos-nos-llenan-de-alegrias-con-las-dos-primeras-posiciones-en-el-rallye-de-cerdena-italia\\\/\"},\"wordCount\":449,\"commentCount\":0,\"publisher\":{\"@id\":\"https:\\\/\\\/www.subaru.es\\\/blog\\\/#organization\"},\"image\":{\"@id\":\"https:\\\/\\\/www.subaru.es\\\/blog\\\/nuestra-marca\\\/subaru-y-sus-pilotos-nos-llenan-de-alegrias-con-las-dos-primeras-posiciones-en-el-rallye-de-cerdena-italia\\\/#primaryimage\"},\"thumbnailUrl\":\"https:\\\/\\\/www.subaru.es\\\/blog\\\/wp-content\\\/uploads\\\/2012\\\/10\\\/121021_Fuchsnew.jpg\",\"keywords\":[\"Benito Guerra\",\"Marcos Ligato\",\"Nicol\u00e1s Fuchs\",\"PWRC\",\"rallye\",\"subaru impreza\",\"Symtech Racing\",\"Top Run Motorsport\",\"Valeriy Gorban\",\"victoria\"],\"articleSection\":[\"Nuestra marca\"],\"inLanguage\":\"es\",\"potentialAction\":[{\"@type\":\"CommentAction\",\"name\":\"Comment\",\"target\":[\"https:\\\/\\\/www.subaru.es\\\/blog\\\/nuestra-marca\\\/subaru-y-sus-pilotos-nos-llenan-de-alegrias-con-las-dos-primeras-posiciones-en-el-rallye-de-cerdena-italia\\\/#respond\"]}]},{\"@type\":\"WebPage\",\"@id\":\"https:\\\/\\\/www.subaru.es\\\/blog\\\/nuestra-marca\\\/subaru-y-sus-pilotos-nos-llenan-de-alegrias-con-las-dos-primeras-posiciones-en-el-rallye-de-cerdena-italia\\\/\",\"url\":\"https:\\\/\\\/www.subaru.es\\\/blog\\\/nuestra-marca\\\/subaru-y-sus-pilotos-nos-llenan-de-alegrias-con-las-dos-primeras-posiciones-en-el-rallye-de-cerdena-italia\\\/\",\"name\":\"Subaru y sus pilotos nos llenan de alegr\u00edas con las dos primeras posiciones en el Rallye de Cerde\u00f1a (Italia) - Universo Subaru\",\"isPartOf\":{\"@id\":\"https:\\\/\\\/www.subaru.es\\\/blog\\\/#website\"},\"primaryImageOfPage\":{\"@id\":\"https:\\\/\\\/www.subaru.es\\\/blog\\\/nuestra-marca\\\/subaru-y-sus-pilotos-nos-llenan-de-alegrias-con-las-dos-primeras-posiciones-en-el-rallye-de-cerdena-italia\\\/#primaryimage\"},\"image\":{\"@id\":\"https:\\\/\\\/www.subaru.es\\\/blog\\\/nuestra-marca\\\/subaru-y-sus-pilotos-nos-llenan-de-alegrias-con-las-dos-primeras-posiciones-en-el-rallye-de-cerdena-italia\\\/#primaryimage\"},\"thumbnailUrl\":\"https:\\\/\\\/www.subaru.es\\\/blog\\\/wp-content\\\/uploads\\\/2012\\\/10\\\/121021_Fuchsnew.jpg\",\"datePublished\":\"2012-10-31T12:59:25+00:00\",\"dateModified\":\"2016-10-17T13:11:02+00:00\",\"breadcrumb\":{\"@id\":\"https:\\\/\\\/www.subaru.es\\\/blog\\\/nuestra-marca\\\/subaru-y-sus-pilotos-nos-llenan-de-alegrias-con-las-dos-primeras-posiciones-en-el-rallye-de-cerdena-italia\\\/#breadcrumb\"},\"inLanguage\":\"es\",\"potentialAction\":[{\"@type\":\"ReadAction\",\"target\":[\"https:\\\/\\\/www.subaru.es\\\/blog\\\/nuestra-marca\\\/subaru-y-sus-pilotos-nos-llenan-de-alegrias-con-las-dos-primeras-posiciones-en-el-rallye-de-cerdena-italia\\\/\"]}]},{\"@type\":\"ImageObject\",\"inLanguage\":\"es\",\"@id\":\"https:\\\/\\\/www.subaru.es\\\/blog\\\/nuestra-marca\\\/subaru-y-sus-pilotos-nos-llenan-de-alegrias-con-las-dos-primeras-posiciones-en-el-rallye-de-cerdena-italia\\\/#primaryimage\",\"url\":\"https:\\\/\\\/www.subaru.es\\\/blog\\\/wp-content\\\/uploads\\\/2012\\\/10\\\/121021_Fuchsnew.jpg\",\"contentUrl\":\"https:\\\/\\\/www.subaru.es\\\/blog\\\/wp-content\\\/uploads\\\/2012\\\/10\\\/121021_Fuchsnew.jpg\",\"width\":660,\"height\":438},{\"@type\":\"BreadcrumbList\",\"@id\":\"https:\\\/\\\/www.subaru.es\\\/blog\\\/nuestra-marca\\\/subaru-y-sus-pilotos-nos-llenan-de-alegrias-con-las-dos-primeras-posiciones-en-el-rallye-de-cerdena-italia\\\/#breadcrumb\",\"itemListElement\":[{\"@type\":\"ListItem\",\"position\":1,\"name\":\"Portada\",\"item\":\"https:\\\/\\\/www.subaru.es\\\/blog\\\/\"},{\"@type\":\"ListItem\",\"position\":2,\"name\":\"Subaru y sus pilotos nos llenan de alegr\u00edas con las dos primeras posiciones en el Rallye de Cerde\u00f1a (Italia)\"}]},{\"@type\":\"WebSite\",\"@id\":\"https:\\\/\\\/www.subaru.es\\\/blog\\\/#website\",\"url\":\"https:\\\/\\\/www.subaru.es\\\/blog\\\/\",\"name\":\"Universo Subaru\",\"description\":\"Descubre este apasionante espacio de Subaru donde vas a conocer todo sobre nuestros coches y las experiencias que vivimos con ellos. Si est\u00e1s preparado para dejarte seducir por la filosof\u00eda Subaru, qu\u00e9date con nosotros.\",\"publisher\":{\"@id\":\"https:\\\/\\\/www.subaru.es\\\/blog\\\/#organization\"},\"potentialAction\":[{\"@type\":\"SearchAction\",\"target\":{\"@type\":\"EntryPoint\",\"urlTemplate\":\"https:\\\/\\\/www.subaru.es\\\/blog\\\/?s={search_term_string}\"},\"query-input\":{\"@type\":\"PropertyValueSpecification\",\"valueRequired\":true,\"valueName\":\"search_term_string\"}}],\"inLanguage\":\"es\"},{\"@type\":\"Organization\",\"@id\":\"https:\\\/\\\/www.subaru.es\\\/blog\\\/#organization\",\"name\":\"Subaru Espa\u00f1a S.A.\",\"url\":\"https:\\\/\\\/www.subaru.es\\\/blog\\\/\",\"logo\":{\"@type\":\"ImageObject\",\"inLanguage\":\"es\",\"@id\":\"https:\\\/\\\/www.subaru.es\\\/blog\\\/#\\\/schema\\\/logo\\\/image\\\/\",\"url\":\"https:\\\/\\\/www.subaru.es\\\/blog\\\/wp-content\\\/uploads\\\/2016\\\/12\\\/Logo-Subaru-TypeV_C300-scaled.jpg\",\"contentUrl\":\"https:\\\/\\\/www.subaru.es\\\/blog\\\/wp-content\\\/uploads\\\/2016\\\/12\\\/Logo-Subaru-TypeV_C300-scaled.jpg\",\"width\":2560,\"height\":1864,\"caption\":\"Subaru Espa\u00f1a S.A.\"},\"image\":{\"@id\":\"https:\\\/\\\/www.subaru.es\\\/blog\\\/#\\\/schema\\\/logo\\\/image\\\/\"},\"sameAs\":[\"https:\\\/\\\/www.facebook.com\\\/subaruespana\",\"https:\\\/\\\/www.instagram.com\\\/subarues\\\/\",\"https:\\\/\\\/www.youtube.com\\\/user\\\/subaruespana\"]},{\"@type\":\"Person\",\"@id\":\"https:\\\/\\\/www.subaru.es\\\/blog\\\/#\\\/schema\\\/person\\\/19a90b892230b8e0ec752704ddf4aa10\",\"name\":\"Subaru\",\"url\":\"https:\\\/\\\/www.subaru.es\\\/blog\\\/author\\\/subaria\\\/\"}]}<\/script>\n<!-- \/ Yoast SEO plugin. -->","yoast_head_json":{"title":"Subaru y sus pilotos nos llenan de alegr\u00edas con las dos primeras posiciones en el Rallye de Cerde\u00f1a (Italia) - Universo Subaru","robots":{"index":"index","follow":"follow","max-snippet":"max-snippet:-1","max-image-preview":"max-image-preview:large","max-video-preview":"max-video-preview:-1"},"canonical":"https:\/\/www.subaru.es\/blog\/nuestra-marca\/subaru-y-sus-pilotos-nos-llenan-de-alegrias-con-las-dos-primeras-posiciones-en-el-rallye-de-cerdena-italia\/","og_locale":"es_ES","og_type":"article","og_title":"Subaru y sus pilotos nos llenan de alegr\u00edas con las dos primeras posiciones en el Rallye de Cerde\u00f1a (Italia) - Universo Subaru","og_description":"El peruano\u00a0Nicol\u00e1s Fuchs se alz\u00f3 con la victoria el pasado 21 de octubre en el Rallye de Cerde\u00f1a (Italia) lo que le permitir\u00e1 estar el pr\u00f3ximo mes en nuestro pa\u00eds y pelear por el t\u00edtulo del\u00a0PWRC. Los problemas de frenos y pinchazos no le impidieron hacerse con los 25 puntos que lo posicionan en el [&hellip;]","og_url":"https:\/\/www.subaru.es\/blog\/nuestra-marca\/subaru-y-sus-pilotos-nos-llenan-de-alegrias-con-las-dos-primeras-posiciones-en-el-rallye-de-cerdena-italia\/","og_site_name":"Universo Subaru","article_publisher":"https:\/\/www.facebook.com\/subaruespana","article_published_time":"2012-10-31T12:59:25+00:00","article_modified_time":"2016-10-17T13:11:02+00:00","og_image":[{"width":660,"height":438,"url":"https:\/\/www.subaru.es\/blog\/wp-content\/uploads\/2012\/10\/121021_Fuchsnew.jpg","type":"image\/jpeg"}],"author":"Subaru","twitter_card":"summary_large_image","twitter_misc":{"Escrito por":"Subaru","Tiempo de lectura":"2 minutos"},"schema":{"@context":"https:\/\/schema.org","@graph":[{"@type":"Article","@id":"https:\/\/www.subaru.es\/blog\/nuestra-marca\/subaru-y-sus-pilotos-nos-llenan-de-alegrias-con-las-dos-primeras-posiciones-en-el-rallye-de-cerdena-italia\/#article","isPartOf":{"@id":"https:\/\/www.subaru.es\/blog\/nuestra-marca\/subaru-y-sus-pilotos-nos-llenan-de-alegrias-con-las-dos-primeras-posiciones-en-el-rallye-de-cerdena-italia\/"},"author":{"name":"Subaru","@id":"https:\/\/www.subaru.es\/blog\/#\/schema\/person\/19a90b892230b8e0ec752704ddf4aa10"},"headline":"Subaru y sus pilotos nos llenan de alegr\u00edas con las dos primeras posiciones en el Rallye de Cerde\u00f1a (Italia)","datePublished":"2012-10-31T12:59:25+00:00","dateModified":"2016-10-17T13:11:02+00:00","mainEntityOfPage":{"@id":"https:\/\/www.subaru.es\/blog\/nuestra-marca\/subaru-y-sus-pilotos-nos-llenan-de-alegrias-con-las-dos-primeras-posiciones-en-el-rallye-de-cerdena-italia\/"},"wordCount":449,"commentCount":0,"publisher":{"@id":"https:\/\/www.subaru.es\/blog\/#organization"},"image":{"@id":"https:\/\/www.subaru.es\/blog\/nuestra-marca\/subaru-y-sus-pilotos-nos-llenan-de-alegrias-con-las-dos-primeras-posiciones-en-el-rallye-de-cerdena-italia\/#primaryimage"},"thumbnailUrl":"https:\/\/www.subaru.es\/blog\/wp-content\/uploads\/2012\/10\/121021_Fuchsnew.jpg","keywords":["Benito Guerra","Marcos Ligato","Nicol\u00e1s Fuchs","PWRC","rallye","subaru impreza","Symtech Racing","Top Run Motorsport","Valeriy Gorban","victoria"],"articleSection":["Nuestra marca"],"inLanguage":"es","potentialAction":[{"@type":"CommentAction","name":"Comment","target":["https:\/\/www.subaru.es\/blog\/nuestra-marca\/subaru-y-sus-pilotos-nos-llenan-de-alegrias-con-las-dos-primeras-posiciones-en-el-rallye-de-cerdena-italia\/#respond"]}]},{"@type":"WebPage","@id":"https:\/\/www.subaru.es\/blog\/nuestra-marca\/subaru-y-sus-pilotos-nos-llenan-de-alegrias-con-las-dos-primeras-posiciones-en-el-rallye-de-cerdena-italia\/","url":"https:\/\/www.subaru.es\/blog\/nuestra-marca\/subaru-y-sus-pilotos-nos-llenan-de-alegrias-con-las-dos-primeras-posiciones-en-el-rallye-de-cerdena-italia\/","name":"Subaru y sus pilotos nos llenan de alegr\u00edas con las dos primeras posiciones en el Rallye de Cerde\u00f1a (Italia) - Universo Subaru","isPartOf":{"@id":"https:\/\/www.subaru.es\/blog\/#website"},"primaryImageOfPage":{"@id":"https:\/\/www.subaru.es\/blog\/nuestra-marca\/subaru-y-sus-pilotos-nos-llenan-de-alegrias-con-las-dos-primeras-posiciones-en-el-rallye-de-cerdena-italia\/#primaryimage"},"image":{"@id":"https:\/\/www.subaru.es\/blog\/nuestra-marca\/subaru-y-sus-pilotos-nos-llenan-de-alegrias-con-las-dos-primeras-posiciones-en-el-rallye-de-cerdena-italia\/#primaryimage"},"thumbnailUrl":"https:\/\/www.subaru.es\/blog\/wp-content\/uploads\/2012\/10\/121021_Fuchsnew.jpg","datePublished":"2012-10-31T12:59:25+00:00","dateModified":"2016-10-17T13:11:02+00:00","breadcrumb":{"@id":"https:\/\/www.subaru.es\/blog\/nuestra-marca\/subaru-y-sus-pilotos-nos-llenan-de-alegrias-con-las-dos-primeras-posiciones-en-el-rallye-de-cerdena-italia\/#breadcrumb"},"inLanguage":"es","potentialAction":[{"@type":"ReadAction","target":["https:\/\/www.subaru.es\/blog\/nuestra-marca\/subaru-y-sus-pilotos-nos-llenan-de-alegrias-con-las-dos-primeras-posiciones-en-el-rallye-de-cerdena-italia\/"]}]},{"@type":"ImageObject","inLanguage":"es","@id":"https:\/\/www.subaru.es\/blog\/nuestra-marca\/subaru-y-sus-pilotos-nos-llenan-de-alegrias-con-las-dos-primeras-posiciones-en-el-rallye-de-cerdena-italia\/#primaryimage","url":"https:\/\/www.subaru.es\/blog\/wp-content\/uploads\/2012\/10\/121021_Fuchsnew.jpg","contentUrl":"https:\/\/www.subaru.es\/blog\/wp-content\/uploads\/2012\/10\/121021_Fuchsnew.jpg","width":660,"height":438},{"@type":"BreadcrumbList","@id":"https:\/\/www.subaru.es\/blog\/nuestra-marca\/subaru-y-sus-pilotos-nos-llenan-de-alegrias-con-las-dos-primeras-posiciones-en-el-rallye-de-cerdena-italia\/#breadcrumb","itemListElement":[{"@type":"ListItem","position":1,"name":"Portada","item":"https:\/\/www.subaru.es\/blog\/"},{"@type":"ListItem","position":2,"name":"Subaru y sus pilotos nos llenan de alegr\u00edas con las dos primeras posiciones en el Rallye de Cerde\u00f1a (Italia)"}]},{"@type":"WebSite","@id":"https:\/\/www.subaru.es\/blog\/#website","url":"https:\/\/www.subaru.es\/blog\/","name":"Universo Subaru","description":"Descubre este apasionante espacio de Subaru donde vas a conocer todo sobre nuestros coches y las experiencias que vivimos con ellos. Si est\u00e1s preparado para dejarte seducir por la filosof\u00eda Subaru, qu\u00e9date con nosotros.","publisher":{"@id":"https:\/\/www.subaru.es\/blog\/#organization"},"potentialAction":[{"@type":"SearchAction","target":{"@type":"EntryPoint","urlTemplate":"https:\/\/www.subaru.es\/blog\/?s={search_term_string}"},"query-input":{"@type":"PropertyValueSpecification","valueRequired":true,"valueName":"search_term_string"}}],"inLanguage":"es"},{"@type":"Organization","@id":"https:\/\/www.subaru.es\/blog\/#organization","name":"Subaru Espa\u00f1a S.A.","url":"https:\/\/www.subaru.es\/blog\/","logo":{"@type":"ImageObject","inLanguage":"es","@id":"https:\/\/www.subaru.es\/blog\/#\/schema\/logo\/image\/","url":"https:\/\/www.subaru.es\/blog\/wp-content\/uploads\/2016\/12\/Logo-Subaru-TypeV_C300-scaled.jpg","contentUrl":"https:\/\/www.subaru.es\/blog\/wp-content\/uploads\/2016\/12\/Logo-Subaru-TypeV_C300-scaled.jpg","width":2560,"height":1864,"caption":"Subaru Espa\u00f1a S.A."},"image":{"@id":"https:\/\/www.subaru.es\/blog\/#\/schema\/logo\/image\/"},"sameAs":["https:\/\/www.facebook.com\/subaruespana","https:\/\/www.instagram.com\/subarues\/","https:\/\/www.youtube.com\/user\/subaruespana"]},{"@type":"Person","@id":"https:\/\/www.subaru.es\/blog\/#\/schema\/person\/19a90b892230b8e0ec752704ddf4aa10","name":"Subaru","url":"https:\/\/www.subaru.es\/blog\/author\/subaria\/"}]}},"_links":{"self":[{"href":"https:\/\/www.subaru.es\/blog\/wp-json\/wp\/v2\/posts\/8007","targetHints":{"allow":["GET"]}}],"collection":[{"href":"https:\/\/www.subaru.es\/blog\/wp-json\/wp\/v2\/posts"}],"about":[{"href":"https:\/\/www.subaru.es\/blog\/wp-json\/wp\/v2\/types\/post"}],"author":[{"embeddable":true,"href":"https:\/\/www.subaru.es\/blog\/wp-json\/wp\/v2\/users\/21"}],"replies":[{"embeddable":true,"href":"https:\/\/www.subaru.es\/blog\/wp-json\/wp\/v2\/comments?post=8007"}],"version-history":[{"count":1,"href":"https:\/\/www.subaru.es\/blog\/wp-json\/wp\/v2\/posts\/8007\/revisions"}],"predecessor-version":[{"id":14823,"href":"https:\/\/www.subaru.es\/blog\/wp-json\/wp\/v2\/posts\/8007\/revisions\/14823"}],"wp:featuredmedia":[{"embeddable":true,"href":"https:\/\/www.subaru.es\/blog\/wp-json\/wp\/v2\/media\/8008"}],"wp:attachment":[{"href":"https:\/\/www.subaru.es\/blog\/wp-json\/wp\/v2\/media?parent=8007"}],"wp:term":[{"taxonomy":"category","embeddable":true,"href":"https:\/\/www.subaru.es\/blog\/wp-json\/wp\/v2\/categories?post=8007"},{"taxonomy":"post_tag","embeddable":true,"href":"https:\/\/www.subaru.es\/blog\/wp-json\/wp\/v2\/tags?post=8007"}],"curies":[{"name":"wp","href":"https:\/\/api.w.org\/{rel}","templated":true}]}}