{"id":8,"date":"2007-09-05T08:33:39","date_gmt":"2007-09-05T06:33:39","guid":{"rendered":"http:\/\/subaru.preproduccion.com\/blog\/wp-content\/2007\/09\/05\/no-pudo-ser-en-nueva-zelanda-la-carrera-que-se-decidio-por-tres-decimas\/"},"modified":"2020-08-06T11:54:03","modified_gmt":"2020-08-06T09:54:03","slug":"no-pudo-ser-en-nueva-zelanda-la-carrera-que-se-decidio-por-tres-decimas","status":"publish","type":"post","link":"https:\/\/www.subaru.es\/blog\/nuestra-marca\/no-pudo-ser-en-nueva-zelanda-la-carrera-que-se-decidio-por-tres-decimas\/","title":{"rendered":"No pudo ser en Nueva Zelanda, la carrera que se decidi\u00f3 por tres d\u00e9cimas"},"content":{"rendered":"<p><center><img decoding=\"async\" data-src=\"https:\/\/www.subaru.es\/blog\/wp-content\/uploads\/2007\/09\/solberg.jpg\" alt=\"Solberg\"  hspace=\"9\" vspace=\"3\" src=\"data:image\/svg+xml;base64,PHN2ZyB3aWR0aD0iMSIgaGVpZ2h0PSIxIiB4bWxucz0iaHR0cDovL3d3dy53My5vcmcvMjAwMC9zdmciPjwvc3ZnPg==\" class=\"lazyload\" style=\"--smush-placeholder-width: 385px; --smush-placeholder-aspect-ratio: 385\/262;\" \/><\/center><\/p>\n<p>Especialmente duro ha sido <a href=\"http:\/\/www.eldia.es\/2007-09-03\/jornada\/jornada84.htm\">el rallie de Nueva Zelanda<\/a>, esta vez ha sido<strong> Marcus Gronholm<\/strong> el que se ha llevado el gato al agua seguido muy de cerca de <strong>Sebasti\u00e1n Loeb<\/strong> \u00a1en la carrera m\u00e1s igualada de la historia del mundial!  Los pilotos de <strong>Subaru<\/strong> <a href=\"http:\/\/www.chrisatkinson.com.au\/\">Chris Atkinson <\/a> y <a href=\"http:\/\/www.pettersolberg.com\/\">Petter Solberg<\/a> han conseguido unos meritorios cuarto y s\u00e9ptimo puesto. Por desgracia, el piloto catal\u00e1n <strong><a href=\"http:\/\/www.subaru.es\">Xevi Pons <\/a><\/strong> se vio obligado a abandonar en el tercero de los cinco tramos que se disputaron el viernes. En la clasificaci\u00f3n del mundial Solberg ocupa la cuarta posici\u00f3n.<\/p>\n<p>Nuestro noruego favorito al mando de su <strong>Impreza <\/strong>ha estado muy empatado con el piloto de Stobart Ford J<strong>ari-Matti Latvala<\/strong>. El rallie era en principio bastante distinto al de Alemania para los coches de la marca porque se volv\u00eda a tierra despu\u00e9s de las buenas sensaciones dadas en tierras teutonas.<\/p>\n<p>El mundial esta que arde y S\u00e9bastien Loeb es ahora de 2,3 segundos por delante de Marcus Gr\u00f6nholm. Chris Atkinson, el otro Subaru ha perdido un pel\u00edn y est\u00e1 a exactamente cuatro segundos. El espa\u00f1ol <strong>Dani Sordo<\/strong> por su parte ha acabado sexto la prueba, Solberg no le ha arrebatado esta posici\u00f3n al final por muy poquito.<\/p>\n<p>Gronholm le quita a <strong>Carlos Sainz<\/strong> el r\u00e9cor de n\u00famero de victorias en esta prueba (hasta hoy ambos contaban con cuatro), adem\u00e1s del honor de haber ganado por menos diferencia una carreara. El r\u00e9cord anterior lo ostentaba Sainz con 2,1 segundos frente a <strong>Colin McRae<\/strong>.<\/p>\n","protected":false},"excerpt":{"rendered":"<p>Especialmente duro ha sido el rallie de Nueva Zelanda, esta vez ha sido Marcus Gronholm el que se ha llevado el gato al agua seguido muy de cerca de Sebasti\u00e1n Loeb \u00a1en la carrera m\u00e1s igualada de la historia del mundial! Los pilotos de Subaru Chris Atkinson y Petter Solberg han conseguido unos meritorios cuarto [&hellip;]<\/p>\n","protected":false},"author":21,"featured_media":21,"comment_status":"closed","ping_status":"closed","sticky":false,"template":"","format":"standard","meta":{"_acf_changed":false,"_eb_attr":"","inline_featured_image":false,"footnotes":""},"categories":[4401],"tags":[],"class_list":["post-8","post","type-post","status-publish","format-standard","has-post-thumbnail","hentry","category-nuestra-marca"],"acf":[],"yoast_head":"<!-- This site is optimized with the Yoast SEO plugin v27.3 - https:\/\/yoast.com\/product\/yoast-seo-wordpress\/ -->\n<title>No pudo ser en Nueva Zelanda, la carrera que se decidi\u00f3 por tres d\u00e9cimas - Universo Subaru<\/title>\n<meta name=\"robots\" content=\"index, follow, max-snippet:-1, max-image-preview:large, max-video-preview:-1\" \/>\n<link rel=\"canonical\" href=\"https:\/\/www.subaru.es\/blog\/nuestra-marca\/no-pudo-ser-en-nueva-zelanda-la-carrera-que-se-decidio-por-tres-decimas\/\" \/>\n<meta property=\"og:locale\" content=\"es_ES\" \/>\n<meta property=\"og:type\" content=\"article\" \/>\n<meta property=\"og:title\" content=\"No pudo ser en Nueva Zelanda, la carrera que se decidi\u00f3 por tres d\u00e9cimas - Universo Subaru\" \/>\n<meta property=\"og:description\" content=\"Especialmente duro ha sido el rallie de Nueva Zelanda, esta vez ha sido Marcus Gronholm el que se ha llevado el gato al agua seguido muy de cerca de Sebasti\u00e1n Loeb \u00a1en la carrera m\u00e1s igualada de la historia del mundial! Los pilotos de Subaru Chris Atkinson y Petter Solberg han conseguido unos meritorios cuarto [&hellip;]\" \/>\n<meta property=\"og:url\" content=\"https:\/\/www.subaru.es\/blog\/nuestra-marca\/no-pudo-ser-en-nueva-zelanda-la-carrera-que-se-decidio-por-tres-decimas\/\" \/>\n<meta property=\"og:site_name\" content=\"Universo Subaru\" \/>\n<meta property=\"article:publisher\" content=\"https:\/\/www.facebook.com\/subaruespana\" \/>\n<meta property=\"article:published_time\" content=\"2007-09-05T06:33:39+00:00\" \/>\n<meta property=\"article:modified_time\" content=\"2020-08-06T09:54:03+00:00\" \/>\n<meta property=\"og:image\" content=\"https:\/\/www.subaru.es\/blog\/wp-content\/uploads\/2007\/09\/solberg.jpg\" \/>\n\t<meta property=\"og:image:width\" content=\"385\" \/>\n\t<meta property=\"og:image:height\" content=\"262\" \/>\n\t<meta property=\"og:image:type\" content=\"image\/jpeg\" \/>\n<meta name=\"author\" content=\"Subaru\" \/>\n<meta name=\"twitter:card\" content=\"summary_large_image\" \/>\n<meta name=\"twitter:label1\" content=\"Escrito por\" \/>\n\t<meta name=\"twitter:data1\" content=\"Subaru\" \/>\n\t<meta name=\"twitter:label2\" content=\"Tiempo de lectura\" \/>\n\t<meta name=\"twitter:data2\" content=\"1 minuto\" \/>\n<script type=\"application\/ld+json\" class=\"yoast-schema-graph\">{\"@context\":\"https:\\\/\\\/schema.org\",\"@graph\":[{\"@type\":\"Article\",\"@id\":\"https:\\\/\\\/www.subaru.es\\\/blog\\\/nuestra-marca\\\/no-pudo-ser-en-nueva-zelanda-la-carrera-que-se-decidio-por-tres-decimas\\\/#article\",\"isPartOf\":{\"@id\":\"https:\\\/\\\/www.subaru.es\\\/blog\\\/nuestra-marca\\\/no-pudo-ser-en-nueva-zelanda-la-carrera-que-se-decidio-por-tres-decimas\\\/\"},\"author\":{\"name\":\"Subaru\",\"@id\":\"https:\\\/\\\/www.subaru.es\\\/blog\\\/#\\\/schema\\\/person\\\/19a90b892230b8e0ec752704ddf4aa10\"},\"headline\":\"No pudo ser en Nueva Zelanda, la carrera que se decidi\u00f3 por tres d\u00e9cimas\",\"datePublished\":\"2007-09-05T06:33:39+00:00\",\"dateModified\":\"2020-08-06T09:54:03+00:00\",\"mainEntityOfPage\":{\"@id\":\"https:\\\/\\\/www.subaru.es\\\/blog\\\/nuestra-marca\\\/no-pudo-ser-en-nueva-zelanda-la-carrera-que-se-decidio-por-tres-decimas\\\/\"},\"wordCount\":274,\"publisher\":{\"@id\":\"https:\\\/\\\/www.subaru.es\\\/blog\\\/#organization\"},\"image\":{\"@id\":\"https:\\\/\\\/www.subaru.es\\\/blog\\\/nuestra-marca\\\/no-pudo-ser-en-nueva-zelanda-la-carrera-que-se-decidio-por-tres-decimas\\\/#primaryimage\"},\"thumbnailUrl\":\"https:\\\/\\\/www.subaru.es\\\/blog\\\/wp-content\\\/uploads\\\/2007\\\/09\\\/solberg.jpg\",\"articleSection\":[\"Nuestra marca\"],\"inLanguage\":\"es\"},{\"@type\":\"WebPage\",\"@id\":\"https:\\\/\\\/www.subaru.es\\\/blog\\\/nuestra-marca\\\/no-pudo-ser-en-nueva-zelanda-la-carrera-que-se-decidio-por-tres-decimas\\\/\",\"url\":\"https:\\\/\\\/www.subaru.es\\\/blog\\\/nuestra-marca\\\/no-pudo-ser-en-nueva-zelanda-la-carrera-que-se-decidio-por-tres-decimas\\\/\",\"name\":\"No pudo ser en Nueva Zelanda, la carrera que se decidi\u00f3 por tres d\u00e9cimas - Universo Subaru\",\"isPartOf\":{\"@id\":\"https:\\\/\\\/www.subaru.es\\\/blog\\\/#website\"},\"primaryImageOfPage\":{\"@id\":\"https:\\\/\\\/www.subaru.es\\\/blog\\\/nuestra-marca\\\/no-pudo-ser-en-nueva-zelanda-la-carrera-que-se-decidio-por-tres-decimas\\\/#primaryimage\"},\"image\":{\"@id\":\"https:\\\/\\\/www.subaru.es\\\/blog\\\/nuestra-marca\\\/no-pudo-ser-en-nueva-zelanda-la-carrera-que-se-decidio-por-tres-decimas\\\/#primaryimage\"},\"thumbnailUrl\":\"https:\\\/\\\/www.subaru.es\\\/blog\\\/wp-content\\\/uploads\\\/2007\\\/09\\\/solberg.jpg\",\"datePublished\":\"2007-09-05T06:33:39+00:00\",\"dateModified\":\"2020-08-06T09:54:03+00:00\",\"breadcrumb\":{\"@id\":\"https:\\\/\\\/www.subaru.es\\\/blog\\\/nuestra-marca\\\/no-pudo-ser-en-nueva-zelanda-la-carrera-que-se-decidio-por-tres-decimas\\\/#breadcrumb\"},\"inLanguage\":\"es\",\"potentialAction\":[{\"@type\":\"ReadAction\",\"target\":[\"https:\\\/\\\/www.subaru.es\\\/blog\\\/nuestra-marca\\\/no-pudo-ser-en-nueva-zelanda-la-carrera-que-se-decidio-por-tres-decimas\\\/\"]}]},{\"@type\":\"ImageObject\",\"inLanguage\":\"es\",\"@id\":\"https:\\\/\\\/www.subaru.es\\\/blog\\\/nuestra-marca\\\/no-pudo-ser-en-nueva-zelanda-la-carrera-que-se-decidio-por-tres-decimas\\\/#primaryimage\",\"url\":\"https:\\\/\\\/www.subaru.es\\\/blog\\\/wp-content\\\/uploads\\\/2007\\\/09\\\/solberg.jpg\",\"contentUrl\":\"https:\\\/\\\/www.subaru.es\\\/blog\\\/wp-content\\\/uploads\\\/2007\\\/09\\\/solberg.jpg\",\"width\":385,\"height\":262},{\"@type\":\"BreadcrumbList\",\"@id\":\"https:\\\/\\\/www.subaru.es\\\/blog\\\/nuestra-marca\\\/no-pudo-ser-en-nueva-zelanda-la-carrera-que-se-decidio-por-tres-decimas\\\/#breadcrumb\",\"itemListElement\":[{\"@type\":\"ListItem\",\"position\":1,\"name\":\"Portada\",\"item\":\"https:\\\/\\\/www.subaru.es\\\/blog\\\/\"},{\"@type\":\"ListItem\",\"position\":2,\"name\":\"No pudo ser en Nueva Zelanda, la carrera que se decidi\u00f3 por tres d\u00e9cimas\"}]},{\"@type\":\"WebSite\",\"@id\":\"https:\\\/\\\/www.subaru.es\\\/blog\\\/#website\",\"url\":\"https:\\\/\\\/www.subaru.es\\\/blog\\\/\",\"name\":\"Universo Subaru\",\"description\":\"Descubre este apasionante espacio de Subaru donde vas a conocer todo sobre nuestros coches y las experiencias que vivimos con ellos. Si est\u00e1s preparado para dejarte seducir por la filosof\u00eda Subaru, qu\u00e9date con nosotros.\",\"publisher\":{\"@id\":\"https:\\\/\\\/www.subaru.es\\\/blog\\\/#organization\"},\"potentialAction\":[{\"@type\":\"SearchAction\",\"target\":{\"@type\":\"EntryPoint\",\"urlTemplate\":\"https:\\\/\\\/www.subaru.es\\\/blog\\\/?s={search_term_string}\"},\"query-input\":{\"@type\":\"PropertyValueSpecification\",\"valueRequired\":true,\"valueName\":\"search_term_string\"}}],\"inLanguage\":\"es\"},{\"@type\":\"Organization\",\"@id\":\"https:\\\/\\\/www.subaru.es\\\/blog\\\/#organization\",\"name\":\"Subaru Espa\u00f1a S.A.\",\"url\":\"https:\\\/\\\/www.subaru.es\\\/blog\\\/\",\"logo\":{\"@type\":\"ImageObject\",\"inLanguage\":\"es\",\"@id\":\"https:\\\/\\\/www.subaru.es\\\/blog\\\/#\\\/schema\\\/logo\\\/image\\\/\",\"url\":\"https:\\\/\\\/www.subaru.es\\\/blog\\\/wp-content\\\/uploads\\\/2016\\\/12\\\/Logo-Subaru-TypeV_C300-scaled.jpg\",\"contentUrl\":\"https:\\\/\\\/www.subaru.es\\\/blog\\\/wp-content\\\/uploads\\\/2016\\\/12\\\/Logo-Subaru-TypeV_C300-scaled.jpg\",\"width\":2560,\"height\":1864,\"caption\":\"Subaru Espa\u00f1a S.A.\"},\"image\":{\"@id\":\"https:\\\/\\\/www.subaru.es\\\/blog\\\/#\\\/schema\\\/logo\\\/image\\\/\"},\"sameAs\":[\"https:\\\/\\\/www.facebook.com\\\/subaruespana\",\"https:\\\/\\\/www.instagram.com\\\/subarues\\\/\",\"https:\\\/\\\/www.youtube.com\\\/user\\\/subaruespana\"]},{\"@type\":\"Person\",\"@id\":\"https:\\\/\\\/www.subaru.es\\\/blog\\\/#\\\/schema\\\/person\\\/19a90b892230b8e0ec752704ddf4aa10\",\"name\":\"Subaru\",\"url\":\"https:\\\/\\\/www.subaru.es\\\/blog\\\/author\\\/subaria\\\/\"}]}<\/script>\n<!-- \/ Yoast SEO plugin. -->","yoast_head_json":{"title":"No pudo ser en Nueva Zelanda, la carrera que se decidi\u00f3 por tres d\u00e9cimas - Universo Subaru","robots":{"index":"index","follow":"follow","max-snippet":"max-snippet:-1","max-image-preview":"max-image-preview:large","max-video-preview":"max-video-preview:-1"},"canonical":"https:\/\/www.subaru.es\/blog\/nuestra-marca\/no-pudo-ser-en-nueva-zelanda-la-carrera-que-se-decidio-por-tres-decimas\/","og_locale":"es_ES","og_type":"article","og_title":"No pudo ser en Nueva Zelanda, la carrera que se decidi\u00f3 por tres d\u00e9cimas - Universo Subaru","og_description":"Especialmente duro ha sido el rallie de Nueva Zelanda, esta vez ha sido Marcus Gronholm el que se ha llevado el gato al agua seguido muy de cerca de Sebasti\u00e1n Loeb \u00a1en la carrera m\u00e1s igualada de la historia del mundial! Los pilotos de Subaru Chris Atkinson y Petter Solberg han conseguido unos meritorios cuarto [&hellip;]","og_url":"https:\/\/www.subaru.es\/blog\/nuestra-marca\/no-pudo-ser-en-nueva-zelanda-la-carrera-que-se-decidio-por-tres-decimas\/","og_site_name":"Universo Subaru","article_publisher":"https:\/\/www.facebook.com\/subaruespana","article_published_time":"2007-09-05T06:33:39+00:00","article_modified_time":"2020-08-06T09:54:03+00:00","og_image":[{"width":385,"height":262,"url":"https:\/\/www.subaru.es\/blog\/wp-content\/uploads\/2007\/09\/solberg.jpg","type":"image\/jpeg"}],"author":"Subaru","twitter_card":"summary_large_image","twitter_misc":{"Escrito por":"Subaru","Tiempo de lectura":"1 minuto"},"schema":{"@context":"https:\/\/schema.org","@graph":[{"@type":"Article","@id":"https:\/\/www.subaru.es\/blog\/nuestra-marca\/no-pudo-ser-en-nueva-zelanda-la-carrera-que-se-decidio-por-tres-decimas\/#article","isPartOf":{"@id":"https:\/\/www.subaru.es\/blog\/nuestra-marca\/no-pudo-ser-en-nueva-zelanda-la-carrera-que-se-decidio-por-tres-decimas\/"},"author":{"name":"Subaru","@id":"https:\/\/www.subaru.es\/blog\/#\/schema\/person\/19a90b892230b8e0ec752704ddf4aa10"},"headline":"No pudo ser en Nueva Zelanda, la carrera que se decidi\u00f3 por tres d\u00e9cimas","datePublished":"2007-09-05T06:33:39+00:00","dateModified":"2020-08-06T09:54:03+00:00","mainEntityOfPage":{"@id":"https:\/\/www.subaru.es\/blog\/nuestra-marca\/no-pudo-ser-en-nueva-zelanda-la-carrera-que-se-decidio-por-tres-decimas\/"},"wordCount":274,"publisher":{"@id":"https:\/\/www.subaru.es\/blog\/#organization"},"image":{"@id":"https:\/\/www.subaru.es\/blog\/nuestra-marca\/no-pudo-ser-en-nueva-zelanda-la-carrera-que-se-decidio-por-tres-decimas\/#primaryimage"},"thumbnailUrl":"https:\/\/www.subaru.es\/blog\/wp-content\/uploads\/2007\/09\/solberg.jpg","articleSection":["Nuestra marca"],"inLanguage":"es"},{"@type":"WebPage","@id":"https:\/\/www.subaru.es\/blog\/nuestra-marca\/no-pudo-ser-en-nueva-zelanda-la-carrera-que-se-decidio-por-tres-decimas\/","url":"https:\/\/www.subaru.es\/blog\/nuestra-marca\/no-pudo-ser-en-nueva-zelanda-la-carrera-que-se-decidio-por-tres-decimas\/","name":"No pudo ser en Nueva Zelanda, la carrera que se decidi\u00f3 por tres d\u00e9cimas - Universo Subaru","isPartOf":{"@id":"https:\/\/www.subaru.es\/blog\/#website"},"primaryImageOfPage":{"@id":"https:\/\/www.subaru.es\/blog\/nuestra-marca\/no-pudo-ser-en-nueva-zelanda-la-carrera-que-se-decidio-por-tres-decimas\/#primaryimage"},"image":{"@id":"https:\/\/www.subaru.es\/blog\/nuestra-marca\/no-pudo-ser-en-nueva-zelanda-la-carrera-que-se-decidio-por-tres-decimas\/#primaryimage"},"thumbnailUrl":"https:\/\/www.subaru.es\/blog\/wp-content\/uploads\/2007\/09\/solberg.jpg","datePublished":"2007-09-05T06:33:39+00:00","dateModified":"2020-08-06T09:54:03+00:00","breadcrumb":{"@id":"https:\/\/www.subaru.es\/blog\/nuestra-marca\/no-pudo-ser-en-nueva-zelanda-la-carrera-que-se-decidio-por-tres-decimas\/#breadcrumb"},"inLanguage":"es","potentialAction":[{"@type":"ReadAction","target":["https:\/\/www.subaru.es\/blog\/nuestra-marca\/no-pudo-ser-en-nueva-zelanda-la-carrera-que-se-decidio-por-tres-decimas\/"]}]},{"@type":"ImageObject","inLanguage":"es","@id":"https:\/\/www.subaru.es\/blog\/nuestra-marca\/no-pudo-ser-en-nueva-zelanda-la-carrera-que-se-decidio-por-tres-decimas\/#primaryimage","url":"https:\/\/www.subaru.es\/blog\/wp-content\/uploads\/2007\/09\/solberg.jpg","contentUrl":"https:\/\/www.subaru.es\/blog\/wp-content\/uploads\/2007\/09\/solberg.jpg","width":385,"height":262},{"@type":"BreadcrumbList","@id":"https:\/\/www.subaru.es\/blog\/nuestra-marca\/no-pudo-ser-en-nueva-zelanda-la-carrera-que-se-decidio-por-tres-decimas\/#breadcrumb","itemListElement":[{"@type":"ListItem","position":1,"name":"Portada","item":"https:\/\/www.subaru.es\/blog\/"},{"@type":"ListItem","position":2,"name":"No pudo ser en Nueva Zelanda, la carrera que se decidi\u00f3 por tres d\u00e9cimas"}]},{"@type":"WebSite","@id":"https:\/\/www.subaru.es\/blog\/#website","url":"https:\/\/www.subaru.es\/blog\/","name":"Universo Subaru","description":"Descubre este apasionante espacio de Subaru donde vas a conocer todo sobre nuestros coches y las experiencias que vivimos con ellos. Si est\u00e1s preparado para dejarte seducir por la filosof\u00eda Subaru, qu\u00e9date con nosotros.","publisher":{"@id":"https:\/\/www.subaru.es\/blog\/#organization"},"potentialAction":[{"@type":"SearchAction","target":{"@type":"EntryPoint","urlTemplate":"https:\/\/www.subaru.es\/blog\/?s={search_term_string}"},"query-input":{"@type":"PropertyValueSpecification","valueRequired":true,"valueName":"search_term_string"}}],"inLanguage":"es"},{"@type":"Organization","@id":"https:\/\/www.subaru.es\/blog\/#organization","name":"Subaru Espa\u00f1a S.A.","url":"https:\/\/www.subaru.es\/blog\/","logo":{"@type":"ImageObject","inLanguage":"es","@id":"https:\/\/www.subaru.es\/blog\/#\/schema\/logo\/image\/","url":"https:\/\/www.subaru.es\/blog\/wp-content\/uploads\/2016\/12\/Logo-Subaru-TypeV_C300-scaled.jpg","contentUrl":"https:\/\/www.subaru.es\/blog\/wp-content\/uploads\/2016\/12\/Logo-Subaru-TypeV_C300-scaled.jpg","width":2560,"height":1864,"caption":"Subaru Espa\u00f1a S.A."},"image":{"@id":"https:\/\/www.subaru.es\/blog\/#\/schema\/logo\/image\/"},"sameAs":["https:\/\/www.facebook.com\/subaruespana","https:\/\/www.instagram.com\/subarues\/","https:\/\/www.youtube.com\/user\/subaruespana"]},{"@type":"Person","@id":"https:\/\/www.subaru.es\/blog\/#\/schema\/person\/19a90b892230b8e0ec752704ddf4aa10","name":"Subaru","url":"https:\/\/www.subaru.es\/blog\/author\/subaria\/"}]}},"_links":{"self":[{"href":"https:\/\/www.subaru.es\/blog\/wp-json\/wp\/v2\/posts\/8","targetHints":{"allow":["GET"]}}],"collection":[{"href":"https:\/\/www.subaru.es\/blog\/wp-json\/wp\/v2\/posts"}],"about":[{"href":"https:\/\/www.subaru.es\/blog\/wp-json\/wp\/v2\/types\/post"}],"author":[{"embeddable":true,"href":"https:\/\/www.subaru.es\/blog\/wp-json\/wp\/v2\/users\/21"}],"replies":[{"embeddable":true,"href":"https:\/\/www.subaru.es\/blog\/wp-json\/wp\/v2\/comments?post=8"}],"version-history":[{"count":1,"href":"https:\/\/www.subaru.es\/blog\/wp-json\/wp\/v2\/posts\/8\/revisions"}],"predecessor-version":[{"id":16194,"href":"https:\/\/www.subaru.es\/blog\/wp-json\/wp\/v2\/posts\/8\/revisions\/16194"}],"wp:featuredmedia":[{"embeddable":true,"href":"https:\/\/www.subaru.es\/blog\/wp-json\/wp\/v2\/media\/21"}],"wp:attachment":[{"href":"https:\/\/www.subaru.es\/blog\/wp-json\/wp\/v2\/media?parent=8"}],"wp:term":[{"taxonomy":"category","embeddable":true,"href":"https:\/\/www.subaru.es\/blog\/wp-json\/wp\/v2\/categories?post=8"},{"taxonomy":"post_tag","embeddable":true,"href":"https:\/\/www.subaru.es\/blog\/wp-json\/wp\/v2\/tags?post=8"}],"curies":[{"name":"wp","href":"https:\/\/api.w.org\/{rel}","templated":true}]}}