{"id":785,"date":"2008-04-10T13:39:28","date_gmt":"2008-04-10T11:39:28","guid":{"rendered":"http:\/\/subaru.preproduccion.com\/blog\/wp-content\/2008\/04\/10\/gorka-apalantza-se-impone-en-el-rallysprint\/"},"modified":"2020-08-06T11:49:47","modified_gmt":"2020-08-06T09:49:47","slug":"gorka-apalantza-se-impone-en-el-rallysprint","status":"publish","type":"post","link":"https:\/\/www.subaru.es\/blog\/nuestra-marca\/gorka-apalantza-se-impone-en-el-rallysprint\/","title":{"rendered":"Gorka Apalantza se impone en el Rallysprint"},"content":{"rendered":"<p>La localidad vizca\u00edna de Karrantza acogi\u00f3 la 6\u00aa edici\u00f3n del <strong>Rallysprint Valle de Karrantza-Lanestosa \u201cMemorial Juan Carlos Ruiz-Garmendia\u201d<\/strong>. El <strong>Subaru Impreza WRC<\/strong> del guipuzcoano <strong>Gorka Apalantza<\/strong> y su copiloto <strong>Alazne Apalantza<\/strong> se ha proclamado finalmente ganador, tras imponerse con claridad en los tres tramos cronometrados.<\/p>\n<p><center><img data-src='https:\/\/www.subaru.es\/blog\/wp-content\/uploads\/2008\/04\/gorka-apalantza-subaru-impreza.jpg' alt='Gorka Apalantza, Subaru Impreza WRC' src='data:image\/svg+xml;base64,PHN2ZyB3aWR0aD0iMSIgaGVpZ2h0PSIxIiB4bWxucz0iaHR0cDovL3d3dy53My5vcmcvMjAwMC9zdmciPjwvc3ZnPg==' class='lazyload' style='--smush-placeholder-width: 475px; --smush-placeholder-aspect-ratio: 475\/216;' \/><\/center><\/p>\n<p><strong>Clasificaci\u00f3n Final:<\/strong><\/p>\n<blockquote><p>\n<strong>1\u00ba- Gorka Apalantza-Alazne Apalantza (Subaru Impreza WRC), 19.16.1.<\/strong><br \/>\n2\u00ba- Santi Artetxe-Sandra Fern\u00e1ndez (Peugeot 307 WRC), a 00.16.8.<br \/>\n3\u00ba- Xabier Lujua-Txiki Burgos (Skoda Octavia WRC), a 00.30.3.<br \/>\n4\u00ba- Eugenio Mantec\u00f3n-Lorenzo Fern\u00e1ndez (Hyundai Accent WRC), a 00.59.3.<br \/>\n5\u00ba- Pedro Zubizarreta-Rodolfo Del Barrio (VW Golf Kit-Car), a 01.33.9.<br \/>\n6\u00ba- Luciano Arrabal-Txemi Mart\u00ednez (Mitsubishi Evo IX), a 01.38.5.<\/p><\/blockquote>\n<p>Noticia vista en <a href=\"http:\/\/www.rincondelmotor.com\/vernoti.asp?ver=010612\">El Rinc\u00f3n del Motor<\/a><br \/>\nImagen de <a href=\"http:\/\/www.rallyereport.com\/webdefi\/fotos2008\/gabiria08\/index.htm\">Rallyereport<\/a><\/p>\n","protected":false},"excerpt":{"rendered":"<p>La localidad vizca\u00edna de Karrantza acogi\u00f3 la 6\u00aa edici\u00f3n del Rallysprint Valle de Karrantza-Lanestosa \u201cMemorial Juan Carlos Ruiz-Garmendia\u201d. El Subaru Impreza WRC del guipuzcoano Gorka Apalantza y su copiloto Alazne Apalantza se ha proclamado finalmente ganador, tras imponerse con claridad en los tres tramos cronometrados. Clasificaci\u00f3n Final: 1\u00ba- Gorka Apalantza-Alazne Apalantza (Subaru Impreza WRC), 19.16.1. [&hellip;]<\/p>\n","protected":false},"author":21,"featured_media":786,"comment_status":"open","ping_status":"open","sticky":false,"template":"","format":"standard","meta":{"_acf_changed":false,"_eb_attr":"","inline_featured_image":false,"footnotes":""},"categories":[4401],"tags":[450,449,448,10,451,454,349,452,4390,453],"class_list":["post-785","post","type-post","status-publish","format-standard","has-post-thumbnail","hentry","category-nuestra-marca","tag-alazne","tag-apalantza","tag-gorka","tag-impreza","tag-karrantza","tag-karrantza-lanestosa","tag-rallyes","tag-rallysprint","tag-subaru","tag-valle"],"acf":[],"yoast_head":"<!-- This site is optimized with the Yoast SEO plugin v27.3 - https:\/\/yoast.com\/product\/yoast-seo-wordpress\/ -->\n<title>Gorka Apalantza se impone en el Rallysprint - Universo Subaru<\/title>\n<meta name=\"robots\" content=\"index, follow, max-snippet:-1, max-image-preview:large, max-video-preview:-1\" \/>\n<link rel=\"canonical\" href=\"https:\/\/www.subaru.es\/blog\/nuestra-marca\/gorka-apalantza-se-impone-en-el-rallysprint\/\" \/>\n<meta property=\"og:locale\" content=\"es_ES\" \/>\n<meta property=\"og:type\" content=\"article\" \/>\n<meta property=\"og:title\" content=\"Gorka Apalantza se impone en el Rallysprint - Universo Subaru\" \/>\n<meta property=\"og:description\" content=\"La localidad vizca\u00edna de Karrantza acogi\u00f3 la 6\u00aa edici\u00f3n del Rallysprint Valle de Karrantza-Lanestosa \u201cMemorial Juan Carlos Ruiz-Garmendia\u201d. El Subaru Impreza WRC del guipuzcoano Gorka Apalantza y su copiloto Alazne Apalantza se ha proclamado finalmente ganador, tras imponerse con claridad en los tres tramos cronometrados. Clasificaci\u00f3n Final: 1\u00ba- Gorka Apalantza-Alazne Apalantza (Subaru Impreza WRC), 19.16.1. [&hellip;]\" \/>\n<meta property=\"og:url\" content=\"https:\/\/www.subaru.es\/blog\/nuestra-marca\/gorka-apalantza-se-impone-en-el-rallysprint\/\" \/>\n<meta property=\"og:site_name\" content=\"Universo Subaru\" \/>\n<meta property=\"article:publisher\" content=\"https:\/\/www.facebook.com\/subaruespana\" \/>\n<meta property=\"article:published_time\" content=\"2008-04-10T11:39:28+00:00\" \/>\n<meta property=\"article:modified_time\" content=\"2020-08-06T09:49:47+00:00\" \/>\n<meta property=\"og:image\" content=\"https:\/\/www.subaru.es\/blog\/wp-content\/uploads\/2008\/04\/gorka-apalantza-subaru-impreza.jpg\" \/>\n\t<meta property=\"og:image:width\" content=\"475\" \/>\n\t<meta property=\"og:image:height\" content=\"216\" \/>\n\t<meta property=\"og:image:type\" content=\"image\/jpeg\" \/>\n<meta name=\"author\" content=\"Subaru\" \/>\n<meta name=\"twitter:card\" content=\"summary_large_image\" \/>\n<meta name=\"twitter:label1\" content=\"Escrito por\" \/>\n\t<meta name=\"twitter:data1\" content=\"Subaru\" \/>\n\t<meta name=\"twitter:label2\" content=\"Tiempo de lectura\" \/>\n\t<meta name=\"twitter:data2\" content=\"1 minuto\" \/>\n<script type=\"application\/ld+json\" class=\"yoast-schema-graph\">{\"@context\":\"https:\\\/\\\/schema.org\",\"@graph\":[{\"@type\":\"Article\",\"@id\":\"https:\\\/\\\/www.subaru.es\\\/blog\\\/nuestra-marca\\\/gorka-apalantza-se-impone-en-el-rallysprint\\\/#article\",\"isPartOf\":{\"@id\":\"https:\\\/\\\/www.subaru.es\\\/blog\\\/nuestra-marca\\\/gorka-apalantza-se-impone-en-el-rallysprint\\\/\"},\"author\":{\"name\":\"Subaru\",\"@id\":\"https:\\\/\\\/www.subaru.es\\\/blog\\\/#\\\/schema\\\/person\\\/19a90b892230b8e0ec752704ddf4aa10\"},\"headline\":\"Gorka Apalantza se impone en el Rallysprint\",\"datePublished\":\"2008-04-10T11:39:28+00:00\",\"dateModified\":\"2020-08-06T09:49:47+00:00\",\"mainEntityOfPage\":{\"@id\":\"https:\\\/\\\/www.subaru.es\\\/blog\\\/nuestra-marca\\\/gorka-apalantza-se-impone-en-el-rallysprint\\\/\"},\"wordCount\":118,\"commentCount\":0,\"publisher\":{\"@id\":\"https:\\\/\\\/www.subaru.es\\\/blog\\\/#organization\"},\"image\":{\"@id\":\"https:\\\/\\\/www.subaru.es\\\/blog\\\/nuestra-marca\\\/gorka-apalantza-se-impone-en-el-rallysprint\\\/#primaryimage\"},\"thumbnailUrl\":\"https:\\\/\\\/www.subaru.es\\\/blog\\\/wp-content\\\/uploads\\\/2008\\\/04\\\/gorka-apalantza-subaru-impreza.jpg\",\"keywords\":[\"alazne\",\"apalantza\",\"gorka\",\"impreza\",\"karrantza\",\"karrantza-lanestosa\",\"rallyes\",\"rallysprint\",\"Subaru\",\"valle\"],\"articleSection\":[\"Nuestra marca\"],\"inLanguage\":\"es\",\"potentialAction\":[{\"@type\":\"CommentAction\",\"name\":\"Comment\",\"target\":[\"https:\\\/\\\/www.subaru.es\\\/blog\\\/nuestra-marca\\\/gorka-apalantza-se-impone-en-el-rallysprint\\\/#respond\"]}]},{\"@type\":\"WebPage\",\"@id\":\"https:\\\/\\\/www.subaru.es\\\/blog\\\/nuestra-marca\\\/gorka-apalantza-se-impone-en-el-rallysprint\\\/\",\"url\":\"https:\\\/\\\/www.subaru.es\\\/blog\\\/nuestra-marca\\\/gorka-apalantza-se-impone-en-el-rallysprint\\\/\",\"name\":\"Gorka Apalantza se impone en el Rallysprint - Universo Subaru\",\"isPartOf\":{\"@id\":\"https:\\\/\\\/www.subaru.es\\\/blog\\\/#website\"},\"primaryImageOfPage\":{\"@id\":\"https:\\\/\\\/www.subaru.es\\\/blog\\\/nuestra-marca\\\/gorka-apalantza-se-impone-en-el-rallysprint\\\/#primaryimage\"},\"image\":{\"@id\":\"https:\\\/\\\/www.subaru.es\\\/blog\\\/nuestra-marca\\\/gorka-apalantza-se-impone-en-el-rallysprint\\\/#primaryimage\"},\"thumbnailUrl\":\"https:\\\/\\\/www.subaru.es\\\/blog\\\/wp-content\\\/uploads\\\/2008\\\/04\\\/gorka-apalantza-subaru-impreza.jpg\",\"datePublished\":\"2008-04-10T11:39:28+00:00\",\"dateModified\":\"2020-08-06T09:49:47+00:00\",\"breadcrumb\":{\"@id\":\"https:\\\/\\\/www.subaru.es\\\/blog\\\/nuestra-marca\\\/gorka-apalantza-se-impone-en-el-rallysprint\\\/#breadcrumb\"},\"inLanguage\":\"es\",\"potentialAction\":[{\"@type\":\"ReadAction\",\"target\":[\"https:\\\/\\\/www.subaru.es\\\/blog\\\/nuestra-marca\\\/gorka-apalantza-se-impone-en-el-rallysprint\\\/\"]}]},{\"@type\":\"ImageObject\",\"inLanguage\":\"es\",\"@id\":\"https:\\\/\\\/www.subaru.es\\\/blog\\\/nuestra-marca\\\/gorka-apalantza-se-impone-en-el-rallysprint\\\/#primaryimage\",\"url\":\"https:\\\/\\\/www.subaru.es\\\/blog\\\/wp-content\\\/uploads\\\/2008\\\/04\\\/gorka-apalantza-subaru-impreza.jpg\",\"contentUrl\":\"https:\\\/\\\/www.subaru.es\\\/blog\\\/wp-content\\\/uploads\\\/2008\\\/04\\\/gorka-apalantza-subaru-impreza.jpg\",\"width\":475,\"height\":216},{\"@type\":\"BreadcrumbList\",\"@id\":\"https:\\\/\\\/www.subaru.es\\\/blog\\\/nuestra-marca\\\/gorka-apalantza-se-impone-en-el-rallysprint\\\/#breadcrumb\",\"itemListElement\":[{\"@type\":\"ListItem\",\"position\":1,\"name\":\"Portada\",\"item\":\"https:\\\/\\\/www.subaru.es\\\/blog\\\/\"},{\"@type\":\"ListItem\",\"position\":2,\"name\":\"Gorka Apalantza se impone en el Rallysprint\"}]},{\"@type\":\"WebSite\",\"@id\":\"https:\\\/\\\/www.subaru.es\\\/blog\\\/#website\",\"url\":\"https:\\\/\\\/www.subaru.es\\\/blog\\\/\",\"name\":\"Universo Subaru\",\"description\":\"Descubre este apasionante espacio de Subaru donde vas a conocer todo sobre nuestros coches y las experiencias que vivimos con ellos. Si est\u00e1s preparado para dejarte seducir por la filosof\u00eda Subaru, qu\u00e9date con nosotros.\",\"publisher\":{\"@id\":\"https:\\\/\\\/www.subaru.es\\\/blog\\\/#organization\"},\"potentialAction\":[{\"@type\":\"SearchAction\",\"target\":{\"@type\":\"EntryPoint\",\"urlTemplate\":\"https:\\\/\\\/www.subaru.es\\\/blog\\\/?s={search_term_string}\"},\"query-input\":{\"@type\":\"PropertyValueSpecification\",\"valueRequired\":true,\"valueName\":\"search_term_string\"}}],\"inLanguage\":\"es\"},{\"@type\":\"Organization\",\"@id\":\"https:\\\/\\\/www.subaru.es\\\/blog\\\/#organization\",\"name\":\"Subaru Espa\u00f1a S.A.\",\"url\":\"https:\\\/\\\/www.subaru.es\\\/blog\\\/\",\"logo\":{\"@type\":\"ImageObject\",\"inLanguage\":\"es\",\"@id\":\"https:\\\/\\\/www.subaru.es\\\/blog\\\/#\\\/schema\\\/logo\\\/image\\\/\",\"url\":\"https:\\\/\\\/www.subaru.es\\\/blog\\\/wp-content\\\/uploads\\\/2016\\\/12\\\/Logo-Subaru-TypeV_C300-scaled.jpg\",\"contentUrl\":\"https:\\\/\\\/www.subaru.es\\\/blog\\\/wp-content\\\/uploads\\\/2016\\\/12\\\/Logo-Subaru-TypeV_C300-scaled.jpg\",\"width\":2560,\"height\":1864,\"caption\":\"Subaru Espa\u00f1a S.A.\"},\"image\":{\"@id\":\"https:\\\/\\\/www.subaru.es\\\/blog\\\/#\\\/schema\\\/logo\\\/image\\\/\"},\"sameAs\":[\"https:\\\/\\\/www.facebook.com\\\/subaruespana\",\"https:\\\/\\\/www.instagram.com\\\/subarues\\\/\",\"https:\\\/\\\/www.youtube.com\\\/user\\\/subaruespana\"]},{\"@type\":\"Person\",\"@id\":\"https:\\\/\\\/www.subaru.es\\\/blog\\\/#\\\/schema\\\/person\\\/19a90b892230b8e0ec752704ddf4aa10\",\"name\":\"Subaru\",\"url\":\"https:\\\/\\\/www.subaru.es\\\/blog\\\/author\\\/subaria\\\/\"}]}<\/script>\n<!-- \/ Yoast SEO plugin. -->","yoast_head_json":{"title":"Gorka Apalantza se impone en el Rallysprint - Universo Subaru","robots":{"index":"index","follow":"follow","max-snippet":"max-snippet:-1","max-image-preview":"max-image-preview:large","max-video-preview":"max-video-preview:-1"},"canonical":"https:\/\/www.subaru.es\/blog\/nuestra-marca\/gorka-apalantza-se-impone-en-el-rallysprint\/","og_locale":"es_ES","og_type":"article","og_title":"Gorka Apalantza se impone en el Rallysprint - Universo Subaru","og_description":"La localidad vizca\u00edna de Karrantza acogi\u00f3 la 6\u00aa edici\u00f3n del Rallysprint Valle de Karrantza-Lanestosa \u201cMemorial Juan Carlos Ruiz-Garmendia\u201d. El Subaru Impreza WRC del guipuzcoano Gorka Apalantza y su copiloto Alazne Apalantza se ha proclamado finalmente ganador, tras imponerse con claridad en los tres tramos cronometrados. Clasificaci\u00f3n Final: 1\u00ba- Gorka Apalantza-Alazne Apalantza (Subaru Impreza WRC), 19.16.1. [&hellip;]","og_url":"https:\/\/www.subaru.es\/blog\/nuestra-marca\/gorka-apalantza-se-impone-en-el-rallysprint\/","og_site_name":"Universo Subaru","article_publisher":"https:\/\/www.facebook.com\/subaruespana","article_published_time":"2008-04-10T11:39:28+00:00","article_modified_time":"2020-08-06T09:49:47+00:00","og_image":[{"width":475,"height":216,"url":"https:\/\/www.subaru.es\/blog\/wp-content\/uploads\/2008\/04\/gorka-apalantza-subaru-impreza.jpg","type":"image\/jpeg"}],"author":"Subaru","twitter_card":"summary_large_image","twitter_misc":{"Escrito por":"Subaru","Tiempo de lectura":"1 minuto"},"schema":{"@context":"https:\/\/schema.org","@graph":[{"@type":"Article","@id":"https:\/\/www.subaru.es\/blog\/nuestra-marca\/gorka-apalantza-se-impone-en-el-rallysprint\/#article","isPartOf":{"@id":"https:\/\/www.subaru.es\/blog\/nuestra-marca\/gorka-apalantza-se-impone-en-el-rallysprint\/"},"author":{"name":"Subaru","@id":"https:\/\/www.subaru.es\/blog\/#\/schema\/person\/19a90b892230b8e0ec752704ddf4aa10"},"headline":"Gorka Apalantza se impone en el Rallysprint","datePublished":"2008-04-10T11:39:28+00:00","dateModified":"2020-08-06T09:49:47+00:00","mainEntityOfPage":{"@id":"https:\/\/www.subaru.es\/blog\/nuestra-marca\/gorka-apalantza-se-impone-en-el-rallysprint\/"},"wordCount":118,"commentCount":0,"publisher":{"@id":"https:\/\/www.subaru.es\/blog\/#organization"},"image":{"@id":"https:\/\/www.subaru.es\/blog\/nuestra-marca\/gorka-apalantza-se-impone-en-el-rallysprint\/#primaryimage"},"thumbnailUrl":"https:\/\/www.subaru.es\/blog\/wp-content\/uploads\/2008\/04\/gorka-apalantza-subaru-impreza.jpg","keywords":["alazne","apalantza","gorka","impreza","karrantza","karrantza-lanestosa","rallyes","rallysprint","Subaru","valle"],"articleSection":["Nuestra marca"],"inLanguage":"es","potentialAction":[{"@type":"CommentAction","name":"Comment","target":["https:\/\/www.subaru.es\/blog\/nuestra-marca\/gorka-apalantza-se-impone-en-el-rallysprint\/#respond"]}]},{"@type":"WebPage","@id":"https:\/\/www.subaru.es\/blog\/nuestra-marca\/gorka-apalantza-se-impone-en-el-rallysprint\/","url":"https:\/\/www.subaru.es\/blog\/nuestra-marca\/gorka-apalantza-se-impone-en-el-rallysprint\/","name":"Gorka Apalantza se impone en el Rallysprint - Universo Subaru","isPartOf":{"@id":"https:\/\/www.subaru.es\/blog\/#website"},"primaryImageOfPage":{"@id":"https:\/\/www.subaru.es\/blog\/nuestra-marca\/gorka-apalantza-se-impone-en-el-rallysprint\/#primaryimage"},"image":{"@id":"https:\/\/www.subaru.es\/blog\/nuestra-marca\/gorka-apalantza-se-impone-en-el-rallysprint\/#primaryimage"},"thumbnailUrl":"https:\/\/www.subaru.es\/blog\/wp-content\/uploads\/2008\/04\/gorka-apalantza-subaru-impreza.jpg","datePublished":"2008-04-10T11:39:28+00:00","dateModified":"2020-08-06T09:49:47+00:00","breadcrumb":{"@id":"https:\/\/www.subaru.es\/blog\/nuestra-marca\/gorka-apalantza-se-impone-en-el-rallysprint\/#breadcrumb"},"inLanguage":"es","potentialAction":[{"@type":"ReadAction","target":["https:\/\/www.subaru.es\/blog\/nuestra-marca\/gorka-apalantza-se-impone-en-el-rallysprint\/"]}]},{"@type":"ImageObject","inLanguage":"es","@id":"https:\/\/www.subaru.es\/blog\/nuestra-marca\/gorka-apalantza-se-impone-en-el-rallysprint\/#primaryimage","url":"https:\/\/www.subaru.es\/blog\/wp-content\/uploads\/2008\/04\/gorka-apalantza-subaru-impreza.jpg","contentUrl":"https:\/\/www.subaru.es\/blog\/wp-content\/uploads\/2008\/04\/gorka-apalantza-subaru-impreza.jpg","width":475,"height":216},{"@type":"BreadcrumbList","@id":"https:\/\/www.subaru.es\/blog\/nuestra-marca\/gorka-apalantza-se-impone-en-el-rallysprint\/#breadcrumb","itemListElement":[{"@type":"ListItem","position":1,"name":"Portada","item":"https:\/\/www.subaru.es\/blog\/"},{"@type":"ListItem","position":2,"name":"Gorka Apalantza se impone en el Rallysprint"}]},{"@type":"WebSite","@id":"https:\/\/www.subaru.es\/blog\/#website","url":"https:\/\/www.subaru.es\/blog\/","name":"Universo Subaru","description":"Descubre este apasionante espacio de Subaru donde vas a conocer todo sobre nuestros coches y las experiencias que vivimos con ellos. Si est\u00e1s preparado para dejarte seducir por la filosof\u00eda Subaru, qu\u00e9date con nosotros.","publisher":{"@id":"https:\/\/www.subaru.es\/blog\/#organization"},"potentialAction":[{"@type":"SearchAction","target":{"@type":"EntryPoint","urlTemplate":"https:\/\/www.subaru.es\/blog\/?s={search_term_string}"},"query-input":{"@type":"PropertyValueSpecification","valueRequired":true,"valueName":"search_term_string"}}],"inLanguage":"es"},{"@type":"Organization","@id":"https:\/\/www.subaru.es\/blog\/#organization","name":"Subaru Espa\u00f1a S.A.","url":"https:\/\/www.subaru.es\/blog\/","logo":{"@type":"ImageObject","inLanguage":"es","@id":"https:\/\/www.subaru.es\/blog\/#\/schema\/logo\/image\/","url":"https:\/\/www.subaru.es\/blog\/wp-content\/uploads\/2016\/12\/Logo-Subaru-TypeV_C300-scaled.jpg","contentUrl":"https:\/\/www.subaru.es\/blog\/wp-content\/uploads\/2016\/12\/Logo-Subaru-TypeV_C300-scaled.jpg","width":2560,"height":1864,"caption":"Subaru Espa\u00f1a S.A."},"image":{"@id":"https:\/\/www.subaru.es\/blog\/#\/schema\/logo\/image\/"},"sameAs":["https:\/\/www.facebook.com\/subaruespana","https:\/\/www.instagram.com\/subarues\/","https:\/\/www.youtube.com\/user\/subaruespana"]},{"@type":"Person","@id":"https:\/\/www.subaru.es\/blog\/#\/schema\/person\/19a90b892230b8e0ec752704ddf4aa10","name":"Subaru","url":"https:\/\/www.subaru.es\/blog\/author\/subaria\/"}]}},"_links":{"self":[{"href":"https:\/\/www.subaru.es\/blog\/wp-json\/wp\/v2\/posts\/785","targetHints":{"allow":["GET"]}}],"collection":[{"href":"https:\/\/www.subaru.es\/blog\/wp-json\/wp\/v2\/posts"}],"about":[{"href":"https:\/\/www.subaru.es\/blog\/wp-json\/wp\/v2\/types\/post"}],"author":[{"embeddable":true,"href":"https:\/\/www.subaru.es\/blog\/wp-json\/wp\/v2\/users\/21"}],"replies":[{"embeddable":true,"href":"https:\/\/www.subaru.es\/blog\/wp-json\/wp\/v2\/comments?post=785"}],"version-history":[{"count":1,"href":"https:\/\/www.subaru.es\/blog\/wp-json\/wp\/v2\/posts\/785\/revisions"}],"predecessor-version":[{"id":15619,"href":"https:\/\/www.subaru.es\/blog\/wp-json\/wp\/v2\/posts\/785\/revisions\/15619"}],"wp:featuredmedia":[{"embeddable":true,"href":"https:\/\/www.subaru.es\/blog\/wp-json\/wp\/v2\/media\/786"}],"wp:attachment":[{"href":"https:\/\/www.subaru.es\/blog\/wp-json\/wp\/v2\/media?parent=785"}],"wp:term":[{"taxonomy":"category","embeddable":true,"href":"https:\/\/www.subaru.es\/blog\/wp-json\/wp\/v2\/categories?post=785"},{"taxonomy":"post_tag","embeddable":true,"href":"https:\/\/www.subaru.es\/blog\/wp-json\/wp\/v2\/tags?post=785"}],"curies":[{"name":"wp","href":"https:\/\/api.w.org\/{rel}","templated":true}]}}