{"id":7834,"date":"2012-10-22T16:31:00","date_gmt":"2012-10-22T14:31:00","guid":{"rendered":"http:\/\/subaru.preproduccion.com\/blog\/?p=7834"},"modified":"2016-10-17T15:07:27","modified_gmt":"2016-10-17T13:07:27","slug":"va-a-recuperar-su-carnet-en-su-propio-coche-y-es-cazado-por-la-guardia-civil","status":"publish","type":"post","link":"https:\/\/www.subaru.es\/blog\/nuestra-marca\/va-a-recuperar-su-carnet-en-su-propio-coche-y-es-cazado-por-la-guardia-civil\/","title":{"rendered":"Va a recuperar su carnet en su propio coche y es cazado por la Guardia Civil"},"content":{"rendered":"<p><img decoding=\"async\" data-src=\"https:\/\/www.subaru.es\/blog\/wp-content\/uploads\/2012\/10\/guardia-civil.jpg\" alt=\"\" title=\"guardia civil\" width=\"600\" height=\"450\" class=\"aligncenter size-full wp-image-7837 lazyload\" data-srcset=\"https:\/\/www.subaru.es\/blog\/wp-content\/uploads\/2012\/10\/guardia-civil.jpg 600w, https:\/\/www.subaru.es\/blog\/wp-content\/uploads\/2012\/10\/guardia-civil-560x420.jpg 560w\" data-sizes=\"(max-width: 600px) 100vw, 600px\" src=\"data:image\/svg+xml;base64,PHN2ZyB3aWR0aD0iMSIgaGVpZ2h0PSIxIiB4bWxucz0iaHR0cDovL3d3dy53My5vcmcvMjAwMC9zdmciPjwvc3ZnPg==\" style=\"--smush-placeholder-width: 600px; --smush-placeholder-aspect-ratio: 600\/450;\" \/><br \/>\nParece el argumento de un cap\u00edtulo de series como <em>La que se avecina<\/em>. O sea, algo <strong>tan surrealista e improbable que en principio nos resistimos a creer<\/strong> y nos arranca hasta una sonrisa. Lo que ocurre es que, en realidad, el hecho es suficientemente grave como para que nos lo tomemos a broma.<\/p>\n<p>En un plazo razonablemente corto se han dado hasta<strong> tres casos de conductores<\/strong> que, tras haber perdido el carnet debido a infracciones reiteradas o muy graves (perdiendo todos los puntos), <strong>se dispon\u00edan a recuperarlo \u00aba lomos\u00bb de sus respectivos coches<\/strong>. En ese momento, mientras se desplazaban inocentemente a las dependencias donde recibir\u00edan de nuevo su preciado carnet, fueron <strong>parados aleatoriamente por la Guardia Civil y pillados en flagrante delito<\/strong>. \u00bfInocentemente?<br \/>\n<!--more--><\/p>\n<p>S\u00ed, <strong>es delito circular sin el permiso<\/strong> correspondiente. Es un delito sobre todo si este permiso fue retirado debido a infracciones graves (o continuadas con p\u00e9rdida de puntos). Si estas personas circularon sin permiso para recuperar el retirado, <strong>\u00bfc\u00f3mo sabemos que no circularon m\u00e1s veces sin el correspondiente carnet?<\/strong><\/p>\n<p>El problema de circular sin carnet no es que uno no sepa moverse o que no sepa interpretar las se\u00f1ales. Es, sencillamente, la demostraci\u00f3n de que, para esa persona, <strong>cualquier inter\u00e9s y respeto por las normas establecidas es pura coincidencia<\/strong>. Tras ser desprovisto del carnet, demuestra que no tiene inter\u00e9s alguno en asumir que las normas hay que cumplirlas (aunque no estemos de acuerdo con ellas). <\/p>\n<p>Presentarse circulando alegremente en su coche particular <strong>tiene un punto irresponsable de desaf\u00edo<\/strong> (aunque fuese involuntario) a la autoridad que, efectivamente, est\u00e1 marcado como un delito. Creo que alguna vez hemos hablado aqu\u00ed del i<strong>ncumplimiento inadvertido de las normas<\/strong>: \u00bfno saber que existe una norma nos exime de cumplirla? \u00bfIncumplir una norma por omisi\u00f3n es m\u00e1s o menos grave que incumplirla con alevos\u00eda?<\/p>\n<p>En estos casos, desde mi punto de vista, est\u00e1 claro que<strong> incumplir una norma debe acompa\u00f1arse de la sanci\u00f3n que proceda <\/strong>(o en el caso de cometer delito, de la pena correspondiente). No podemos escudarnos en un infantil \u00abno lo sab\u00eda\u00bb o \u00abes que ahora mismo me dan el carnet\u00bb. Un problema recurrente en nuestra sociedad es lo laxa que es nuestra disciplina, en ocasiones. \u00bfNos colamos en el cine sin entrada porque \u00abprimero me acomodo y luego, ya si eso, pago la entrada?\u00bb.<\/p>\n<p>V\u00eda | <a href=\"http:\/\/politica.elpais.com\/politica\/2012\/10\/02\/actualidad\/1349187724_486617.html\">El Pa\u00eds<\/a><br \/>\nFoto | <a href=\"http:\/\/www.flickr.com\/photos\/tjeerd\/1252799286\/sizes\/z\/in\/photostream\/\">Tjeerd<\/a><\/p>\n","protected":false},"excerpt":{"rendered":"<p>Parece el argumento de un cap\u00edtulo de series como La que se avecina. O sea, algo tan surrealista e improbable que en principio nos resistimos a creer y nos arranca hasta una sonrisa. Lo que ocurre es que, en realidad, el hecho es suficientemente grave como para que nos lo tomemos a broma. En un [&hellip;]<\/p>\n","protected":false},"author":21,"featured_media":7837,"comment_status":"open","ping_status":"open","sticky":false,"template":"","format":"standard","meta":{"_acf_changed":false,"_eb_attr":"","inline_featured_image":false,"footnotes":""},"categories":[4401],"tags":[3509,4105,4025],"class_list":["post-7834","post","type-post","status-publish","format-standard","has-post-thumbnail","hentry","category-nuestra-marca","tag-carnet-de-conducir","tag-guardia-civil","tag-normativa"],"acf":[],"yoast_head":"<!-- This site is optimized with the Yoast SEO plugin v27.3 - https:\/\/yoast.com\/product\/yoast-seo-wordpress\/ -->\n<title>Va a recuperar su carnet en su propio coche y es cazado por la Guardia Civil - Universo Subaru<\/title>\n<meta name=\"robots\" content=\"index, follow, max-snippet:-1, max-image-preview:large, max-video-preview:-1\" \/>\n<link rel=\"canonical\" href=\"https:\/\/www.subaru.es\/blog\/nuestra-marca\/va-a-recuperar-su-carnet-en-su-propio-coche-y-es-cazado-por-la-guardia-civil\/\" \/>\n<meta property=\"og:locale\" content=\"es_ES\" \/>\n<meta property=\"og:type\" content=\"article\" \/>\n<meta property=\"og:title\" content=\"Va a recuperar su carnet en su propio coche y es cazado por la Guardia Civil - Universo Subaru\" \/>\n<meta property=\"og:description\" content=\"Parece el argumento de un cap\u00edtulo de series como La que se avecina. O sea, algo tan surrealista e improbable que en principio nos resistimos a creer y nos arranca hasta una sonrisa. Lo que ocurre es que, en realidad, el hecho es suficientemente grave como para que nos lo tomemos a broma. En un [&hellip;]\" \/>\n<meta property=\"og:url\" content=\"https:\/\/www.subaru.es\/blog\/nuestra-marca\/va-a-recuperar-su-carnet-en-su-propio-coche-y-es-cazado-por-la-guardia-civil\/\" \/>\n<meta property=\"og:site_name\" content=\"Universo Subaru\" \/>\n<meta property=\"article:publisher\" content=\"https:\/\/www.facebook.com\/subaruespana\" \/>\n<meta property=\"article:published_time\" content=\"2012-10-22T14:31:00+00:00\" \/>\n<meta property=\"article:modified_time\" content=\"2016-10-17T13:07:27+00:00\" \/>\n<meta property=\"og:image\" content=\"https:\/\/www.subaru.es\/blog\/wp-content\/uploads\/2012\/10\/guardia-civil.jpg\" \/>\n\t<meta property=\"og:image:width\" content=\"600\" \/>\n\t<meta property=\"og:image:height\" content=\"450\" \/>\n\t<meta property=\"og:image:type\" content=\"image\/jpeg\" \/>\n<meta name=\"author\" content=\"Subaru\" \/>\n<meta name=\"twitter:card\" content=\"summary_large_image\" \/>\n<meta name=\"twitter:label1\" content=\"Escrito por\" \/>\n\t<meta name=\"twitter:data1\" content=\"Subaru\" \/>\n\t<meta name=\"twitter:label2\" content=\"Tiempo de lectura\" \/>\n\t<meta name=\"twitter:data2\" content=\"2 minutos\" \/>\n<script type=\"application\/ld+json\" class=\"yoast-schema-graph\">{\"@context\":\"https:\\\/\\\/schema.org\",\"@graph\":[{\"@type\":\"Article\",\"@id\":\"https:\\\/\\\/www.subaru.es\\\/blog\\\/nuestra-marca\\\/va-a-recuperar-su-carnet-en-su-propio-coche-y-es-cazado-por-la-guardia-civil\\\/#article\",\"isPartOf\":{\"@id\":\"https:\\\/\\\/www.subaru.es\\\/blog\\\/nuestra-marca\\\/va-a-recuperar-su-carnet-en-su-propio-coche-y-es-cazado-por-la-guardia-civil\\\/\"},\"author\":{\"name\":\"Subaru\",\"@id\":\"https:\\\/\\\/www.subaru.es\\\/blog\\\/#\\\/schema\\\/person\\\/19a90b892230b8e0ec752704ddf4aa10\"},\"headline\":\"Va a recuperar su carnet en su propio coche y es cazado por la Guardia Civil\",\"datePublished\":\"2012-10-22T14:31:00+00:00\",\"dateModified\":\"2016-10-17T13:07:27+00:00\",\"mainEntityOfPage\":{\"@id\":\"https:\\\/\\\/www.subaru.es\\\/blog\\\/nuestra-marca\\\/va-a-recuperar-su-carnet-en-su-propio-coche-y-es-cazado-por-la-guardia-civil\\\/\"},\"wordCount\":425,\"commentCount\":0,\"publisher\":{\"@id\":\"https:\\\/\\\/www.subaru.es\\\/blog\\\/#organization\"},\"image\":{\"@id\":\"https:\\\/\\\/www.subaru.es\\\/blog\\\/nuestra-marca\\\/va-a-recuperar-su-carnet-en-su-propio-coche-y-es-cazado-por-la-guardia-civil\\\/#primaryimage\"},\"thumbnailUrl\":\"https:\\\/\\\/www.subaru.es\\\/blog\\\/wp-content\\\/uploads\\\/2012\\\/10\\\/guardia-civil.jpg\",\"keywords\":[\"Carnet de conducir\",\"Guardia Civil\",\"normativa\"],\"articleSection\":[\"Nuestra marca\"],\"inLanguage\":\"es\",\"potentialAction\":[{\"@type\":\"CommentAction\",\"name\":\"Comment\",\"target\":[\"https:\\\/\\\/www.subaru.es\\\/blog\\\/nuestra-marca\\\/va-a-recuperar-su-carnet-en-su-propio-coche-y-es-cazado-por-la-guardia-civil\\\/#respond\"]}]},{\"@type\":\"WebPage\",\"@id\":\"https:\\\/\\\/www.subaru.es\\\/blog\\\/nuestra-marca\\\/va-a-recuperar-su-carnet-en-su-propio-coche-y-es-cazado-por-la-guardia-civil\\\/\",\"url\":\"https:\\\/\\\/www.subaru.es\\\/blog\\\/nuestra-marca\\\/va-a-recuperar-su-carnet-en-su-propio-coche-y-es-cazado-por-la-guardia-civil\\\/\",\"name\":\"Va a recuperar su carnet en su propio coche y es cazado por la Guardia Civil - Universo Subaru\",\"isPartOf\":{\"@id\":\"https:\\\/\\\/www.subaru.es\\\/blog\\\/#website\"},\"primaryImageOfPage\":{\"@id\":\"https:\\\/\\\/www.subaru.es\\\/blog\\\/nuestra-marca\\\/va-a-recuperar-su-carnet-en-su-propio-coche-y-es-cazado-por-la-guardia-civil\\\/#primaryimage\"},\"image\":{\"@id\":\"https:\\\/\\\/www.subaru.es\\\/blog\\\/nuestra-marca\\\/va-a-recuperar-su-carnet-en-su-propio-coche-y-es-cazado-por-la-guardia-civil\\\/#primaryimage\"},\"thumbnailUrl\":\"https:\\\/\\\/www.subaru.es\\\/blog\\\/wp-content\\\/uploads\\\/2012\\\/10\\\/guardia-civil.jpg\",\"datePublished\":\"2012-10-22T14:31:00+00:00\",\"dateModified\":\"2016-10-17T13:07:27+00:00\",\"breadcrumb\":{\"@id\":\"https:\\\/\\\/www.subaru.es\\\/blog\\\/nuestra-marca\\\/va-a-recuperar-su-carnet-en-su-propio-coche-y-es-cazado-por-la-guardia-civil\\\/#breadcrumb\"},\"inLanguage\":\"es\",\"potentialAction\":[{\"@type\":\"ReadAction\",\"target\":[\"https:\\\/\\\/www.subaru.es\\\/blog\\\/nuestra-marca\\\/va-a-recuperar-su-carnet-en-su-propio-coche-y-es-cazado-por-la-guardia-civil\\\/\"]}]},{\"@type\":\"ImageObject\",\"inLanguage\":\"es\",\"@id\":\"https:\\\/\\\/www.subaru.es\\\/blog\\\/nuestra-marca\\\/va-a-recuperar-su-carnet-en-su-propio-coche-y-es-cazado-por-la-guardia-civil\\\/#primaryimage\",\"url\":\"https:\\\/\\\/www.subaru.es\\\/blog\\\/wp-content\\\/uploads\\\/2012\\\/10\\\/guardia-civil.jpg\",\"contentUrl\":\"https:\\\/\\\/www.subaru.es\\\/blog\\\/wp-content\\\/uploads\\\/2012\\\/10\\\/guardia-civil.jpg\",\"width\":600,\"height\":450},{\"@type\":\"BreadcrumbList\",\"@id\":\"https:\\\/\\\/www.subaru.es\\\/blog\\\/nuestra-marca\\\/va-a-recuperar-su-carnet-en-su-propio-coche-y-es-cazado-por-la-guardia-civil\\\/#breadcrumb\",\"itemListElement\":[{\"@type\":\"ListItem\",\"position\":1,\"name\":\"Portada\",\"item\":\"https:\\\/\\\/www.subaru.es\\\/blog\\\/\"},{\"@type\":\"ListItem\",\"position\":2,\"name\":\"Va a recuperar su carnet en su propio coche y es cazado por la Guardia Civil\"}]},{\"@type\":\"WebSite\",\"@id\":\"https:\\\/\\\/www.subaru.es\\\/blog\\\/#website\",\"url\":\"https:\\\/\\\/www.subaru.es\\\/blog\\\/\",\"name\":\"Universo Subaru\",\"description\":\"Descubre este apasionante espacio de Subaru donde vas a conocer todo sobre nuestros coches y las experiencias que vivimos con ellos. Si est\u00e1s preparado para dejarte seducir por la filosof\u00eda Subaru, qu\u00e9date con nosotros.\",\"publisher\":{\"@id\":\"https:\\\/\\\/www.subaru.es\\\/blog\\\/#organization\"},\"potentialAction\":[{\"@type\":\"SearchAction\",\"target\":{\"@type\":\"EntryPoint\",\"urlTemplate\":\"https:\\\/\\\/www.subaru.es\\\/blog\\\/?s={search_term_string}\"},\"query-input\":{\"@type\":\"PropertyValueSpecification\",\"valueRequired\":true,\"valueName\":\"search_term_string\"}}],\"inLanguage\":\"es\"},{\"@type\":\"Organization\",\"@id\":\"https:\\\/\\\/www.subaru.es\\\/blog\\\/#organization\",\"name\":\"Subaru Espa\u00f1a S.A.\",\"url\":\"https:\\\/\\\/www.subaru.es\\\/blog\\\/\",\"logo\":{\"@type\":\"ImageObject\",\"inLanguage\":\"es\",\"@id\":\"https:\\\/\\\/www.subaru.es\\\/blog\\\/#\\\/schema\\\/logo\\\/image\\\/\",\"url\":\"https:\\\/\\\/www.subaru.es\\\/blog\\\/wp-content\\\/uploads\\\/2016\\\/12\\\/Logo-Subaru-TypeV_C300-scaled.jpg\",\"contentUrl\":\"https:\\\/\\\/www.subaru.es\\\/blog\\\/wp-content\\\/uploads\\\/2016\\\/12\\\/Logo-Subaru-TypeV_C300-scaled.jpg\",\"width\":2560,\"height\":1864,\"caption\":\"Subaru Espa\u00f1a S.A.\"},\"image\":{\"@id\":\"https:\\\/\\\/www.subaru.es\\\/blog\\\/#\\\/schema\\\/logo\\\/image\\\/\"},\"sameAs\":[\"https:\\\/\\\/www.facebook.com\\\/subaruespana\",\"https:\\\/\\\/www.instagram.com\\\/subarues\\\/\",\"https:\\\/\\\/www.youtube.com\\\/user\\\/subaruespana\"]},{\"@type\":\"Person\",\"@id\":\"https:\\\/\\\/www.subaru.es\\\/blog\\\/#\\\/schema\\\/person\\\/19a90b892230b8e0ec752704ddf4aa10\",\"name\":\"Subaru\",\"url\":\"https:\\\/\\\/www.subaru.es\\\/blog\\\/author\\\/subaria\\\/\"}]}<\/script>\n<!-- \/ Yoast SEO plugin. -->","yoast_head_json":{"title":"Va a recuperar su carnet en su propio coche y es cazado por la Guardia Civil - Universo Subaru","robots":{"index":"index","follow":"follow","max-snippet":"max-snippet:-1","max-image-preview":"max-image-preview:large","max-video-preview":"max-video-preview:-1"},"canonical":"https:\/\/www.subaru.es\/blog\/nuestra-marca\/va-a-recuperar-su-carnet-en-su-propio-coche-y-es-cazado-por-la-guardia-civil\/","og_locale":"es_ES","og_type":"article","og_title":"Va a recuperar su carnet en su propio coche y es cazado por la Guardia Civil - Universo Subaru","og_description":"Parece el argumento de un cap\u00edtulo de series como La que se avecina. O sea, algo tan surrealista e improbable que en principio nos resistimos a creer y nos arranca hasta una sonrisa. Lo que ocurre es que, en realidad, el hecho es suficientemente grave como para que nos lo tomemos a broma. En un [&hellip;]","og_url":"https:\/\/www.subaru.es\/blog\/nuestra-marca\/va-a-recuperar-su-carnet-en-su-propio-coche-y-es-cazado-por-la-guardia-civil\/","og_site_name":"Universo Subaru","article_publisher":"https:\/\/www.facebook.com\/subaruespana","article_published_time":"2012-10-22T14:31:00+00:00","article_modified_time":"2016-10-17T13:07:27+00:00","og_image":[{"width":600,"height":450,"url":"https:\/\/www.subaru.es\/blog\/wp-content\/uploads\/2012\/10\/guardia-civil.jpg","type":"image\/jpeg"}],"author":"Subaru","twitter_card":"summary_large_image","twitter_misc":{"Escrito por":"Subaru","Tiempo de lectura":"2 minutos"},"schema":{"@context":"https:\/\/schema.org","@graph":[{"@type":"Article","@id":"https:\/\/www.subaru.es\/blog\/nuestra-marca\/va-a-recuperar-su-carnet-en-su-propio-coche-y-es-cazado-por-la-guardia-civil\/#article","isPartOf":{"@id":"https:\/\/www.subaru.es\/blog\/nuestra-marca\/va-a-recuperar-su-carnet-en-su-propio-coche-y-es-cazado-por-la-guardia-civil\/"},"author":{"name":"Subaru","@id":"https:\/\/www.subaru.es\/blog\/#\/schema\/person\/19a90b892230b8e0ec752704ddf4aa10"},"headline":"Va a recuperar su carnet en su propio coche y es cazado por la Guardia Civil","datePublished":"2012-10-22T14:31:00+00:00","dateModified":"2016-10-17T13:07:27+00:00","mainEntityOfPage":{"@id":"https:\/\/www.subaru.es\/blog\/nuestra-marca\/va-a-recuperar-su-carnet-en-su-propio-coche-y-es-cazado-por-la-guardia-civil\/"},"wordCount":425,"commentCount":0,"publisher":{"@id":"https:\/\/www.subaru.es\/blog\/#organization"},"image":{"@id":"https:\/\/www.subaru.es\/blog\/nuestra-marca\/va-a-recuperar-su-carnet-en-su-propio-coche-y-es-cazado-por-la-guardia-civil\/#primaryimage"},"thumbnailUrl":"https:\/\/www.subaru.es\/blog\/wp-content\/uploads\/2012\/10\/guardia-civil.jpg","keywords":["Carnet de conducir","Guardia Civil","normativa"],"articleSection":["Nuestra marca"],"inLanguage":"es","potentialAction":[{"@type":"CommentAction","name":"Comment","target":["https:\/\/www.subaru.es\/blog\/nuestra-marca\/va-a-recuperar-su-carnet-en-su-propio-coche-y-es-cazado-por-la-guardia-civil\/#respond"]}]},{"@type":"WebPage","@id":"https:\/\/www.subaru.es\/blog\/nuestra-marca\/va-a-recuperar-su-carnet-en-su-propio-coche-y-es-cazado-por-la-guardia-civil\/","url":"https:\/\/www.subaru.es\/blog\/nuestra-marca\/va-a-recuperar-su-carnet-en-su-propio-coche-y-es-cazado-por-la-guardia-civil\/","name":"Va a recuperar su carnet en su propio coche y es cazado por la Guardia Civil - Universo Subaru","isPartOf":{"@id":"https:\/\/www.subaru.es\/blog\/#website"},"primaryImageOfPage":{"@id":"https:\/\/www.subaru.es\/blog\/nuestra-marca\/va-a-recuperar-su-carnet-en-su-propio-coche-y-es-cazado-por-la-guardia-civil\/#primaryimage"},"image":{"@id":"https:\/\/www.subaru.es\/blog\/nuestra-marca\/va-a-recuperar-su-carnet-en-su-propio-coche-y-es-cazado-por-la-guardia-civil\/#primaryimage"},"thumbnailUrl":"https:\/\/www.subaru.es\/blog\/wp-content\/uploads\/2012\/10\/guardia-civil.jpg","datePublished":"2012-10-22T14:31:00+00:00","dateModified":"2016-10-17T13:07:27+00:00","breadcrumb":{"@id":"https:\/\/www.subaru.es\/blog\/nuestra-marca\/va-a-recuperar-su-carnet-en-su-propio-coche-y-es-cazado-por-la-guardia-civil\/#breadcrumb"},"inLanguage":"es","potentialAction":[{"@type":"ReadAction","target":["https:\/\/www.subaru.es\/blog\/nuestra-marca\/va-a-recuperar-su-carnet-en-su-propio-coche-y-es-cazado-por-la-guardia-civil\/"]}]},{"@type":"ImageObject","inLanguage":"es","@id":"https:\/\/www.subaru.es\/blog\/nuestra-marca\/va-a-recuperar-su-carnet-en-su-propio-coche-y-es-cazado-por-la-guardia-civil\/#primaryimage","url":"https:\/\/www.subaru.es\/blog\/wp-content\/uploads\/2012\/10\/guardia-civil.jpg","contentUrl":"https:\/\/www.subaru.es\/blog\/wp-content\/uploads\/2012\/10\/guardia-civil.jpg","width":600,"height":450},{"@type":"BreadcrumbList","@id":"https:\/\/www.subaru.es\/blog\/nuestra-marca\/va-a-recuperar-su-carnet-en-su-propio-coche-y-es-cazado-por-la-guardia-civil\/#breadcrumb","itemListElement":[{"@type":"ListItem","position":1,"name":"Portada","item":"https:\/\/www.subaru.es\/blog\/"},{"@type":"ListItem","position":2,"name":"Va a recuperar su carnet en su propio coche y es cazado por la Guardia Civil"}]},{"@type":"WebSite","@id":"https:\/\/www.subaru.es\/blog\/#website","url":"https:\/\/www.subaru.es\/blog\/","name":"Universo Subaru","description":"Descubre este apasionante espacio de Subaru donde vas a conocer todo sobre nuestros coches y las experiencias que vivimos con ellos. Si est\u00e1s preparado para dejarte seducir por la filosof\u00eda Subaru, qu\u00e9date con nosotros.","publisher":{"@id":"https:\/\/www.subaru.es\/blog\/#organization"},"potentialAction":[{"@type":"SearchAction","target":{"@type":"EntryPoint","urlTemplate":"https:\/\/www.subaru.es\/blog\/?s={search_term_string}"},"query-input":{"@type":"PropertyValueSpecification","valueRequired":true,"valueName":"search_term_string"}}],"inLanguage":"es"},{"@type":"Organization","@id":"https:\/\/www.subaru.es\/blog\/#organization","name":"Subaru Espa\u00f1a S.A.","url":"https:\/\/www.subaru.es\/blog\/","logo":{"@type":"ImageObject","inLanguage":"es","@id":"https:\/\/www.subaru.es\/blog\/#\/schema\/logo\/image\/","url":"https:\/\/www.subaru.es\/blog\/wp-content\/uploads\/2016\/12\/Logo-Subaru-TypeV_C300-scaled.jpg","contentUrl":"https:\/\/www.subaru.es\/blog\/wp-content\/uploads\/2016\/12\/Logo-Subaru-TypeV_C300-scaled.jpg","width":2560,"height":1864,"caption":"Subaru Espa\u00f1a S.A."},"image":{"@id":"https:\/\/www.subaru.es\/blog\/#\/schema\/logo\/image\/"},"sameAs":["https:\/\/www.facebook.com\/subaruespana","https:\/\/www.instagram.com\/subarues\/","https:\/\/www.youtube.com\/user\/subaruespana"]},{"@type":"Person","@id":"https:\/\/www.subaru.es\/blog\/#\/schema\/person\/19a90b892230b8e0ec752704ddf4aa10","name":"Subaru","url":"https:\/\/www.subaru.es\/blog\/author\/subaria\/"}]}},"_links":{"self":[{"href":"https:\/\/www.subaru.es\/blog\/wp-json\/wp\/v2\/posts\/7834","targetHints":{"allow":["GET"]}}],"collection":[{"href":"https:\/\/www.subaru.es\/blog\/wp-json\/wp\/v2\/posts"}],"about":[{"href":"https:\/\/www.subaru.es\/blog\/wp-json\/wp\/v2\/types\/post"}],"author":[{"embeddable":true,"href":"https:\/\/www.subaru.es\/blog\/wp-json\/wp\/v2\/users\/21"}],"replies":[{"embeddable":true,"href":"https:\/\/www.subaru.es\/blog\/wp-json\/wp\/v2\/comments?post=7834"}],"version-history":[{"count":1,"href":"https:\/\/www.subaru.es\/blog\/wp-json\/wp\/v2\/posts\/7834\/revisions"}],"predecessor-version":[{"id":16074,"href":"https:\/\/www.subaru.es\/blog\/wp-json\/wp\/v2\/posts\/7834\/revisions\/16074"}],"wp:featuredmedia":[{"embeddable":true,"href":"https:\/\/www.subaru.es\/blog\/wp-json\/wp\/v2\/media\/7837"}],"wp:attachment":[{"href":"https:\/\/www.subaru.es\/blog\/wp-json\/wp\/v2\/media?parent=7834"}],"wp:term":[{"taxonomy":"category","embeddable":true,"href":"https:\/\/www.subaru.es\/blog\/wp-json\/wp\/v2\/categories?post=7834"},{"taxonomy":"post_tag","embeddable":true,"href":"https:\/\/www.subaru.es\/blog\/wp-json\/wp\/v2\/tags?post=7834"}],"curies":[{"name":"wp","href":"https:\/\/api.w.org\/{rel}","templated":true}]}}