{"id":782,"date":"2008-04-08T09:25:43","date_gmt":"2008-04-08T07:25:43","guid":{"rendered":"http:\/\/subaru.preproduccion.com\/blog\/wp-content\/2008\/04\/08\/el-rally-de-argentina-hecho-videoclip\/"},"modified":"2020-08-06T11:49:47","modified_gmt":"2020-08-06T09:49:47","slug":"el-rally-de-argentina-hecho-videoclip","status":"publish","type":"post","link":"https:\/\/www.subaru.es\/blog\/nuestra-marca\/el-rally-de-argentina-hecho-videoclip\/","title":{"rendered":"El Rally de Argentina, hecho videoclip"},"content":{"rendered":"<p>V\u00eddeo resumen del pasado <strong>Rally de Argentina<\/strong>, emitido por la <a href=\"http:\/\/es.eurosport.yahoo.com\/\">Eurosport<\/a>. Los mejores momentos de esta prueba m\u00edtica del Mundial de Rallies, que este a\u00f1o ha dejado un sabor agridulce en Subaru (con <strong>Chris Atkinson<\/strong> segundo en el podio y <strong>Petter Solberg<\/strong> fuera por una aver\u00eda repentina).<\/p>\n<p><center><object width=\"425\" height=\"355\"><param name=\"movie\" value=\"http:\/\/www.youtube.com\/v\/ahqq3lKeey8&#038;hl=en\"><\/param><param name=\"wmode\" value=\"transparent\"><\/param><embed src=\"http:\/\/www.youtube.com\/v\/ahqq3lKeey8&#038;hl=en\" type=\"application\/x-shockwave-flash\" wmode=\"transparent\" width=\"425\" height=\"355\"><\/embed><\/object><\/center><\/p>\n<p>Lo hemos visto en <strong><a href=\"http:\/\/www.racingpasion.com\/2008\/04\/02-el-rally-de-argentina-en-imagenes\">Racingpasi\u00f3n<\/a><\/strong>, que nos recomienda tambi\u00e9n algunos momentos protagonizados por los pilotos de <strong>Subaru<\/strong>. Entre ellos, el que protagonizan <strong>Petter Solberg<\/strong> y <strong>su hermano<\/strong>, que intenta consolarle con un gesto cari\u00f1oso cuando ya es irremediable su desgraciada salida de la carrera.<\/p>\n","protected":false},"excerpt":{"rendered":"<p>V\u00eddeo resumen del pasado Rally de Argentina, emitido por la Eurosport. Los mejores momentos de esta prueba m\u00edtica del Mundial de Rallies, que este a\u00f1o ha dejado un sabor agridulce en Subaru (con Chris Atkinson segundo en el podio y Petter Solberg fuera por una aver\u00eda repentina). Lo hemos visto en Racingpasi\u00f3n, que nos recomienda [&hellip;]<\/p>\n","protected":false},"author":21,"featured_media":0,"comment_status":"open","ping_status":"open","sticky":false,"template":"","format":"standard","meta":{"_acf_changed":false,"_eb_attr":"","inline_featured_image":false,"footnotes":""},"categories":[4401],"tags":[398,194,43,349],"class_list":["post-782","post","type-post","status-publish","format-standard","hentry","category-nuestra-marca","tag-argentina","tag-petter-solberg","tag-rally","tag-rallyes"],"acf":[],"yoast_head":"<!-- This site is optimized with the Yoast SEO plugin v27.3 - https:\/\/yoast.com\/product\/yoast-seo-wordpress\/ -->\n<title>El Rally de Argentina, hecho videoclip - Universo Subaru<\/title>\n<meta name=\"robots\" content=\"index, follow, max-snippet:-1, max-image-preview:large, max-video-preview:-1\" \/>\n<link rel=\"canonical\" href=\"https:\/\/www.subaru.es\/blog\/nuestra-marca\/el-rally-de-argentina-hecho-videoclip\/\" \/>\n<meta property=\"og:locale\" content=\"es_ES\" \/>\n<meta property=\"og:type\" content=\"article\" \/>\n<meta property=\"og:title\" content=\"El Rally de Argentina, hecho videoclip - Universo Subaru\" \/>\n<meta property=\"og:description\" content=\"V\u00eddeo resumen del pasado Rally de Argentina, emitido por la Eurosport. Los mejores momentos de esta prueba m\u00edtica del Mundial de Rallies, que este a\u00f1o ha dejado un sabor agridulce en Subaru (con Chris Atkinson segundo en el podio y Petter Solberg fuera por una aver\u00eda repentina). Lo hemos visto en Racingpasi\u00f3n, que nos recomienda [&hellip;]\" \/>\n<meta property=\"og:url\" content=\"https:\/\/www.subaru.es\/blog\/nuestra-marca\/el-rally-de-argentina-hecho-videoclip\/\" \/>\n<meta property=\"og:site_name\" content=\"Universo Subaru\" \/>\n<meta property=\"article:publisher\" content=\"https:\/\/www.facebook.com\/subaruespana\" \/>\n<meta property=\"article:published_time\" content=\"2008-04-08T07:25:43+00:00\" \/>\n<meta property=\"article:modified_time\" content=\"2020-08-06T09:49:47+00:00\" \/>\n<meta name=\"author\" content=\"Subaru\" \/>\n<meta name=\"twitter:card\" content=\"summary_large_image\" \/>\n<meta name=\"twitter:label1\" content=\"Escrito por\" \/>\n\t<meta name=\"twitter:data1\" content=\"Subaru\" \/>\n<script type=\"application\/ld+json\" class=\"yoast-schema-graph\">{\"@context\":\"https:\\\/\\\/schema.org\",\"@graph\":[{\"@type\":\"Article\",\"@id\":\"https:\\\/\\\/www.subaru.es\\\/blog\\\/nuestra-marca\\\/el-rally-de-argentina-hecho-videoclip\\\/#article\",\"isPartOf\":{\"@id\":\"https:\\\/\\\/www.subaru.es\\\/blog\\\/nuestra-marca\\\/el-rally-de-argentina-hecho-videoclip\\\/\"},\"author\":{\"name\":\"Subaru\",\"@id\":\"https:\\\/\\\/www.subaru.es\\\/blog\\\/#\\\/schema\\\/person\\\/19a90b892230b8e0ec752704ddf4aa10\"},\"headline\":\"El Rally de Argentina, hecho videoclip\",\"datePublished\":\"2008-04-08T07:25:43+00:00\",\"dateModified\":\"2020-08-06T09:49:47+00:00\",\"mainEntityOfPage\":{\"@id\":\"https:\\\/\\\/www.subaru.es\\\/blog\\\/nuestra-marca\\\/el-rally-de-argentina-hecho-videoclip\\\/\"},\"wordCount\":104,\"commentCount\":0,\"publisher\":{\"@id\":\"https:\\\/\\\/www.subaru.es\\\/blog\\\/#organization\"},\"keywords\":[\"argentina\",\"petter solberg\",\"rally\",\"rallyes\"],\"articleSection\":[\"Nuestra marca\"],\"inLanguage\":\"es\",\"potentialAction\":[{\"@type\":\"CommentAction\",\"name\":\"Comment\",\"target\":[\"https:\\\/\\\/www.subaru.es\\\/blog\\\/nuestra-marca\\\/el-rally-de-argentina-hecho-videoclip\\\/#respond\"]}]},{\"@type\":\"WebPage\",\"@id\":\"https:\\\/\\\/www.subaru.es\\\/blog\\\/nuestra-marca\\\/el-rally-de-argentina-hecho-videoclip\\\/\",\"url\":\"https:\\\/\\\/www.subaru.es\\\/blog\\\/nuestra-marca\\\/el-rally-de-argentina-hecho-videoclip\\\/\",\"name\":\"El Rally de Argentina, hecho videoclip - Universo Subaru\",\"isPartOf\":{\"@id\":\"https:\\\/\\\/www.subaru.es\\\/blog\\\/#website\"},\"datePublished\":\"2008-04-08T07:25:43+00:00\",\"dateModified\":\"2020-08-06T09:49:47+00:00\",\"breadcrumb\":{\"@id\":\"https:\\\/\\\/www.subaru.es\\\/blog\\\/nuestra-marca\\\/el-rally-de-argentina-hecho-videoclip\\\/#breadcrumb\"},\"inLanguage\":\"es\",\"potentialAction\":[{\"@type\":\"ReadAction\",\"target\":[\"https:\\\/\\\/www.subaru.es\\\/blog\\\/nuestra-marca\\\/el-rally-de-argentina-hecho-videoclip\\\/\"]}]},{\"@type\":\"BreadcrumbList\",\"@id\":\"https:\\\/\\\/www.subaru.es\\\/blog\\\/nuestra-marca\\\/el-rally-de-argentina-hecho-videoclip\\\/#breadcrumb\",\"itemListElement\":[{\"@type\":\"ListItem\",\"position\":1,\"name\":\"Portada\",\"item\":\"https:\\\/\\\/www.subaru.es\\\/blog\\\/\"},{\"@type\":\"ListItem\",\"position\":2,\"name\":\"El Rally de Argentina, hecho videoclip\"}]},{\"@type\":\"WebSite\",\"@id\":\"https:\\\/\\\/www.subaru.es\\\/blog\\\/#website\",\"url\":\"https:\\\/\\\/www.subaru.es\\\/blog\\\/\",\"name\":\"Universo Subaru\",\"description\":\"Descubre este apasionante espacio de Subaru donde vas a conocer todo sobre nuestros coches y las experiencias que vivimos con ellos. Si est\u00e1s preparado para dejarte seducir por la filosof\u00eda Subaru, qu\u00e9date con nosotros.\",\"publisher\":{\"@id\":\"https:\\\/\\\/www.subaru.es\\\/blog\\\/#organization\"},\"potentialAction\":[{\"@type\":\"SearchAction\",\"target\":{\"@type\":\"EntryPoint\",\"urlTemplate\":\"https:\\\/\\\/www.subaru.es\\\/blog\\\/?s={search_term_string}\"},\"query-input\":{\"@type\":\"PropertyValueSpecification\",\"valueRequired\":true,\"valueName\":\"search_term_string\"}}],\"inLanguage\":\"es\"},{\"@type\":\"Organization\",\"@id\":\"https:\\\/\\\/www.subaru.es\\\/blog\\\/#organization\",\"name\":\"Subaru Espa\u00f1a S.A.\",\"url\":\"https:\\\/\\\/www.subaru.es\\\/blog\\\/\",\"logo\":{\"@type\":\"ImageObject\",\"inLanguage\":\"es\",\"@id\":\"https:\\\/\\\/www.subaru.es\\\/blog\\\/#\\\/schema\\\/logo\\\/image\\\/\",\"url\":\"https:\\\/\\\/www.subaru.es\\\/blog\\\/wp-content\\\/uploads\\\/2016\\\/12\\\/Logo-Subaru-TypeV_C300-scaled.jpg\",\"contentUrl\":\"https:\\\/\\\/www.subaru.es\\\/blog\\\/wp-content\\\/uploads\\\/2016\\\/12\\\/Logo-Subaru-TypeV_C300-scaled.jpg\",\"width\":2560,\"height\":1864,\"caption\":\"Subaru Espa\u00f1a S.A.\"},\"image\":{\"@id\":\"https:\\\/\\\/www.subaru.es\\\/blog\\\/#\\\/schema\\\/logo\\\/image\\\/\"},\"sameAs\":[\"https:\\\/\\\/www.facebook.com\\\/subaruespana\",\"https:\\\/\\\/www.instagram.com\\\/subarues\\\/\",\"https:\\\/\\\/www.youtube.com\\\/user\\\/subaruespana\"]},{\"@type\":\"Person\",\"@id\":\"https:\\\/\\\/www.subaru.es\\\/blog\\\/#\\\/schema\\\/person\\\/19a90b892230b8e0ec752704ddf4aa10\",\"name\":\"Subaru\",\"url\":\"https:\\\/\\\/www.subaru.es\\\/blog\\\/author\\\/subaria\\\/\"}]}<\/script>\n<!-- \/ Yoast SEO plugin. -->","yoast_head_json":{"title":"El Rally de Argentina, hecho videoclip - Universo Subaru","robots":{"index":"index","follow":"follow","max-snippet":"max-snippet:-1","max-image-preview":"max-image-preview:large","max-video-preview":"max-video-preview:-1"},"canonical":"https:\/\/www.subaru.es\/blog\/nuestra-marca\/el-rally-de-argentina-hecho-videoclip\/","og_locale":"es_ES","og_type":"article","og_title":"El Rally de Argentina, hecho videoclip - Universo Subaru","og_description":"V\u00eddeo resumen del pasado Rally de Argentina, emitido por la Eurosport. Los mejores momentos de esta prueba m\u00edtica del Mundial de Rallies, que este a\u00f1o ha dejado un sabor agridulce en Subaru (con Chris Atkinson segundo en el podio y Petter Solberg fuera por una aver\u00eda repentina). Lo hemos visto en Racingpasi\u00f3n, que nos recomienda [&hellip;]","og_url":"https:\/\/www.subaru.es\/blog\/nuestra-marca\/el-rally-de-argentina-hecho-videoclip\/","og_site_name":"Universo Subaru","article_publisher":"https:\/\/www.facebook.com\/subaruespana","article_published_time":"2008-04-08T07:25:43+00:00","article_modified_time":"2020-08-06T09:49:47+00:00","author":"Subaru","twitter_card":"summary_large_image","twitter_misc":{"Escrito por":"Subaru"},"schema":{"@context":"https:\/\/schema.org","@graph":[{"@type":"Article","@id":"https:\/\/www.subaru.es\/blog\/nuestra-marca\/el-rally-de-argentina-hecho-videoclip\/#article","isPartOf":{"@id":"https:\/\/www.subaru.es\/blog\/nuestra-marca\/el-rally-de-argentina-hecho-videoclip\/"},"author":{"name":"Subaru","@id":"https:\/\/www.subaru.es\/blog\/#\/schema\/person\/19a90b892230b8e0ec752704ddf4aa10"},"headline":"El Rally de Argentina, hecho videoclip","datePublished":"2008-04-08T07:25:43+00:00","dateModified":"2020-08-06T09:49:47+00:00","mainEntityOfPage":{"@id":"https:\/\/www.subaru.es\/blog\/nuestra-marca\/el-rally-de-argentina-hecho-videoclip\/"},"wordCount":104,"commentCount":0,"publisher":{"@id":"https:\/\/www.subaru.es\/blog\/#organization"},"keywords":["argentina","petter solberg","rally","rallyes"],"articleSection":["Nuestra marca"],"inLanguage":"es","potentialAction":[{"@type":"CommentAction","name":"Comment","target":["https:\/\/www.subaru.es\/blog\/nuestra-marca\/el-rally-de-argentina-hecho-videoclip\/#respond"]}]},{"@type":"WebPage","@id":"https:\/\/www.subaru.es\/blog\/nuestra-marca\/el-rally-de-argentina-hecho-videoclip\/","url":"https:\/\/www.subaru.es\/blog\/nuestra-marca\/el-rally-de-argentina-hecho-videoclip\/","name":"El Rally de Argentina, hecho videoclip - Universo Subaru","isPartOf":{"@id":"https:\/\/www.subaru.es\/blog\/#website"},"datePublished":"2008-04-08T07:25:43+00:00","dateModified":"2020-08-06T09:49:47+00:00","breadcrumb":{"@id":"https:\/\/www.subaru.es\/blog\/nuestra-marca\/el-rally-de-argentina-hecho-videoclip\/#breadcrumb"},"inLanguage":"es","potentialAction":[{"@type":"ReadAction","target":["https:\/\/www.subaru.es\/blog\/nuestra-marca\/el-rally-de-argentina-hecho-videoclip\/"]}]},{"@type":"BreadcrumbList","@id":"https:\/\/www.subaru.es\/blog\/nuestra-marca\/el-rally-de-argentina-hecho-videoclip\/#breadcrumb","itemListElement":[{"@type":"ListItem","position":1,"name":"Portada","item":"https:\/\/www.subaru.es\/blog\/"},{"@type":"ListItem","position":2,"name":"El Rally de Argentina, hecho videoclip"}]},{"@type":"WebSite","@id":"https:\/\/www.subaru.es\/blog\/#website","url":"https:\/\/www.subaru.es\/blog\/","name":"Universo Subaru","description":"Descubre este apasionante espacio de Subaru donde vas a conocer todo sobre nuestros coches y las experiencias que vivimos con ellos. Si est\u00e1s preparado para dejarte seducir por la filosof\u00eda Subaru, qu\u00e9date con nosotros.","publisher":{"@id":"https:\/\/www.subaru.es\/blog\/#organization"},"potentialAction":[{"@type":"SearchAction","target":{"@type":"EntryPoint","urlTemplate":"https:\/\/www.subaru.es\/blog\/?s={search_term_string}"},"query-input":{"@type":"PropertyValueSpecification","valueRequired":true,"valueName":"search_term_string"}}],"inLanguage":"es"},{"@type":"Organization","@id":"https:\/\/www.subaru.es\/blog\/#organization","name":"Subaru Espa\u00f1a S.A.","url":"https:\/\/www.subaru.es\/blog\/","logo":{"@type":"ImageObject","inLanguage":"es","@id":"https:\/\/www.subaru.es\/blog\/#\/schema\/logo\/image\/","url":"https:\/\/www.subaru.es\/blog\/wp-content\/uploads\/2016\/12\/Logo-Subaru-TypeV_C300-scaled.jpg","contentUrl":"https:\/\/www.subaru.es\/blog\/wp-content\/uploads\/2016\/12\/Logo-Subaru-TypeV_C300-scaled.jpg","width":2560,"height":1864,"caption":"Subaru Espa\u00f1a S.A."},"image":{"@id":"https:\/\/www.subaru.es\/blog\/#\/schema\/logo\/image\/"},"sameAs":["https:\/\/www.facebook.com\/subaruespana","https:\/\/www.instagram.com\/subarues\/","https:\/\/www.youtube.com\/user\/subaruespana"]},{"@type":"Person","@id":"https:\/\/www.subaru.es\/blog\/#\/schema\/person\/19a90b892230b8e0ec752704ddf4aa10","name":"Subaru","url":"https:\/\/www.subaru.es\/blog\/author\/subaria\/"}]}},"_links":{"self":[{"href":"https:\/\/www.subaru.es\/blog\/wp-json\/wp\/v2\/posts\/782","targetHints":{"allow":["GET"]}}],"collection":[{"href":"https:\/\/www.subaru.es\/blog\/wp-json\/wp\/v2\/posts"}],"about":[{"href":"https:\/\/www.subaru.es\/blog\/wp-json\/wp\/v2\/types\/post"}],"author":[{"embeddable":true,"href":"https:\/\/www.subaru.es\/blog\/wp-json\/wp\/v2\/users\/21"}],"replies":[{"embeddable":true,"href":"https:\/\/www.subaru.es\/blog\/wp-json\/wp\/v2\/comments?post=782"}],"version-history":[{"count":1,"href":"https:\/\/www.subaru.es\/blog\/wp-json\/wp\/v2\/posts\/782\/revisions"}],"predecessor-version":[{"id":15626,"href":"https:\/\/www.subaru.es\/blog\/wp-json\/wp\/v2\/posts\/782\/revisions\/15626"}],"wp:attachment":[{"href":"https:\/\/www.subaru.es\/blog\/wp-json\/wp\/v2\/media?parent=782"}],"wp:term":[{"taxonomy":"category","embeddable":true,"href":"https:\/\/www.subaru.es\/blog\/wp-json\/wp\/v2\/categories?post=782"},{"taxonomy":"post_tag","embeddable":true,"href":"https:\/\/www.subaru.es\/blog\/wp-json\/wp\/v2\/tags?post=782"}],"curies":[{"name":"wp","href":"https:\/\/api.w.org\/{rel}","templated":true}]}}