{"id":775,"date":"2008-04-10T17:42:29","date_gmt":"2008-04-10T15:42:29","guid":{"rendered":"http:\/\/subaru.preproduccion.com\/blog\/wp-content\/2008\/04\/10\/continuan-las-buenas-criticas-a-los-diesel-de-subaru\/"},"modified":"2020-08-06T11:49:46","modified_gmt":"2020-08-06T09:49:46","slug":"continuan-las-buenas-criticas-a-los-diesel-de-subaru","status":"publish","type":"post","link":"https:\/\/www.subaru.es\/blog\/nuestra-marca\/continuan-las-buenas-criticas-a-los-diesel-de-subaru\/","title":{"rendered":"Contin\u00faan las buenas cr\u00edticas a los di\u00e9sel de Subaru"},"content":{"rendered":"<p>Seguimos coleccionando recortes de prensa favorables a la salida de los <strong><strong>primeros motores b\u00f3xer di\u00e9sel<\/strong><\/strong> del mundo, exclusivamente para <strong>modelos Subaru<\/strong>.<\/p>\n<p><center><img data-src='https:\/\/www.subaru.es\/blog\/wp-content\/uploads\/2008\/04\/diario-sur.jpg' alt='Diario Sur' src='data:image\/svg+xml;base64,PHN2ZyB3aWR0aD0iMSIgaGVpZ2h0PSIxIiB4bWxucz0iaHR0cDovL3d3dy53My5vcmcvMjAwMC9zdmciPjwvc3ZnPg==' class='lazyload' style='--smush-placeholder-width: 352px; --smush-placeholder-aspect-ratio: 352\/255;' \/><\/center><\/p>\n<p>En este caso ha sido una de las publicaciones de noticias m\u00e1s importantes de Andaluc\u00eda, el <a href=\"http:\/\/diariosur.es\">diario Sur<\/a> de M\u00e1laga, que titula:<\/p>\n<blockquote><p><strong>Subaru Legacy y Outback. Un di\u00e9sel que no lo parece<\/strong><br \/>\nLa firma nipona ha roto los moldes al fabricar el primer motor boxer de gas\u00f3leo y ha elegido al Legacy y al Outback para estrenarlo<\/p><\/blockquote>\n<p>Los periodistas especializados en motor <strong>Francisco del Br\u00edo<\/strong> y <strong>Rafael Ruiz<\/strong> firman este art\u00edculo de opini\u00f3n en el que alaban el trabajo realizado por los ingenieros de Subaru, tras poner a prueba los modelos Legacy y Outback por las carreteras de la serran\u00eda malague\u00f1a:<\/p>\n<blockquote><p>En la actualidad, todos los <strong>motores de cuatro cilindros en l\u00ednea a partir de 2 litros<\/strong> necesitan montar \u00e1rboles contrarrotantes equilibradores para compensar las vibraciones, mientras que en el caso del <strong>boxer<\/strong>, no s\u00f3lo no es necesario, sino que su funcionamiento es a\u00fan m\u00e1s suave que los propulsores con dichos \u00e1rboles y, por supuesto, m\u00e1s silenciosos. Pero tienen a\u00fan m\u00e1s ventajas. El <strong>cig\u00fce\u00f1al es m\u00e1s corto y pesa menos<\/strong>, y los dos bloques de cilindros son de aluminio, lo que le convierte en <strong>el motor di\u00e9sel menos pesado de su capacidad<\/strong>.<\/p><\/blockquote>\n<p><a href=\"http:\/\/www.diariosur.es\/ocio\/motor\/200803\/29\/subaru-legacy.html\">Leer art\u00edculo completo<\/a><\/p>\n","protected":false},"excerpt":{"rendered":"<p>Seguimos coleccionando recortes de prensa favorables a la salida de los primeros motores b\u00f3xer di\u00e9sel del mundo, exclusivamente para modelos Subaru. En este caso ha sido una de las publicaciones de noticias m\u00e1s importantes de Andaluc\u00eda, el diario Sur de M\u00e1laga, que titula: Subaru Legacy y Outback. Un di\u00e9sel que no lo parece La firma [&hellip;]<\/p>\n","protected":false},"author":21,"featured_media":776,"comment_status":"open","ping_status":"open","sticky":false,"template":"","format":"standard","meta":{"_acf_changed":false,"_eb_attr":"","inline_featured_image":false,"footnotes":""},"categories":[4401],"tags":[174,127,429,47,431,428,193,4390,430],"class_list":["post-775","post","type-post","status-publish","format-standard","has-post-thumbnail","hentry","category-nuestra-marca","tag-boxer","tag-criticas","tag-diario-sur","tag-diesel","tag-malaga","tag-motores","tag-prensa","tag-subaru","tag-sur"],"acf":[],"yoast_head":"<!-- This site is optimized with the Yoast SEO plugin v27.3 - https:\/\/yoast.com\/product\/yoast-seo-wordpress\/ -->\n<title>Contin\u00faan las buenas cr\u00edticas a los di\u00e9sel de Subaru - Universo Subaru<\/title>\n<meta name=\"robots\" content=\"index, follow, max-snippet:-1, max-image-preview:large, max-video-preview:-1\" \/>\n<link rel=\"canonical\" href=\"https:\/\/www.subaru.es\/blog\/nuestra-marca\/continuan-las-buenas-criticas-a-los-diesel-de-subaru\/\" \/>\n<meta property=\"og:locale\" content=\"es_ES\" \/>\n<meta property=\"og:type\" content=\"article\" \/>\n<meta property=\"og:title\" content=\"Contin\u00faan las buenas cr\u00edticas a los di\u00e9sel de Subaru - Universo Subaru\" \/>\n<meta property=\"og:description\" content=\"Seguimos coleccionando recortes de prensa favorables a la salida de los primeros motores b\u00f3xer di\u00e9sel del mundo, exclusivamente para modelos Subaru. En este caso ha sido una de las publicaciones de noticias m\u00e1s importantes de Andaluc\u00eda, el diario Sur de M\u00e1laga, que titula: Subaru Legacy y Outback. Un di\u00e9sel que no lo parece La firma [&hellip;]\" \/>\n<meta property=\"og:url\" content=\"https:\/\/www.subaru.es\/blog\/nuestra-marca\/continuan-las-buenas-criticas-a-los-diesel-de-subaru\/\" \/>\n<meta property=\"og:site_name\" content=\"Universo Subaru\" \/>\n<meta property=\"article:publisher\" content=\"https:\/\/www.facebook.com\/subaruespana\" \/>\n<meta property=\"article:published_time\" content=\"2008-04-10T15:42:29+00:00\" \/>\n<meta property=\"article:modified_time\" content=\"2020-08-06T09:49:46+00:00\" \/>\n<meta property=\"og:image\" content=\"https:\/\/www.subaru.es\/blog\/wp-content\/uploads\/2008\/04\/diario-sur.jpg\" \/>\n\t<meta property=\"og:image:width\" content=\"352\" \/>\n\t<meta property=\"og:image:height\" content=\"255\" \/>\n\t<meta property=\"og:image:type\" content=\"image\/jpeg\" \/>\n<meta name=\"author\" content=\"Subaru\" \/>\n<meta name=\"twitter:card\" content=\"summary_large_image\" \/>\n<meta name=\"twitter:label1\" content=\"Escrito por\" \/>\n\t<meta name=\"twitter:data1\" content=\"Subaru\" \/>\n\t<meta name=\"twitter:label2\" content=\"Tiempo de lectura\" \/>\n\t<meta name=\"twitter:data2\" content=\"1 minuto\" \/>\n<script type=\"application\/ld+json\" class=\"yoast-schema-graph\">{\"@context\":\"https:\\\/\\\/schema.org\",\"@graph\":[{\"@type\":\"Article\",\"@id\":\"https:\\\/\\\/www.subaru.es\\\/blog\\\/nuestra-marca\\\/continuan-las-buenas-criticas-a-los-diesel-de-subaru\\\/#article\",\"isPartOf\":{\"@id\":\"https:\\\/\\\/www.subaru.es\\\/blog\\\/nuestra-marca\\\/continuan-las-buenas-criticas-a-los-diesel-de-subaru\\\/\"},\"author\":{\"name\":\"Subaru\",\"@id\":\"https:\\\/\\\/www.subaru.es\\\/blog\\\/#\\\/schema\\\/person\\\/19a90b892230b8e0ec752704ddf4aa10\"},\"headline\":\"Contin\u00faan las buenas cr\u00edticas a los di\u00e9sel de Subaru\",\"datePublished\":\"2008-04-10T15:42:29+00:00\",\"dateModified\":\"2020-08-06T09:49:46+00:00\",\"mainEntityOfPage\":{\"@id\":\"https:\\\/\\\/www.subaru.es\\\/blog\\\/nuestra-marca\\\/continuan-las-buenas-criticas-a-los-diesel-de-subaru\\\/\"},\"wordCount\":251,\"commentCount\":1,\"publisher\":{\"@id\":\"https:\\\/\\\/www.subaru.es\\\/blog\\\/#organization\"},\"image\":{\"@id\":\"https:\\\/\\\/www.subaru.es\\\/blog\\\/nuestra-marca\\\/continuan-las-buenas-criticas-a-los-diesel-de-subaru\\\/#primaryimage\"},\"thumbnailUrl\":\"https:\\\/\\\/www.subaru.es\\\/blog\\\/wp-content\\\/uploads\\\/2008\\\/04\\\/diario-sur.jpg\",\"keywords\":[\"boxer\",\"cr\u00edticas\",\"diario sur\",\"di\u00e9sel\",\"malaga\",\"motores\",\"prensa\",\"Subaru\",\"sur\"],\"articleSection\":[\"Nuestra marca\"],\"inLanguage\":\"es\",\"potentialAction\":[{\"@type\":\"CommentAction\",\"name\":\"Comment\",\"target\":[\"https:\\\/\\\/www.subaru.es\\\/blog\\\/nuestra-marca\\\/continuan-las-buenas-criticas-a-los-diesel-de-subaru\\\/#respond\"]}]},{\"@type\":\"WebPage\",\"@id\":\"https:\\\/\\\/www.subaru.es\\\/blog\\\/nuestra-marca\\\/continuan-las-buenas-criticas-a-los-diesel-de-subaru\\\/\",\"url\":\"https:\\\/\\\/www.subaru.es\\\/blog\\\/nuestra-marca\\\/continuan-las-buenas-criticas-a-los-diesel-de-subaru\\\/\",\"name\":\"Contin\u00faan las buenas cr\u00edticas a los di\u00e9sel de Subaru - Universo Subaru\",\"isPartOf\":{\"@id\":\"https:\\\/\\\/www.subaru.es\\\/blog\\\/#website\"},\"primaryImageOfPage\":{\"@id\":\"https:\\\/\\\/www.subaru.es\\\/blog\\\/nuestra-marca\\\/continuan-las-buenas-criticas-a-los-diesel-de-subaru\\\/#primaryimage\"},\"image\":{\"@id\":\"https:\\\/\\\/www.subaru.es\\\/blog\\\/nuestra-marca\\\/continuan-las-buenas-criticas-a-los-diesel-de-subaru\\\/#primaryimage\"},\"thumbnailUrl\":\"https:\\\/\\\/www.subaru.es\\\/blog\\\/wp-content\\\/uploads\\\/2008\\\/04\\\/diario-sur.jpg\",\"datePublished\":\"2008-04-10T15:42:29+00:00\",\"dateModified\":\"2020-08-06T09:49:46+00:00\",\"breadcrumb\":{\"@id\":\"https:\\\/\\\/www.subaru.es\\\/blog\\\/nuestra-marca\\\/continuan-las-buenas-criticas-a-los-diesel-de-subaru\\\/#breadcrumb\"},\"inLanguage\":\"es\",\"potentialAction\":[{\"@type\":\"ReadAction\",\"target\":[\"https:\\\/\\\/www.subaru.es\\\/blog\\\/nuestra-marca\\\/continuan-las-buenas-criticas-a-los-diesel-de-subaru\\\/\"]}]},{\"@type\":\"ImageObject\",\"inLanguage\":\"es\",\"@id\":\"https:\\\/\\\/www.subaru.es\\\/blog\\\/nuestra-marca\\\/continuan-las-buenas-criticas-a-los-diesel-de-subaru\\\/#primaryimage\",\"url\":\"https:\\\/\\\/www.subaru.es\\\/blog\\\/wp-content\\\/uploads\\\/2008\\\/04\\\/diario-sur.jpg\",\"contentUrl\":\"https:\\\/\\\/www.subaru.es\\\/blog\\\/wp-content\\\/uploads\\\/2008\\\/04\\\/diario-sur.jpg\",\"width\":352,\"height\":255},{\"@type\":\"BreadcrumbList\",\"@id\":\"https:\\\/\\\/www.subaru.es\\\/blog\\\/nuestra-marca\\\/continuan-las-buenas-criticas-a-los-diesel-de-subaru\\\/#breadcrumb\",\"itemListElement\":[{\"@type\":\"ListItem\",\"position\":1,\"name\":\"Portada\",\"item\":\"https:\\\/\\\/www.subaru.es\\\/blog\\\/\"},{\"@type\":\"ListItem\",\"position\":2,\"name\":\"Contin\u00faan las buenas cr\u00edticas a los di\u00e9sel de Subaru\"}]},{\"@type\":\"WebSite\",\"@id\":\"https:\\\/\\\/www.subaru.es\\\/blog\\\/#website\",\"url\":\"https:\\\/\\\/www.subaru.es\\\/blog\\\/\",\"name\":\"Universo Subaru\",\"description\":\"Descubre este apasionante espacio de Subaru donde vas a conocer todo sobre nuestros coches y las experiencias que vivimos con ellos. Si est\u00e1s preparado para dejarte seducir por la filosof\u00eda Subaru, qu\u00e9date con nosotros.\",\"publisher\":{\"@id\":\"https:\\\/\\\/www.subaru.es\\\/blog\\\/#organization\"},\"potentialAction\":[{\"@type\":\"SearchAction\",\"target\":{\"@type\":\"EntryPoint\",\"urlTemplate\":\"https:\\\/\\\/www.subaru.es\\\/blog\\\/?s={search_term_string}\"},\"query-input\":{\"@type\":\"PropertyValueSpecification\",\"valueRequired\":true,\"valueName\":\"search_term_string\"}}],\"inLanguage\":\"es\"},{\"@type\":\"Organization\",\"@id\":\"https:\\\/\\\/www.subaru.es\\\/blog\\\/#organization\",\"name\":\"Subaru Espa\u00f1a S.A.\",\"url\":\"https:\\\/\\\/www.subaru.es\\\/blog\\\/\",\"logo\":{\"@type\":\"ImageObject\",\"inLanguage\":\"es\",\"@id\":\"https:\\\/\\\/www.subaru.es\\\/blog\\\/#\\\/schema\\\/logo\\\/image\\\/\",\"url\":\"https:\\\/\\\/www.subaru.es\\\/blog\\\/wp-content\\\/uploads\\\/2016\\\/12\\\/Logo-Subaru-TypeV_C300-scaled.jpg\",\"contentUrl\":\"https:\\\/\\\/www.subaru.es\\\/blog\\\/wp-content\\\/uploads\\\/2016\\\/12\\\/Logo-Subaru-TypeV_C300-scaled.jpg\",\"width\":2560,\"height\":1864,\"caption\":\"Subaru Espa\u00f1a S.A.\"},\"image\":{\"@id\":\"https:\\\/\\\/www.subaru.es\\\/blog\\\/#\\\/schema\\\/logo\\\/image\\\/\"},\"sameAs\":[\"https:\\\/\\\/www.facebook.com\\\/subaruespana\",\"https:\\\/\\\/www.instagram.com\\\/subarues\\\/\",\"https:\\\/\\\/www.youtube.com\\\/user\\\/subaruespana\"]},{\"@type\":\"Person\",\"@id\":\"https:\\\/\\\/www.subaru.es\\\/blog\\\/#\\\/schema\\\/person\\\/19a90b892230b8e0ec752704ddf4aa10\",\"name\":\"Subaru\",\"url\":\"https:\\\/\\\/www.subaru.es\\\/blog\\\/author\\\/subaria\\\/\"}]}<\/script>\n<!-- \/ Yoast SEO plugin. -->","yoast_head_json":{"title":"Contin\u00faan las buenas cr\u00edticas a los di\u00e9sel de Subaru - Universo Subaru","robots":{"index":"index","follow":"follow","max-snippet":"max-snippet:-1","max-image-preview":"max-image-preview:large","max-video-preview":"max-video-preview:-1"},"canonical":"https:\/\/www.subaru.es\/blog\/nuestra-marca\/continuan-las-buenas-criticas-a-los-diesel-de-subaru\/","og_locale":"es_ES","og_type":"article","og_title":"Contin\u00faan las buenas cr\u00edticas a los di\u00e9sel de Subaru - Universo Subaru","og_description":"Seguimos coleccionando recortes de prensa favorables a la salida de los primeros motores b\u00f3xer di\u00e9sel del mundo, exclusivamente para modelos Subaru. En este caso ha sido una de las publicaciones de noticias m\u00e1s importantes de Andaluc\u00eda, el diario Sur de M\u00e1laga, que titula: Subaru Legacy y Outback. Un di\u00e9sel que no lo parece La firma [&hellip;]","og_url":"https:\/\/www.subaru.es\/blog\/nuestra-marca\/continuan-las-buenas-criticas-a-los-diesel-de-subaru\/","og_site_name":"Universo Subaru","article_publisher":"https:\/\/www.facebook.com\/subaruespana","article_published_time":"2008-04-10T15:42:29+00:00","article_modified_time":"2020-08-06T09:49:46+00:00","og_image":[{"width":352,"height":255,"url":"https:\/\/www.subaru.es\/blog\/wp-content\/uploads\/2008\/04\/diario-sur.jpg","type":"image\/jpeg"}],"author":"Subaru","twitter_card":"summary_large_image","twitter_misc":{"Escrito por":"Subaru","Tiempo de lectura":"1 minuto"},"schema":{"@context":"https:\/\/schema.org","@graph":[{"@type":"Article","@id":"https:\/\/www.subaru.es\/blog\/nuestra-marca\/continuan-las-buenas-criticas-a-los-diesel-de-subaru\/#article","isPartOf":{"@id":"https:\/\/www.subaru.es\/blog\/nuestra-marca\/continuan-las-buenas-criticas-a-los-diesel-de-subaru\/"},"author":{"name":"Subaru","@id":"https:\/\/www.subaru.es\/blog\/#\/schema\/person\/19a90b892230b8e0ec752704ddf4aa10"},"headline":"Contin\u00faan las buenas cr\u00edticas a los di\u00e9sel de Subaru","datePublished":"2008-04-10T15:42:29+00:00","dateModified":"2020-08-06T09:49:46+00:00","mainEntityOfPage":{"@id":"https:\/\/www.subaru.es\/blog\/nuestra-marca\/continuan-las-buenas-criticas-a-los-diesel-de-subaru\/"},"wordCount":251,"commentCount":1,"publisher":{"@id":"https:\/\/www.subaru.es\/blog\/#organization"},"image":{"@id":"https:\/\/www.subaru.es\/blog\/nuestra-marca\/continuan-las-buenas-criticas-a-los-diesel-de-subaru\/#primaryimage"},"thumbnailUrl":"https:\/\/www.subaru.es\/blog\/wp-content\/uploads\/2008\/04\/diario-sur.jpg","keywords":["boxer","cr\u00edticas","diario sur","di\u00e9sel","malaga","motores","prensa","Subaru","sur"],"articleSection":["Nuestra marca"],"inLanguage":"es","potentialAction":[{"@type":"CommentAction","name":"Comment","target":["https:\/\/www.subaru.es\/blog\/nuestra-marca\/continuan-las-buenas-criticas-a-los-diesel-de-subaru\/#respond"]}]},{"@type":"WebPage","@id":"https:\/\/www.subaru.es\/blog\/nuestra-marca\/continuan-las-buenas-criticas-a-los-diesel-de-subaru\/","url":"https:\/\/www.subaru.es\/blog\/nuestra-marca\/continuan-las-buenas-criticas-a-los-diesel-de-subaru\/","name":"Contin\u00faan las buenas cr\u00edticas a los di\u00e9sel de Subaru - Universo Subaru","isPartOf":{"@id":"https:\/\/www.subaru.es\/blog\/#website"},"primaryImageOfPage":{"@id":"https:\/\/www.subaru.es\/blog\/nuestra-marca\/continuan-las-buenas-criticas-a-los-diesel-de-subaru\/#primaryimage"},"image":{"@id":"https:\/\/www.subaru.es\/blog\/nuestra-marca\/continuan-las-buenas-criticas-a-los-diesel-de-subaru\/#primaryimage"},"thumbnailUrl":"https:\/\/www.subaru.es\/blog\/wp-content\/uploads\/2008\/04\/diario-sur.jpg","datePublished":"2008-04-10T15:42:29+00:00","dateModified":"2020-08-06T09:49:46+00:00","breadcrumb":{"@id":"https:\/\/www.subaru.es\/blog\/nuestra-marca\/continuan-las-buenas-criticas-a-los-diesel-de-subaru\/#breadcrumb"},"inLanguage":"es","potentialAction":[{"@type":"ReadAction","target":["https:\/\/www.subaru.es\/blog\/nuestra-marca\/continuan-las-buenas-criticas-a-los-diesel-de-subaru\/"]}]},{"@type":"ImageObject","inLanguage":"es","@id":"https:\/\/www.subaru.es\/blog\/nuestra-marca\/continuan-las-buenas-criticas-a-los-diesel-de-subaru\/#primaryimage","url":"https:\/\/www.subaru.es\/blog\/wp-content\/uploads\/2008\/04\/diario-sur.jpg","contentUrl":"https:\/\/www.subaru.es\/blog\/wp-content\/uploads\/2008\/04\/diario-sur.jpg","width":352,"height":255},{"@type":"BreadcrumbList","@id":"https:\/\/www.subaru.es\/blog\/nuestra-marca\/continuan-las-buenas-criticas-a-los-diesel-de-subaru\/#breadcrumb","itemListElement":[{"@type":"ListItem","position":1,"name":"Portada","item":"https:\/\/www.subaru.es\/blog\/"},{"@type":"ListItem","position":2,"name":"Contin\u00faan las buenas cr\u00edticas a los di\u00e9sel de Subaru"}]},{"@type":"WebSite","@id":"https:\/\/www.subaru.es\/blog\/#website","url":"https:\/\/www.subaru.es\/blog\/","name":"Universo Subaru","description":"Descubre este apasionante espacio de Subaru donde vas a conocer todo sobre nuestros coches y las experiencias que vivimos con ellos. Si est\u00e1s preparado para dejarte seducir por la filosof\u00eda Subaru, qu\u00e9date con nosotros.","publisher":{"@id":"https:\/\/www.subaru.es\/blog\/#organization"},"potentialAction":[{"@type":"SearchAction","target":{"@type":"EntryPoint","urlTemplate":"https:\/\/www.subaru.es\/blog\/?s={search_term_string}"},"query-input":{"@type":"PropertyValueSpecification","valueRequired":true,"valueName":"search_term_string"}}],"inLanguage":"es"},{"@type":"Organization","@id":"https:\/\/www.subaru.es\/blog\/#organization","name":"Subaru Espa\u00f1a S.A.","url":"https:\/\/www.subaru.es\/blog\/","logo":{"@type":"ImageObject","inLanguage":"es","@id":"https:\/\/www.subaru.es\/blog\/#\/schema\/logo\/image\/","url":"https:\/\/www.subaru.es\/blog\/wp-content\/uploads\/2016\/12\/Logo-Subaru-TypeV_C300-scaled.jpg","contentUrl":"https:\/\/www.subaru.es\/blog\/wp-content\/uploads\/2016\/12\/Logo-Subaru-TypeV_C300-scaled.jpg","width":2560,"height":1864,"caption":"Subaru Espa\u00f1a S.A."},"image":{"@id":"https:\/\/www.subaru.es\/blog\/#\/schema\/logo\/image\/"},"sameAs":["https:\/\/www.facebook.com\/subaruespana","https:\/\/www.instagram.com\/subarues\/","https:\/\/www.youtube.com\/user\/subaruespana"]},{"@type":"Person","@id":"https:\/\/www.subaru.es\/blog\/#\/schema\/person\/19a90b892230b8e0ec752704ddf4aa10","name":"Subaru","url":"https:\/\/www.subaru.es\/blog\/author\/subaria\/"}]}},"_links":{"self":[{"href":"https:\/\/www.subaru.es\/blog\/wp-json\/wp\/v2\/posts\/775","targetHints":{"allow":["GET"]}}],"collection":[{"href":"https:\/\/www.subaru.es\/blog\/wp-json\/wp\/v2\/posts"}],"about":[{"href":"https:\/\/www.subaru.es\/blog\/wp-json\/wp\/v2\/types\/post"}],"author":[{"embeddable":true,"href":"https:\/\/www.subaru.es\/blog\/wp-json\/wp\/v2\/users\/21"}],"replies":[{"embeddable":true,"href":"https:\/\/www.subaru.es\/blog\/wp-json\/wp\/v2\/comments?post=775"}],"version-history":[{"count":1,"href":"https:\/\/www.subaru.es\/blog\/wp-json\/wp\/v2\/posts\/775\/revisions"}],"predecessor-version":[{"id":15617,"href":"https:\/\/www.subaru.es\/blog\/wp-json\/wp\/v2\/posts\/775\/revisions\/15617"}],"wp:featuredmedia":[{"embeddable":true,"href":"https:\/\/www.subaru.es\/blog\/wp-json\/wp\/v2\/media\/776"}],"wp:attachment":[{"href":"https:\/\/www.subaru.es\/blog\/wp-json\/wp\/v2\/media?parent=775"}],"wp:term":[{"taxonomy":"category","embeddable":true,"href":"https:\/\/www.subaru.es\/blog\/wp-json\/wp\/v2\/categories?post=775"},{"taxonomy":"post_tag","embeddable":true,"href":"https:\/\/www.subaru.es\/blog\/wp-json\/wp\/v2\/tags?post=775"}],"curies":[{"name":"wp","href":"https:\/\/api.w.org\/{rel}","templated":true}]}}