{"id":7737,"date":"2012-10-16T11:29:11","date_gmt":"2012-10-16T09:29:11","guid":{"rendered":"http:\/\/subaru.preproduccion.com\/blog\/?p=7737"},"modified":"2020-08-12T11:46:00","modified_gmt":"2020-08-12T09:46:00","slug":"subaru-espana-con-la-fundacion-bola-de-nieve-en-la-carrera-de-ezcaray","status":"publish","type":"post","link":"https:\/\/www.subaru.es\/blog\/subaru-lifestyle\/subaru-espana-con-la-fundacion-bola-de-nieve-en-la-carrera-de-ezcaray\/","title":{"rendered":"Subaru Espa\u00f1a con la Fundaci\u00f3n Bola de Nieve en la carrera de Ezcaray"},"content":{"rendered":"<p><center><a href=\"https:\/\/www.subaru.es\/blog\/wp-content\/uploads\/2012\/09\/boladenieve.jpg\"><img decoding=\"async\" class=\"alignnone size-full wp-image-7741 lazyload\" title=\"Bola de nieve\" data-src=\"https:\/\/www.subaru.es\/blog\/wp-content\/uploads\/2012\/09\/boladenieve.jpg\" alt=\"Bola de nieve\" width=\"500\" height=\"375\" src=\"data:image\/svg+xml;base64,PHN2ZyB3aWR0aD0iMSIgaGVpZ2h0PSIxIiB4bWxucz0iaHR0cDovL3d3dy53My5vcmcvMjAwMC9zdmciPjwvc3ZnPg==\" style=\"--smush-placeholder-width: 500px; --smush-placeholder-aspect-ratio: 500\/375;\"><\/a><\/center><\/p>\n<p><strong><a href=\"https:\/\/www.subaru.es\/blog\/wp-content\/uploads\/2012\/09\/boladenieve.jpg\"><\/a>Una carrera en Mountain Bike, 90 kil\u00f3metros, 4.000 metros de desnivel positivo.<\/strong> Es tan dif\u00edcil que hasta pensarlo cansa, \u00bfverdad? Ahora imagina que en vez de una Mountain Bike normal, vas a bordo de una hand-bike, de forma que solo puedes pedalear con tus brazos. \u00bfImposible? No: Luis Serrano, del equipo <a href=\"http:\/\/www.boladenieve.org\/index.html\" target=\"_blank\" rel=\"noopener noreferrer\">Fundaci\u00f3n Bola de Nieve<\/a>, que sufre una lesi\u00f3n medular, lo hizo con su <strong>Mountain Hand-bike<\/strong>. Nueve duras horas de superaci\u00f3n en las que Subaru Espa\u00f1a quiso estar presente.<\/p>\n<p><!--more-->Y es que <strong>Subaru Espa\u00f1a colabora desde hace tiempo con la Fundaci\u00f3n Bola de Nieve<\/strong>, que ayuda a discapacitados f\u00edsicos a realizar deportes de riesgo, y el pasado 15 de septiembre particip\u00f3 con un equipo en la <a href=\"http:\/\/www.crestasdelademandamtb.com\/\" target=\"_blank\" rel=\"noopener noreferrer\">carrera Crestas de la Demanda Marat\u00f3n Ezcaray<\/a>. Para acompa\u00f1ar al equipo, Subaru Espa\u00f1a puso un <a href=\"https:\/\/www.subaru.es\/blog\/subaru\/subaru-outback-2013-video-promocional\/\" target=\"_blank\" rel=\"noopener noreferrer\">Outback<\/a> y un <a href=\"https:\/\/www.subaru.es\/blog\/subaru\/subaru-y-el-impreza-2012-apoyando-el-equilibrio-vida-trabajo\/\" target=\"_blank\" rel=\"noopener noreferrer\">Impreza<\/a> para servir de acompa\u00f1amiento.<\/p>\n<p>A Luis Serrano le ayudaban a subir los tramos m\u00e1s inclinados otros cuatro miembros del equipo, tirando a trav\u00e9s de unas gomas que hac\u00edan posible unir el esfuerzo de todos para los ascensos. Montado en su hand-bike, adem\u00e1s, <strong>Luis ayudaba a sus tiradores sin dejar de pedalear tampoco.<\/strong><\/p>\n<p>El terreno por el que ascendieron (y descendieron) Luis Serrano y el resto de los participantes en la carrera era en muchos momentos m\u00e1s apto para bicicletas de monta\u00f1a que para coches, pero los Subaru no decepcionaron. Aunque las pistas eran anchas, hab\u00eda zonas muy irregulares, con mucha inclinaci\u00f3n, piedras sueltas y arena polvorienta. Pero como si nada: <strong>el Outback, con tres miembros del equipo y mochilas y comida y agua a bordo, subi\u00f3 tranquilamente.<\/strong><\/p>\n<p>La llegada a la meta del equipo de la Fundaci\u00f3n Bola de Nieve signific\u00f3 mucho m\u00e1s que la simple conclusi\u00f3n de una carrera: simbolizaba ese sue\u00f1o cumplido gracias al que muchos aficionados al deporte extremo y en la naturaleza que sufren alguna discapacidad f\u00edsica han podido<strong> volver a disfrutar del aire fresco, la monta\u00f1a, sentir el sudor del deporte<\/strong> y poner a prueba sus m\u00fasculos en compa\u00f1\u00eda de sus amigos.<\/p>\n<p>\u00a1Desde Subaru Espa\u00f1a estamos encantados de colaborar con ellos!<\/p>\n","protected":false},"excerpt":{"rendered":"<p>Una carrera en Mountain Bike, 90 kil\u00f3metros, 4.000 metros de desnivel positivo. Es tan dif\u00edcil que hasta pensarlo cansa, \u00bfverdad? Ahora imagina que en vez de una Mountain Bike normal, vas a bordo de una hand-bike, de forma que solo puedes pedalear con tus brazos. \u00bfImposible? No: Luis Serrano, del equipo Fundaci\u00f3n Bola de Nieve, [&hellip;]<\/p>\n","protected":false},"author":21,"featured_media":7741,"comment_status":"open","ping_status":"open","sticky":false,"template":"","format":"standard","meta":{"_acf_changed":false,"_eb_attr":"","inline_featured_image":false,"footnotes":""},"categories":[4520],"tags":[375,4082,3270,3376,4079,4080,4081,214,64],"class_list":["post-7737","post","type-post","status-publish","format-standard","has-post-thumbnail","hentry","category-subaru-lifestyle","tag-carrera","tag-crestas-de-la-demanda-maraton-ezcaray","tag-deportes-de-riesgo","tag-deportes-extremos","tag-fundacion-bola-de-nieve","tag-handbike","tag-luis-serrano","tag-mountain-bike","tag-subaru-espana"],"acf":[],"yoast_head":"<!-- This site is optimized with the Yoast SEO plugin v27.3 - https:\/\/yoast.com\/product\/yoast-seo-wordpress\/ -->\n<title>Subaru Espa\u00f1a con la Fundaci\u00f3n Bola de Nieve en la carrera de Ezcaray - Universo Subaru<\/title>\n<meta name=\"robots\" content=\"index, follow, max-snippet:-1, max-image-preview:large, max-video-preview:-1\" \/>\n<link rel=\"canonical\" href=\"https:\/\/www.subaru.es\/blog\/subaru-lifestyle\/subaru-espana-con-la-fundacion-bola-de-nieve-en-la-carrera-de-ezcaray\/\" \/>\n<meta property=\"og:locale\" content=\"es_ES\" \/>\n<meta property=\"og:type\" content=\"article\" \/>\n<meta property=\"og:title\" content=\"Subaru Espa\u00f1a con la Fundaci\u00f3n Bola de Nieve en la carrera de Ezcaray - Universo Subaru\" \/>\n<meta property=\"og:description\" content=\"Una carrera en Mountain Bike, 90 kil\u00f3metros, 4.000 metros de desnivel positivo. Es tan dif\u00edcil que hasta pensarlo cansa, \u00bfverdad? Ahora imagina que en vez de una Mountain Bike normal, vas a bordo de una hand-bike, de forma que solo puedes pedalear con tus brazos. \u00bfImposible? No: Luis Serrano, del equipo Fundaci\u00f3n Bola de Nieve, [&hellip;]\" \/>\n<meta property=\"og:url\" content=\"https:\/\/www.subaru.es\/blog\/subaru-lifestyle\/subaru-espana-con-la-fundacion-bola-de-nieve-en-la-carrera-de-ezcaray\/\" \/>\n<meta property=\"og:site_name\" content=\"Universo Subaru\" \/>\n<meta property=\"article:publisher\" content=\"https:\/\/www.facebook.com\/subaruespana\" \/>\n<meta property=\"article:published_time\" content=\"2012-10-16T09:29:11+00:00\" \/>\n<meta property=\"article:modified_time\" content=\"2020-08-12T09:46:00+00:00\" \/>\n<meta property=\"og:image\" content=\"https:\/\/www.subaru.es\/blog\/wp-content\/uploads\/2012\/09\/boladenieve.jpg\" \/>\n\t<meta property=\"og:image:width\" content=\"500\" \/>\n\t<meta property=\"og:image:height\" content=\"375\" \/>\n\t<meta property=\"og:image:type\" content=\"image\/jpeg\" \/>\n<meta name=\"author\" content=\"Subaru\" \/>\n<meta name=\"twitter:card\" content=\"summary_large_image\" \/>\n<meta name=\"twitter:label1\" content=\"Escrito por\" \/>\n\t<meta name=\"twitter:data1\" content=\"Subaru\" \/>\n\t<meta name=\"twitter:label2\" content=\"Tiempo de lectura\" \/>\n\t<meta name=\"twitter:data2\" content=\"2 minutos\" \/>\n<script type=\"application\/ld+json\" class=\"yoast-schema-graph\">{\"@context\":\"https:\\\/\\\/schema.org\",\"@graph\":[{\"@type\":\"Article\",\"@id\":\"https:\\\/\\\/www.subaru.es\\\/blog\\\/subaru-lifestyle\\\/subaru-espana-con-la-fundacion-bola-de-nieve-en-la-carrera-de-ezcaray\\\/#article\",\"isPartOf\":{\"@id\":\"https:\\\/\\\/www.subaru.es\\\/blog\\\/subaru-lifestyle\\\/subaru-espana-con-la-fundacion-bola-de-nieve-en-la-carrera-de-ezcaray\\\/\"},\"author\":{\"name\":\"Subaru\",\"@id\":\"https:\\\/\\\/www.subaru.es\\\/blog\\\/#\\\/schema\\\/person\\\/19a90b892230b8e0ec752704ddf4aa10\"},\"headline\":\"Subaru Espa\u00f1a con la Fundaci\u00f3n Bola de Nieve en la carrera de Ezcaray\",\"datePublished\":\"2012-10-16T09:29:11+00:00\",\"dateModified\":\"2020-08-12T09:46:00+00:00\",\"mainEntityOfPage\":{\"@id\":\"https:\\\/\\\/www.subaru.es\\\/blog\\\/subaru-lifestyle\\\/subaru-espana-con-la-fundacion-bola-de-nieve-en-la-carrera-de-ezcaray\\\/\"},\"wordCount\":383,\"commentCount\":0,\"publisher\":{\"@id\":\"https:\\\/\\\/www.subaru.es\\\/blog\\\/#organization\"},\"image\":{\"@id\":\"https:\\\/\\\/www.subaru.es\\\/blog\\\/subaru-lifestyle\\\/subaru-espana-con-la-fundacion-bola-de-nieve-en-la-carrera-de-ezcaray\\\/#primaryimage\"},\"thumbnailUrl\":\"https:\\\/\\\/www.subaru.es\\\/blog\\\/wp-content\\\/uploads\\\/2012\\\/09\\\/boladenieve.jpg\",\"keywords\":[\"carrera\",\"Crestas de la Demanda Marat\u00f3n Ezcaray\",\"Deportes de riesgo\",\"deportes extremos\",\"Fundaci\u00f3n Bola de Nieve\",\"handbike\",\"Luis Serrano\",\"mountain bike\",\"subaru espa\u00f1a\"],\"articleSection\":[\"Subaru LifeStyle\"],\"inLanguage\":\"es\",\"potentialAction\":[{\"@type\":\"CommentAction\",\"name\":\"Comment\",\"target\":[\"https:\\\/\\\/www.subaru.es\\\/blog\\\/subaru-lifestyle\\\/subaru-espana-con-la-fundacion-bola-de-nieve-en-la-carrera-de-ezcaray\\\/#respond\"]}]},{\"@type\":\"WebPage\",\"@id\":\"https:\\\/\\\/www.subaru.es\\\/blog\\\/subaru-lifestyle\\\/subaru-espana-con-la-fundacion-bola-de-nieve-en-la-carrera-de-ezcaray\\\/\",\"url\":\"https:\\\/\\\/www.subaru.es\\\/blog\\\/subaru-lifestyle\\\/subaru-espana-con-la-fundacion-bola-de-nieve-en-la-carrera-de-ezcaray\\\/\",\"name\":\"Subaru Espa\u00f1a con la Fundaci\u00f3n Bola de Nieve en la carrera de Ezcaray - Universo Subaru\",\"isPartOf\":{\"@id\":\"https:\\\/\\\/www.subaru.es\\\/blog\\\/#website\"},\"primaryImageOfPage\":{\"@id\":\"https:\\\/\\\/www.subaru.es\\\/blog\\\/subaru-lifestyle\\\/subaru-espana-con-la-fundacion-bola-de-nieve-en-la-carrera-de-ezcaray\\\/#primaryimage\"},\"image\":{\"@id\":\"https:\\\/\\\/www.subaru.es\\\/blog\\\/subaru-lifestyle\\\/subaru-espana-con-la-fundacion-bola-de-nieve-en-la-carrera-de-ezcaray\\\/#primaryimage\"},\"thumbnailUrl\":\"https:\\\/\\\/www.subaru.es\\\/blog\\\/wp-content\\\/uploads\\\/2012\\\/09\\\/boladenieve.jpg\",\"datePublished\":\"2012-10-16T09:29:11+00:00\",\"dateModified\":\"2020-08-12T09:46:00+00:00\",\"breadcrumb\":{\"@id\":\"https:\\\/\\\/www.subaru.es\\\/blog\\\/subaru-lifestyle\\\/subaru-espana-con-la-fundacion-bola-de-nieve-en-la-carrera-de-ezcaray\\\/#breadcrumb\"},\"inLanguage\":\"es\",\"potentialAction\":[{\"@type\":\"ReadAction\",\"target\":[\"https:\\\/\\\/www.subaru.es\\\/blog\\\/subaru-lifestyle\\\/subaru-espana-con-la-fundacion-bola-de-nieve-en-la-carrera-de-ezcaray\\\/\"]}]},{\"@type\":\"ImageObject\",\"inLanguage\":\"es\",\"@id\":\"https:\\\/\\\/www.subaru.es\\\/blog\\\/subaru-lifestyle\\\/subaru-espana-con-la-fundacion-bola-de-nieve-en-la-carrera-de-ezcaray\\\/#primaryimage\",\"url\":\"https:\\\/\\\/www.subaru.es\\\/blog\\\/wp-content\\\/uploads\\\/2012\\\/09\\\/boladenieve.jpg\",\"contentUrl\":\"https:\\\/\\\/www.subaru.es\\\/blog\\\/wp-content\\\/uploads\\\/2012\\\/09\\\/boladenieve.jpg\",\"width\":500,\"height\":375,\"caption\":\"Bola de nieve\"},{\"@type\":\"BreadcrumbList\",\"@id\":\"https:\\\/\\\/www.subaru.es\\\/blog\\\/subaru-lifestyle\\\/subaru-espana-con-la-fundacion-bola-de-nieve-en-la-carrera-de-ezcaray\\\/#breadcrumb\",\"itemListElement\":[{\"@type\":\"ListItem\",\"position\":1,\"name\":\"Portada\",\"item\":\"https:\\\/\\\/www.subaru.es\\\/blog\\\/\"},{\"@type\":\"ListItem\",\"position\":2,\"name\":\"Subaru Espa\u00f1a con la Fundaci\u00f3n Bola de Nieve en la carrera de Ezcaray\"}]},{\"@type\":\"WebSite\",\"@id\":\"https:\\\/\\\/www.subaru.es\\\/blog\\\/#website\",\"url\":\"https:\\\/\\\/www.subaru.es\\\/blog\\\/\",\"name\":\"Universo Subaru\",\"description\":\"Descubre este apasionante espacio de Subaru donde vas a conocer todo sobre nuestros coches y las experiencias que vivimos con ellos. Si est\u00e1s preparado para dejarte seducir por la filosof\u00eda Subaru, qu\u00e9date con nosotros.\",\"publisher\":{\"@id\":\"https:\\\/\\\/www.subaru.es\\\/blog\\\/#organization\"},\"potentialAction\":[{\"@type\":\"SearchAction\",\"target\":{\"@type\":\"EntryPoint\",\"urlTemplate\":\"https:\\\/\\\/www.subaru.es\\\/blog\\\/?s={search_term_string}\"},\"query-input\":{\"@type\":\"PropertyValueSpecification\",\"valueRequired\":true,\"valueName\":\"search_term_string\"}}],\"inLanguage\":\"es\"},{\"@type\":\"Organization\",\"@id\":\"https:\\\/\\\/www.subaru.es\\\/blog\\\/#organization\",\"name\":\"Subaru Espa\u00f1a S.A.\",\"url\":\"https:\\\/\\\/www.subaru.es\\\/blog\\\/\",\"logo\":{\"@type\":\"ImageObject\",\"inLanguage\":\"es\",\"@id\":\"https:\\\/\\\/www.subaru.es\\\/blog\\\/#\\\/schema\\\/logo\\\/image\\\/\",\"url\":\"https:\\\/\\\/www.subaru.es\\\/blog\\\/wp-content\\\/uploads\\\/2016\\\/12\\\/Logo-Subaru-TypeV_C300-scaled.jpg\",\"contentUrl\":\"https:\\\/\\\/www.subaru.es\\\/blog\\\/wp-content\\\/uploads\\\/2016\\\/12\\\/Logo-Subaru-TypeV_C300-scaled.jpg\",\"width\":2560,\"height\":1864,\"caption\":\"Subaru Espa\u00f1a S.A.\"},\"image\":{\"@id\":\"https:\\\/\\\/www.subaru.es\\\/blog\\\/#\\\/schema\\\/logo\\\/image\\\/\"},\"sameAs\":[\"https:\\\/\\\/www.facebook.com\\\/subaruespana\",\"https:\\\/\\\/www.instagram.com\\\/subarues\\\/\",\"https:\\\/\\\/www.youtube.com\\\/user\\\/subaruespana\"]},{\"@type\":\"Person\",\"@id\":\"https:\\\/\\\/www.subaru.es\\\/blog\\\/#\\\/schema\\\/person\\\/19a90b892230b8e0ec752704ddf4aa10\",\"name\":\"Subaru\",\"url\":\"https:\\\/\\\/www.subaru.es\\\/blog\\\/author\\\/subaria\\\/\"}]}<\/script>\n<!-- \/ Yoast SEO plugin. -->","yoast_head_json":{"title":"Subaru Espa\u00f1a con la Fundaci\u00f3n Bola de Nieve en la carrera de Ezcaray - Universo Subaru","robots":{"index":"index","follow":"follow","max-snippet":"max-snippet:-1","max-image-preview":"max-image-preview:large","max-video-preview":"max-video-preview:-1"},"canonical":"https:\/\/www.subaru.es\/blog\/subaru-lifestyle\/subaru-espana-con-la-fundacion-bola-de-nieve-en-la-carrera-de-ezcaray\/","og_locale":"es_ES","og_type":"article","og_title":"Subaru Espa\u00f1a con la Fundaci\u00f3n Bola de Nieve en la carrera de Ezcaray - Universo Subaru","og_description":"Una carrera en Mountain Bike, 90 kil\u00f3metros, 4.000 metros de desnivel positivo. Es tan dif\u00edcil que hasta pensarlo cansa, \u00bfverdad? Ahora imagina que en vez de una Mountain Bike normal, vas a bordo de una hand-bike, de forma que solo puedes pedalear con tus brazos. \u00bfImposible? No: Luis Serrano, del equipo Fundaci\u00f3n Bola de Nieve, [&hellip;]","og_url":"https:\/\/www.subaru.es\/blog\/subaru-lifestyle\/subaru-espana-con-la-fundacion-bola-de-nieve-en-la-carrera-de-ezcaray\/","og_site_name":"Universo Subaru","article_publisher":"https:\/\/www.facebook.com\/subaruespana","article_published_time":"2012-10-16T09:29:11+00:00","article_modified_time":"2020-08-12T09:46:00+00:00","og_image":[{"width":500,"height":375,"url":"https:\/\/www.subaru.es\/blog\/wp-content\/uploads\/2012\/09\/boladenieve.jpg","type":"image\/jpeg"}],"author":"Subaru","twitter_card":"summary_large_image","twitter_misc":{"Escrito por":"Subaru","Tiempo de lectura":"2 minutos"},"schema":{"@context":"https:\/\/schema.org","@graph":[{"@type":"Article","@id":"https:\/\/www.subaru.es\/blog\/subaru-lifestyle\/subaru-espana-con-la-fundacion-bola-de-nieve-en-la-carrera-de-ezcaray\/#article","isPartOf":{"@id":"https:\/\/www.subaru.es\/blog\/subaru-lifestyle\/subaru-espana-con-la-fundacion-bola-de-nieve-en-la-carrera-de-ezcaray\/"},"author":{"name":"Subaru","@id":"https:\/\/www.subaru.es\/blog\/#\/schema\/person\/19a90b892230b8e0ec752704ddf4aa10"},"headline":"Subaru Espa\u00f1a con la Fundaci\u00f3n Bola de Nieve en la carrera de Ezcaray","datePublished":"2012-10-16T09:29:11+00:00","dateModified":"2020-08-12T09:46:00+00:00","mainEntityOfPage":{"@id":"https:\/\/www.subaru.es\/blog\/subaru-lifestyle\/subaru-espana-con-la-fundacion-bola-de-nieve-en-la-carrera-de-ezcaray\/"},"wordCount":383,"commentCount":0,"publisher":{"@id":"https:\/\/www.subaru.es\/blog\/#organization"},"image":{"@id":"https:\/\/www.subaru.es\/blog\/subaru-lifestyle\/subaru-espana-con-la-fundacion-bola-de-nieve-en-la-carrera-de-ezcaray\/#primaryimage"},"thumbnailUrl":"https:\/\/www.subaru.es\/blog\/wp-content\/uploads\/2012\/09\/boladenieve.jpg","keywords":["carrera","Crestas de la Demanda Marat\u00f3n Ezcaray","Deportes de riesgo","deportes extremos","Fundaci\u00f3n Bola de Nieve","handbike","Luis Serrano","mountain bike","subaru espa\u00f1a"],"articleSection":["Subaru LifeStyle"],"inLanguage":"es","potentialAction":[{"@type":"CommentAction","name":"Comment","target":["https:\/\/www.subaru.es\/blog\/subaru-lifestyle\/subaru-espana-con-la-fundacion-bola-de-nieve-en-la-carrera-de-ezcaray\/#respond"]}]},{"@type":"WebPage","@id":"https:\/\/www.subaru.es\/blog\/subaru-lifestyle\/subaru-espana-con-la-fundacion-bola-de-nieve-en-la-carrera-de-ezcaray\/","url":"https:\/\/www.subaru.es\/blog\/subaru-lifestyle\/subaru-espana-con-la-fundacion-bola-de-nieve-en-la-carrera-de-ezcaray\/","name":"Subaru Espa\u00f1a con la Fundaci\u00f3n Bola de Nieve en la carrera de Ezcaray - Universo Subaru","isPartOf":{"@id":"https:\/\/www.subaru.es\/blog\/#website"},"primaryImageOfPage":{"@id":"https:\/\/www.subaru.es\/blog\/subaru-lifestyle\/subaru-espana-con-la-fundacion-bola-de-nieve-en-la-carrera-de-ezcaray\/#primaryimage"},"image":{"@id":"https:\/\/www.subaru.es\/blog\/subaru-lifestyle\/subaru-espana-con-la-fundacion-bola-de-nieve-en-la-carrera-de-ezcaray\/#primaryimage"},"thumbnailUrl":"https:\/\/www.subaru.es\/blog\/wp-content\/uploads\/2012\/09\/boladenieve.jpg","datePublished":"2012-10-16T09:29:11+00:00","dateModified":"2020-08-12T09:46:00+00:00","breadcrumb":{"@id":"https:\/\/www.subaru.es\/blog\/subaru-lifestyle\/subaru-espana-con-la-fundacion-bola-de-nieve-en-la-carrera-de-ezcaray\/#breadcrumb"},"inLanguage":"es","potentialAction":[{"@type":"ReadAction","target":["https:\/\/www.subaru.es\/blog\/subaru-lifestyle\/subaru-espana-con-la-fundacion-bola-de-nieve-en-la-carrera-de-ezcaray\/"]}]},{"@type":"ImageObject","inLanguage":"es","@id":"https:\/\/www.subaru.es\/blog\/subaru-lifestyle\/subaru-espana-con-la-fundacion-bola-de-nieve-en-la-carrera-de-ezcaray\/#primaryimage","url":"https:\/\/www.subaru.es\/blog\/wp-content\/uploads\/2012\/09\/boladenieve.jpg","contentUrl":"https:\/\/www.subaru.es\/blog\/wp-content\/uploads\/2012\/09\/boladenieve.jpg","width":500,"height":375,"caption":"Bola de nieve"},{"@type":"BreadcrumbList","@id":"https:\/\/www.subaru.es\/blog\/subaru-lifestyle\/subaru-espana-con-la-fundacion-bola-de-nieve-en-la-carrera-de-ezcaray\/#breadcrumb","itemListElement":[{"@type":"ListItem","position":1,"name":"Portada","item":"https:\/\/www.subaru.es\/blog\/"},{"@type":"ListItem","position":2,"name":"Subaru Espa\u00f1a con la Fundaci\u00f3n Bola de Nieve en la carrera de Ezcaray"}]},{"@type":"WebSite","@id":"https:\/\/www.subaru.es\/blog\/#website","url":"https:\/\/www.subaru.es\/blog\/","name":"Universo Subaru","description":"Descubre este apasionante espacio de Subaru donde vas a conocer todo sobre nuestros coches y las experiencias que vivimos con ellos. Si est\u00e1s preparado para dejarte seducir por la filosof\u00eda Subaru, qu\u00e9date con nosotros.","publisher":{"@id":"https:\/\/www.subaru.es\/blog\/#organization"},"potentialAction":[{"@type":"SearchAction","target":{"@type":"EntryPoint","urlTemplate":"https:\/\/www.subaru.es\/blog\/?s={search_term_string}"},"query-input":{"@type":"PropertyValueSpecification","valueRequired":true,"valueName":"search_term_string"}}],"inLanguage":"es"},{"@type":"Organization","@id":"https:\/\/www.subaru.es\/blog\/#organization","name":"Subaru Espa\u00f1a S.A.","url":"https:\/\/www.subaru.es\/blog\/","logo":{"@type":"ImageObject","inLanguage":"es","@id":"https:\/\/www.subaru.es\/blog\/#\/schema\/logo\/image\/","url":"https:\/\/www.subaru.es\/blog\/wp-content\/uploads\/2016\/12\/Logo-Subaru-TypeV_C300-scaled.jpg","contentUrl":"https:\/\/www.subaru.es\/blog\/wp-content\/uploads\/2016\/12\/Logo-Subaru-TypeV_C300-scaled.jpg","width":2560,"height":1864,"caption":"Subaru Espa\u00f1a S.A."},"image":{"@id":"https:\/\/www.subaru.es\/blog\/#\/schema\/logo\/image\/"},"sameAs":["https:\/\/www.facebook.com\/subaruespana","https:\/\/www.instagram.com\/subarues\/","https:\/\/www.youtube.com\/user\/subaruespana"]},{"@type":"Person","@id":"https:\/\/www.subaru.es\/blog\/#\/schema\/person\/19a90b892230b8e0ec752704ddf4aa10","name":"Subaru","url":"https:\/\/www.subaru.es\/blog\/author\/subaria\/"}]}},"_links":{"self":[{"href":"https:\/\/www.subaru.es\/blog\/wp-json\/wp\/v2\/posts\/7737","targetHints":{"allow":["GET"]}}],"collection":[{"href":"https:\/\/www.subaru.es\/blog\/wp-json\/wp\/v2\/posts"}],"about":[{"href":"https:\/\/www.subaru.es\/blog\/wp-json\/wp\/v2\/types\/post"}],"author":[{"embeddable":true,"href":"https:\/\/www.subaru.es\/blog\/wp-json\/wp\/v2\/users\/21"}],"replies":[{"embeddable":true,"href":"https:\/\/www.subaru.es\/blog\/wp-json\/wp\/v2\/comments?post=7737"}],"version-history":[{"count":3,"href":"https:\/\/www.subaru.es\/blog\/wp-json\/wp\/v2\/posts\/7737\/revisions"}],"predecessor-version":[{"id":22183,"href":"https:\/\/www.subaru.es\/blog\/wp-json\/wp\/v2\/posts\/7737\/revisions\/22183"}],"wp:featuredmedia":[{"embeddable":true,"href":"https:\/\/www.subaru.es\/blog\/wp-json\/wp\/v2\/media\/7741"}],"wp:attachment":[{"href":"https:\/\/www.subaru.es\/blog\/wp-json\/wp\/v2\/media?parent=7737"}],"wp:term":[{"taxonomy":"category","embeddable":true,"href":"https:\/\/www.subaru.es\/blog\/wp-json\/wp\/v2\/categories?post=7737"},{"taxonomy":"post_tag","embeddable":true,"href":"https:\/\/www.subaru.es\/blog\/wp-json\/wp\/v2\/tags?post=7737"}],"curies":[{"name":"wp","href":"https:\/\/api.w.org\/{rel}","templated":true}]}}