{"id":7684,"date":"2012-09-14T13:15:36","date_gmt":"2012-09-14T11:15:36","guid":{"rendered":"http:\/\/subaru.preproduccion.com\/blog\/?p=7684"},"modified":"2016-10-17T15:07:27","modified_gmt":"2016-10-17T13:07:27","slug":"subaru-outback-2013-video-promocional","status":"publish","type":"post","link":"https:\/\/www.subaru.es\/blog\/nuestra-marca\/subaru-outback-2013-video-promocional\/","title":{"rendered":"Subaru Outback 2013, v\u00eddeo promocional"},"content":{"rendered":"<p><img decoding=\"async\" class=\"aligncenter size-full wp-image-7694 lazyload\" title=\"subaru outback\" data-src=\"https:\/\/www.subaru.es\/blog\/wp-content\/uploads\/2012\/09\/subaru-outback.jpg\" alt=\"\" width=\"600\" height=\"404\" data-srcset=\"https:\/\/www.subaru.es\/blog\/wp-content\/uploads\/2012\/09\/subaru-outback.jpg 600w, https:\/\/www.subaru.es\/blog\/wp-content\/uploads\/2012\/09\/subaru-outback-560x377.jpg 560w\" data-sizes=\"(max-width: 600px) 100vw, 600px\" src=\"data:image\/svg+xml;base64,PHN2ZyB3aWR0aD0iMSIgaGVpZ2h0PSIxIiB4bWxucz0iaHR0cDovL3d3dy53My5vcmcvMjAwMC9zdmciPjwvc3ZnPg==\" style=\"--smush-placeholder-width: 600px; --smush-placeholder-aspect-ratio: 600\/404;\" \/><br \/>\nYa podemos disfrutar del <strong>nuevo v\u00eddeo promocional dedicado al Subaru Outback 2013,<\/strong> un veh\u00edculo que puede circular por cualquier terreno sin ning\u00fan problema. Gracias a la tecnolog\u00eda Symmetrical AWD es posible pasar de un escenario a otro sin apenas inmutarse, ya estemos hablando de una cita formal, de un viaje m\u00e1s casual o divertido, barro, tierra, nieve&#8230;<br \/>\n<!--more--><\/p>\n<p>Ya hablamos aqu\u00ed en Subaria de <a href=\"https:\/\/www.subaru.es\/blog\/subaru\/el-legacy-y-el-outback-%C2%A1como-nuevos\/\">las novedades que se esperan para 2013<\/a>, entre ellas este Subaru Outback con una renovaci\u00f3n est\u00e9tica sutil pero necesaria para ir con los nuevos tiempos, y algunas mejoras a nivel t\u00e9cnico que veremos de forma resumida. La verdad es que verlo en movimiento es mucho mejor que ver unas simples fotos, y adem\u00e1s nos hace tener ganas de hacer alg\u00fan tipo de excursi\u00f3n, \u00a1la que sea!<\/p>\n<p>El <strong>restyling <\/strong>es, por tanto, bastante superficial para 2013 porque, para qu\u00e9 enga\u00f1arnos, se trata de una carrocer\u00eda interesante por s\u00ed misma, y <strong>las actualizaciones destacadas son los faros, la parrilla delantera y el parachoques delantero<\/strong>. Ya queda menos para verlos en vivo y adem\u00e1s poder probar la actualizaci\u00f3n del motor b\u00f3xer de 2,5 litros, que suma caballos (de 167 a 173 CV) y es m\u00e1s eficiente. Adem\u00e1s, la caja de cambios CVT Lineartronic tambi\u00e9n ha sido retocada para introducir mejoras. Y siguiendo con los temas t\u00e9cnicos, la suspensi\u00f3n y la direcci\u00f3n se han revisado para proporcionar mucha m\u00e1s comodidad en el manejo. sin m\u00e1s, os dejamos con el <strong>nuevo v\u00eddeo promocional del Subaru Outback 2013<\/strong>.<\/p>\n<p><iframe width=\"560\" height=\"315\" data-src=\"http:\/\/www.youtube.com\/embed\/FHvCOeHYqzc\" frameborder=\"0\" allowfullscreen src=\"data:image\/svg+xml;base64,PHN2ZyB3aWR0aD0iMSIgaGVpZ2h0PSIxIiB4bWxucz0iaHR0cDovL3d3dy53My5vcmcvMjAwMC9zdmciPjwvc3ZnPg==\" class=\"lazyload\" data-load-mode=\"1\"><\/iframe><\/p>\n","protected":false},"excerpt":{"rendered":"<p>Ya podemos disfrutar del nuevo v\u00eddeo promocional dedicado al Subaru Outback 2013, un veh\u00edculo que puede circular por cualquier terreno sin ning\u00fan problema. Gracias a la tecnolog\u00eda Symmetrical AWD es posible pasar de un escenario a otro sin apenas inmutarse, ya estemos hablando de una cita formal, de un viaje m\u00e1s casual o divertido, barro, [&hellip;]<\/p>\n","protected":false},"author":21,"featured_media":7694,"comment_status":"open","ping_status":"open","sticky":false,"template":"","format":"standard","meta":{"_acf_changed":false,"_eb_attr":"","inline_featured_image":false,"footnotes":""},"categories":[4401],"tags":[3890,1076,3865,67],"class_list":["post-7684","post","type-post","status-publish","format-standard","has-post-thumbnail","hentry","category-nuestra-marca","tag-restyling","tag-subaru-outback","tag-subaru-outback-2013","tag-videos-subaru"],"acf":[],"yoast_head":"<!-- This site is optimized with the Yoast SEO plugin v27.3 - https:\/\/yoast.com\/product\/yoast-seo-wordpress\/ -->\n<title>Subaru Outback 2013, v\u00eddeo promocional - Universo Subaru<\/title>\n<meta name=\"robots\" content=\"index, follow, max-snippet:-1, max-image-preview:large, max-video-preview:-1\" \/>\n<link rel=\"canonical\" href=\"https:\/\/www.subaru.es\/blog\/nuestra-marca\/subaru-outback-2013-video-promocional\/\" \/>\n<meta property=\"og:locale\" content=\"es_ES\" \/>\n<meta property=\"og:type\" content=\"article\" \/>\n<meta property=\"og:title\" content=\"Subaru Outback 2013, v\u00eddeo promocional - Universo Subaru\" \/>\n<meta property=\"og:description\" content=\"Ya podemos disfrutar del nuevo v\u00eddeo promocional dedicado al Subaru Outback 2013, un veh\u00edculo que puede circular por cualquier terreno sin ning\u00fan problema. Gracias a la tecnolog\u00eda Symmetrical AWD es posible pasar de un escenario a otro sin apenas inmutarse, ya estemos hablando de una cita formal, de un viaje m\u00e1s casual o divertido, barro, [&hellip;]\" \/>\n<meta property=\"og:url\" content=\"https:\/\/www.subaru.es\/blog\/nuestra-marca\/subaru-outback-2013-video-promocional\/\" \/>\n<meta property=\"og:site_name\" content=\"Universo Subaru\" \/>\n<meta property=\"article:publisher\" content=\"https:\/\/www.facebook.com\/subaruespana\" \/>\n<meta property=\"article:published_time\" content=\"2012-09-14T11:15:36+00:00\" \/>\n<meta property=\"article:modified_time\" content=\"2016-10-17T13:07:27+00:00\" \/>\n<meta property=\"og:image\" content=\"https:\/\/www.subaru.es\/blog\/wp-content\/uploads\/2012\/09\/subaru-outback.jpg\" \/>\n\t<meta property=\"og:image:width\" content=\"600\" \/>\n\t<meta property=\"og:image:height\" content=\"404\" \/>\n\t<meta property=\"og:image:type\" content=\"image\/jpeg\" \/>\n<meta name=\"author\" content=\"Subaru\" \/>\n<meta name=\"twitter:card\" content=\"summary_large_image\" \/>\n<meta name=\"twitter:label1\" content=\"Escrito por\" \/>\n\t<meta name=\"twitter:data1\" content=\"Subaru\" \/>\n\t<meta name=\"twitter:label2\" content=\"Tiempo de lectura\" \/>\n\t<meta name=\"twitter:data2\" content=\"1 minuto\" \/>\n<script type=\"application\/ld+json\" class=\"yoast-schema-graph\">{\"@context\":\"https:\\\/\\\/schema.org\",\"@graph\":[{\"@type\":\"Article\",\"@id\":\"https:\\\/\\\/www.subaru.es\\\/blog\\\/nuestra-marca\\\/subaru-outback-2013-video-promocional\\\/#article\",\"isPartOf\":{\"@id\":\"https:\\\/\\\/www.subaru.es\\\/blog\\\/nuestra-marca\\\/subaru-outback-2013-video-promocional\\\/\"},\"author\":{\"name\":\"Subaru\",\"@id\":\"https:\\\/\\\/www.subaru.es\\\/blog\\\/#\\\/schema\\\/person\\\/19a90b892230b8e0ec752704ddf4aa10\"},\"headline\":\"Subaru Outback 2013, v\u00eddeo promocional\",\"datePublished\":\"2012-09-14T11:15:36+00:00\",\"dateModified\":\"2016-10-17T13:07:27+00:00\",\"mainEntityOfPage\":{\"@id\":\"https:\\\/\\\/www.subaru.es\\\/blog\\\/nuestra-marca\\\/subaru-outback-2013-video-promocional\\\/\"},\"wordCount\":268,\"commentCount\":0,\"publisher\":{\"@id\":\"https:\\\/\\\/www.subaru.es\\\/blog\\\/#organization\"},\"image\":{\"@id\":\"https:\\\/\\\/www.subaru.es\\\/blog\\\/nuestra-marca\\\/subaru-outback-2013-video-promocional\\\/#primaryimage\"},\"thumbnailUrl\":\"https:\\\/\\\/www.subaru.es\\\/blog\\\/wp-content\\\/uploads\\\/2012\\\/09\\\/subaru-outback.jpg\",\"keywords\":[\"restyling\",\"subaru outback\",\"Subaru Outback 2013\",\"videos subaru\"],\"articleSection\":[\"Nuestra marca\"],\"inLanguage\":\"es\",\"potentialAction\":[{\"@type\":\"CommentAction\",\"name\":\"Comment\",\"target\":[\"https:\\\/\\\/www.subaru.es\\\/blog\\\/nuestra-marca\\\/subaru-outback-2013-video-promocional\\\/#respond\"]}]},{\"@type\":\"WebPage\",\"@id\":\"https:\\\/\\\/www.subaru.es\\\/blog\\\/nuestra-marca\\\/subaru-outback-2013-video-promocional\\\/\",\"url\":\"https:\\\/\\\/www.subaru.es\\\/blog\\\/nuestra-marca\\\/subaru-outback-2013-video-promocional\\\/\",\"name\":\"Subaru Outback 2013, v\u00eddeo promocional - Universo Subaru\",\"isPartOf\":{\"@id\":\"https:\\\/\\\/www.subaru.es\\\/blog\\\/#website\"},\"primaryImageOfPage\":{\"@id\":\"https:\\\/\\\/www.subaru.es\\\/blog\\\/nuestra-marca\\\/subaru-outback-2013-video-promocional\\\/#primaryimage\"},\"image\":{\"@id\":\"https:\\\/\\\/www.subaru.es\\\/blog\\\/nuestra-marca\\\/subaru-outback-2013-video-promocional\\\/#primaryimage\"},\"thumbnailUrl\":\"https:\\\/\\\/www.subaru.es\\\/blog\\\/wp-content\\\/uploads\\\/2012\\\/09\\\/subaru-outback.jpg\",\"datePublished\":\"2012-09-14T11:15:36+00:00\",\"dateModified\":\"2016-10-17T13:07:27+00:00\",\"breadcrumb\":{\"@id\":\"https:\\\/\\\/www.subaru.es\\\/blog\\\/nuestra-marca\\\/subaru-outback-2013-video-promocional\\\/#breadcrumb\"},\"inLanguage\":\"es\",\"potentialAction\":[{\"@type\":\"ReadAction\",\"target\":[\"https:\\\/\\\/www.subaru.es\\\/blog\\\/nuestra-marca\\\/subaru-outback-2013-video-promocional\\\/\"]}]},{\"@type\":\"ImageObject\",\"inLanguage\":\"es\",\"@id\":\"https:\\\/\\\/www.subaru.es\\\/blog\\\/nuestra-marca\\\/subaru-outback-2013-video-promocional\\\/#primaryimage\",\"url\":\"https:\\\/\\\/www.subaru.es\\\/blog\\\/wp-content\\\/uploads\\\/2012\\\/09\\\/subaru-outback.jpg\",\"contentUrl\":\"https:\\\/\\\/www.subaru.es\\\/blog\\\/wp-content\\\/uploads\\\/2012\\\/09\\\/subaru-outback.jpg\",\"width\":600,\"height\":404},{\"@type\":\"BreadcrumbList\",\"@id\":\"https:\\\/\\\/www.subaru.es\\\/blog\\\/nuestra-marca\\\/subaru-outback-2013-video-promocional\\\/#breadcrumb\",\"itemListElement\":[{\"@type\":\"ListItem\",\"position\":1,\"name\":\"Portada\",\"item\":\"https:\\\/\\\/www.subaru.es\\\/blog\\\/\"},{\"@type\":\"ListItem\",\"position\":2,\"name\":\"Subaru Outback 2013, v\u00eddeo promocional\"}]},{\"@type\":\"WebSite\",\"@id\":\"https:\\\/\\\/www.subaru.es\\\/blog\\\/#website\",\"url\":\"https:\\\/\\\/www.subaru.es\\\/blog\\\/\",\"name\":\"Universo Subaru\",\"description\":\"Descubre este apasionante espacio de Subaru donde vas a conocer todo sobre nuestros coches y las experiencias que vivimos con ellos. Si est\u00e1s preparado para dejarte seducir por la filosof\u00eda Subaru, qu\u00e9date con nosotros.\",\"publisher\":{\"@id\":\"https:\\\/\\\/www.subaru.es\\\/blog\\\/#organization\"},\"potentialAction\":[{\"@type\":\"SearchAction\",\"target\":{\"@type\":\"EntryPoint\",\"urlTemplate\":\"https:\\\/\\\/www.subaru.es\\\/blog\\\/?s={search_term_string}\"},\"query-input\":{\"@type\":\"PropertyValueSpecification\",\"valueRequired\":true,\"valueName\":\"search_term_string\"}}],\"inLanguage\":\"es\"},{\"@type\":\"Organization\",\"@id\":\"https:\\\/\\\/www.subaru.es\\\/blog\\\/#organization\",\"name\":\"Subaru Espa\u00f1a S.A.\",\"url\":\"https:\\\/\\\/www.subaru.es\\\/blog\\\/\",\"logo\":{\"@type\":\"ImageObject\",\"inLanguage\":\"es\",\"@id\":\"https:\\\/\\\/www.subaru.es\\\/blog\\\/#\\\/schema\\\/logo\\\/image\\\/\",\"url\":\"https:\\\/\\\/www.subaru.es\\\/blog\\\/wp-content\\\/uploads\\\/2016\\\/12\\\/Logo-Subaru-TypeV_C300-scaled.jpg\",\"contentUrl\":\"https:\\\/\\\/www.subaru.es\\\/blog\\\/wp-content\\\/uploads\\\/2016\\\/12\\\/Logo-Subaru-TypeV_C300-scaled.jpg\",\"width\":2560,\"height\":1864,\"caption\":\"Subaru Espa\u00f1a S.A.\"},\"image\":{\"@id\":\"https:\\\/\\\/www.subaru.es\\\/blog\\\/#\\\/schema\\\/logo\\\/image\\\/\"},\"sameAs\":[\"https:\\\/\\\/www.facebook.com\\\/subaruespana\",\"https:\\\/\\\/www.instagram.com\\\/subarues\\\/\",\"https:\\\/\\\/www.youtube.com\\\/user\\\/subaruespana\"]},{\"@type\":\"Person\",\"@id\":\"https:\\\/\\\/www.subaru.es\\\/blog\\\/#\\\/schema\\\/person\\\/19a90b892230b8e0ec752704ddf4aa10\",\"name\":\"Subaru\",\"url\":\"https:\\\/\\\/www.subaru.es\\\/blog\\\/author\\\/subaria\\\/\"}]}<\/script>\n<!-- \/ Yoast SEO plugin. -->","yoast_head_json":{"title":"Subaru Outback 2013, v\u00eddeo promocional - Universo Subaru","robots":{"index":"index","follow":"follow","max-snippet":"max-snippet:-1","max-image-preview":"max-image-preview:large","max-video-preview":"max-video-preview:-1"},"canonical":"https:\/\/www.subaru.es\/blog\/nuestra-marca\/subaru-outback-2013-video-promocional\/","og_locale":"es_ES","og_type":"article","og_title":"Subaru Outback 2013, v\u00eddeo promocional - Universo Subaru","og_description":"Ya podemos disfrutar del nuevo v\u00eddeo promocional dedicado al Subaru Outback 2013, un veh\u00edculo que puede circular por cualquier terreno sin ning\u00fan problema. Gracias a la tecnolog\u00eda Symmetrical AWD es posible pasar de un escenario a otro sin apenas inmutarse, ya estemos hablando de una cita formal, de un viaje m\u00e1s casual o divertido, barro, [&hellip;]","og_url":"https:\/\/www.subaru.es\/blog\/nuestra-marca\/subaru-outback-2013-video-promocional\/","og_site_name":"Universo Subaru","article_publisher":"https:\/\/www.facebook.com\/subaruespana","article_published_time":"2012-09-14T11:15:36+00:00","article_modified_time":"2016-10-17T13:07:27+00:00","og_image":[{"width":600,"height":404,"url":"https:\/\/www.subaru.es\/blog\/wp-content\/uploads\/2012\/09\/subaru-outback.jpg","type":"image\/jpeg"}],"author":"Subaru","twitter_card":"summary_large_image","twitter_misc":{"Escrito por":"Subaru","Tiempo de lectura":"1 minuto"},"schema":{"@context":"https:\/\/schema.org","@graph":[{"@type":"Article","@id":"https:\/\/www.subaru.es\/blog\/nuestra-marca\/subaru-outback-2013-video-promocional\/#article","isPartOf":{"@id":"https:\/\/www.subaru.es\/blog\/nuestra-marca\/subaru-outback-2013-video-promocional\/"},"author":{"name":"Subaru","@id":"https:\/\/www.subaru.es\/blog\/#\/schema\/person\/19a90b892230b8e0ec752704ddf4aa10"},"headline":"Subaru Outback 2013, v\u00eddeo promocional","datePublished":"2012-09-14T11:15:36+00:00","dateModified":"2016-10-17T13:07:27+00:00","mainEntityOfPage":{"@id":"https:\/\/www.subaru.es\/blog\/nuestra-marca\/subaru-outback-2013-video-promocional\/"},"wordCount":268,"commentCount":0,"publisher":{"@id":"https:\/\/www.subaru.es\/blog\/#organization"},"image":{"@id":"https:\/\/www.subaru.es\/blog\/nuestra-marca\/subaru-outback-2013-video-promocional\/#primaryimage"},"thumbnailUrl":"https:\/\/www.subaru.es\/blog\/wp-content\/uploads\/2012\/09\/subaru-outback.jpg","keywords":["restyling","subaru outback","Subaru Outback 2013","videos subaru"],"articleSection":["Nuestra marca"],"inLanguage":"es","potentialAction":[{"@type":"CommentAction","name":"Comment","target":["https:\/\/www.subaru.es\/blog\/nuestra-marca\/subaru-outback-2013-video-promocional\/#respond"]}]},{"@type":"WebPage","@id":"https:\/\/www.subaru.es\/blog\/nuestra-marca\/subaru-outback-2013-video-promocional\/","url":"https:\/\/www.subaru.es\/blog\/nuestra-marca\/subaru-outback-2013-video-promocional\/","name":"Subaru Outback 2013, v\u00eddeo promocional - Universo Subaru","isPartOf":{"@id":"https:\/\/www.subaru.es\/blog\/#website"},"primaryImageOfPage":{"@id":"https:\/\/www.subaru.es\/blog\/nuestra-marca\/subaru-outback-2013-video-promocional\/#primaryimage"},"image":{"@id":"https:\/\/www.subaru.es\/blog\/nuestra-marca\/subaru-outback-2013-video-promocional\/#primaryimage"},"thumbnailUrl":"https:\/\/www.subaru.es\/blog\/wp-content\/uploads\/2012\/09\/subaru-outback.jpg","datePublished":"2012-09-14T11:15:36+00:00","dateModified":"2016-10-17T13:07:27+00:00","breadcrumb":{"@id":"https:\/\/www.subaru.es\/blog\/nuestra-marca\/subaru-outback-2013-video-promocional\/#breadcrumb"},"inLanguage":"es","potentialAction":[{"@type":"ReadAction","target":["https:\/\/www.subaru.es\/blog\/nuestra-marca\/subaru-outback-2013-video-promocional\/"]}]},{"@type":"ImageObject","inLanguage":"es","@id":"https:\/\/www.subaru.es\/blog\/nuestra-marca\/subaru-outback-2013-video-promocional\/#primaryimage","url":"https:\/\/www.subaru.es\/blog\/wp-content\/uploads\/2012\/09\/subaru-outback.jpg","contentUrl":"https:\/\/www.subaru.es\/blog\/wp-content\/uploads\/2012\/09\/subaru-outback.jpg","width":600,"height":404},{"@type":"BreadcrumbList","@id":"https:\/\/www.subaru.es\/blog\/nuestra-marca\/subaru-outback-2013-video-promocional\/#breadcrumb","itemListElement":[{"@type":"ListItem","position":1,"name":"Portada","item":"https:\/\/www.subaru.es\/blog\/"},{"@type":"ListItem","position":2,"name":"Subaru Outback 2013, v\u00eddeo promocional"}]},{"@type":"WebSite","@id":"https:\/\/www.subaru.es\/blog\/#website","url":"https:\/\/www.subaru.es\/blog\/","name":"Universo Subaru","description":"Descubre este apasionante espacio de Subaru donde vas a conocer todo sobre nuestros coches y las experiencias que vivimos con ellos. Si est\u00e1s preparado para dejarte seducir por la filosof\u00eda Subaru, qu\u00e9date con nosotros.","publisher":{"@id":"https:\/\/www.subaru.es\/blog\/#organization"},"potentialAction":[{"@type":"SearchAction","target":{"@type":"EntryPoint","urlTemplate":"https:\/\/www.subaru.es\/blog\/?s={search_term_string}"},"query-input":{"@type":"PropertyValueSpecification","valueRequired":true,"valueName":"search_term_string"}}],"inLanguage":"es"},{"@type":"Organization","@id":"https:\/\/www.subaru.es\/blog\/#organization","name":"Subaru Espa\u00f1a S.A.","url":"https:\/\/www.subaru.es\/blog\/","logo":{"@type":"ImageObject","inLanguage":"es","@id":"https:\/\/www.subaru.es\/blog\/#\/schema\/logo\/image\/","url":"https:\/\/www.subaru.es\/blog\/wp-content\/uploads\/2016\/12\/Logo-Subaru-TypeV_C300-scaled.jpg","contentUrl":"https:\/\/www.subaru.es\/blog\/wp-content\/uploads\/2016\/12\/Logo-Subaru-TypeV_C300-scaled.jpg","width":2560,"height":1864,"caption":"Subaru Espa\u00f1a S.A."},"image":{"@id":"https:\/\/www.subaru.es\/blog\/#\/schema\/logo\/image\/"},"sameAs":["https:\/\/www.facebook.com\/subaruespana","https:\/\/www.instagram.com\/subarues\/","https:\/\/www.youtube.com\/user\/subaruespana"]},{"@type":"Person","@id":"https:\/\/www.subaru.es\/blog\/#\/schema\/person\/19a90b892230b8e0ec752704ddf4aa10","name":"Subaru","url":"https:\/\/www.subaru.es\/blog\/author\/subaria\/"}]}},"_links":{"self":[{"href":"https:\/\/www.subaru.es\/blog\/wp-json\/wp\/v2\/posts\/7684","targetHints":{"allow":["GET"]}}],"collection":[{"href":"https:\/\/www.subaru.es\/blog\/wp-json\/wp\/v2\/posts"}],"about":[{"href":"https:\/\/www.subaru.es\/blog\/wp-json\/wp\/v2\/types\/post"}],"author":[{"embeddable":true,"href":"https:\/\/www.subaru.es\/blog\/wp-json\/wp\/v2\/users\/21"}],"replies":[{"embeddable":true,"href":"https:\/\/www.subaru.es\/blog\/wp-json\/wp\/v2\/comments?post=7684"}],"version-history":[{"count":1,"href":"https:\/\/www.subaru.es\/blog\/wp-json\/wp\/v2\/posts\/7684\/revisions"}],"predecessor-version":[{"id":14835,"href":"https:\/\/www.subaru.es\/blog\/wp-json\/wp\/v2\/posts\/7684\/revisions\/14835"}],"wp:featuredmedia":[{"embeddable":true,"href":"https:\/\/www.subaru.es\/blog\/wp-json\/wp\/v2\/media\/7694"}],"wp:attachment":[{"href":"https:\/\/www.subaru.es\/blog\/wp-json\/wp\/v2\/media?parent=7684"}],"wp:term":[{"taxonomy":"category","embeddable":true,"href":"https:\/\/www.subaru.es\/blog\/wp-json\/wp\/v2\/categories?post=7684"},{"taxonomy":"post_tag","embeddable":true,"href":"https:\/\/www.subaru.es\/blog\/wp-json\/wp\/v2\/tags?post=7684"}],"curies":[{"name":"wp","href":"https:\/\/api.w.org\/{rel}","templated":true}]}}