{"id":7679,"date":"2012-09-21T12:04:00","date_gmt":"2012-09-21T10:04:00","guid":{"rendered":"http:\/\/subaru.preproduccion.com\/blog\/?p=7679"},"modified":"2016-10-17T15:07:27","modified_gmt":"2016-10-17T13:07:27","slug":"robert-kubica-reaparece-ganando-a-los-mandos-de-un-subaru-impreza","status":"publish","type":"post","link":"https:\/\/www.subaru.es\/blog\/nuestra-marca\/robert-kubica-reaparece-ganando-a-los-mandos-de-un-subaru-impreza\/","title":{"rendered":"Robert Kubica reaparece ganando a los mandos de un Subaru Impreza"},"content":{"rendered":"<p><img decoding=\"async\" data-src=\"https:\/\/www.subaru.es\/blog\/wp-content\/uploads\/2012\/09\/Robert-Kubica-Subaru-Impreza.jpg\" alt=\"\" title=\"Robert Kubica Subaru Impreza\" width=\"600\" height=\"450\" class=\"aligncenter size-full wp-image-7680 lazyload\" data-srcset=\"https:\/\/www.subaru.es\/blog\/wp-content\/uploads\/2012\/09\/Robert-Kubica-Subaru-Impreza.jpg 600w, https:\/\/www.subaru.es\/blog\/wp-content\/uploads\/2012\/09\/Robert-Kubica-Subaru-Impreza-560x420.jpg 560w\" data-sizes=\"(max-width: 600px) 100vw, 600px\" src=\"data:image\/svg+xml;base64,PHN2ZyB3aWR0aD0iMSIgaGVpZ2h0PSIxIiB4bWxucz0iaHR0cDovL3d3dy53My5vcmcvMjAwMC9zdmciPjwvc3ZnPg==\" style=\"--smush-placeholder-width: 600px; --smush-placeholder-aspect-ratio: 600\/450;\" \/><br \/>\n<strong>Robert Kubica<\/strong> es de sobra conocido por cualquier aficionado al automovilismo. El piloto polaco era <strong>una de las m\u00e1s grandes promesas de la F\u00f3rmula 1<\/strong> cuando sufri\u00f3 un terrible accidente mientras disputaba un rally, accidente que le dej\u00f3 graves secuelas que pronosticaban un futuro nada halag\u00fce\u00f1o. Por lo de pronto, el sue\u00f1o de la F\u00f3rmula 1 se termin\u00f3, y mientras siga la recuperaci\u00f3n poco o nada se sabe de su posible regreso a la categor\u00eda reina.<br \/>\n<!--more--><br \/>\nMientras tanto, Kubica ha hecho alarde de su capacidad f\u00edsica y, sobre todo, mental, al volver a ponerse a los mandos de un <a href=\"https:\/\/www.subaru.es\/blog\/tag\/subaru-impreza\/\">Subaru Impreza<\/a> de competici\u00f3n y haber participado en el Rally Ronde Gomitolo di Lana, celebrado en Italia. Gan\u00f3 la prueba. Cierto es que es una prueba menor, pero tambi\u00e9n es igual de cierto que <strong>las lesiones del polaco son terror\u00edficas<\/strong>, pues hubo que reconstruirle las extremidades del lado derecho de su cuerpo: pierna, brazo y mano. Los pilotos est\u00e1n hechos de una pasta especial.<\/p>\n<p>Mientras se sigue recuperando y se aclara su futuro en la competici\u00f3n, es bueno echar un vistazo a los v\u00eddeos de su <em>comeback<\/em>. <strong>Le deseamos una recuperaci\u00f3n total<\/strong>, y que al menos vuelva para estar en la \u00f3rbita de la F1, de alguna forma.<\/p>\n<p><iframe width=\"600\" height=\"330\" data-src=\"http:\/\/www.youtube.com\/embed\/TwBLAhYSuno?feature=player_embedded\" frameborder=\"0\" allowfullscreen src=\"data:image\/svg+xml;base64,PHN2ZyB3aWR0aD0iMSIgaGVpZ2h0PSIxIiB4bWxucz0iaHR0cDovL3d3dy53My5vcmcvMjAwMC9zdmciPjwvc3ZnPg==\" class=\"lazyload\" data-load-mode=\"1\"><\/iframe><\/p>\n<p>V\u00eda | <a href=\"http:\/\/www.motorpasionf1.com\/pilotos\/robert-kubica-regreso-por-todo-lo-alto\">Motorpasi\u00f3n F1<\/a><\/p>\n","protected":false},"excerpt":{"rendered":"<p>Robert Kubica es de sobra conocido por cualquier aficionado al automovilismo. El piloto polaco era una de las m\u00e1s grandes promesas de la F\u00f3rmula 1 cuando sufri\u00f3 un terrible accidente mientras disputaba un rally, accidente que le dej\u00f3 graves secuelas que pronosticaban un futuro nada halag\u00fce\u00f1o. Por lo de pronto, el sue\u00f1o de la F\u00f3rmula [&hellip;]<\/p>\n","protected":false},"author":21,"featured_media":7680,"comment_status":"open","ping_status":"open","sticky":false,"template":"","format":"standard","meta":{"_acf_changed":false,"_eb_attr":"","inline_featured_image":false,"footnotes":""},"categories":[4401],"tags":[349,4075,117],"class_list":["post-7679","post","type-post","status-publish","format-standard","has-post-thumbnail","hentry","category-nuestra-marca","tag-rallyes","tag-robert-kubica","tag-subaru-impreza"],"acf":[],"yoast_head":"<!-- This site is optimized with the Yoast SEO plugin v27.3 - https:\/\/yoast.com\/product\/yoast-seo-wordpress\/ -->\n<title>Robert Kubica reaparece ganando a los mandos de un Subaru Impreza - Universo Subaru<\/title>\n<meta name=\"robots\" content=\"index, follow, max-snippet:-1, max-image-preview:large, max-video-preview:-1\" \/>\n<link rel=\"canonical\" href=\"https:\/\/www.subaru.es\/blog\/nuestra-marca\/robert-kubica-reaparece-ganando-a-los-mandos-de-un-subaru-impreza\/\" \/>\n<meta property=\"og:locale\" content=\"es_ES\" \/>\n<meta property=\"og:type\" content=\"article\" \/>\n<meta property=\"og:title\" content=\"Robert Kubica reaparece ganando a los mandos de un Subaru Impreza - Universo Subaru\" \/>\n<meta property=\"og:description\" content=\"Robert Kubica es de sobra conocido por cualquier aficionado al automovilismo. El piloto polaco era una de las m\u00e1s grandes promesas de la F\u00f3rmula 1 cuando sufri\u00f3 un terrible accidente mientras disputaba un rally, accidente que le dej\u00f3 graves secuelas que pronosticaban un futuro nada halag\u00fce\u00f1o. Por lo de pronto, el sue\u00f1o de la F\u00f3rmula [&hellip;]\" \/>\n<meta property=\"og:url\" content=\"https:\/\/www.subaru.es\/blog\/nuestra-marca\/robert-kubica-reaparece-ganando-a-los-mandos-de-un-subaru-impreza\/\" \/>\n<meta property=\"og:site_name\" content=\"Universo Subaru\" \/>\n<meta property=\"article:publisher\" content=\"https:\/\/www.facebook.com\/subaruespana\" \/>\n<meta property=\"article:published_time\" content=\"2012-09-21T10:04:00+00:00\" \/>\n<meta property=\"article:modified_time\" content=\"2016-10-17T13:07:27+00:00\" \/>\n<meta property=\"og:image\" content=\"https:\/\/www.subaru.es\/blog\/wp-content\/uploads\/2012\/09\/Robert-Kubica-Subaru-Impreza.jpg\" \/>\n\t<meta property=\"og:image:width\" content=\"600\" \/>\n\t<meta property=\"og:image:height\" content=\"450\" \/>\n\t<meta property=\"og:image:type\" content=\"image\/jpeg\" \/>\n<meta name=\"author\" content=\"Subaru\" \/>\n<meta name=\"twitter:card\" content=\"summary_large_image\" \/>\n<meta name=\"twitter:label1\" content=\"Escrito por\" \/>\n\t<meta name=\"twitter:data1\" content=\"Subaru\" \/>\n\t<meta name=\"twitter:label2\" content=\"Tiempo de lectura\" \/>\n\t<meta name=\"twitter:data2\" content=\"1 minuto\" \/>\n<script type=\"application\/ld+json\" class=\"yoast-schema-graph\">{\"@context\":\"https:\\\/\\\/schema.org\",\"@graph\":[{\"@type\":\"Article\",\"@id\":\"https:\\\/\\\/www.subaru.es\\\/blog\\\/nuestra-marca\\\/robert-kubica-reaparece-ganando-a-los-mandos-de-un-subaru-impreza\\\/#article\",\"isPartOf\":{\"@id\":\"https:\\\/\\\/www.subaru.es\\\/blog\\\/nuestra-marca\\\/robert-kubica-reaparece-ganando-a-los-mandos-de-un-subaru-impreza\\\/\"},\"author\":{\"name\":\"Subaru\",\"@id\":\"https:\\\/\\\/www.subaru.es\\\/blog\\\/#\\\/schema\\\/person\\\/19a90b892230b8e0ec752704ddf4aa10\"},\"headline\":\"Robert Kubica reaparece ganando a los mandos de un Subaru Impreza\",\"datePublished\":\"2012-09-21T10:04:00+00:00\",\"dateModified\":\"2016-10-17T13:07:27+00:00\",\"mainEntityOfPage\":{\"@id\":\"https:\\\/\\\/www.subaru.es\\\/blog\\\/nuestra-marca\\\/robert-kubica-reaparece-ganando-a-los-mandos-de-un-subaru-impreza\\\/\"},\"wordCount\":237,\"commentCount\":0,\"publisher\":{\"@id\":\"https:\\\/\\\/www.subaru.es\\\/blog\\\/#organization\"},\"image\":{\"@id\":\"https:\\\/\\\/www.subaru.es\\\/blog\\\/nuestra-marca\\\/robert-kubica-reaparece-ganando-a-los-mandos-de-un-subaru-impreza\\\/#primaryimage\"},\"thumbnailUrl\":\"https:\\\/\\\/www.subaru.es\\\/blog\\\/wp-content\\\/uploads\\\/2012\\\/09\\\/Robert-Kubica-Subaru-Impreza.jpg\",\"keywords\":[\"rallyes\",\"Robert Kubica\",\"subaru impreza\"],\"articleSection\":[\"Nuestra marca\"],\"inLanguage\":\"es\",\"potentialAction\":[{\"@type\":\"CommentAction\",\"name\":\"Comment\",\"target\":[\"https:\\\/\\\/www.subaru.es\\\/blog\\\/nuestra-marca\\\/robert-kubica-reaparece-ganando-a-los-mandos-de-un-subaru-impreza\\\/#respond\"]}]},{\"@type\":\"WebPage\",\"@id\":\"https:\\\/\\\/www.subaru.es\\\/blog\\\/nuestra-marca\\\/robert-kubica-reaparece-ganando-a-los-mandos-de-un-subaru-impreza\\\/\",\"url\":\"https:\\\/\\\/www.subaru.es\\\/blog\\\/nuestra-marca\\\/robert-kubica-reaparece-ganando-a-los-mandos-de-un-subaru-impreza\\\/\",\"name\":\"Robert Kubica reaparece ganando a los mandos de un Subaru Impreza - Universo Subaru\",\"isPartOf\":{\"@id\":\"https:\\\/\\\/www.subaru.es\\\/blog\\\/#website\"},\"primaryImageOfPage\":{\"@id\":\"https:\\\/\\\/www.subaru.es\\\/blog\\\/nuestra-marca\\\/robert-kubica-reaparece-ganando-a-los-mandos-de-un-subaru-impreza\\\/#primaryimage\"},\"image\":{\"@id\":\"https:\\\/\\\/www.subaru.es\\\/blog\\\/nuestra-marca\\\/robert-kubica-reaparece-ganando-a-los-mandos-de-un-subaru-impreza\\\/#primaryimage\"},\"thumbnailUrl\":\"https:\\\/\\\/www.subaru.es\\\/blog\\\/wp-content\\\/uploads\\\/2012\\\/09\\\/Robert-Kubica-Subaru-Impreza.jpg\",\"datePublished\":\"2012-09-21T10:04:00+00:00\",\"dateModified\":\"2016-10-17T13:07:27+00:00\",\"breadcrumb\":{\"@id\":\"https:\\\/\\\/www.subaru.es\\\/blog\\\/nuestra-marca\\\/robert-kubica-reaparece-ganando-a-los-mandos-de-un-subaru-impreza\\\/#breadcrumb\"},\"inLanguage\":\"es\",\"potentialAction\":[{\"@type\":\"ReadAction\",\"target\":[\"https:\\\/\\\/www.subaru.es\\\/blog\\\/nuestra-marca\\\/robert-kubica-reaparece-ganando-a-los-mandos-de-un-subaru-impreza\\\/\"]}]},{\"@type\":\"ImageObject\",\"inLanguage\":\"es\",\"@id\":\"https:\\\/\\\/www.subaru.es\\\/blog\\\/nuestra-marca\\\/robert-kubica-reaparece-ganando-a-los-mandos-de-un-subaru-impreza\\\/#primaryimage\",\"url\":\"https:\\\/\\\/www.subaru.es\\\/blog\\\/wp-content\\\/uploads\\\/2012\\\/09\\\/Robert-Kubica-Subaru-Impreza.jpg\",\"contentUrl\":\"https:\\\/\\\/www.subaru.es\\\/blog\\\/wp-content\\\/uploads\\\/2012\\\/09\\\/Robert-Kubica-Subaru-Impreza.jpg\",\"width\":600,\"height\":450},{\"@type\":\"BreadcrumbList\",\"@id\":\"https:\\\/\\\/www.subaru.es\\\/blog\\\/nuestra-marca\\\/robert-kubica-reaparece-ganando-a-los-mandos-de-un-subaru-impreza\\\/#breadcrumb\",\"itemListElement\":[{\"@type\":\"ListItem\",\"position\":1,\"name\":\"Portada\",\"item\":\"https:\\\/\\\/www.subaru.es\\\/blog\\\/\"},{\"@type\":\"ListItem\",\"position\":2,\"name\":\"Robert Kubica reaparece ganando a los mandos de un Subaru Impreza\"}]},{\"@type\":\"WebSite\",\"@id\":\"https:\\\/\\\/www.subaru.es\\\/blog\\\/#website\",\"url\":\"https:\\\/\\\/www.subaru.es\\\/blog\\\/\",\"name\":\"Universo Subaru\",\"description\":\"Descubre este apasionante espacio de Subaru donde vas a conocer todo sobre nuestros coches y las experiencias que vivimos con ellos. Si est\u00e1s preparado para dejarte seducir por la filosof\u00eda Subaru, qu\u00e9date con nosotros.\",\"publisher\":{\"@id\":\"https:\\\/\\\/www.subaru.es\\\/blog\\\/#organization\"},\"potentialAction\":[{\"@type\":\"SearchAction\",\"target\":{\"@type\":\"EntryPoint\",\"urlTemplate\":\"https:\\\/\\\/www.subaru.es\\\/blog\\\/?s={search_term_string}\"},\"query-input\":{\"@type\":\"PropertyValueSpecification\",\"valueRequired\":true,\"valueName\":\"search_term_string\"}}],\"inLanguage\":\"es\"},{\"@type\":\"Organization\",\"@id\":\"https:\\\/\\\/www.subaru.es\\\/blog\\\/#organization\",\"name\":\"Subaru Espa\u00f1a S.A.\",\"url\":\"https:\\\/\\\/www.subaru.es\\\/blog\\\/\",\"logo\":{\"@type\":\"ImageObject\",\"inLanguage\":\"es\",\"@id\":\"https:\\\/\\\/www.subaru.es\\\/blog\\\/#\\\/schema\\\/logo\\\/image\\\/\",\"url\":\"https:\\\/\\\/www.subaru.es\\\/blog\\\/wp-content\\\/uploads\\\/2016\\\/12\\\/Logo-Subaru-TypeV_C300-scaled.jpg\",\"contentUrl\":\"https:\\\/\\\/www.subaru.es\\\/blog\\\/wp-content\\\/uploads\\\/2016\\\/12\\\/Logo-Subaru-TypeV_C300-scaled.jpg\",\"width\":2560,\"height\":1864,\"caption\":\"Subaru Espa\u00f1a S.A.\"},\"image\":{\"@id\":\"https:\\\/\\\/www.subaru.es\\\/blog\\\/#\\\/schema\\\/logo\\\/image\\\/\"},\"sameAs\":[\"https:\\\/\\\/www.facebook.com\\\/subaruespana\",\"https:\\\/\\\/www.instagram.com\\\/subarues\\\/\",\"https:\\\/\\\/www.youtube.com\\\/user\\\/subaruespana\"]},{\"@type\":\"Person\",\"@id\":\"https:\\\/\\\/www.subaru.es\\\/blog\\\/#\\\/schema\\\/person\\\/19a90b892230b8e0ec752704ddf4aa10\",\"name\":\"Subaru\",\"url\":\"https:\\\/\\\/www.subaru.es\\\/blog\\\/author\\\/subaria\\\/\"}]}<\/script>\n<!-- \/ Yoast SEO plugin. -->","yoast_head_json":{"title":"Robert Kubica reaparece ganando a los mandos de un Subaru Impreza - Universo Subaru","robots":{"index":"index","follow":"follow","max-snippet":"max-snippet:-1","max-image-preview":"max-image-preview:large","max-video-preview":"max-video-preview:-1"},"canonical":"https:\/\/www.subaru.es\/blog\/nuestra-marca\/robert-kubica-reaparece-ganando-a-los-mandos-de-un-subaru-impreza\/","og_locale":"es_ES","og_type":"article","og_title":"Robert Kubica reaparece ganando a los mandos de un Subaru Impreza - Universo Subaru","og_description":"Robert Kubica es de sobra conocido por cualquier aficionado al automovilismo. El piloto polaco era una de las m\u00e1s grandes promesas de la F\u00f3rmula 1 cuando sufri\u00f3 un terrible accidente mientras disputaba un rally, accidente que le dej\u00f3 graves secuelas que pronosticaban un futuro nada halag\u00fce\u00f1o. Por lo de pronto, el sue\u00f1o de la F\u00f3rmula [&hellip;]","og_url":"https:\/\/www.subaru.es\/blog\/nuestra-marca\/robert-kubica-reaparece-ganando-a-los-mandos-de-un-subaru-impreza\/","og_site_name":"Universo Subaru","article_publisher":"https:\/\/www.facebook.com\/subaruespana","article_published_time":"2012-09-21T10:04:00+00:00","article_modified_time":"2016-10-17T13:07:27+00:00","og_image":[{"width":600,"height":450,"url":"https:\/\/www.subaru.es\/blog\/wp-content\/uploads\/2012\/09\/Robert-Kubica-Subaru-Impreza.jpg","type":"image\/jpeg"}],"author":"Subaru","twitter_card":"summary_large_image","twitter_misc":{"Escrito por":"Subaru","Tiempo de lectura":"1 minuto"},"schema":{"@context":"https:\/\/schema.org","@graph":[{"@type":"Article","@id":"https:\/\/www.subaru.es\/blog\/nuestra-marca\/robert-kubica-reaparece-ganando-a-los-mandos-de-un-subaru-impreza\/#article","isPartOf":{"@id":"https:\/\/www.subaru.es\/blog\/nuestra-marca\/robert-kubica-reaparece-ganando-a-los-mandos-de-un-subaru-impreza\/"},"author":{"name":"Subaru","@id":"https:\/\/www.subaru.es\/blog\/#\/schema\/person\/19a90b892230b8e0ec752704ddf4aa10"},"headline":"Robert Kubica reaparece ganando a los mandos de un Subaru Impreza","datePublished":"2012-09-21T10:04:00+00:00","dateModified":"2016-10-17T13:07:27+00:00","mainEntityOfPage":{"@id":"https:\/\/www.subaru.es\/blog\/nuestra-marca\/robert-kubica-reaparece-ganando-a-los-mandos-de-un-subaru-impreza\/"},"wordCount":237,"commentCount":0,"publisher":{"@id":"https:\/\/www.subaru.es\/blog\/#organization"},"image":{"@id":"https:\/\/www.subaru.es\/blog\/nuestra-marca\/robert-kubica-reaparece-ganando-a-los-mandos-de-un-subaru-impreza\/#primaryimage"},"thumbnailUrl":"https:\/\/www.subaru.es\/blog\/wp-content\/uploads\/2012\/09\/Robert-Kubica-Subaru-Impreza.jpg","keywords":["rallyes","Robert Kubica","subaru impreza"],"articleSection":["Nuestra marca"],"inLanguage":"es","potentialAction":[{"@type":"CommentAction","name":"Comment","target":["https:\/\/www.subaru.es\/blog\/nuestra-marca\/robert-kubica-reaparece-ganando-a-los-mandos-de-un-subaru-impreza\/#respond"]}]},{"@type":"WebPage","@id":"https:\/\/www.subaru.es\/blog\/nuestra-marca\/robert-kubica-reaparece-ganando-a-los-mandos-de-un-subaru-impreza\/","url":"https:\/\/www.subaru.es\/blog\/nuestra-marca\/robert-kubica-reaparece-ganando-a-los-mandos-de-un-subaru-impreza\/","name":"Robert Kubica reaparece ganando a los mandos de un Subaru Impreza - Universo Subaru","isPartOf":{"@id":"https:\/\/www.subaru.es\/blog\/#website"},"primaryImageOfPage":{"@id":"https:\/\/www.subaru.es\/blog\/nuestra-marca\/robert-kubica-reaparece-ganando-a-los-mandos-de-un-subaru-impreza\/#primaryimage"},"image":{"@id":"https:\/\/www.subaru.es\/blog\/nuestra-marca\/robert-kubica-reaparece-ganando-a-los-mandos-de-un-subaru-impreza\/#primaryimage"},"thumbnailUrl":"https:\/\/www.subaru.es\/blog\/wp-content\/uploads\/2012\/09\/Robert-Kubica-Subaru-Impreza.jpg","datePublished":"2012-09-21T10:04:00+00:00","dateModified":"2016-10-17T13:07:27+00:00","breadcrumb":{"@id":"https:\/\/www.subaru.es\/blog\/nuestra-marca\/robert-kubica-reaparece-ganando-a-los-mandos-de-un-subaru-impreza\/#breadcrumb"},"inLanguage":"es","potentialAction":[{"@type":"ReadAction","target":["https:\/\/www.subaru.es\/blog\/nuestra-marca\/robert-kubica-reaparece-ganando-a-los-mandos-de-un-subaru-impreza\/"]}]},{"@type":"ImageObject","inLanguage":"es","@id":"https:\/\/www.subaru.es\/blog\/nuestra-marca\/robert-kubica-reaparece-ganando-a-los-mandos-de-un-subaru-impreza\/#primaryimage","url":"https:\/\/www.subaru.es\/blog\/wp-content\/uploads\/2012\/09\/Robert-Kubica-Subaru-Impreza.jpg","contentUrl":"https:\/\/www.subaru.es\/blog\/wp-content\/uploads\/2012\/09\/Robert-Kubica-Subaru-Impreza.jpg","width":600,"height":450},{"@type":"BreadcrumbList","@id":"https:\/\/www.subaru.es\/blog\/nuestra-marca\/robert-kubica-reaparece-ganando-a-los-mandos-de-un-subaru-impreza\/#breadcrumb","itemListElement":[{"@type":"ListItem","position":1,"name":"Portada","item":"https:\/\/www.subaru.es\/blog\/"},{"@type":"ListItem","position":2,"name":"Robert Kubica reaparece ganando a los mandos de un Subaru Impreza"}]},{"@type":"WebSite","@id":"https:\/\/www.subaru.es\/blog\/#website","url":"https:\/\/www.subaru.es\/blog\/","name":"Universo Subaru","description":"Descubre este apasionante espacio de Subaru donde vas a conocer todo sobre nuestros coches y las experiencias que vivimos con ellos. Si est\u00e1s preparado para dejarte seducir por la filosof\u00eda Subaru, qu\u00e9date con nosotros.","publisher":{"@id":"https:\/\/www.subaru.es\/blog\/#organization"},"potentialAction":[{"@type":"SearchAction","target":{"@type":"EntryPoint","urlTemplate":"https:\/\/www.subaru.es\/blog\/?s={search_term_string}"},"query-input":{"@type":"PropertyValueSpecification","valueRequired":true,"valueName":"search_term_string"}}],"inLanguage":"es"},{"@type":"Organization","@id":"https:\/\/www.subaru.es\/blog\/#organization","name":"Subaru Espa\u00f1a S.A.","url":"https:\/\/www.subaru.es\/blog\/","logo":{"@type":"ImageObject","inLanguage":"es","@id":"https:\/\/www.subaru.es\/blog\/#\/schema\/logo\/image\/","url":"https:\/\/www.subaru.es\/blog\/wp-content\/uploads\/2016\/12\/Logo-Subaru-TypeV_C300-scaled.jpg","contentUrl":"https:\/\/www.subaru.es\/blog\/wp-content\/uploads\/2016\/12\/Logo-Subaru-TypeV_C300-scaled.jpg","width":2560,"height":1864,"caption":"Subaru Espa\u00f1a S.A."},"image":{"@id":"https:\/\/www.subaru.es\/blog\/#\/schema\/logo\/image\/"},"sameAs":["https:\/\/www.facebook.com\/subaruespana","https:\/\/www.instagram.com\/subarues\/","https:\/\/www.youtube.com\/user\/subaruespana"]},{"@type":"Person","@id":"https:\/\/www.subaru.es\/blog\/#\/schema\/person\/19a90b892230b8e0ec752704ddf4aa10","name":"Subaru","url":"https:\/\/www.subaru.es\/blog\/author\/subaria\/"}]}},"_links":{"self":[{"href":"https:\/\/www.subaru.es\/blog\/wp-json\/wp\/v2\/posts\/7679","targetHints":{"allow":["GET"]}}],"collection":[{"href":"https:\/\/www.subaru.es\/blog\/wp-json\/wp\/v2\/posts"}],"about":[{"href":"https:\/\/www.subaru.es\/blog\/wp-json\/wp\/v2\/types\/post"}],"author":[{"embeddable":true,"href":"https:\/\/www.subaru.es\/blog\/wp-json\/wp\/v2\/users\/21"}],"replies":[{"embeddable":true,"href":"https:\/\/www.subaru.es\/blog\/wp-json\/wp\/v2\/comments?post=7679"}],"version-history":[{"count":1,"href":"https:\/\/www.subaru.es\/blog\/wp-json\/wp\/v2\/posts\/7679\/revisions"}],"predecessor-version":[{"id":14832,"href":"https:\/\/www.subaru.es\/blog\/wp-json\/wp\/v2\/posts\/7679\/revisions\/14832"}],"wp:featuredmedia":[{"embeddable":true,"href":"https:\/\/www.subaru.es\/blog\/wp-json\/wp\/v2\/media\/7680"}],"wp:attachment":[{"href":"https:\/\/www.subaru.es\/blog\/wp-json\/wp\/v2\/media?parent=7679"}],"wp:term":[{"taxonomy":"category","embeddable":true,"href":"https:\/\/www.subaru.es\/blog\/wp-json\/wp\/v2\/categories?post=7679"},{"taxonomy":"post_tag","embeddable":true,"href":"https:\/\/www.subaru.es\/blog\/wp-json\/wp\/v2\/tags?post=7679"}],"curies":[{"name":"wp","href":"https:\/\/api.w.org\/{rel}","templated":true}]}}