{"id":7628,"date":"2012-10-01T17:59:42","date_gmt":"2012-10-01T15:59:42","guid":{"rendered":"http:\/\/subaru.preproduccion.com\/blog\/?p=7628"},"modified":"2016-10-17T15:11:02","modified_gmt":"2016-10-17T13:11:02","slug":"prepara-tu-subaru-para-el-otono-7-elementos-que-debes-revisar","status":"publish","type":"post","link":"https:\/\/www.subaru.es\/blog\/nuestra-marca\/prepara-tu-subaru-para-el-otono-7-elementos-que-debes-revisar\/","title":{"rendered":"Prepara tu Subaru para el oto\u00f1o: 7 elementos que debes revisar"},"content":{"rendered":"<p><center><a href=\"https:\/\/www.subaru.es\/blog\/wp-content\/uploads\/2012\/08\/oto\u00f1o.jpg\"><img decoding=\"async\" class=\"alignnone size-full wp-image-7629 lazyload\" title=\"oto\u00f1o\" data-src=\"https:\/\/www.subaru.es\/blog\/wp-content\/uploads\/2012\/08\/oto\u00f1o.jpg\" alt=\"oto\u00f1o\" width=\"500\" height=\"375\" src=\"data:image\/svg+xml;base64,PHN2ZyB3aWR0aD0iMSIgaGVpZ2h0PSIxIiB4bWxucz0iaHR0cDovL3d3dy53My5vcmcvMjAwMC9zdmciPjwvc3ZnPg==\" style=\"--smush-placeholder-width: 500px; --smush-placeholder-aspect-ratio: 500\/375;\" \/><\/a><\/center><\/p>\n<p><a href=\"https:\/\/www.subaru.es\/blog\/wp-content\/uploads\/2012\/08\/oto\u00f1o.jpg\"><\/a>Sabemos lo que est\u00e1s pensando, que ya revisaste el coche <a href=\"https:\/\/www.subaru.es\/blog\/puesta-a-punto\/ayudando-a-tu-coche-a-sobrevivir-al-verano\/\" target=\"_blank\">antes de irte de vacaciones<\/a> y que lo dejaste todo en perfecto estado\u2026 Pero toda precauci\u00f3n es poca: al margen de que te hayas ido de viaje con tu Subaru o no,<strong> la llegada del oto\u00f1o supone la llegada tambi\u00e9n de unas condiciones meteorol\u00f3gicas distintas <\/strong>para las que hay que estar preparado. Estos son los 7 elementos que deber\u00edas revisar:<\/p>\n<p><strong><!--more-->1. <a href=\"https:\/\/www.subaru.es\/blog\/actualidad\/%C2%BFcomo-tenemos-los-neumaticos-un-estudio-nos-avisa-de-que-no-muy-bien\/\" target=\"_blank\">Neum\u00e1ticos<\/a>.<\/strong> Aseg\u00farate de que el dibujo tiene una profundidad de por lo menos 1,6 mil\u00edmetros. De hecho, si est\u00e1 ya por debajo de los 1,8 mil\u00edmetros, deber\u00edas cambiarlos. Y si el dibujo lo tienen bien, pero los neum\u00e1ticos tienen m\u00e1s de cuatro a\u00f1os, tambi\u00e9n.<\/p>\n<p><strong>2. <a href=\"https:\/\/www.subaru.es\/blog\/puesta-a-punto\/revisa-tus-limpiaparabrisas\/\" target=\"_blank\">Escobillas<\/a>.<\/strong> Exam\u00ednalas y f\u00edjate en el estado de la goma: si est\u00e1 cuarteada o si simplemente no barren todo lo que deber\u00edan el parabrisas, o lo hacen con mucho ruido, es el momento de cambiarlas. En oto\u00f1o con la lluvia te har\u00e1 falta que est\u00e9n perfectas.<\/p>\n<p><strong>3. L\u00edquido limpiaparabrisas. <\/strong>\u00bfTienes suficiente? Esta estaci\u00f3n lo utilizar\u00e1s m\u00e1s. Lo ideal es que lleves el dep\u00f3sito de ese l\u00edquido siempre lleno, su coste es bajo y es b\u00e1sico para llevar el parabrisas delantero siempre reluciente.<\/p>\n<p><strong>4. <a href=\"http:\/\/www.km77.com\/foro\/Conversacion.asp?idtopic=348760&amp;idforo=0\" target=\"_blank\">L\u00edquido refrigerante<\/a>.<\/strong> M\u00e1s l\u00edquidos que debes revisar. En este caso, aseg\u00farate de que el nivel est\u00e1 entre las marcas de m\u00e1ximo y m\u00ednimo que hay en su dep\u00f3sito. Rev\u00edsalo siempre con el motor fr\u00edo, aseg\u00farate de que no haya \u00f3xido en el dep\u00f3sito y si llevas m\u00e1s de dos a\u00f1os sin cambiarlo, \u00a1hazlo!<\/p>\n<p><strong>5. Aceite. <\/strong>Al igual que con el l\u00edquido refrigerante, con el motor en fr\u00edo (y el coche aparcado en llano), el aceite debe es tar entre las marcas de m\u00e1ximo y m\u00ednimo. De todas formas, es conveniente cambiarlo cada 15.000 km o dos a\u00f1os.<\/p>\n<p><strong>6. <a href=\"https:\/\/www.subaru.es\/blog\/puesta-a-punto\/%C2%BFcomo-alargar-la-vida-de-nuestras-baterias\/\" target=\"_blank\">Bater\u00eda<\/a>.<\/strong> Seg\u00fan la RACC, un 44% de sus asistencias en carretera en oto\u00f1o tienen que ver con la electr\u00f3nica del coche, sobre todo la bater\u00eda. \u00bfQu\u00e9 hacer para no ser uno de ellos? P\u00e1sate por un taller (si tu bater\u00eda no tiene testigo) y te verificar\u00e1n su estado gratis. Y si tiene m\u00e1s de cinco a\u00f1os, c\u00e1mbiala.<\/p>\n<p><strong>7. <a href=\"https:\/\/www.subaru.es\/blog\/puesta-a-punto\/consejos-de-seguridad-revisa-las-luces\/\" target=\"_blank\">Luces<\/a>.<\/strong> B\u00fascate a un amigo que te ayude a comprobar que todas las luces funcionan. Y, una vez m\u00e1s, si tienen m\u00e1s de cinco a\u00f1os, c\u00e1mbialas porque pierden intensidad.<\/p>\n<p>Ya est\u00e1: \u00a1Subaru listo para los meses fr\u00edos!<\/p>\n<p>V\u00eda | <a href=\"http:\/\/www.autofacil.es\/puesta-a-punto\/como-afecta-a-tu-coche-el-otono\" target=\"_blank\">Autofacil.es<\/a><br \/>\nFoto | <a href=\"http:\/\/www.flickr.com\/photos\/joiseyshowaa\/2027016518\/\" target=\"_blank\">joiseyshowaa<\/a><\/p>\n","protected":false},"excerpt":{"rendered":"<p>Sabemos lo que est\u00e1s pensando, que ya revisaste el coche antes de irte de vacaciones y que lo dejaste todo en perfecto estado\u2026 Pero toda precauci\u00f3n es poca: al margen de que te hayas ido de viaje con tu Subaru o no, la llegada del oto\u00f1o supone la llegada tambi\u00e9n de unas condiciones meteorol\u00f3gicas distintas [&hellip;]<\/p>\n","protected":false},"author":21,"featured_media":7629,"comment_status":"open","ping_status":"open","sticky":false,"template":"","format":"standard","meta":{"_acf_changed":false,"_eb_attr":"","inline_featured_image":false,"footnotes":""},"categories":[4401],"tags":[3120,4065,1843,3244,4066,3119,2747,3158,3117],"class_list":["post-7628","post","type-post","status-publish","format-standard","has-post-thumbnail","hentry","category-nuestra-marca","tag-aceite","tag-alumbrado","tag-bateria","tag-limpiaparabrisas","tag-liquido-refrigerante","tag-luces","tag-neumaticos","tag-otono","tag-revision"],"acf":[],"yoast_head":"<!-- This site is optimized with the Yoast SEO plugin v27.3 - https:\/\/yoast.com\/product\/yoast-seo-wordpress\/ -->\n<title>Prepara tu Subaru para el oto\u00f1o: 7 elementos que debes revisar - Universo Subaru<\/title>\n<meta name=\"robots\" content=\"index, follow, max-snippet:-1, max-image-preview:large, max-video-preview:-1\" \/>\n<link rel=\"canonical\" href=\"https:\/\/www.subaru.es\/blog\/nuestra-marca\/prepara-tu-subaru-para-el-otono-7-elementos-que-debes-revisar\/\" \/>\n<meta property=\"og:locale\" content=\"es_ES\" \/>\n<meta property=\"og:type\" content=\"article\" \/>\n<meta property=\"og:title\" content=\"Prepara tu Subaru para el oto\u00f1o: 7 elementos que debes revisar - Universo Subaru\" \/>\n<meta property=\"og:description\" content=\"Sabemos lo que est\u00e1s pensando, que ya revisaste el coche antes de irte de vacaciones y que lo dejaste todo en perfecto estado\u2026 Pero toda precauci\u00f3n es poca: al margen de que te hayas ido de viaje con tu Subaru o no, la llegada del oto\u00f1o supone la llegada tambi\u00e9n de unas condiciones meteorol\u00f3gicas distintas [&hellip;]\" \/>\n<meta property=\"og:url\" content=\"https:\/\/www.subaru.es\/blog\/nuestra-marca\/prepara-tu-subaru-para-el-otono-7-elementos-que-debes-revisar\/\" \/>\n<meta property=\"og:site_name\" content=\"Universo Subaru\" \/>\n<meta property=\"article:publisher\" content=\"https:\/\/www.facebook.com\/subaruespana\" \/>\n<meta property=\"article:published_time\" content=\"2012-10-01T15:59:42+00:00\" \/>\n<meta property=\"article:modified_time\" content=\"2016-10-17T13:11:02+00:00\" \/>\n<meta property=\"og:image\" content=\"https:\/\/www.subaru.es\/blog\/wp-content\/uploads\/2012\/08\/oto\u00f1o.jpg\" \/>\n\t<meta property=\"og:image:width\" content=\"500\" \/>\n\t<meta property=\"og:image:height\" content=\"375\" \/>\n\t<meta property=\"og:image:type\" content=\"image\/jpeg\" \/>\n<meta name=\"author\" content=\"Subaru\" \/>\n<meta name=\"twitter:card\" content=\"summary_large_image\" \/>\n<meta name=\"twitter:label1\" content=\"Escrito por\" \/>\n\t<meta name=\"twitter:data1\" content=\"Subaru\" \/>\n\t<meta name=\"twitter:label2\" content=\"Tiempo de lectura\" \/>\n\t<meta name=\"twitter:data2\" content=\"2 minutos\" \/>\n<script type=\"application\/ld+json\" class=\"yoast-schema-graph\">{\"@context\":\"https:\\\/\\\/schema.org\",\"@graph\":[{\"@type\":\"Article\",\"@id\":\"https:\\\/\\\/www.subaru.es\\\/blog\\\/nuestra-marca\\\/prepara-tu-subaru-para-el-otono-7-elementos-que-debes-revisar\\\/#article\",\"isPartOf\":{\"@id\":\"https:\\\/\\\/www.subaru.es\\\/blog\\\/nuestra-marca\\\/prepara-tu-subaru-para-el-otono-7-elementos-que-debes-revisar\\\/\"},\"author\":{\"name\":\"Subaru\",\"@id\":\"https:\\\/\\\/www.subaru.es\\\/blog\\\/#\\\/schema\\\/person\\\/19a90b892230b8e0ec752704ddf4aa10\"},\"headline\":\"Prepara tu Subaru para el oto\u00f1o: 7 elementos que debes revisar\",\"datePublished\":\"2012-10-01T15:59:42+00:00\",\"dateModified\":\"2016-10-17T13:11:02+00:00\",\"mainEntityOfPage\":{\"@id\":\"https:\\\/\\\/www.subaru.es\\\/blog\\\/nuestra-marca\\\/prepara-tu-subaru-para-el-otono-7-elementos-que-debes-revisar\\\/\"},\"wordCount\":459,\"commentCount\":0,\"publisher\":{\"@id\":\"https:\\\/\\\/www.subaru.es\\\/blog\\\/#organization\"},\"image\":{\"@id\":\"https:\\\/\\\/www.subaru.es\\\/blog\\\/nuestra-marca\\\/prepara-tu-subaru-para-el-otono-7-elementos-que-debes-revisar\\\/#primaryimage\"},\"thumbnailUrl\":\"https:\\\/\\\/www.subaru.es\\\/blog\\\/wp-content\\\/uploads\\\/2012\\\/08\\\/oto\u00f1o.jpg\",\"keywords\":[\"Aceite\",\"alumbrado\",\"bater\u00eda\",\"limpiaparabrisas\",\"l\u00edquido refrigerante\",\"Luces\",\"neum\u00e1ticos\",\"oto\u00f1o\",\"Revisi\u00f3n\"],\"articleSection\":[\"Nuestra marca\"],\"inLanguage\":\"es\",\"potentialAction\":[{\"@type\":\"CommentAction\",\"name\":\"Comment\",\"target\":[\"https:\\\/\\\/www.subaru.es\\\/blog\\\/nuestra-marca\\\/prepara-tu-subaru-para-el-otono-7-elementos-que-debes-revisar\\\/#respond\"]}]},{\"@type\":\"WebPage\",\"@id\":\"https:\\\/\\\/www.subaru.es\\\/blog\\\/nuestra-marca\\\/prepara-tu-subaru-para-el-otono-7-elementos-que-debes-revisar\\\/\",\"url\":\"https:\\\/\\\/www.subaru.es\\\/blog\\\/nuestra-marca\\\/prepara-tu-subaru-para-el-otono-7-elementos-que-debes-revisar\\\/\",\"name\":\"Prepara tu Subaru para el oto\u00f1o: 7 elementos que debes revisar - Universo Subaru\",\"isPartOf\":{\"@id\":\"https:\\\/\\\/www.subaru.es\\\/blog\\\/#website\"},\"primaryImageOfPage\":{\"@id\":\"https:\\\/\\\/www.subaru.es\\\/blog\\\/nuestra-marca\\\/prepara-tu-subaru-para-el-otono-7-elementos-que-debes-revisar\\\/#primaryimage\"},\"image\":{\"@id\":\"https:\\\/\\\/www.subaru.es\\\/blog\\\/nuestra-marca\\\/prepara-tu-subaru-para-el-otono-7-elementos-que-debes-revisar\\\/#primaryimage\"},\"thumbnailUrl\":\"https:\\\/\\\/www.subaru.es\\\/blog\\\/wp-content\\\/uploads\\\/2012\\\/08\\\/oto\u00f1o.jpg\",\"datePublished\":\"2012-10-01T15:59:42+00:00\",\"dateModified\":\"2016-10-17T13:11:02+00:00\",\"breadcrumb\":{\"@id\":\"https:\\\/\\\/www.subaru.es\\\/blog\\\/nuestra-marca\\\/prepara-tu-subaru-para-el-otono-7-elementos-que-debes-revisar\\\/#breadcrumb\"},\"inLanguage\":\"es\",\"potentialAction\":[{\"@type\":\"ReadAction\",\"target\":[\"https:\\\/\\\/www.subaru.es\\\/blog\\\/nuestra-marca\\\/prepara-tu-subaru-para-el-otono-7-elementos-que-debes-revisar\\\/\"]}]},{\"@type\":\"ImageObject\",\"inLanguage\":\"es\",\"@id\":\"https:\\\/\\\/www.subaru.es\\\/blog\\\/nuestra-marca\\\/prepara-tu-subaru-para-el-otono-7-elementos-que-debes-revisar\\\/#primaryimage\",\"url\":\"https:\\\/\\\/www.subaru.es\\\/blog\\\/wp-content\\\/uploads\\\/2012\\\/08\\\/oto\u00f1o.jpg\",\"contentUrl\":\"https:\\\/\\\/www.subaru.es\\\/blog\\\/wp-content\\\/uploads\\\/2012\\\/08\\\/oto\u00f1o.jpg\",\"width\":500,\"height\":375,\"caption\":\"oto\u00f1o\"},{\"@type\":\"BreadcrumbList\",\"@id\":\"https:\\\/\\\/www.subaru.es\\\/blog\\\/nuestra-marca\\\/prepara-tu-subaru-para-el-otono-7-elementos-que-debes-revisar\\\/#breadcrumb\",\"itemListElement\":[{\"@type\":\"ListItem\",\"position\":1,\"name\":\"Portada\",\"item\":\"https:\\\/\\\/www.subaru.es\\\/blog\\\/\"},{\"@type\":\"ListItem\",\"position\":2,\"name\":\"Prepara tu Subaru para el oto\u00f1o: 7 elementos que debes revisar\"}]},{\"@type\":\"WebSite\",\"@id\":\"https:\\\/\\\/www.subaru.es\\\/blog\\\/#website\",\"url\":\"https:\\\/\\\/www.subaru.es\\\/blog\\\/\",\"name\":\"Universo Subaru\",\"description\":\"Descubre este apasionante espacio de Subaru donde vas a conocer todo sobre nuestros coches y las experiencias que vivimos con ellos. Si est\u00e1s preparado para dejarte seducir por la filosof\u00eda Subaru, qu\u00e9date con nosotros.\",\"publisher\":{\"@id\":\"https:\\\/\\\/www.subaru.es\\\/blog\\\/#organization\"},\"potentialAction\":[{\"@type\":\"SearchAction\",\"target\":{\"@type\":\"EntryPoint\",\"urlTemplate\":\"https:\\\/\\\/www.subaru.es\\\/blog\\\/?s={search_term_string}\"},\"query-input\":{\"@type\":\"PropertyValueSpecification\",\"valueRequired\":true,\"valueName\":\"search_term_string\"}}],\"inLanguage\":\"es\"},{\"@type\":\"Organization\",\"@id\":\"https:\\\/\\\/www.subaru.es\\\/blog\\\/#organization\",\"name\":\"Subaru Espa\u00f1a S.A.\",\"url\":\"https:\\\/\\\/www.subaru.es\\\/blog\\\/\",\"logo\":{\"@type\":\"ImageObject\",\"inLanguage\":\"es\",\"@id\":\"https:\\\/\\\/www.subaru.es\\\/blog\\\/#\\\/schema\\\/logo\\\/image\\\/\",\"url\":\"https:\\\/\\\/www.subaru.es\\\/blog\\\/wp-content\\\/uploads\\\/2016\\\/12\\\/Logo-Subaru-TypeV_C300-scaled.jpg\",\"contentUrl\":\"https:\\\/\\\/www.subaru.es\\\/blog\\\/wp-content\\\/uploads\\\/2016\\\/12\\\/Logo-Subaru-TypeV_C300-scaled.jpg\",\"width\":2560,\"height\":1864,\"caption\":\"Subaru Espa\u00f1a S.A.\"},\"image\":{\"@id\":\"https:\\\/\\\/www.subaru.es\\\/blog\\\/#\\\/schema\\\/logo\\\/image\\\/\"},\"sameAs\":[\"https:\\\/\\\/www.facebook.com\\\/subaruespana\",\"https:\\\/\\\/www.instagram.com\\\/subarues\\\/\",\"https:\\\/\\\/www.youtube.com\\\/user\\\/subaruespana\"]},{\"@type\":\"Person\",\"@id\":\"https:\\\/\\\/www.subaru.es\\\/blog\\\/#\\\/schema\\\/person\\\/19a90b892230b8e0ec752704ddf4aa10\",\"name\":\"Subaru\",\"url\":\"https:\\\/\\\/www.subaru.es\\\/blog\\\/author\\\/subaria\\\/\"}]}<\/script>\n<!-- \/ Yoast SEO plugin. -->","yoast_head_json":{"title":"Prepara tu Subaru para el oto\u00f1o: 7 elementos que debes revisar - Universo Subaru","robots":{"index":"index","follow":"follow","max-snippet":"max-snippet:-1","max-image-preview":"max-image-preview:large","max-video-preview":"max-video-preview:-1"},"canonical":"https:\/\/www.subaru.es\/blog\/nuestra-marca\/prepara-tu-subaru-para-el-otono-7-elementos-que-debes-revisar\/","og_locale":"es_ES","og_type":"article","og_title":"Prepara tu Subaru para el oto\u00f1o: 7 elementos que debes revisar - Universo Subaru","og_description":"Sabemos lo que est\u00e1s pensando, que ya revisaste el coche antes de irte de vacaciones y que lo dejaste todo en perfecto estado\u2026 Pero toda precauci\u00f3n es poca: al margen de que te hayas ido de viaje con tu Subaru o no, la llegada del oto\u00f1o supone la llegada tambi\u00e9n de unas condiciones meteorol\u00f3gicas distintas [&hellip;]","og_url":"https:\/\/www.subaru.es\/blog\/nuestra-marca\/prepara-tu-subaru-para-el-otono-7-elementos-que-debes-revisar\/","og_site_name":"Universo Subaru","article_publisher":"https:\/\/www.facebook.com\/subaruespana","article_published_time":"2012-10-01T15:59:42+00:00","article_modified_time":"2016-10-17T13:11:02+00:00","og_image":[{"width":500,"height":375,"url":"https:\/\/www.subaru.es\/blog\/wp-content\/uploads\/2012\/08\/oto\u00f1o.jpg","type":"image\/jpeg"}],"author":"Subaru","twitter_card":"summary_large_image","twitter_misc":{"Escrito por":"Subaru","Tiempo de lectura":"2 minutos"},"schema":{"@context":"https:\/\/schema.org","@graph":[{"@type":"Article","@id":"https:\/\/www.subaru.es\/blog\/nuestra-marca\/prepara-tu-subaru-para-el-otono-7-elementos-que-debes-revisar\/#article","isPartOf":{"@id":"https:\/\/www.subaru.es\/blog\/nuestra-marca\/prepara-tu-subaru-para-el-otono-7-elementos-que-debes-revisar\/"},"author":{"name":"Subaru","@id":"https:\/\/www.subaru.es\/blog\/#\/schema\/person\/19a90b892230b8e0ec752704ddf4aa10"},"headline":"Prepara tu Subaru para el oto\u00f1o: 7 elementos que debes revisar","datePublished":"2012-10-01T15:59:42+00:00","dateModified":"2016-10-17T13:11:02+00:00","mainEntityOfPage":{"@id":"https:\/\/www.subaru.es\/blog\/nuestra-marca\/prepara-tu-subaru-para-el-otono-7-elementos-que-debes-revisar\/"},"wordCount":459,"commentCount":0,"publisher":{"@id":"https:\/\/www.subaru.es\/blog\/#organization"},"image":{"@id":"https:\/\/www.subaru.es\/blog\/nuestra-marca\/prepara-tu-subaru-para-el-otono-7-elementos-que-debes-revisar\/#primaryimage"},"thumbnailUrl":"https:\/\/www.subaru.es\/blog\/wp-content\/uploads\/2012\/08\/oto\u00f1o.jpg","keywords":["Aceite","alumbrado","bater\u00eda","limpiaparabrisas","l\u00edquido refrigerante","Luces","neum\u00e1ticos","oto\u00f1o","Revisi\u00f3n"],"articleSection":["Nuestra marca"],"inLanguage":"es","potentialAction":[{"@type":"CommentAction","name":"Comment","target":["https:\/\/www.subaru.es\/blog\/nuestra-marca\/prepara-tu-subaru-para-el-otono-7-elementos-que-debes-revisar\/#respond"]}]},{"@type":"WebPage","@id":"https:\/\/www.subaru.es\/blog\/nuestra-marca\/prepara-tu-subaru-para-el-otono-7-elementos-que-debes-revisar\/","url":"https:\/\/www.subaru.es\/blog\/nuestra-marca\/prepara-tu-subaru-para-el-otono-7-elementos-que-debes-revisar\/","name":"Prepara tu Subaru para el oto\u00f1o: 7 elementos que debes revisar - Universo Subaru","isPartOf":{"@id":"https:\/\/www.subaru.es\/blog\/#website"},"primaryImageOfPage":{"@id":"https:\/\/www.subaru.es\/blog\/nuestra-marca\/prepara-tu-subaru-para-el-otono-7-elementos-que-debes-revisar\/#primaryimage"},"image":{"@id":"https:\/\/www.subaru.es\/blog\/nuestra-marca\/prepara-tu-subaru-para-el-otono-7-elementos-que-debes-revisar\/#primaryimage"},"thumbnailUrl":"https:\/\/www.subaru.es\/blog\/wp-content\/uploads\/2012\/08\/oto\u00f1o.jpg","datePublished":"2012-10-01T15:59:42+00:00","dateModified":"2016-10-17T13:11:02+00:00","breadcrumb":{"@id":"https:\/\/www.subaru.es\/blog\/nuestra-marca\/prepara-tu-subaru-para-el-otono-7-elementos-que-debes-revisar\/#breadcrumb"},"inLanguage":"es","potentialAction":[{"@type":"ReadAction","target":["https:\/\/www.subaru.es\/blog\/nuestra-marca\/prepara-tu-subaru-para-el-otono-7-elementos-que-debes-revisar\/"]}]},{"@type":"ImageObject","inLanguage":"es","@id":"https:\/\/www.subaru.es\/blog\/nuestra-marca\/prepara-tu-subaru-para-el-otono-7-elementos-que-debes-revisar\/#primaryimage","url":"https:\/\/www.subaru.es\/blog\/wp-content\/uploads\/2012\/08\/oto\u00f1o.jpg","contentUrl":"https:\/\/www.subaru.es\/blog\/wp-content\/uploads\/2012\/08\/oto\u00f1o.jpg","width":500,"height":375,"caption":"oto\u00f1o"},{"@type":"BreadcrumbList","@id":"https:\/\/www.subaru.es\/blog\/nuestra-marca\/prepara-tu-subaru-para-el-otono-7-elementos-que-debes-revisar\/#breadcrumb","itemListElement":[{"@type":"ListItem","position":1,"name":"Portada","item":"https:\/\/www.subaru.es\/blog\/"},{"@type":"ListItem","position":2,"name":"Prepara tu Subaru para el oto\u00f1o: 7 elementos que debes revisar"}]},{"@type":"WebSite","@id":"https:\/\/www.subaru.es\/blog\/#website","url":"https:\/\/www.subaru.es\/blog\/","name":"Universo Subaru","description":"Descubre este apasionante espacio de Subaru donde vas a conocer todo sobre nuestros coches y las experiencias que vivimos con ellos. Si est\u00e1s preparado para dejarte seducir por la filosof\u00eda Subaru, qu\u00e9date con nosotros.","publisher":{"@id":"https:\/\/www.subaru.es\/blog\/#organization"},"potentialAction":[{"@type":"SearchAction","target":{"@type":"EntryPoint","urlTemplate":"https:\/\/www.subaru.es\/blog\/?s={search_term_string}"},"query-input":{"@type":"PropertyValueSpecification","valueRequired":true,"valueName":"search_term_string"}}],"inLanguage":"es"},{"@type":"Organization","@id":"https:\/\/www.subaru.es\/blog\/#organization","name":"Subaru Espa\u00f1a S.A.","url":"https:\/\/www.subaru.es\/blog\/","logo":{"@type":"ImageObject","inLanguage":"es","@id":"https:\/\/www.subaru.es\/blog\/#\/schema\/logo\/image\/","url":"https:\/\/www.subaru.es\/blog\/wp-content\/uploads\/2016\/12\/Logo-Subaru-TypeV_C300-scaled.jpg","contentUrl":"https:\/\/www.subaru.es\/blog\/wp-content\/uploads\/2016\/12\/Logo-Subaru-TypeV_C300-scaled.jpg","width":2560,"height":1864,"caption":"Subaru Espa\u00f1a S.A."},"image":{"@id":"https:\/\/www.subaru.es\/blog\/#\/schema\/logo\/image\/"},"sameAs":["https:\/\/www.facebook.com\/subaruespana","https:\/\/www.instagram.com\/subarues\/","https:\/\/www.youtube.com\/user\/subaruespana"]},{"@type":"Person","@id":"https:\/\/www.subaru.es\/blog\/#\/schema\/person\/19a90b892230b8e0ec752704ddf4aa10","name":"Subaru","url":"https:\/\/www.subaru.es\/blog\/author\/subaria\/"}]}},"_links":{"self":[{"href":"https:\/\/www.subaru.es\/blog\/wp-json\/wp\/v2\/posts\/7628","targetHints":{"allow":["GET"]}}],"collection":[{"href":"https:\/\/www.subaru.es\/blog\/wp-json\/wp\/v2\/posts"}],"about":[{"href":"https:\/\/www.subaru.es\/blog\/wp-json\/wp\/v2\/types\/post"}],"author":[{"embeddable":true,"href":"https:\/\/www.subaru.es\/blog\/wp-json\/wp\/v2\/users\/21"}],"replies":[{"embeddable":true,"href":"https:\/\/www.subaru.es\/blog\/wp-json\/wp\/v2\/comments?post=7628"}],"version-history":[{"count":1,"href":"https:\/\/www.subaru.es\/blog\/wp-json\/wp\/v2\/posts\/7628\/revisions"}],"predecessor-version":[{"id":15870,"href":"https:\/\/www.subaru.es\/blog\/wp-json\/wp\/v2\/posts\/7628\/revisions\/15870"}],"wp:featuredmedia":[{"embeddable":true,"href":"https:\/\/www.subaru.es\/blog\/wp-json\/wp\/v2\/media\/7629"}],"wp:attachment":[{"href":"https:\/\/www.subaru.es\/blog\/wp-json\/wp\/v2\/media?parent=7628"}],"wp:term":[{"taxonomy":"category","embeddable":true,"href":"https:\/\/www.subaru.es\/blog\/wp-json\/wp\/v2\/categories?post=7628"},{"taxonomy":"post_tag","embeddable":true,"href":"https:\/\/www.subaru.es\/blog\/wp-json\/wp\/v2\/tags?post=7628"}],"curies":[{"name":"wp","href":"https:\/\/api.w.org\/{rel}","templated":true}]}}