{"id":7552,"date":"2012-12-28T13:14:11","date_gmt":"2012-12-28T11:14:11","guid":{"rendered":"http:\/\/subaru.preproduccion.com\/blog\/?p=7552"},"modified":"2016-10-17T15:11:01","modified_gmt":"2016-10-17T13:11:01","slug":"resolviendo-el-problema-de-los-electricos-baterias-que-se-cargan-en-minutos","status":"publish","type":"post","link":"https:\/\/www.subaru.es\/blog\/nuestra-marca\/resolviendo-el-problema-de-los-electricos-baterias-que-se-cargan-en-minutos\/","title":{"rendered":"Resolviendo el problema de los el\u00e9ctricos: bater\u00edas que se cargan en minutos"},"content":{"rendered":"<p><center><a href=\"https:\/\/www.subaru.es\/blog\/wp-content\/uploads\/2012\/08\/electrico.jpg\"><img decoding=\"async\" class=\"alignnone size-full wp-image-7553 lazyload\" title=\"electrico\" data-src=\"https:\/\/www.subaru.es\/blog\/wp-content\/uploads\/2012\/08\/electrico.jpg\" alt=\"\" width=\"500\" height=\"375\" src=\"data:image\/svg+xml;base64,PHN2ZyB3aWR0aD0iMSIgaGVpZ2h0PSIxIiB4bWxucz0iaHR0cDovL3d3dy53My5vcmcvMjAwMC9zdmciPjwvc3ZnPg==\" style=\"--smush-placeholder-width: 500px; --smush-placeholder-aspect-ratio: 500\/375;\" \/><\/a><\/center><\/p>\n<p><a href=\"https:\/\/www.subaru.es\/blog\/wp-content\/uploads\/2012\/08\/electrico.jpg\"><\/a>Si eres de los que est\u00e1n pensando en hacerse con un veh\u00edculo el\u00e9ctrico pero no se acaban de decidir, seguro que una de las cosas que m\u00e1s te echan hacia atr\u00e1s es lo de los <a href=\"http:\/\/blogs.elpais.com\/coche-electrico\/2011\/04\/en-busca-de-la-recarga-perfecta.html\" target=\"_blank\">tiempos de carga de la bater\u00eda<\/a>. <strong>\u00bfSe tarda en repostar varias horas? <\/strong>Efectivamente, no parece algo \u00fatil, pero ya hay investigaciones que buscan acabar con este problema y unos cient\u00edficos coreanos aseguran haber dado con la clave.<!--more--><\/p>\n<p>\u00bfC\u00f3mo han logrado que, seg\u00fan dicen, <strong>las bater\u00edas tarden apenas unos minutos en cargarse<\/strong>? El m\u00e9todo utilizado fue el de introducir grafito en la soluci\u00f3n del electrolito de la bater\u00eda. Gracias a las part\u00edculas de carbono, se forman puentes que hacen que el flujo de energ\u00eda sea m\u00e1s homog\u00e9neo.<\/p>\n<p>Y es que en las bater\u00edas actuales la carga no se realiza de forma homog\u00e9nea, sino que tiene que hacerse de fuera (el punto por el que reciben la corriente) hacia adentro. E<strong>l nuevo sistema permitir\u00eda que toda la bater\u00eda se cargase por igual.<\/strong><\/p>\n<p>Eso s\u00ed, el descubrimiento de los cient\u00edficos coreanos no es tampoco milagroso ni arregla por completo el problema de los el\u00e9ctricos: las bater\u00edas se cargan mucho m\u00e1s r\u00e1pido, s\u00ed, pero c<strong>ontin\u00faan teniendo la misma capacidad <\/strong>(claro que hay otras <a href=\"https:\/\/www.subaru.es\/blog\/eco-innovacion\/nuevo-avance-en-baterias-%C2%BFllegaran-por-fin-los-electricos\/\" target=\"_blank\">investigaciones que aseguran haber solucionado este tema<\/a>). En cuanto a si se podr\u00eda utilizar este m\u00e9todo tambi\u00e9n para otros dispositivos electr\u00f3nicos, parece ser que al ser tan peque\u00f1os la introducci\u00f3n del grafito no cambiar\u00eda mucho las cosas.<\/p>\n<p>No obstante, el descubrimiento no deja de ser importante y <a href=\"http:\/\/www.motorpasionfuturo.com\/espaciorenaultze\/avances-en-baterias-para-vehiculos-electricos-duplicar-su-capacidad-es-reducir-a-la-mitad-el-coste\" target=\"_blank\">un paso m\u00e1s en la buena direcci\u00f3n<\/a>. \u00a1La adopci\u00f3n generalizada de los veh\u00edculos el\u00e9ctricos es cuesti\u00f3n de tiempo!<\/p>\n<p>V\u00eda | <a href=\"http:\/\/www.xataka.com\/gadgets-y-coches\/baterias-para-coches-electricos-que-cargan-en-minutos\" target=\"_blank\">Xataka<\/a><br \/>\nFoto | <a href=\"http:\/\/www.flickr.com\/photos\/perolofforsberg\/6635353443\/\" target=\"_blank\">Per-Olof Forsberg <\/a><\/p>\n","protected":false},"excerpt":{"rendered":"<p>Si eres de los que est\u00e1n pensando en hacerse con un veh\u00edculo el\u00e9ctrico pero no se acaban de decidir, seguro que una de las cosas que m\u00e1s te echan hacia atr\u00e1s es lo de los tiempos de carga de la bater\u00eda. \u00bfSe tarda en repostar varias horas? Efectivamente, no parece algo \u00fatil, pero ya hay [&hellip;]<\/p>\n","protected":false},"author":21,"featured_media":7553,"comment_status":"open","ping_status":"open","sticky":false,"template":"","format":"standard","meta":{"_acf_changed":false,"_eb_attr":"","inline_featured_image":false,"footnotes":""},"categories":[4401],"tags":[3775,4054,3464,2417,3300,1620],"class_list":["post-7552","post","type-post","status-publish","format-standard","has-post-thumbnail","hentry","category-nuestra-marca","tag-baterias","tag-grafito","tag-investigacion","tag-sistema-de-recarga-rapida","tag-vehiculos-ecologicos","tag-vehiculos-electricos"],"acf":[],"yoast_head":"<!-- This site is optimized with the Yoast SEO plugin v27.3 - https:\/\/yoast.com\/product\/yoast-seo-wordpress\/ -->\n<title>Resolviendo el problema de los el\u00e9ctricos: bater\u00edas que se cargan en minutos - Universo Subaru<\/title>\n<meta name=\"robots\" content=\"index, follow, max-snippet:-1, max-image-preview:large, max-video-preview:-1\" \/>\n<link rel=\"canonical\" href=\"https:\/\/www.subaru.es\/blog\/nuestra-marca\/resolviendo-el-problema-de-los-electricos-baterias-que-se-cargan-en-minutos\/\" \/>\n<meta property=\"og:locale\" content=\"es_ES\" \/>\n<meta property=\"og:type\" content=\"article\" \/>\n<meta property=\"og:title\" content=\"Resolviendo el problema de los el\u00e9ctricos: bater\u00edas que se cargan en minutos - Universo Subaru\" \/>\n<meta property=\"og:description\" content=\"Si eres de los que est\u00e1n pensando en hacerse con un veh\u00edculo el\u00e9ctrico pero no se acaban de decidir, seguro que una de las cosas que m\u00e1s te echan hacia atr\u00e1s es lo de los tiempos de carga de la bater\u00eda. \u00bfSe tarda en repostar varias horas? Efectivamente, no parece algo \u00fatil, pero ya hay [&hellip;]\" \/>\n<meta property=\"og:url\" content=\"https:\/\/www.subaru.es\/blog\/nuestra-marca\/resolviendo-el-problema-de-los-electricos-baterias-que-se-cargan-en-minutos\/\" \/>\n<meta property=\"og:site_name\" content=\"Universo Subaru\" \/>\n<meta property=\"article:publisher\" content=\"https:\/\/www.facebook.com\/subaruespana\" \/>\n<meta property=\"article:published_time\" content=\"2012-12-28T11:14:11+00:00\" \/>\n<meta property=\"article:modified_time\" content=\"2016-10-17T13:11:01+00:00\" \/>\n<meta property=\"og:image\" content=\"https:\/\/www.subaru.es\/blog\/wp-content\/uploads\/2012\/08\/electrico.jpg\" \/>\n\t<meta property=\"og:image:width\" content=\"500\" \/>\n\t<meta property=\"og:image:height\" content=\"375\" \/>\n\t<meta property=\"og:image:type\" content=\"image\/jpeg\" \/>\n<meta name=\"author\" content=\"Subaru\" \/>\n<meta name=\"twitter:card\" content=\"summary_large_image\" \/>\n<meta name=\"twitter:label1\" content=\"Escrito por\" \/>\n\t<meta name=\"twitter:data1\" content=\"Subaru\" \/>\n\t<meta name=\"twitter:label2\" content=\"Tiempo de lectura\" \/>\n\t<meta name=\"twitter:data2\" content=\"2 minutos\" \/>\n<script type=\"application\/ld+json\" class=\"yoast-schema-graph\">{\"@context\":\"https:\\\/\\\/schema.org\",\"@graph\":[{\"@type\":\"Article\",\"@id\":\"https:\\\/\\\/www.subaru.es\\\/blog\\\/nuestra-marca\\\/resolviendo-el-problema-de-los-electricos-baterias-que-se-cargan-en-minutos\\\/#article\",\"isPartOf\":{\"@id\":\"https:\\\/\\\/www.subaru.es\\\/blog\\\/nuestra-marca\\\/resolviendo-el-problema-de-los-electricos-baterias-que-se-cargan-en-minutos\\\/\"},\"author\":{\"name\":\"Subaru\",\"@id\":\"https:\\\/\\\/www.subaru.es\\\/blog\\\/#\\\/schema\\\/person\\\/19a90b892230b8e0ec752704ddf4aa10\"},\"headline\":\"Resolviendo el problema de los el\u00e9ctricos: bater\u00edas que se cargan en minutos\",\"datePublished\":\"2012-12-28T11:14:11+00:00\",\"dateModified\":\"2016-10-17T13:11:01+00:00\",\"mainEntityOfPage\":{\"@id\":\"https:\\\/\\\/www.subaru.es\\\/blog\\\/nuestra-marca\\\/resolviendo-el-problema-de-los-electricos-baterias-que-se-cargan-en-minutos\\\/\"},\"wordCount\":329,\"commentCount\":1,\"publisher\":{\"@id\":\"https:\\\/\\\/www.subaru.es\\\/blog\\\/#organization\"},\"image\":{\"@id\":\"https:\\\/\\\/www.subaru.es\\\/blog\\\/nuestra-marca\\\/resolviendo-el-problema-de-los-electricos-baterias-que-se-cargan-en-minutos\\\/#primaryimage\"},\"thumbnailUrl\":\"https:\\\/\\\/www.subaru.es\\\/blog\\\/wp-content\\\/uploads\\\/2012\\\/08\\\/electrico.jpg\",\"keywords\":[\"bater\u00edas\",\"grafito\",\"investigaci\u00f3n\",\"sistema de recarga r\u00e1pida\",\"veh\u00edculos ecol\u00f3gicos\",\"Veh\u00edculos El\u00e9ctricos\"],\"articleSection\":[\"Nuestra marca\"],\"inLanguage\":\"es\",\"potentialAction\":[{\"@type\":\"CommentAction\",\"name\":\"Comment\",\"target\":[\"https:\\\/\\\/www.subaru.es\\\/blog\\\/nuestra-marca\\\/resolviendo-el-problema-de-los-electricos-baterias-que-se-cargan-en-minutos\\\/#respond\"]}]},{\"@type\":\"WebPage\",\"@id\":\"https:\\\/\\\/www.subaru.es\\\/blog\\\/nuestra-marca\\\/resolviendo-el-problema-de-los-electricos-baterias-que-se-cargan-en-minutos\\\/\",\"url\":\"https:\\\/\\\/www.subaru.es\\\/blog\\\/nuestra-marca\\\/resolviendo-el-problema-de-los-electricos-baterias-que-se-cargan-en-minutos\\\/\",\"name\":\"Resolviendo el problema de los el\u00e9ctricos: bater\u00edas que se cargan en minutos - Universo Subaru\",\"isPartOf\":{\"@id\":\"https:\\\/\\\/www.subaru.es\\\/blog\\\/#website\"},\"primaryImageOfPage\":{\"@id\":\"https:\\\/\\\/www.subaru.es\\\/blog\\\/nuestra-marca\\\/resolviendo-el-problema-de-los-electricos-baterias-que-se-cargan-en-minutos\\\/#primaryimage\"},\"image\":{\"@id\":\"https:\\\/\\\/www.subaru.es\\\/blog\\\/nuestra-marca\\\/resolviendo-el-problema-de-los-electricos-baterias-que-se-cargan-en-minutos\\\/#primaryimage\"},\"thumbnailUrl\":\"https:\\\/\\\/www.subaru.es\\\/blog\\\/wp-content\\\/uploads\\\/2012\\\/08\\\/electrico.jpg\",\"datePublished\":\"2012-12-28T11:14:11+00:00\",\"dateModified\":\"2016-10-17T13:11:01+00:00\",\"breadcrumb\":{\"@id\":\"https:\\\/\\\/www.subaru.es\\\/blog\\\/nuestra-marca\\\/resolviendo-el-problema-de-los-electricos-baterias-que-se-cargan-en-minutos\\\/#breadcrumb\"},\"inLanguage\":\"es\",\"potentialAction\":[{\"@type\":\"ReadAction\",\"target\":[\"https:\\\/\\\/www.subaru.es\\\/blog\\\/nuestra-marca\\\/resolviendo-el-problema-de-los-electricos-baterias-que-se-cargan-en-minutos\\\/\"]}]},{\"@type\":\"ImageObject\",\"inLanguage\":\"es\",\"@id\":\"https:\\\/\\\/www.subaru.es\\\/blog\\\/nuestra-marca\\\/resolviendo-el-problema-de-los-electricos-baterias-que-se-cargan-en-minutos\\\/#primaryimage\",\"url\":\"https:\\\/\\\/www.subaru.es\\\/blog\\\/wp-content\\\/uploads\\\/2012\\\/08\\\/electrico.jpg\",\"contentUrl\":\"https:\\\/\\\/www.subaru.es\\\/blog\\\/wp-content\\\/uploads\\\/2012\\\/08\\\/electrico.jpg\",\"width\":500,\"height\":375},{\"@type\":\"BreadcrumbList\",\"@id\":\"https:\\\/\\\/www.subaru.es\\\/blog\\\/nuestra-marca\\\/resolviendo-el-problema-de-los-electricos-baterias-que-se-cargan-en-minutos\\\/#breadcrumb\",\"itemListElement\":[{\"@type\":\"ListItem\",\"position\":1,\"name\":\"Portada\",\"item\":\"https:\\\/\\\/www.subaru.es\\\/blog\\\/\"},{\"@type\":\"ListItem\",\"position\":2,\"name\":\"Resolviendo el problema de los el\u00e9ctricos: bater\u00edas que se cargan en minutos\"}]},{\"@type\":\"WebSite\",\"@id\":\"https:\\\/\\\/www.subaru.es\\\/blog\\\/#website\",\"url\":\"https:\\\/\\\/www.subaru.es\\\/blog\\\/\",\"name\":\"Universo Subaru\",\"description\":\"Descubre este apasionante espacio de Subaru donde vas a conocer todo sobre nuestros coches y las experiencias que vivimos con ellos. Si est\u00e1s preparado para dejarte seducir por la filosof\u00eda Subaru, qu\u00e9date con nosotros.\",\"publisher\":{\"@id\":\"https:\\\/\\\/www.subaru.es\\\/blog\\\/#organization\"},\"potentialAction\":[{\"@type\":\"SearchAction\",\"target\":{\"@type\":\"EntryPoint\",\"urlTemplate\":\"https:\\\/\\\/www.subaru.es\\\/blog\\\/?s={search_term_string}\"},\"query-input\":{\"@type\":\"PropertyValueSpecification\",\"valueRequired\":true,\"valueName\":\"search_term_string\"}}],\"inLanguage\":\"es\"},{\"@type\":\"Organization\",\"@id\":\"https:\\\/\\\/www.subaru.es\\\/blog\\\/#organization\",\"name\":\"Subaru Espa\u00f1a S.A.\",\"url\":\"https:\\\/\\\/www.subaru.es\\\/blog\\\/\",\"logo\":{\"@type\":\"ImageObject\",\"inLanguage\":\"es\",\"@id\":\"https:\\\/\\\/www.subaru.es\\\/blog\\\/#\\\/schema\\\/logo\\\/image\\\/\",\"url\":\"https:\\\/\\\/www.subaru.es\\\/blog\\\/wp-content\\\/uploads\\\/2016\\\/12\\\/Logo-Subaru-TypeV_C300-scaled.jpg\",\"contentUrl\":\"https:\\\/\\\/www.subaru.es\\\/blog\\\/wp-content\\\/uploads\\\/2016\\\/12\\\/Logo-Subaru-TypeV_C300-scaled.jpg\",\"width\":2560,\"height\":1864,\"caption\":\"Subaru Espa\u00f1a S.A.\"},\"image\":{\"@id\":\"https:\\\/\\\/www.subaru.es\\\/blog\\\/#\\\/schema\\\/logo\\\/image\\\/\"},\"sameAs\":[\"https:\\\/\\\/www.facebook.com\\\/subaruespana\",\"https:\\\/\\\/www.instagram.com\\\/subarues\\\/\",\"https:\\\/\\\/www.youtube.com\\\/user\\\/subaruespana\"]},{\"@type\":\"Person\",\"@id\":\"https:\\\/\\\/www.subaru.es\\\/blog\\\/#\\\/schema\\\/person\\\/19a90b892230b8e0ec752704ddf4aa10\",\"name\":\"Subaru\",\"url\":\"https:\\\/\\\/www.subaru.es\\\/blog\\\/author\\\/subaria\\\/\"}]}<\/script>\n<!-- \/ Yoast SEO plugin. -->","yoast_head_json":{"title":"Resolviendo el problema de los el\u00e9ctricos: bater\u00edas que se cargan en minutos - Universo Subaru","robots":{"index":"index","follow":"follow","max-snippet":"max-snippet:-1","max-image-preview":"max-image-preview:large","max-video-preview":"max-video-preview:-1"},"canonical":"https:\/\/www.subaru.es\/blog\/nuestra-marca\/resolviendo-el-problema-de-los-electricos-baterias-que-se-cargan-en-minutos\/","og_locale":"es_ES","og_type":"article","og_title":"Resolviendo el problema de los el\u00e9ctricos: bater\u00edas que se cargan en minutos - Universo Subaru","og_description":"Si eres de los que est\u00e1n pensando en hacerse con un veh\u00edculo el\u00e9ctrico pero no se acaban de decidir, seguro que una de las cosas que m\u00e1s te echan hacia atr\u00e1s es lo de los tiempos de carga de la bater\u00eda. \u00bfSe tarda en repostar varias horas? Efectivamente, no parece algo \u00fatil, pero ya hay [&hellip;]","og_url":"https:\/\/www.subaru.es\/blog\/nuestra-marca\/resolviendo-el-problema-de-los-electricos-baterias-que-se-cargan-en-minutos\/","og_site_name":"Universo Subaru","article_publisher":"https:\/\/www.facebook.com\/subaruespana","article_published_time":"2012-12-28T11:14:11+00:00","article_modified_time":"2016-10-17T13:11:01+00:00","og_image":[{"width":500,"height":375,"url":"https:\/\/www.subaru.es\/blog\/wp-content\/uploads\/2012\/08\/electrico.jpg","type":"image\/jpeg"}],"author":"Subaru","twitter_card":"summary_large_image","twitter_misc":{"Escrito por":"Subaru","Tiempo de lectura":"2 minutos"},"schema":{"@context":"https:\/\/schema.org","@graph":[{"@type":"Article","@id":"https:\/\/www.subaru.es\/blog\/nuestra-marca\/resolviendo-el-problema-de-los-electricos-baterias-que-se-cargan-en-minutos\/#article","isPartOf":{"@id":"https:\/\/www.subaru.es\/blog\/nuestra-marca\/resolviendo-el-problema-de-los-electricos-baterias-que-se-cargan-en-minutos\/"},"author":{"name":"Subaru","@id":"https:\/\/www.subaru.es\/blog\/#\/schema\/person\/19a90b892230b8e0ec752704ddf4aa10"},"headline":"Resolviendo el problema de los el\u00e9ctricos: bater\u00edas que se cargan en minutos","datePublished":"2012-12-28T11:14:11+00:00","dateModified":"2016-10-17T13:11:01+00:00","mainEntityOfPage":{"@id":"https:\/\/www.subaru.es\/blog\/nuestra-marca\/resolviendo-el-problema-de-los-electricos-baterias-que-se-cargan-en-minutos\/"},"wordCount":329,"commentCount":1,"publisher":{"@id":"https:\/\/www.subaru.es\/blog\/#organization"},"image":{"@id":"https:\/\/www.subaru.es\/blog\/nuestra-marca\/resolviendo-el-problema-de-los-electricos-baterias-que-se-cargan-en-minutos\/#primaryimage"},"thumbnailUrl":"https:\/\/www.subaru.es\/blog\/wp-content\/uploads\/2012\/08\/electrico.jpg","keywords":["bater\u00edas","grafito","investigaci\u00f3n","sistema de recarga r\u00e1pida","veh\u00edculos ecol\u00f3gicos","Veh\u00edculos El\u00e9ctricos"],"articleSection":["Nuestra marca"],"inLanguage":"es","potentialAction":[{"@type":"CommentAction","name":"Comment","target":["https:\/\/www.subaru.es\/blog\/nuestra-marca\/resolviendo-el-problema-de-los-electricos-baterias-que-se-cargan-en-minutos\/#respond"]}]},{"@type":"WebPage","@id":"https:\/\/www.subaru.es\/blog\/nuestra-marca\/resolviendo-el-problema-de-los-electricos-baterias-que-se-cargan-en-minutos\/","url":"https:\/\/www.subaru.es\/blog\/nuestra-marca\/resolviendo-el-problema-de-los-electricos-baterias-que-se-cargan-en-minutos\/","name":"Resolviendo el problema de los el\u00e9ctricos: bater\u00edas que se cargan en minutos - Universo Subaru","isPartOf":{"@id":"https:\/\/www.subaru.es\/blog\/#website"},"primaryImageOfPage":{"@id":"https:\/\/www.subaru.es\/blog\/nuestra-marca\/resolviendo-el-problema-de-los-electricos-baterias-que-se-cargan-en-minutos\/#primaryimage"},"image":{"@id":"https:\/\/www.subaru.es\/blog\/nuestra-marca\/resolviendo-el-problema-de-los-electricos-baterias-que-se-cargan-en-minutos\/#primaryimage"},"thumbnailUrl":"https:\/\/www.subaru.es\/blog\/wp-content\/uploads\/2012\/08\/electrico.jpg","datePublished":"2012-12-28T11:14:11+00:00","dateModified":"2016-10-17T13:11:01+00:00","breadcrumb":{"@id":"https:\/\/www.subaru.es\/blog\/nuestra-marca\/resolviendo-el-problema-de-los-electricos-baterias-que-se-cargan-en-minutos\/#breadcrumb"},"inLanguage":"es","potentialAction":[{"@type":"ReadAction","target":["https:\/\/www.subaru.es\/blog\/nuestra-marca\/resolviendo-el-problema-de-los-electricos-baterias-que-se-cargan-en-minutos\/"]}]},{"@type":"ImageObject","inLanguage":"es","@id":"https:\/\/www.subaru.es\/blog\/nuestra-marca\/resolviendo-el-problema-de-los-electricos-baterias-que-se-cargan-en-minutos\/#primaryimage","url":"https:\/\/www.subaru.es\/blog\/wp-content\/uploads\/2012\/08\/electrico.jpg","contentUrl":"https:\/\/www.subaru.es\/blog\/wp-content\/uploads\/2012\/08\/electrico.jpg","width":500,"height":375},{"@type":"BreadcrumbList","@id":"https:\/\/www.subaru.es\/blog\/nuestra-marca\/resolviendo-el-problema-de-los-electricos-baterias-que-se-cargan-en-minutos\/#breadcrumb","itemListElement":[{"@type":"ListItem","position":1,"name":"Portada","item":"https:\/\/www.subaru.es\/blog\/"},{"@type":"ListItem","position":2,"name":"Resolviendo el problema de los el\u00e9ctricos: bater\u00edas que se cargan en minutos"}]},{"@type":"WebSite","@id":"https:\/\/www.subaru.es\/blog\/#website","url":"https:\/\/www.subaru.es\/blog\/","name":"Universo Subaru","description":"Descubre este apasionante espacio de Subaru donde vas a conocer todo sobre nuestros coches y las experiencias que vivimos con ellos. Si est\u00e1s preparado para dejarte seducir por la filosof\u00eda Subaru, qu\u00e9date con nosotros.","publisher":{"@id":"https:\/\/www.subaru.es\/blog\/#organization"},"potentialAction":[{"@type":"SearchAction","target":{"@type":"EntryPoint","urlTemplate":"https:\/\/www.subaru.es\/blog\/?s={search_term_string}"},"query-input":{"@type":"PropertyValueSpecification","valueRequired":true,"valueName":"search_term_string"}}],"inLanguage":"es"},{"@type":"Organization","@id":"https:\/\/www.subaru.es\/blog\/#organization","name":"Subaru Espa\u00f1a S.A.","url":"https:\/\/www.subaru.es\/blog\/","logo":{"@type":"ImageObject","inLanguage":"es","@id":"https:\/\/www.subaru.es\/blog\/#\/schema\/logo\/image\/","url":"https:\/\/www.subaru.es\/blog\/wp-content\/uploads\/2016\/12\/Logo-Subaru-TypeV_C300-scaled.jpg","contentUrl":"https:\/\/www.subaru.es\/blog\/wp-content\/uploads\/2016\/12\/Logo-Subaru-TypeV_C300-scaled.jpg","width":2560,"height":1864,"caption":"Subaru Espa\u00f1a S.A."},"image":{"@id":"https:\/\/www.subaru.es\/blog\/#\/schema\/logo\/image\/"},"sameAs":["https:\/\/www.facebook.com\/subaruespana","https:\/\/www.instagram.com\/subarues\/","https:\/\/www.youtube.com\/user\/subaruespana"]},{"@type":"Person","@id":"https:\/\/www.subaru.es\/blog\/#\/schema\/person\/19a90b892230b8e0ec752704ddf4aa10","name":"Subaru","url":"https:\/\/www.subaru.es\/blog\/author\/subaria\/"}]}},"_links":{"self":[{"href":"https:\/\/www.subaru.es\/blog\/wp-json\/wp\/v2\/posts\/7552","targetHints":{"allow":["GET"]}}],"collection":[{"href":"https:\/\/www.subaru.es\/blog\/wp-json\/wp\/v2\/posts"}],"about":[{"href":"https:\/\/www.subaru.es\/blog\/wp-json\/wp\/v2\/types\/post"}],"author":[{"embeddable":true,"href":"https:\/\/www.subaru.es\/blog\/wp-json\/wp\/v2\/users\/21"}],"replies":[{"embeddable":true,"href":"https:\/\/www.subaru.es\/blog\/wp-json\/wp\/v2\/comments?post=7552"}],"version-history":[{"count":1,"href":"https:\/\/www.subaru.es\/blog\/wp-json\/wp\/v2\/posts\/7552\/revisions"}],"predecessor-version":[{"id":15860,"href":"https:\/\/www.subaru.es\/blog\/wp-json\/wp\/v2\/posts\/7552\/revisions\/15860"}],"wp:featuredmedia":[{"embeddable":true,"href":"https:\/\/www.subaru.es\/blog\/wp-json\/wp\/v2\/media\/7553"}],"wp:attachment":[{"href":"https:\/\/www.subaru.es\/blog\/wp-json\/wp\/v2\/media?parent=7552"}],"wp:term":[{"taxonomy":"category","embeddable":true,"href":"https:\/\/www.subaru.es\/blog\/wp-json\/wp\/v2\/categories?post=7552"},{"taxonomy":"post_tag","embeddable":true,"href":"https:\/\/www.subaru.es\/blog\/wp-json\/wp\/v2\/tags?post=7552"}],"curies":[{"name":"wp","href":"https:\/\/api.w.org\/{rel}","templated":true}]}}