{"id":739,"date":"2008-03-29T20:03:33","date_gmt":"2008-03-29T18:03:33","guid":{"rendered":"http:\/\/subaru.preproduccion.com\/blog\/wp-content\/2008\/03\/29\/subaru-y-dominguez-victoria-en-el-ii-rally-cordillera-2008\/"},"modified":"2020-08-06T11:50:13","modified_gmt":"2020-08-06T09:50:13","slug":"subaru-y-dominguez-victoria-en-el-ii-rally-cordillera-2008","status":"publish","type":"post","link":"https:\/\/www.subaru.es\/blog\/nuestra-marca\/subaru-y-dominguez-victoria-en-el-ii-rally-cordillera-2008\/","title":{"rendered":"Subaru y Dom\u00ednguez, victoria en el II Rally Cordillera 2008"},"content":{"rendered":"<p><center><img data-src='https:\/\/www.subaru.es\/blog\/wp-content\/uploads\/2008\/03\/diego-dominguez-rally-cordillera.jpg' alt='Diego Dom\u00ednguez, Subaru Impreza' src='data:image\/svg+xml;base64,PHN2ZyB3aWR0aD0iMSIgaGVpZ2h0PSIxIiB4bWxucz0iaHR0cDovL3d3dy53My5vcmcvMjAwMC9zdmciPjwvc3ZnPg==' class='lazyload' style='--smush-placeholder-width: 445px; --smush-placeholder-aspect-ratio: 445\/277;' \/><\/center><\/p>\n<p>El piloto <strong>Diego Dom\u00ednguez<\/strong>, a los mandos del <strong>nuevo Subaru Impreza 2008<\/strong>, se ha impuesto en la primera cita del Campeonato Nacional de Rally, el II de Cordillera y la primera fecha del Sudamericano de la especialidad.<\/p>\n<p>El paraguayo, escoltado en el asiento de copiloto por el <strong>argentino Fernando Mussano<\/strong>, ha cumplido satisfactoriamente con la primera gran prueba de la temporada en el continente transatl\u00e1ntico.<\/p>\n<p>Dom\u00ednguez se sit\u00faa as\u00ed primero en la general y en la N 4, tras imponerse en 8 de las 13 pruebas especiales.<\/p>\n<blockquote><p>\u201cEs muy bueno comenzar el campeonato paraguayo y el Codasur con un triunfo, pero lastimosamente debieron desertar, ayer Itor Galeano y hoy Miki Zaldivar, con quienes ven\u00edamos haciendo una linda carrera. Ganar ac\u00e1 siempre tiene un gusto muy especial y lo celebr\u00f3 con mi copiloto, mi equipo y la gente que conf\u00eda en nosotros. Quiero destacar un p\u00e1rrafo aparte para la organizaci\u00f3n de la carrera. Me sac\u00f3 el sombrero ante ellos porque fue una excelente carrera y demostraron que est\u00e1n a la altura de las circunstancias\u201d.<br \/>\n<strong>Diego Dom\u00ednguez, Subaru Impreza<\/strong><\/p><\/blockquote>\n","protected":false},"excerpt":{"rendered":"<p>El piloto Diego Dom\u00ednguez, a los mandos del nuevo Subaru Impreza 2008, se ha impuesto en la primera cita del Campeonato Nacional de Rally, el II de Cordillera y la primera fecha del Sudamericano de la especialidad. El paraguayo, escoltado en el asiento de copiloto por el argentino Fernando Mussano, ha cumplido satisfactoriamente con la [&hellip;]<\/p>\n","protected":false},"author":21,"featured_media":740,"comment_status":"open","ping_status":"open","sticky":false,"template":"","format":"standard","meta":{"_acf_changed":false,"_eb_attr":"","inline_featured_image":false,"footnotes":""},"categories":[4401],"tags":[298,299,10,395,393,4390,394],"class_list":["post-739","post","type-post","status-publish","format-standard","has-post-thumbnail","hentry","category-nuestra-marca","tag-diego","tag-dominguez","tag-impreza","tag-paraguayo","tag-rallye-cordillera","tag-subaru","tag-sudamericano"],"acf":[],"yoast_head":"<!-- This site is optimized with the Yoast SEO plugin v27.3 - https:\/\/yoast.com\/product\/yoast-seo-wordpress\/ -->\n<title>Subaru y Dom\u00ednguez, victoria en el II Rally Cordillera 2008 - Universo Subaru<\/title>\n<meta name=\"robots\" content=\"index, follow, max-snippet:-1, max-image-preview:large, max-video-preview:-1\" \/>\n<link rel=\"canonical\" href=\"https:\/\/www.subaru.es\/blog\/nuestra-marca\/subaru-y-dominguez-victoria-en-el-ii-rally-cordillera-2008\/\" \/>\n<meta property=\"og:locale\" content=\"es_ES\" \/>\n<meta property=\"og:type\" content=\"article\" \/>\n<meta property=\"og:title\" content=\"Subaru y Dom\u00ednguez, victoria en el II Rally Cordillera 2008 - Universo Subaru\" \/>\n<meta property=\"og:description\" content=\"El piloto Diego Dom\u00ednguez, a los mandos del nuevo Subaru Impreza 2008, se ha impuesto en la primera cita del Campeonato Nacional de Rally, el II de Cordillera y la primera fecha del Sudamericano de la especialidad. El paraguayo, escoltado en el asiento de copiloto por el argentino Fernando Mussano, ha cumplido satisfactoriamente con la [&hellip;]\" \/>\n<meta property=\"og:url\" content=\"https:\/\/www.subaru.es\/blog\/nuestra-marca\/subaru-y-dominguez-victoria-en-el-ii-rally-cordillera-2008\/\" \/>\n<meta property=\"og:site_name\" content=\"Universo Subaru\" \/>\n<meta property=\"article:publisher\" content=\"https:\/\/www.facebook.com\/subaruespana\" \/>\n<meta property=\"article:published_time\" content=\"2008-03-29T18:03:33+00:00\" \/>\n<meta property=\"article:modified_time\" content=\"2020-08-06T09:50:13+00:00\" \/>\n<meta property=\"og:image\" content=\"https:\/\/www.subaru.es\/blog\/wp-content\/uploads\/2008\/03\/diego-dominguez-rally-cordillera.jpg\" \/>\n\t<meta property=\"og:image:width\" content=\"445\" \/>\n\t<meta property=\"og:image:height\" content=\"277\" \/>\n\t<meta property=\"og:image:type\" content=\"image\/jpeg\" \/>\n<meta name=\"author\" content=\"Subaru\" \/>\n<meta name=\"twitter:card\" content=\"summary_large_image\" \/>\n<meta name=\"twitter:label1\" content=\"Escrito por\" \/>\n\t<meta name=\"twitter:data1\" content=\"Subaru\" \/>\n\t<meta name=\"twitter:label2\" content=\"Tiempo de lectura\" \/>\n\t<meta name=\"twitter:data2\" content=\"1 minuto\" \/>\n<script type=\"application\/ld+json\" class=\"yoast-schema-graph\">{\"@context\":\"https:\\\/\\\/schema.org\",\"@graph\":[{\"@type\":\"Article\",\"@id\":\"https:\\\/\\\/www.subaru.es\\\/blog\\\/nuestra-marca\\\/subaru-y-dominguez-victoria-en-el-ii-rally-cordillera-2008\\\/#article\",\"isPartOf\":{\"@id\":\"https:\\\/\\\/www.subaru.es\\\/blog\\\/nuestra-marca\\\/subaru-y-dominguez-victoria-en-el-ii-rally-cordillera-2008\\\/\"},\"author\":{\"name\":\"Subaru\",\"@id\":\"https:\\\/\\\/www.subaru.es\\\/blog\\\/#\\\/schema\\\/person\\\/19a90b892230b8e0ec752704ddf4aa10\"},\"headline\":\"Subaru y Dom\u00ednguez, victoria en el II Rally Cordillera 2008\",\"datePublished\":\"2008-03-29T18:03:33+00:00\",\"dateModified\":\"2020-08-06T09:50:13+00:00\",\"mainEntityOfPage\":{\"@id\":\"https:\\\/\\\/www.subaru.es\\\/blog\\\/nuestra-marca\\\/subaru-y-dominguez-victoria-en-el-ii-rally-cordillera-2008\\\/\"},\"wordCount\":193,\"commentCount\":1,\"publisher\":{\"@id\":\"https:\\\/\\\/www.subaru.es\\\/blog\\\/#organization\"},\"image\":{\"@id\":\"https:\\\/\\\/www.subaru.es\\\/blog\\\/nuestra-marca\\\/subaru-y-dominguez-victoria-en-el-ii-rally-cordillera-2008\\\/#primaryimage\"},\"thumbnailUrl\":\"https:\\\/\\\/www.subaru.es\\\/blog\\\/wp-content\\\/uploads\\\/2008\\\/03\\\/diego-dominguez-rally-cordillera.jpg\",\"keywords\":[\"diego\",\"dominguez\",\"impreza\",\"paraguayo\",\"rallye cordillera\",\"Subaru\",\"sudamericano\"],\"articleSection\":[\"Nuestra marca\"],\"inLanguage\":\"es\",\"potentialAction\":[{\"@type\":\"CommentAction\",\"name\":\"Comment\",\"target\":[\"https:\\\/\\\/www.subaru.es\\\/blog\\\/nuestra-marca\\\/subaru-y-dominguez-victoria-en-el-ii-rally-cordillera-2008\\\/#respond\"]}]},{\"@type\":\"WebPage\",\"@id\":\"https:\\\/\\\/www.subaru.es\\\/blog\\\/nuestra-marca\\\/subaru-y-dominguez-victoria-en-el-ii-rally-cordillera-2008\\\/\",\"url\":\"https:\\\/\\\/www.subaru.es\\\/blog\\\/nuestra-marca\\\/subaru-y-dominguez-victoria-en-el-ii-rally-cordillera-2008\\\/\",\"name\":\"Subaru y Dom\u00ednguez, victoria en el II Rally Cordillera 2008 - Universo Subaru\",\"isPartOf\":{\"@id\":\"https:\\\/\\\/www.subaru.es\\\/blog\\\/#website\"},\"primaryImageOfPage\":{\"@id\":\"https:\\\/\\\/www.subaru.es\\\/blog\\\/nuestra-marca\\\/subaru-y-dominguez-victoria-en-el-ii-rally-cordillera-2008\\\/#primaryimage\"},\"image\":{\"@id\":\"https:\\\/\\\/www.subaru.es\\\/blog\\\/nuestra-marca\\\/subaru-y-dominguez-victoria-en-el-ii-rally-cordillera-2008\\\/#primaryimage\"},\"thumbnailUrl\":\"https:\\\/\\\/www.subaru.es\\\/blog\\\/wp-content\\\/uploads\\\/2008\\\/03\\\/diego-dominguez-rally-cordillera.jpg\",\"datePublished\":\"2008-03-29T18:03:33+00:00\",\"dateModified\":\"2020-08-06T09:50:13+00:00\",\"breadcrumb\":{\"@id\":\"https:\\\/\\\/www.subaru.es\\\/blog\\\/nuestra-marca\\\/subaru-y-dominguez-victoria-en-el-ii-rally-cordillera-2008\\\/#breadcrumb\"},\"inLanguage\":\"es\",\"potentialAction\":[{\"@type\":\"ReadAction\",\"target\":[\"https:\\\/\\\/www.subaru.es\\\/blog\\\/nuestra-marca\\\/subaru-y-dominguez-victoria-en-el-ii-rally-cordillera-2008\\\/\"]}]},{\"@type\":\"ImageObject\",\"inLanguage\":\"es\",\"@id\":\"https:\\\/\\\/www.subaru.es\\\/blog\\\/nuestra-marca\\\/subaru-y-dominguez-victoria-en-el-ii-rally-cordillera-2008\\\/#primaryimage\",\"url\":\"https:\\\/\\\/www.subaru.es\\\/blog\\\/wp-content\\\/uploads\\\/2008\\\/03\\\/diego-dominguez-rally-cordillera.jpg\",\"contentUrl\":\"https:\\\/\\\/www.subaru.es\\\/blog\\\/wp-content\\\/uploads\\\/2008\\\/03\\\/diego-dominguez-rally-cordillera.jpg\",\"width\":445,\"height\":277},{\"@type\":\"BreadcrumbList\",\"@id\":\"https:\\\/\\\/www.subaru.es\\\/blog\\\/nuestra-marca\\\/subaru-y-dominguez-victoria-en-el-ii-rally-cordillera-2008\\\/#breadcrumb\",\"itemListElement\":[{\"@type\":\"ListItem\",\"position\":1,\"name\":\"Portada\",\"item\":\"https:\\\/\\\/www.subaru.es\\\/blog\\\/\"},{\"@type\":\"ListItem\",\"position\":2,\"name\":\"Subaru y Dom\u00ednguez, victoria en el II Rally Cordillera 2008\"}]},{\"@type\":\"WebSite\",\"@id\":\"https:\\\/\\\/www.subaru.es\\\/blog\\\/#website\",\"url\":\"https:\\\/\\\/www.subaru.es\\\/blog\\\/\",\"name\":\"Universo Subaru\",\"description\":\"Descubre este apasionante espacio de Subaru donde vas a conocer todo sobre nuestros coches y las experiencias que vivimos con ellos. Si est\u00e1s preparado para dejarte seducir por la filosof\u00eda Subaru, qu\u00e9date con nosotros.\",\"publisher\":{\"@id\":\"https:\\\/\\\/www.subaru.es\\\/blog\\\/#organization\"},\"potentialAction\":[{\"@type\":\"SearchAction\",\"target\":{\"@type\":\"EntryPoint\",\"urlTemplate\":\"https:\\\/\\\/www.subaru.es\\\/blog\\\/?s={search_term_string}\"},\"query-input\":{\"@type\":\"PropertyValueSpecification\",\"valueRequired\":true,\"valueName\":\"search_term_string\"}}],\"inLanguage\":\"es\"},{\"@type\":\"Organization\",\"@id\":\"https:\\\/\\\/www.subaru.es\\\/blog\\\/#organization\",\"name\":\"Subaru Espa\u00f1a S.A.\",\"url\":\"https:\\\/\\\/www.subaru.es\\\/blog\\\/\",\"logo\":{\"@type\":\"ImageObject\",\"inLanguage\":\"es\",\"@id\":\"https:\\\/\\\/www.subaru.es\\\/blog\\\/#\\\/schema\\\/logo\\\/image\\\/\",\"url\":\"https:\\\/\\\/www.subaru.es\\\/blog\\\/wp-content\\\/uploads\\\/2016\\\/12\\\/Logo-Subaru-TypeV_C300-scaled.jpg\",\"contentUrl\":\"https:\\\/\\\/www.subaru.es\\\/blog\\\/wp-content\\\/uploads\\\/2016\\\/12\\\/Logo-Subaru-TypeV_C300-scaled.jpg\",\"width\":2560,\"height\":1864,\"caption\":\"Subaru Espa\u00f1a S.A.\"},\"image\":{\"@id\":\"https:\\\/\\\/www.subaru.es\\\/blog\\\/#\\\/schema\\\/logo\\\/image\\\/\"},\"sameAs\":[\"https:\\\/\\\/www.facebook.com\\\/subaruespana\",\"https:\\\/\\\/www.instagram.com\\\/subarues\\\/\",\"https:\\\/\\\/www.youtube.com\\\/user\\\/subaruespana\"]},{\"@type\":\"Person\",\"@id\":\"https:\\\/\\\/www.subaru.es\\\/blog\\\/#\\\/schema\\\/person\\\/19a90b892230b8e0ec752704ddf4aa10\",\"name\":\"Subaru\",\"url\":\"https:\\\/\\\/www.subaru.es\\\/blog\\\/author\\\/subaria\\\/\"}]}<\/script>\n<!-- \/ Yoast SEO plugin. -->","yoast_head_json":{"title":"Subaru y Dom\u00ednguez, victoria en el II Rally Cordillera 2008 - Universo Subaru","robots":{"index":"index","follow":"follow","max-snippet":"max-snippet:-1","max-image-preview":"max-image-preview:large","max-video-preview":"max-video-preview:-1"},"canonical":"https:\/\/www.subaru.es\/blog\/nuestra-marca\/subaru-y-dominguez-victoria-en-el-ii-rally-cordillera-2008\/","og_locale":"es_ES","og_type":"article","og_title":"Subaru y Dom\u00ednguez, victoria en el II Rally Cordillera 2008 - Universo Subaru","og_description":"El piloto Diego Dom\u00ednguez, a los mandos del nuevo Subaru Impreza 2008, se ha impuesto en la primera cita del Campeonato Nacional de Rally, el II de Cordillera y la primera fecha del Sudamericano de la especialidad. El paraguayo, escoltado en el asiento de copiloto por el argentino Fernando Mussano, ha cumplido satisfactoriamente con la [&hellip;]","og_url":"https:\/\/www.subaru.es\/blog\/nuestra-marca\/subaru-y-dominguez-victoria-en-el-ii-rally-cordillera-2008\/","og_site_name":"Universo Subaru","article_publisher":"https:\/\/www.facebook.com\/subaruespana","article_published_time":"2008-03-29T18:03:33+00:00","article_modified_time":"2020-08-06T09:50:13+00:00","og_image":[{"width":445,"height":277,"url":"https:\/\/www.subaru.es\/blog\/wp-content\/uploads\/2008\/03\/diego-dominguez-rally-cordillera.jpg","type":"image\/jpeg"}],"author":"Subaru","twitter_card":"summary_large_image","twitter_misc":{"Escrito por":"Subaru","Tiempo de lectura":"1 minuto"},"schema":{"@context":"https:\/\/schema.org","@graph":[{"@type":"Article","@id":"https:\/\/www.subaru.es\/blog\/nuestra-marca\/subaru-y-dominguez-victoria-en-el-ii-rally-cordillera-2008\/#article","isPartOf":{"@id":"https:\/\/www.subaru.es\/blog\/nuestra-marca\/subaru-y-dominguez-victoria-en-el-ii-rally-cordillera-2008\/"},"author":{"name":"Subaru","@id":"https:\/\/www.subaru.es\/blog\/#\/schema\/person\/19a90b892230b8e0ec752704ddf4aa10"},"headline":"Subaru y Dom\u00ednguez, victoria en el II Rally Cordillera 2008","datePublished":"2008-03-29T18:03:33+00:00","dateModified":"2020-08-06T09:50:13+00:00","mainEntityOfPage":{"@id":"https:\/\/www.subaru.es\/blog\/nuestra-marca\/subaru-y-dominguez-victoria-en-el-ii-rally-cordillera-2008\/"},"wordCount":193,"commentCount":1,"publisher":{"@id":"https:\/\/www.subaru.es\/blog\/#organization"},"image":{"@id":"https:\/\/www.subaru.es\/blog\/nuestra-marca\/subaru-y-dominguez-victoria-en-el-ii-rally-cordillera-2008\/#primaryimage"},"thumbnailUrl":"https:\/\/www.subaru.es\/blog\/wp-content\/uploads\/2008\/03\/diego-dominguez-rally-cordillera.jpg","keywords":["diego","dominguez","impreza","paraguayo","rallye cordillera","Subaru","sudamericano"],"articleSection":["Nuestra marca"],"inLanguage":"es","potentialAction":[{"@type":"CommentAction","name":"Comment","target":["https:\/\/www.subaru.es\/blog\/nuestra-marca\/subaru-y-dominguez-victoria-en-el-ii-rally-cordillera-2008\/#respond"]}]},{"@type":"WebPage","@id":"https:\/\/www.subaru.es\/blog\/nuestra-marca\/subaru-y-dominguez-victoria-en-el-ii-rally-cordillera-2008\/","url":"https:\/\/www.subaru.es\/blog\/nuestra-marca\/subaru-y-dominguez-victoria-en-el-ii-rally-cordillera-2008\/","name":"Subaru y Dom\u00ednguez, victoria en el II Rally Cordillera 2008 - Universo Subaru","isPartOf":{"@id":"https:\/\/www.subaru.es\/blog\/#website"},"primaryImageOfPage":{"@id":"https:\/\/www.subaru.es\/blog\/nuestra-marca\/subaru-y-dominguez-victoria-en-el-ii-rally-cordillera-2008\/#primaryimage"},"image":{"@id":"https:\/\/www.subaru.es\/blog\/nuestra-marca\/subaru-y-dominguez-victoria-en-el-ii-rally-cordillera-2008\/#primaryimage"},"thumbnailUrl":"https:\/\/www.subaru.es\/blog\/wp-content\/uploads\/2008\/03\/diego-dominguez-rally-cordillera.jpg","datePublished":"2008-03-29T18:03:33+00:00","dateModified":"2020-08-06T09:50:13+00:00","breadcrumb":{"@id":"https:\/\/www.subaru.es\/blog\/nuestra-marca\/subaru-y-dominguez-victoria-en-el-ii-rally-cordillera-2008\/#breadcrumb"},"inLanguage":"es","potentialAction":[{"@type":"ReadAction","target":["https:\/\/www.subaru.es\/blog\/nuestra-marca\/subaru-y-dominguez-victoria-en-el-ii-rally-cordillera-2008\/"]}]},{"@type":"ImageObject","inLanguage":"es","@id":"https:\/\/www.subaru.es\/blog\/nuestra-marca\/subaru-y-dominguez-victoria-en-el-ii-rally-cordillera-2008\/#primaryimage","url":"https:\/\/www.subaru.es\/blog\/wp-content\/uploads\/2008\/03\/diego-dominguez-rally-cordillera.jpg","contentUrl":"https:\/\/www.subaru.es\/blog\/wp-content\/uploads\/2008\/03\/diego-dominguez-rally-cordillera.jpg","width":445,"height":277},{"@type":"BreadcrumbList","@id":"https:\/\/www.subaru.es\/blog\/nuestra-marca\/subaru-y-dominguez-victoria-en-el-ii-rally-cordillera-2008\/#breadcrumb","itemListElement":[{"@type":"ListItem","position":1,"name":"Portada","item":"https:\/\/www.subaru.es\/blog\/"},{"@type":"ListItem","position":2,"name":"Subaru y Dom\u00ednguez, victoria en el II Rally Cordillera 2008"}]},{"@type":"WebSite","@id":"https:\/\/www.subaru.es\/blog\/#website","url":"https:\/\/www.subaru.es\/blog\/","name":"Universo Subaru","description":"Descubre este apasionante espacio de Subaru donde vas a conocer todo sobre nuestros coches y las experiencias que vivimos con ellos. Si est\u00e1s preparado para dejarte seducir por la filosof\u00eda Subaru, qu\u00e9date con nosotros.","publisher":{"@id":"https:\/\/www.subaru.es\/blog\/#organization"},"potentialAction":[{"@type":"SearchAction","target":{"@type":"EntryPoint","urlTemplate":"https:\/\/www.subaru.es\/blog\/?s={search_term_string}"},"query-input":{"@type":"PropertyValueSpecification","valueRequired":true,"valueName":"search_term_string"}}],"inLanguage":"es"},{"@type":"Organization","@id":"https:\/\/www.subaru.es\/blog\/#organization","name":"Subaru Espa\u00f1a S.A.","url":"https:\/\/www.subaru.es\/blog\/","logo":{"@type":"ImageObject","inLanguage":"es","@id":"https:\/\/www.subaru.es\/blog\/#\/schema\/logo\/image\/","url":"https:\/\/www.subaru.es\/blog\/wp-content\/uploads\/2016\/12\/Logo-Subaru-TypeV_C300-scaled.jpg","contentUrl":"https:\/\/www.subaru.es\/blog\/wp-content\/uploads\/2016\/12\/Logo-Subaru-TypeV_C300-scaled.jpg","width":2560,"height":1864,"caption":"Subaru Espa\u00f1a S.A."},"image":{"@id":"https:\/\/www.subaru.es\/blog\/#\/schema\/logo\/image\/"},"sameAs":["https:\/\/www.facebook.com\/subaruespana","https:\/\/www.instagram.com\/subarues\/","https:\/\/www.youtube.com\/user\/subaruespana"]},{"@type":"Person","@id":"https:\/\/www.subaru.es\/blog\/#\/schema\/person\/19a90b892230b8e0ec752704ddf4aa10","name":"Subaru","url":"https:\/\/www.subaru.es\/blog\/author\/subaria\/"}]}},"_links":{"self":[{"href":"https:\/\/www.subaru.es\/blog\/wp-json\/wp\/v2\/posts\/739","targetHints":{"allow":["GET"]}}],"collection":[{"href":"https:\/\/www.subaru.es\/blog\/wp-json\/wp\/v2\/posts"}],"about":[{"href":"https:\/\/www.subaru.es\/blog\/wp-json\/wp\/v2\/types\/post"}],"author":[{"embeddable":true,"href":"https:\/\/www.subaru.es\/blog\/wp-json\/wp\/v2\/users\/21"}],"replies":[{"embeddable":true,"href":"https:\/\/www.subaru.es\/blog\/wp-json\/wp\/v2\/comments?post=739"}],"version-history":[{"count":1,"href":"https:\/\/www.subaru.es\/blog\/wp-json\/wp\/v2\/posts\/739\/revisions"}],"predecessor-version":[{"id":15637,"href":"https:\/\/www.subaru.es\/blog\/wp-json\/wp\/v2\/posts\/739\/revisions\/15637"}],"wp:featuredmedia":[{"embeddable":true,"href":"https:\/\/www.subaru.es\/blog\/wp-json\/wp\/v2\/media\/740"}],"wp:attachment":[{"href":"https:\/\/www.subaru.es\/blog\/wp-json\/wp\/v2\/media?parent=739"}],"wp:term":[{"taxonomy":"category","embeddable":true,"href":"https:\/\/www.subaru.es\/blog\/wp-json\/wp\/v2\/categories?post=739"},{"taxonomy":"post_tag","embeddable":true,"href":"https:\/\/www.subaru.es\/blog\/wp-json\/wp\/v2\/tags?post=739"}],"curies":[{"name":"wp","href":"https:\/\/api.w.org\/{rel}","templated":true}]}}