{"id":7353,"date":"2012-07-24T17:25:32","date_gmt":"2012-07-24T15:25:32","guid":{"rendered":"http:\/\/subaru.preproduccion.com\/blog\/?p=7353"},"modified":"2016-10-17T15:11:03","modified_gmt":"2016-10-17T13:11:03","slug":"vota-a-subaru-en-los-premios-auto-bild-de-diseno-2012","status":"publish","type":"post","link":"https:\/\/www.subaru.es\/blog\/nuestra-marca\/vota-a-subaru-en-los-premios-auto-bild-de-diseno-2012\/","title":{"rendered":"\u00a1Vota a Subaru en los Premios AUTO BILD de Dise\u00f1o 2012!"},"content":{"rendered":"<p><a href=\"https:\/\/www.subaru.es\/blog\/wp-content\/uploads\/2012\/07\/subarubrz.jpg\"><img decoding=\"async\" class=\"alignnone size-full wp-image-7354 lazyload\" title=\"Subaru BRZ\" data-src=\"https:\/\/www.subaru.es\/blog\/wp-content\/uploads\/2012\/07\/subarubrz.jpg\" alt=\"Subaru BRZ\" width=\"500\" height=\"333\" data-srcset=\"https:\/\/www.subaru.es\/blog\/wp-content\/uploads\/2012\/07\/subarubrz.jpg 600w, https:\/\/www.subaru.es\/blog\/wp-content\/uploads\/2012\/07\/subarubrz-560x372.jpg 560w\" data-sizes=\"(max-width: 500px) 100vw, 500px\" src=\"data:image\/svg+xml;base64,PHN2ZyB3aWR0aD0iMSIgaGVpZ2h0PSIxIiB4bWxucz0iaHR0cDovL3d3dy53My5vcmcvMjAwMC9zdmciPjwvc3ZnPg==\" style=\"--smush-placeholder-width: 500px; --smush-placeholder-aspect-ratio: 500\/333;\" \/><\/a><\/p>\n<p><a href=\"https:\/\/www.subaru.es\/blog\/wp-content\/uploads\/2012\/07\/subarubrz.jpg\"><\/a>Muchas veces al hablar de un coche nos centramos demasiado en las caracter\u00edsticas t\u00e9cnicas y nos olvidamos de ese exterior que provoca flechazos: \u00a1los coches son bonitos! Eso es lo que tratan de recordar y reconocer cada a\u00f1o desde la revista Auto Bild a trav\u00e9s de sus <strong>Premios AUTO BILD de Dise\u00f1o<\/strong>. La edici\u00f3n de este a\u00f1o ya est\u00e1 en marcha, y \u00a1puedes votar a Subaru en tres categor\u00edas de las cinco!<!--more--><\/p>\n<p>\u00bfQu\u00e9 puedes ganar? Adem\u00e1s de la satisfacci\u00f3n de <strong>votar como \u00abbonito\u00bb al <a href=\"https:\/\/www.subaru.es\/blog\/subaru\/prueba-subaru-xv-parte-1-el-nuevo-crossover\/\" target=\"_blank\">Subaru XV<\/a>, al <a href=\"https:\/\/www.subaru.es\/blog\/subaru\/vibra-con-el-nuevo-anuncio-del-subaru-brz-en-canada\/\" target=\"_blank\">BRZ<\/a> y al Subaru Concept<\/strong>, los premios son bastante jugosos: se sortear\u00e1n entre todos los participantes 3 altavoces base para iPod o iPhone de Philips, 5 Stereo headphones Panasonic, 10 MP5 Blusens P81 de 4GB y 20 suscripciones gratuitas a la edici\u00f3n digital de la revista AUTO BILD en el iKiosk del iPad.<\/p>\n<p>Participar es sencillo: tan solo tienes que <strong><a href=\"http:\/\/www.autobild.es\/premiodiseno2012\" target=\"_blank\">visitar la web de AUTO BILD<\/a><\/strong>, estudiarte cada categor\u00eda (son cinco) y todos los candidatos (\u00a1146!) y votar los que te parezcan m\u00e1s bonitos. Al final de la votaci\u00f3n se te pedir\u00e1n algunos datos y ya solo te quedar\u00e1 esperar y cruzar doblemente los dedos. Una vez para que te toque alg\u00fan premio, otra para que Subaru gane en alguna de las categor\u00edas.<\/p>\n<p>Lo mejor de todo es que no es un concurso que se ci\u00f1a a las fronteras de Espa\u00f1a, sino que es a nivel europeo.<strong> \u00a1Estamos escogiendo a los coches m\u00e1s bonitos de toda Europa!<\/strong> Y es que, como dijo Kazunori Yamahuchi, creador del videojuego <a href=\"http:\/\/www.meristation.com\/es\/gran-turismo-5\/video\/1539732\" target=\"_blank\">Gran Turismo<\/a>, \u00ablos coches son los productos comerciales m\u00e1s bellos\u00bb.<\/p>\n<p>\u00a1A demostrarlo!<\/p>\n","protected":false},"excerpt":{"rendered":"<p>Muchas veces al hablar de un coche nos centramos demasiado en las caracter\u00edsticas t\u00e9cnicas y nos olvidamos de ese exterior que provoca flechazos: \u00a1los coches son bonitos! Eso es lo que tratan de recordar y reconocer cada a\u00f1o desde la revista Auto Bild a trav\u00e9s de sus Premios AUTO BILD de Dise\u00f1o. La edici\u00f3n de [&hellip;]<\/p>\n","protected":false},"author":21,"featured_media":7354,"comment_status":"open","ping_status":"open","sticky":false,"template":"","format":"standard","meta":{"_acf_changed":false,"_eb_attr":"","inline_featured_image":false,"footnotes":""},"categories":[4401],"tags":[4018,1740,1595,954,4017,3597,4398],"class_list":["post-7353","post","type-post","status-publish","format-standard","has-post-thumbnail","hentry","category-nuestra-marca","tag-auto-bild","tag-concurso","tag-diseno","tag-premios","tag-premios-auto-bild-de-diseno-2012","tag-subaru-brz","tag-subaru-xv"],"acf":[],"yoast_head":"<!-- This site is optimized with the Yoast SEO plugin v27.3 - https:\/\/yoast.com\/product\/yoast-seo-wordpress\/ -->\n<title>\u00a1Vota a Subaru en los Premios AUTO BILD de Dise\u00f1o 2012! - Universo Subaru<\/title>\n<meta name=\"robots\" content=\"index, follow, max-snippet:-1, max-image-preview:large, max-video-preview:-1\" \/>\n<link rel=\"canonical\" href=\"https:\/\/www.subaru.es\/blog\/nuestra-marca\/vota-a-subaru-en-los-premios-auto-bild-de-diseno-2012\/\" \/>\n<meta property=\"og:locale\" content=\"es_ES\" \/>\n<meta property=\"og:type\" content=\"article\" \/>\n<meta property=\"og:title\" content=\"\u00a1Vota a Subaru en los Premios AUTO BILD de Dise\u00f1o 2012! - Universo Subaru\" \/>\n<meta property=\"og:description\" content=\"Muchas veces al hablar de un coche nos centramos demasiado en las caracter\u00edsticas t\u00e9cnicas y nos olvidamos de ese exterior que provoca flechazos: \u00a1los coches son bonitos! Eso es lo que tratan de recordar y reconocer cada a\u00f1o desde la revista Auto Bild a trav\u00e9s de sus Premios AUTO BILD de Dise\u00f1o. La edici\u00f3n de [&hellip;]\" \/>\n<meta property=\"og:url\" content=\"https:\/\/www.subaru.es\/blog\/nuestra-marca\/vota-a-subaru-en-los-premios-auto-bild-de-diseno-2012\/\" \/>\n<meta property=\"og:site_name\" content=\"Universo Subaru\" \/>\n<meta property=\"article:publisher\" content=\"https:\/\/www.facebook.com\/subaruespana\" \/>\n<meta property=\"article:published_time\" content=\"2012-07-24T15:25:32+00:00\" \/>\n<meta property=\"article:modified_time\" content=\"2016-10-17T13:11:03+00:00\" \/>\n<meta property=\"og:image\" content=\"https:\/\/www.subaru.es\/blog\/wp-content\/uploads\/2012\/07\/subarubrz.jpg\" \/>\n\t<meta property=\"og:image:width\" content=\"600\" \/>\n\t<meta property=\"og:image:height\" content=\"399\" \/>\n\t<meta property=\"og:image:type\" content=\"image\/jpeg\" \/>\n<meta name=\"author\" content=\"Subaru\" \/>\n<meta name=\"twitter:card\" content=\"summary_large_image\" \/>\n<meta name=\"twitter:label1\" content=\"Escrito por\" \/>\n\t<meta name=\"twitter:data1\" content=\"Subaru\" \/>\n\t<meta name=\"twitter:label2\" content=\"Tiempo de lectura\" \/>\n\t<meta name=\"twitter:data2\" content=\"1 minuto\" \/>\n<script type=\"application\/ld+json\" class=\"yoast-schema-graph\">{\"@context\":\"https:\\\/\\\/schema.org\",\"@graph\":[{\"@type\":\"Article\",\"@id\":\"https:\\\/\\\/www.subaru.es\\\/blog\\\/nuestra-marca\\\/vota-a-subaru-en-los-premios-auto-bild-de-diseno-2012\\\/#article\",\"isPartOf\":{\"@id\":\"https:\\\/\\\/www.subaru.es\\\/blog\\\/nuestra-marca\\\/vota-a-subaru-en-los-premios-auto-bild-de-diseno-2012\\\/\"},\"author\":{\"name\":\"Subaru\",\"@id\":\"https:\\\/\\\/www.subaru.es\\\/blog\\\/#\\\/schema\\\/person\\\/19a90b892230b8e0ec752704ddf4aa10\"},\"headline\":\"\u00a1Vota a Subaru en los Premios AUTO BILD de Dise\u00f1o 2012!\",\"datePublished\":\"2012-07-24T15:25:32+00:00\",\"dateModified\":\"2016-10-17T13:11:03+00:00\",\"mainEntityOfPage\":{\"@id\":\"https:\\\/\\\/www.subaru.es\\\/blog\\\/nuestra-marca\\\/vota-a-subaru-en-los-premios-auto-bild-de-diseno-2012\\\/\"},\"wordCount\":294,\"commentCount\":0,\"publisher\":{\"@id\":\"https:\\\/\\\/www.subaru.es\\\/blog\\\/#organization\"},\"image\":{\"@id\":\"https:\\\/\\\/www.subaru.es\\\/blog\\\/nuestra-marca\\\/vota-a-subaru-en-los-premios-auto-bild-de-diseno-2012\\\/#primaryimage\"},\"thumbnailUrl\":\"https:\\\/\\\/www.subaru.es\\\/blog\\\/wp-content\\\/uploads\\\/2012\\\/07\\\/subarubrz.jpg\",\"keywords\":[\"AUTO BILD\",\"concurso\",\"dise\u00f1o\",\"premios\",\"Premios AUTO BILD de Dise\u00f1o 2012\",\"Subaru BRZ\",\"Subaru XV\"],\"articleSection\":[\"Nuestra marca\"],\"inLanguage\":\"es\",\"potentialAction\":[{\"@type\":\"CommentAction\",\"name\":\"Comment\",\"target\":[\"https:\\\/\\\/www.subaru.es\\\/blog\\\/nuestra-marca\\\/vota-a-subaru-en-los-premios-auto-bild-de-diseno-2012\\\/#respond\"]}]},{\"@type\":\"WebPage\",\"@id\":\"https:\\\/\\\/www.subaru.es\\\/blog\\\/nuestra-marca\\\/vota-a-subaru-en-los-premios-auto-bild-de-diseno-2012\\\/\",\"url\":\"https:\\\/\\\/www.subaru.es\\\/blog\\\/nuestra-marca\\\/vota-a-subaru-en-los-premios-auto-bild-de-diseno-2012\\\/\",\"name\":\"\u00a1Vota a Subaru en los Premios AUTO BILD de Dise\u00f1o 2012! - Universo Subaru\",\"isPartOf\":{\"@id\":\"https:\\\/\\\/www.subaru.es\\\/blog\\\/#website\"},\"primaryImageOfPage\":{\"@id\":\"https:\\\/\\\/www.subaru.es\\\/blog\\\/nuestra-marca\\\/vota-a-subaru-en-los-premios-auto-bild-de-diseno-2012\\\/#primaryimage\"},\"image\":{\"@id\":\"https:\\\/\\\/www.subaru.es\\\/blog\\\/nuestra-marca\\\/vota-a-subaru-en-los-premios-auto-bild-de-diseno-2012\\\/#primaryimage\"},\"thumbnailUrl\":\"https:\\\/\\\/www.subaru.es\\\/blog\\\/wp-content\\\/uploads\\\/2012\\\/07\\\/subarubrz.jpg\",\"datePublished\":\"2012-07-24T15:25:32+00:00\",\"dateModified\":\"2016-10-17T13:11:03+00:00\",\"breadcrumb\":{\"@id\":\"https:\\\/\\\/www.subaru.es\\\/blog\\\/nuestra-marca\\\/vota-a-subaru-en-los-premios-auto-bild-de-diseno-2012\\\/#breadcrumb\"},\"inLanguage\":\"es\",\"potentialAction\":[{\"@type\":\"ReadAction\",\"target\":[\"https:\\\/\\\/www.subaru.es\\\/blog\\\/nuestra-marca\\\/vota-a-subaru-en-los-premios-auto-bild-de-diseno-2012\\\/\"]}]},{\"@type\":\"ImageObject\",\"inLanguage\":\"es\",\"@id\":\"https:\\\/\\\/www.subaru.es\\\/blog\\\/nuestra-marca\\\/vota-a-subaru-en-los-premios-auto-bild-de-diseno-2012\\\/#primaryimage\",\"url\":\"https:\\\/\\\/www.subaru.es\\\/blog\\\/wp-content\\\/uploads\\\/2012\\\/07\\\/subarubrz.jpg\",\"contentUrl\":\"https:\\\/\\\/www.subaru.es\\\/blog\\\/wp-content\\\/uploads\\\/2012\\\/07\\\/subarubrz.jpg\",\"width\":600,\"height\":399,\"caption\":\"Subaru BRZ\"},{\"@type\":\"BreadcrumbList\",\"@id\":\"https:\\\/\\\/www.subaru.es\\\/blog\\\/nuestra-marca\\\/vota-a-subaru-en-los-premios-auto-bild-de-diseno-2012\\\/#breadcrumb\",\"itemListElement\":[{\"@type\":\"ListItem\",\"position\":1,\"name\":\"Portada\",\"item\":\"https:\\\/\\\/www.subaru.es\\\/blog\\\/\"},{\"@type\":\"ListItem\",\"position\":2,\"name\":\"\u00a1Vota a Subaru en los Premios AUTO BILD de Dise\u00f1o 2012!\"}]},{\"@type\":\"WebSite\",\"@id\":\"https:\\\/\\\/www.subaru.es\\\/blog\\\/#website\",\"url\":\"https:\\\/\\\/www.subaru.es\\\/blog\\\/\",\"name\":\"Universo Subaru\",\"description\":\"Descubre este apasionante espacio de Subaru donde vas a conocer todo sobre nuestros coches y las experiencias que vivimos con ellos. Si est\u00e1s preparado para dejarte seducir por la filosof\u00eda Subaru, qu\u00e9date con nosotros.\",\"publisher\":{\"@id\":\"https:\\\/\\\/www.subaru.es\\\/blog\\\/#organization\"},\"potentialAction\":[{\"@type\":\"SearchAction\",\"target\":{\"@type\":\"EntryPoint\",\"urlTemplate\":\"https:\\\/\\\/www.subaru.es\\\/blog\\\/?s={search_term_string}\"},\"query-input\":{\"@type\":\"PropertyValueSpecification\",\"valueRequired\":true,\"valueName\":\"search_term_string\"}}],\"inLanguage\":\"es\"},{\"@type\":\"Organization\",\"@id\":\"https:\\\/\\\/www.subaru.es\\\/blog\\\/#organization\",\"name\":\"Subaru Espa\u00f1a S.A.\",\"url\":\"https:\\\/\\\/www.subaru.es\\\/blog\\\/\",\"logo\":{\"@type\":\"ImageObject\",\"inLanguage\":\"es\",\"@id\":\"https:\\\/\\\/www.subaru.es\\\/blog\\\/#\\\/schema\\\/logo\\\/image\\\/\",\"url\":\"https:\\\/\\\/www.subaru.es\\\/blog\\\/wp-content\\\/uploads\\\/2016\\\/12\\\/Logo-Subaru-TypeV_C300-scaled.jpg\",\"contentUrl\":\"https:\\\/\\\/www.subaru.es\\\/blog\\\/wp-content\\\/uploads\\\/2016\\\/12\\\/Logo-Subaru-TypeV_C300-scaled.jpg\",\"width\":2560,\"height\":1864,\"caption\":\"Subaru Espa\u00f1a S.A.\"},\"image\":{\"@id\":\"https:\\\/\\\/www.subaru.es\\\/blog\\\/#\\\/schema\\\/logo\\\/image\\\/\"},\"sameAs\":[\"https:\\\/\\\/www.facebook.com\\\/subaruespana\",\"https:\\\/\\\/www.instagram.com\\\/subarues\\\/\",\"https:\\\/\\\/www.youtube.com\\\/user\\\/subaruespana\"]},{\"@type\":\"Person\",\"@id\":\"https:\\\/\\\/www.subaru.es\\\/blog\\\/#\\\/schema\\\/person\\\/19a90b892230b8e0ec752704ddf4aa10\",\"name\":\"Subaru\",\"url\":\"https:\\\/\\\/www.subaru.es\\\/blog\\\/author\\\/subaria\\\/\"}]}<\/script>\n<!-- \/ Yoast SEO plugin. -->","yoast_head_json":{"title":"\u00a1Vota a Subaru en los Premios AUTO BILD de Dise\u00f1o 2012! - Universo Subaru","robots":{"index":"index","follow":"follow","max-snippet":"max-snippet:-1","max-image-preview":"max-image-preview:large","max-video-preview":"max-video-preview:-1"},"canonical":"https:\/\/www.subaru.es\/blog\/nuestra-marca\/vota-a-subaru-en-los-premios-auto-bild-de-diseno-2012\/","og_locale":"es_ES","og_type":"article","og_title":"\u00a1Vota a Subaru en los Premios AUTO BILD de Dise\u00f1o 2012! - Universo Subaru","og_description":"Muchas veces al hablar de un coche nos centramos demasiado en las caracter\u00edsticas t\u00e9cnicas y nos olvidamos de ese exterior que provoca flechazos: \u00a1los coches son bonitos! Eso es lo que tratan de recordar y reconocer cada a\u00f1o desde la revista Auto Bild a trav\u00e9s de sus Premios AUTO BILD de Dise\u00f1o. La edici\u00f3n de [&hellip;]","og_url":"https:\/\/www.subaru.es\/blog\/nuestra-marca\/vota-a-subaru-en-los-premios-auto-bild-de-diseno-2012\/","og_site_name":"Universo Subaru","article_publisher":"https:\/\/www.facebook.com\/subaruespana","article_published_time":"2012-07-24T15:25:32+00:00","article_modified_time":"2016-10-17T13:11:03+00:00","og_image":[{"width":600,"height":399,"url":"https:\/\/www.subaru.es\/blog\/wp-content\/uploads\/2012\/07\/subarubrz.jpg","type":"image\/jpeg"}],"author":"Subaru","twitter_card":"summary_large_image","twitter_misc":{"Escrito por":"Subaru","Tiempo de lectura":"1 minuto"},"schema":{"@context":"https:\/\/schema.org","@graph":[{"@type":"Article","@id":"https:\/\/www.subaru.es\/blog\/nuestra-marca\/vota-a-subaru-en-los-premios-auto-bild-de-diseno-2012\/#article","isPartOf":{"@id":"https:\/\/www.subaru.es\/blog\/nuestra-marca\/vota-a-subaru-en-los-premios-auto-bild-de-diseno-2012\/"},"author":{"name":"Subaru","@id":"https:\/\/www.subaru.es\/blog\/#\/schema\/person\/19a90b892230b8e0ec752704ddf4aa10"},"headline":"\u00a1Vota a Subaru en los Premios AUTO BILD de Dise\u00f1o 2012!","datePublished":"2012-07-24T15:25:32+00:00","dateModified":"2016-10-17T13:11:03+00:00","mainEntityOfPage":{"@id":"https:\/\/www.subaru.es\/blog\/nuestra-marca\/vota-a-subaru-en-los-premios-auto-bild-de-diseno-2012\/"},"wordCount":294,"commentCount":0,"publisher":{"@id":"https:\/\/www.subaru.es\/blog\/#organization"},"image":{"@id":"https:\/\/www.subaru.es\/blog\/nuestra-marca\/vota-a-subaru-en-los-premios-auto-bild-de-diseno-2012\/#primaryimage"},"thumbnailUrl":"https:\/\/www.subaru.es\/blog\/wp-content\/uploads\/2012\/07\/subarubrz.jpg","keywords":["AUTO BILD","concurso","dise\u00f1o","premios","Premios AUTO BILD de Dise\u00f1o 2012","Subaru BRZ","Subaru XV"],"articleSection":["Nuestra marca"],"inLanguage":"es","potentialAction":[{"@type":"CommentAction","name":"Comment","target":["https:\/\/www.subaru.es\/blog\/nuestra-marca\/vota-a-subaru-en-los-premios-auto-bild-de-diseno-2012\/#respond"]}]},{"@type":"WebPage","@id":"https:\/\/www.subaru.es\/blog\/nuestra-marca\/vota-a-subaru-en-los-premios-auto-bild-de-diseno-2012\/","url":"https:\/\/www.subaru.es\/blog\/nuestra-marca\/vota-a-subaru-en-los-premios-auto-bild-de-diseno-2012\/","name":"\u00a1Vota a Subaru en los Premios AUTO BILD de Dise\u00f1o 2012! - Universo Subaru","isPartOf":{"@id":"https:\/\/www.subaru.es\/blog\/#website"},"primaryImageOfPage":{"@id":"https:\/\/www.subaru.es\/blog\/nuestra-marca\/vota-a-subaru-en-los-premios-auto-bild-de-diseno-2012\/#primaryimage"},"image":{"@id":"https:\/\/www.subaru.es\/blog\/nuestra-marca\/vota-a-subaru-en-los-premios-auto-bild-de-diseno-2012\/#primaryimage"},"thumbnailUrl":"https:\/\/www.subaru.es\/blog\/wp-content\/uploads\/2012\/07\/subarubrz.jpg","datePublished":"2012-07-24T15:25:32+00:00","dateModified":"2016-10-17T13:11:03+00:00","breadcrumb":{"@id":"https:\/\/www.subaru.es\/blog\/nuestra-marca\/vota-a-subaru-en-los-premios-auto-bild-de-diseno-2012\/#breadcrumb"},"inLanguage":"es","potentialAction":[{"@type":"ReadAction","target":["https:\/\/www.subaru.es\/blog\/nuestra-marca\/vota-a-subaru-en-los-premios-auto-bild-de-diseno-2012\/"]}]},{"@type":"ImageObject","inLanguage":"es","@id":"https:\/\/www.subaru.es\/blog\/nuestra-marca\/vota-a-subaru-en-los-premios-auto-bild-de-diseno-2012\/#primaryimage","url":"https:\/\/www.subaru.es\/blog\/wp-content\/uploads\/2012\/07\/subarubrz.jpg","contentUrl":"https:\/\/www.subaru.es\/blog\/wp-content\/uploads\/2012\/07\/subarubrz.jpg","width":600,"height":399,"caption":"Subaru BRZ"},{"@type":"BreadcrumbList","@id":"https:\/\/www.subaru.es\/blog\/nuestra-marca\/vota-a-subaru-en-los-premios-auto-bild-de-diseno-2012\/#breadcrumb","itemListElement":[{"@type":"ListItem","position":1,"name":"Portada","item":"https:\/\/www.subaru.es\/blog\/"},{"@type":"ListItem","position":2,"name":"\u00a1Vota a Subaru en los Premios AUTO BILD de Dise\u00f1o 2012!"}]},{"@type":"WebSite","@id":"https:\/\/www.subaru.es\/blog\/#website","url":"https:\/\/www.subaru.es\/blog\/","name":"Universo Subaru","description":"Descubre este apasionante espacio de Subaru donde vas a conocer todo sobre nuestros coches y las experiencias que vivimos con ellos. Si est\u00e1s preparado para dejarte seducir por la filosof\u00eda Subaru, qu\u00e9date con nosotros.","publisher":{"@id":"https:\/\/www.subaru.es\/blog\/#organization"},"potentialAction":[{"@type":"SearchAction","target":{"@type":"EntryPoint","urlTemplate":"https:\/\/www.subaru.es\/blog\/?s={search_term_string}"},"query-input":{"@type":"PropertyValueSpecification","valueRequired":true,"valueName":"search_term_string"}}],"inLanguage":"es"},{"@type":"Organization","@id":"https:\/\/www.subaru.es\/blog\/#organization","name":"Subaru Espa\u00f1a S.A.","url":"https:\/\/www.subaru.es\/blog\/","logo":{"@type":"ImageObject","inLanguage":"es","@id":"https:\/\/www.subaru.es\/blog\/#\/schema\/logo\/image\/","url":"https:\/\/www.subaru.es\/blog\/wp-content\/uploads\/2016\/12\/Logo-Subaru-TypeV_C300-scaled.jpg","contentUrl":"https:\/\/www.subaru.es\/blog\/wp-content\/uploads\/2016\/12\/Logo-Subaru-TypeV_C300-scaled.jpg","width":2560,"height":1864,"caption":"Subaru Espa\u00f1a S.A."},"image":{"@id":"https:\/\/www.subaru.es\/blog\/#\/schema\/logo\/image\/"},"sameAs":["https:\/\/www.facebook.com\/subaruespana","https:\/\/www.instagram.com\/subarues\/","https:\/\/www.youtube.com\/user\/subaruespana"]},{"@type":"Person","@id":"https:\/\/www.subaru.es\/blog\/#\/schema\/person\/19a90b892230b8e0ec752704ddf4aa10","name":"Subaru","url":"https:\/\/www.subaru.es\/blog\/author\/subaria\/"}]}},"_links":{"self":[{"href":"https:\/\/www.subaru.es\/blog\/wp-json\/wp\/v2\/posts\/7353","targetHints":{"allow":["GET"]}}],"collection":[{"href":"https:\/\/www.subaru.es\/blog\/wp-json\/wp\/v2\/posts"}],"about":[{"href":"https:\/\/www.subaru.es\/blog\/wp-json\/wp\/v2\/types\/post"}],"author":[{"embeddable":true,"href":"https:\/\/www.subaru.es\/blog\/wp-json\/wp\/v2\/users\/21"}],"replies":[{"embeddable":true,"href":"https:\/\/www.subaru.es\/blog\/wp-json\/wp\/v2\/comments?post=7353"}],"version-history":[{"count":1,"href":"https:\/\/www.subaru.es\/blog\/wp-json\/wp\/v2\/posts\/7353\/revisions"}],"predecessor-version":[{"id":14847,"href":"https:\/\/www.subaru.es\/blog\/wp-json\/wp\/v2\/posts\/7353\/revisions\/14847"}],"wp:featuredmedia":[{"embeddable":true,"href":"https:\/\/www.subaru.es\/blog\/wp-json\/wp\/v2\/media\/7354"}],"wp:attachment":[{"href":"https:\/\/www.subaru.es\/blog\/wp-json\/wp\/v2\/media?parent=7353"}],"wp:term":[{"taxonomy":"category","embeddable":true,"href":"https:\/\/www.subaru.es\/blog\/wp-json\/wp\/v2\/categories?post=7353"},{"taxonomy":"post_tag","embeddable":true,"href":"https:\/\/www.subaru.es\/blog\/wp-json\/wp\/v2\/tags?post=7353"}],"curies":[{"name":"wp","href":"https:\/\/api.w.org\/{rel}","templated":true}]}}