{"id":7310,"date":"2012-07-17T13:33:04","date_gmt":"2012-07-17T11:33:04","guid":{"rendered":"http:\/\/subaru.preproduccion.com\/blog\/?p=7310"},"modified":"2020-08-06T11:38:38","modified_gmt":"2020-08-06T09:38:38","slug":"subaru-brz-en-el-super-gt-del-puesto-15-al-8-en-53-vueltas","status":"publish","type":"post","link":"https:\/\/www.subaru.es\/blog\/nuestra-marca\/subaru-brz-en-el-super-gt-del-puesto-15-al-8-en-53-vueltas\/","title":{"rendered":"Subaru BRZ en el Super GT: del puesto 15 al 8 en 53 vueltas"},"content":{"rendered":"<p><iframe width=\"560\" height=\"315\" data-src=\"http:\/\/www.youtube.com\/embed\/JJcmj0EStuU\" frameborder=\"0\" allowfullscreen src=\"data:image\/svg+xml;base64,PHN2ZyB3aWR0aD0iMSIgaGVpZ2h0PSIxIiB4bWxucz0iaHR0cDovL3d3dy53My5vcmcvMjAwMC9zdmciPjwvc3ZnPg==\" class=\"lazyload\" data-load-mode=\"1\"><\/iframe><\/p>\n<p>S\u00ed, el v\u00eddeo est\u00e1 en japon\u00e9s, pero no es dif\u00edcil imaginar qu\u00e9 dicen (de vez en cuando se entiende \u00abSubaru\u00bb). Las im\u00e1genes hablan por s\u00ed solas y muestran la lucha del<strong> Subaru BRZ GT300, pilotado por Tetsuya Yamano y Kota Sasaki<\/strong>, por mantenerse en el octavo puesto durante la carrera final de la tercera ronda del <a href=\"http:\/\/www.motorpasionf1.com\/tag\/super-gt\" target=\"_blank\" rel=\"noopener noreferrer\">Super GT japon\u00e9s<\/a>. \u00bfLo consiguieron? \u00a1S\u00ed!<!--more--><\/p>\n<p>La cosa tiene mucho m\u00e1s m\u00e9rito si se tiene en cuenta que <strong>el BRZ sali\u00f3 en duod\u00e9cima posici\u00f3n <\/strong>y que durante la carrera lleg\u00f3 a caer hasta el puesto 15. Pero gracias a la estrategia y buen hacer de los pilotos (y al <a href=\"http:\/\/www.motorpasion.com\/otras-competiciones\/el-subaru-brz-gt300-de-competicion-se-deja-ver\" target=\"_blank\" rel=\"noopener noreferrer\">Subaru BRZ GT300<\/a>, claro), se recuperaron y lograron acabar en octavo puesto.<\/p>\n<p>Las condiciones climatol\u00f3gicas, adem\u00e1s, no eran las m\u00e1s propicias:<a href=\"http:\/\/www.autofacil.es\/noticias\/por-que-el-calor-te-hace-perder-potencia\" target=\"_blank\" rel=\"noopener noreferrer\"> <\/a><strong><a href=\"http:\/\/www.autofacil.es\/noticias\/por-que-el-calor-te-hace-perder-potencia\" target=\"_blank\" rel=\"noopener noreferrer\">la temperatura lleg\u00f3 hasta los 35 grados<\/a> <\/strong>en alg\u00fan momento. Eso s\u00ed, los pilotos estaban preparados: Yamano, por ejemplo, se prepar\u00f3 haciendo cosas como \u00abcorrer con el traje de carrera puesto\u00bb para acostumbrar a su cuerpo a hacer ejercicio con temperaturas muy altas.<\/p>\n<p>El Director General de STI, Hideharu Tatsumi, se mostr\u00f3 muy satisfecho con el resultado, asegurando que los pilotos hab\u00edan logrado que el calor no les afectase hasta el final de la carrera. \u00bfQu\u00e9 toca ahora? <strong>\u00abTodos en el equipo nos dedicaremos a pensar c\u00f3mo hacer que el coche sea a\u00fan m\u00e1s r\u00e1pido\u00bb.<\/strong><\/p>\n<p>El piloto Yamano, mientras tanto, ya ha emplazado a todos los fans a estar atentos al <strong><a href=\"http:\/\/es.wikipedia.org\/wiki\/Circuito_de_Sugo\" target=\"_blank\" rel=\"noopener noreferrer\">circuito de Sugo<\/a><\/strong>, que tendr\u00e1 lugar los pr\u00f3ximos 28 y 29 de julio, donde espera conseguir un resultado todav\u00eda mejor. \u00a1No nos lo perderemos!<\/p>\n","protected":false},"excerpt":{"rendered":"<p>S\u00ed, el v\u00eddeo est\u00e1 en japon\u00e9s, pero no es dif\u00edcil imaginar qu\u00e9 dicen (de vez en cuando se entiende \u00abSubaru\u00bb). Las im\u00e1genes hablan por s\u00ed solas y muestran la lucha del Subaru BRZ GT300, pilotado por Tetsuya Yamano y Kota Sasaki, por mantenerse en el octavo puesto durante la carrera final de la tercera ronda [&hellip;]<\/p>\n","protected":false},"author":21,"featured_media":0,"comment_status":"open","ping_status":"open","sticky":false,"template":"","format":"standard","meta":{"_acf_changed":false,"_eb_attr":"","inline_featured_image":false,"footnotes":""},"categories":[4401],"tags":[3321,4013,3597,3725,3724,4012],"class_list":["post-7310","post","type-post","status-publish","format-standard","hentry","category-nuestra-marca","tag-campeonato-super-gt-japon","tag-kota-sasaki","tag-subaru-brz","tag-subaru-brz-gt300","tag-super-gt","tag-tetsuya-yamano"],"acf":[],"yoast_head":"<!-- This site is optimized with the Yoast SEO plugin v27.3 - https:\/\/yoast.com\/product\/yoast-seo-wordpress\/ -->\n<title>Subaru BRZ en el Super GT: del puesto 15 al 8 en 53 vueltas - Universo Subaru<\/title>\n<meta name=\"robots\" content=\"index, follow, max-snippet:-1, max-image-preview:large, max-video-preview:-1\" \/>\n<link rel=\"canonical\" href=\"https:\/\/www.subaru.es\/blog\/nuestra-marca\/subaru-brz-en-el-super-gt-del-puesto-15-al-8-en-53-vueltas\/\" \/>\n<meta property=\"og:locale\" content=\"es_ES\" \/>\n<meta property=\"og:type\" content=\"article\" \/>\n<meta property=\"og:title\" content=\"Subaru BRZ en el Super GT: del puesto 15 al 8 en 53 vueltas - Universo Subaru\" \/>\n<meta property=\"og:description\" content=\"S\u00ed, el v\u00eddeo est\u00e1 en japon\u00e9s, pero no es dif\u00edcil imaginar qu\u00e9 dicen (de vez en cuando se entiende \u00abSubaru\u00bb). Las im\u00e1genes hablan por s\u00ed solas y muestran la lucha del Subaru BRZ GT300, pilotado por Tetsuya Yamano y Kota Sasaki, por mantenerse en el octavo puesto durante la carrera final de la tercera ronda [&hellip;]\" \/>\n<meta property=\"og:url\" content=\"https:\/\/www.subaru.es\/blog\/nuestra-marca\/subaru-brz-en-el-super-gt-del-puesto-15-al-8-en-53-vueltas\/\" \/>\n<meta property=\"og:site_name\" content=\"Universo Subaru\" \/>\n<meta property=\"article:publisher\" content=\"https:\/\/www.facebook.com\/subaruespana\" \/>\n<meta property=\"article:published_time\" content=\"2012-07-17T11:33:04+00:00\" \/>\n<meta property=\"article:modified_time\" content=\"2020-08-06T09:38:38+00:00\" \/>\n<meta name=\"author\" content=\"Subaru\" \/>\n<meta name=\"twitter:card\" content=\"summary_large_image\" \/>\n<meta name=\"twitter:label1\" content=\"Escrito por\" \/>\n\t<meta name=\"twitter:data1\" content=\"Subaru\" \/>\n\t<meta name=\"twitter:label2\" content=\"Tiempo de lectura\" \/>\n\t<meta name=\"twitter:data2\" content=\"1 minuto\" \/>\n<script type=\"application\/ld+json\" class=\"yoast-schema-graph\">{\"@context\":\"https:\\\/\\\/schema.org\",\"@graph\":[{\"@type\":\"Article\",\"@id\":\"https:\\\/\\\/www.subaru.es\\\/blog\\\/nuestra-marca\\\/subaru-brz-en-el-super-gt-del-puesto-15-al-8-en-53-vueltas\\\/#article\",\"isPartOf\":{\"@id\":\"https:\\\/\\\/www.subaru.es\\\/blog\\\/nuestra-marca\\\/subaru-brz-en-el-super-gt-del-puesto-15-al-8-en-53-vueltas\\\/\"},\"author\":{\"name\":\"Subaru\",\"@id\":\"https:\\\/\\\/www.subaru.es\\\/blog\\\/#\\\/schema\\\/person\\\/19a90b892230b8e0ec752704ddf4aa10\"},\"headline\":\"Subaru BRZ en el Super GT: del puesto 15 al 8 en 53 vueltas\",\"datePublished\":\"2012-07-17T11:33:04+00:00\",\"dateModified\":\"2020-08-06T09:38:38+00:00\",\"mainEntityOfPage\":{\"@id\":\"https:\\\/\\\/www.subaru.es\\\/blog\\\/nuestra-marca\\\/subaru-brz-en-el-super-gt-del-puesto-15-al-8-en-53-vueltas\\\/\"},\"wordCount\":288,\"commentCount\":0,\"publisher\":{\"@id\":\"https:\\\/\\\/www.subaru.es\\\/blog\\\/#organization\"},\"keywords\":[\"Campeonato Super GT Jap\u00f3n\",\"Kota Sasaki\",\"Subaru BRZ\",\"Subaru BRZ GT300\",\"Super GT\",\"Tetsuya Yamano\"],\"articleSection\":[\"Nuestra marca\"],\"inLanguage\":\"es\",\"potentialAction\":[{\"@type\":\"CommentAction\",\"name\":\"Comment\",\"target\":[\"https:\\\/\\\/www.subaru.es\\\/blog\\\/nuestra-marca\\\/subaru-brz-en-el-super-gt-del-puesto-15-al-8-en-53-vueltas\\\/#respond\"]}]},{\"@type\":\"WebPage\",\"@id\":\"https:\\\/\\\/www.subaru.es\\\/blog\\\/nuestra-marca\\\/subaru-brz-en-el-super-gt-del-puesto-15-al-8-en-53-vueltas\\\/\",\"url\":\"https:\\\/\\\/www.subaru.es\\\/blog\\\/nuestra-marca\\\/subaru-brz-en-el-super-gt-del-puesto-15-al-8-en-53-vueltas\\\/\",\"name\":\"Subaru BRZ en el Super GT: del puesto 15 al 8 en 53 vueltas - Universo Subaru\",\"isPartOf\":{\"@id\":\"https:\\\/\\\/www.subaru.es\\\/blog\\\/#website\"},\"datePublished\":\"2012-07-17T11:33:04+00:00\",\"dateModified\":\"2020-08-06T09:38:38+00:00\",\"breadcrumb\":{\"@id\":\"https:\\\/\\\/www.subaru.es\\\/blog\\\/nuestra-marca\\\/subaru-brz-en-el-super-gt-del-puesto-15-al-8-en-53-vueltas\\\/#breadcrumb\"},\"inLanguage\":\"es\",\"potentialAction\":[{\"@type\":\"ReadAction\",\"target\":[\"https:\\\/\\\/www.subaru.es\\\/blog\\\/nuestra-marca\\\/subaru-brz-en-el-super-gt-del-puesto-15-al-8-en-53-vueltas\\\/\"]}]},{\"@type\":\"BreadcrumbList\",\"@id\":\"https:\\\/\\\/www.subaru.es\\\/blog\\\/nuestra-marca\\\/subaru-brz-en-el-super-gt-del-puesto-15-al-8-en-53-vueltas\\\/#breadcrumb\",\"itemListElement\":[{\"@type\":\"ListItem\",\"position\":1,\"name\":\"Portada\",\"item\":\"https:\\\/\\\/www.subaru.es\\\/blog\\\/\"},{\"@type\":\"ListItem\",\"position\":2,\"name\":\"Subaru BRZ en el Super GT: del puesto 15 al 8 en 53 vueltas\"}]},{\"@type\":\"WebSite\",\"@id\":\"https:\\\/\\\/www.subaru.es\\\/blog\\\/#website\",\"url\":\"https:\\\/\\\/www.subaru.es\\\/blog\\\/\",\"name\":\"Universo Subaru\",\"description\":\"Descubre este apasionante espacio de Subaru donde vas a conocer todo sobre nuestros coches y las experiencias que vivimos con ellos. Si est\u00e1s preparado para dejarte seducir por la filosof\u00eda Subaru, qu\u00e9date con nosotros.\",\"publisher\":{\"@id\":\"https:\\\/\\\/www.subaru.es\\\/blog\\\/#organization\"},\"potentialAction\":[{\"@type\":\"SearchAction\",\"target\":{\"@type\":\"EntryPoint\",\"urlTemplate\":\"https:\\\/\\\/www.subaru.es\\\/blog\\\/?s={search_term_string}\"},\"query-input\":{\"@type\":\"PropertyValueSpecification\",\"valueRequired\":true,\"valueName\":\"search_term_string\"}}],\"inLanguage\":\"es\"},{\"@type\":\"Organization\",\"@id\":\"https:\\\/\\\/www.subaru.es\\\/blog\\\/#organization\",\"name\":\"Subaru Espa\u00f1a S.A.\",\"url\":\"https:\\\/\\\/www.subaru.es\\\/blog\\\/\",\"logo\":{\"@type\":\"ImageObject\",\"inLanguage\":\"es\",\"@id\":\"https:\\\/\\\/www.subaru.es\\\/blog\\\/#\\\/schema\\\/logo\\\/image\\\/\",\"url\":\"https:\\\/\\\/www.subaru.es\\\/blog\\\/wp-content\\\/uploads\\\/2016\\\/12\\\/Logo-Subaru-TypeV_C300-scaled.jpg\",\"contentUrl\":\"https:\\\/\\\/www.subaru.es\\\/blog\\\/wp-content\\\/uploads\\\/2016\\\/12\\\/Logo-Subaru-TypeV_C300-scaled.jpg\",\"width\":2560,\"height\":1864,\"caption\":\"Subaru Espa\u00f1a S.A.\"},\"image\":{\"@id\":\"https:\\\/\\\/www.subaru.es\\\/blog\\\/#\\\/schema\\\/logo\\\/image\\\/\"},\"sameAs\":[\"https:\\\/\\\/www.facebook.com\\\/subaruespana\",\"https:\\\/\\\/www.instagram.com\\\/subarues\\\/\",\"https:\\\/\\\/www.youtube.com\\\/user\\\/subaruespana\"]},{\"@type\":\"Person\",\"@id\":\"https:\\\/\\\/www.subaru.es\\\/blog\\\/#\\\/schema\\\/person\\\/19a90b892230b8e0ec752704ddf4aa10\",\"name\":\"Subaru\",\"url\":\"https:\\\/\\\/www.subaru.es\\\/blog\\\/author\\\/subaria\\\/\"}]}<\/script>\n<!-- \/ Yoast SEO plugin. -->","yoast_head_json":{"title":"Subaru BRZ en el Super GT: del puesto 15 al 8 en 53 vueltas - Universo Subaru","robots":{"index":"index","follow":"follow","max-snippet":"max-snippet:-1","max-image-preview":"max-image-preview:large","max-video-preview":"max-video-preview:-1"},"canonical":"https:\/\/www.subaru.es\/blog\/nuestra-marca\/subaru-brz-en-el-super-gt-del-puesto-15-al-8-en-53-vueltas\/","og_locale":"es_ES","og_type":"article","og_title":"Subaru BRZ en el Super GT: del puesto 15 al 8 en 53 vueltas - Universo Subaru","og_description":"S\u00ed, el v\u00eddeo est\u00e1 en japon\u00e9s, pero no es dif\u00edcil imaginar qu\u00e9 dicen (de vez en cuando se entiende \u00abSubaru\u00bb). Las im\u00e1genes hablan por s\u00ed solas y muestran la lucha del Subaru BRZ GT300, pilotado por Tetsuya Yamano y Kota Sasaki, por mantenerse en el octavo puesto durante la carrera final de la tercera ronda [&hellip;]","og_url":"https:\/\/www.subaru.es\/blog\/nuestra-marca\/subaru-brz-en-el-super-gt-del-puesto-15-al-8-en-53-vueltas\/","og_site_name":"Universo Subaru","article_publisher":"https:\/\/www.facebook.com\/subaruespana","article_published_time":"2012-07-17T11:33:04+00:00","article_modified_time":"2020-08-06T09:38:38+00:00","author":"Subaru","twitter_card":"summary_large_image","twitter_misc":{"Escrito por":"Subaru","Tiempo de lectura":"1 minuto"},"schema":{"@context":"https:\/\/schema.org","@graph":[{"@type":"Article","@id":"https:\/\/www.subaru.es\/blog\/nuestra-marca\/subaru-brz-en-el-super-gt-del-puesto-15-al-8-en-53-vueltas\/#article","isPartOf":{"@id":"https:\/\/www.subaru.es\/blog\/nuestra-marca\/subaru-brz-en-el-super-gt-del-puesto-15-al-8-en-53-vueltas\/"},"author":{"name":"Subaru","@id":"https:\/\/www.subaru.es\/blog\/#\/schema\/person\/19a90b892230b8e0ec752704ddf4aa10"},"headline":"Subaru BRZ en el Super GT: del puesto 15 al 8 en 53 vueltas","datePublished":"2012-07-17T11:33:04+00:00","dateModified":"2020-08-06T09:38:38+00:00","mainEntityOfPage":{"@id":"https:\/\/www.subaru.es\/blog\/nuestra-marca\/subaru-brz-en-el-super-gt-del-puesto-15-al-8-en-53-vueltas\/"},"wordCount":288,"commentCount":0,"publisher":{"@id":"https:\/\/www.subaru.es\/blog\/#organization"},"keywords":["Campeonato Super GT Jap\u00f3n","Kota Sasaki","Subaru BRZ","Subaru BRZ GT300","Super GT","Tetsuya Yamano"],"articleSection":["Nuestra marca"],"inLanguage":"es","potentialAction":[{"@type":"CommentAction","name":"Comment","target":["https:\/\/www.subaru.es\/blog\/nuestra-marca\/subaru-brz-en-el-super-gt-del-puesto-15-al-8-en-53-vueltas\/#respond"]}]},{"@type":"WebPage","@id":"https:\/\/www.subaru.es\/blog\/nuestra-marca\/subaru-brz-en-el-super-gt-del-puesto-15-al-8-en-53-vueltas\/","url":"https:\/\/www.subaru.es\/blog\/nuestra-marca\/subaru-brz-en-el-super-gt-del-puesto-15-al-8-en-53-vueltas\/","name":"Subaru BRZ en el Super GT: del puesto 15 al 8 en 53 vueltas - Universo Subaru","isPartOf":{"@id":"https:\/\/www.subaru.es\/blog\/#website"},"datePublished":"2012-07-17T11:33:04+00:00","dateModified":"2020-08-06T09:38:38+00:00","breadcrumb":{"@id":"https:\/\/www.subaru.es\/blog\/nuestra-marca\/subaru-brz-en-el-super-gt-del-puesto-15-al-8-en-53-vueltas\/#breadcrumb"},"inLanguage":"es","potentialAction":[{"@type":"ReadAction","target":["https:\/\/www.subaru.es\/blog\/nuestra-marca\/subaru-brz-en-el-super-gt-del-puesto-15-al-8-en-53-vueltas\/"]}]},{"@type":"BreadcrumbList","@id":"https:\/\/www.subaru.es\/blog\/nuestra-marca\/subaru-brz-en-el-super-gt-del-puesto-15-al-8-en-53-vueltas\/#breadcrumb","itemListElement":[{"@type":"ListItem","position":1,"name":"Portada","item":"https:\/\/www.subaru.es\/blog\/"},{"@type":"ListItem","position":2,"name":"Subaru BRZ en el Super GT: del puesto 15 al 8 en 53 vueltas"}]},{"@type":"WebSite","@id":"https:\/\/www.subaru.es\/blog\/#website","url":"https:\/\/www.subaru.es\/blog\/","name":"Universo Subaru","description":"Descubre este apasionante espacio de Subaru donde vas a conocer todo sobre nuestros coches y las experiencias que vivimos con ellos. Si est\u00e1s preparado para dejarte seducir por la filosof\u00eda Subaru, qu\u00e9date con nosotros.","publisher":{"@id":"https:\/\/www.subaru.es\/blog\/#organization"},"potentialAction":[{"@type":"SearchAction","target":{"@type":"EntryPoint","urlTemplate":"https:\/\/www.subaru.es\/blog\/?s={search_term_string}"},"query-input":{"@type":"PropertyValueSpecification","valueRequired":true,"valueName":"search_term_string"}}],"inLanguage":"es"},{"@type":"Organization","@id":"https:\/\/www.subaru.es\/blog\/#organization","name":"Subaru Espa\u00f1a S.A.","url":"https:\/\/www.subaru.es\/blog\/","logo":{"@type":"ImageObject","inLanguage":"es","@id":"https:\/\/www.subaru.es\/blog\/#\/schema\/logo\/image\/","url":"https:\/\/www.subaru.es\/blog\/wp-content\/uploads\/2016\/12\/Logo-Subaru-TypeV_C300-scaled.jpg","contentUrl":"https:\/\/www.subaru.es\/blog\/wp-content\/uploads\/2016\/12\/Logo-Subaru-TypeV_C300-scaled.jpg","width":2560,"height":1864,"caption":"Subaru Espa\u00f1a S.A."},"image":{"@id":"https:\/\/www.subaru.es\/blog\/#\/schema\/logo\/image\/"},"sameAs":["https:\/\/www.facebook.com\/subaruespana","https:\/\/www.instagram.com\/subarues\/","https:\/\/www.youtube.com\/user\/subaruespana"]},{"@type":"Person","@id":"https:\/\/www.subaru.es\/blog\/#\/schema\/person\/19a90b892230b8e0ec752704ddf4aa10","name":"Subaru","url":"https:\/\/www.subaru.es\/blog\/author\/subaria\/"}]}},"_links":{"self":[{"href":"https:\/\/www.subaru.es\/blog\/wp-json\/wp\/v2\/posts\/7310","targetHints":{"allow":["GET"]}}],"collection":[{"href":"https:\/\/www.subaru.es\/blog\/wp-json\/wp\/v2\/posts"}],"about":[{"href":"https:\/\/www.subaru.es\/blog\/wp-json\/wp\/v2\/types\/post"}],"author":[{"embeddable":true,"href":"https:\/\/www.subaru.es\/blog\/wp-json\/wp\/v2\/users\/21"}],"replies":[{"embeddable":true,"href":"https:\/\/www.subaru.es\/blog\/wp-json\/wp\/v2\/comments?post=7310"}],"version-history":[{"count":2,"href":"https:\/\/www.subaru.es\/blog\/wp-json\/wp\/v2\/posts\/7310\/revisions"}],"predecessor-version":[{"id":22109,"href":"https:\/\/www.subaru.es\/blog\/wp-json\/wp\/v2\/posts\/7310\/revisions\/22109"}],"wp:attachment":[{"href":"https:\/\/www.subaru.es\/blog\/wp-json\/wp\/v2\/media?parent=7310"}],"wp:term":[{"taxonomy":"category","embeddable":true,"href":"https:\/\/www.subaru.es\/blog\/wp-json\/wp\/v2\/categories?post=7310"},{"taxonomy":"post_tag","embeddable":true,"href":"https:\/\/www.subaru.es\/blog\/wp-json\/wp\/v2\/tags?post=7310"}],"curies":[{"name":"wp","href":"https:\/\/api.w.org\/{rel}","templated":true}]}}