{"id":7268,"date":"2012-08-30T12:11:19","date_gmt":"2012-08-30T10:11:19","guid":{"rendered":"http:\/\/subaru.preproduccion.com\/blog\/?p=7268"},"modified":"2016-10-17T15:11:03","modified_gmt":"2016-10-17T13:11:03","slug":"27-000-sanciones-por-usar-el-movil-al-conducir","status":"publish","type":"post","link":"https:\/\/www.subaru.es\/blog\/nuestra-marca\/27-000-sanciones-por-usar-el-movil-al-conducir\/","title":{"rendered":"27.000 sanciones por usar el m\u00f3vil al conducir"},"content":{"rendered":"<p><a href=\"https:\/\/www.subaru.es\/blog\/wp-content\/uploads\/2012\/07\/telefono-coche.jpg\"><img decoding=\"async\" class=\"alignnone size-full wp-image-7269 lazyload\" title=\"telefono-coche\" data-src=\"https:\/\/www.subaru.es\/blog\/wp-content\/uploads\/2012\/07\/telefono-coche.jpg\" alt=\"telefono-coche\" width=\"500\" height=\"334\" src=\"data:image\/svg+xml;base64,PHN2ZyB3aWR0aD0iMSIgaGVpZ2h0PSIxIiB4bWxucz0iaHR0cDovL3d3dy53My5vcmcvMjAwMC9zdmciPjwvc3ZnPg==\" style=\"--smush-placeholder-width: 500px; --smush-placeholder-aspect-ratio: 500\/334;\" \/><\/a><\/p>\n<p><a href=\"https:\/\/www.subaru.es\/blog\/wp-content\/uploads\/2012\/07\/telefono-coche.jpg\"><\/a>La teor\u00eda la sabemos todos: consultar el tel\u00e9fono m\u00f3vil mientras conducimos es peligroso, ya que supone una distracci\u00f3n bastante fuerte. Y, sin embargo, parece que de la teor\u00eda a la pr\u00e1ctica hay todav\u00eda un camino grande por recorrer: seg\u00fan el RACE, en los \u00faltimos seis a\u00f1os <strong>las multas por usar el m\u00f3vil al conducir se han incrementado un 2.000%<\/strong>. De 1.500 a 27.000.<!--more--><\/p>\n<p>El RACE da adem\u00e1s alg\u00fan otro dato realmente preocupante e ilustrativo de lo que suponen estas distracciones: el Real Club del Autom\u00f3vil de Espa\u00f1a asegura que el a\u00f1o pasado<strong> increment\u00f3 la mortalidad en las carreteras espa\u00f1olas debido a las distracciones<\/strong> <a href=\"http:\/\/www.lavanguardia.com\/motor\/20120626\/54317173895\/usar-movil-conduccion-equivale-circular-ebrio.html\" target=\"_blank\">causadas por tel\u00e9fonos m\u00f3viles<\/a>.<\/p>\n<p>Desde la Direcci\u00f3n General de Tr\u00e1fico son tambi\u00e9n conscientes de este peligro cada vez m\u00e1s com\u00fan, por lo que la sanci\u00f3n por utilizar el tel\u00e9fono m\u00f3vil mientras se conduce es de<strong> 200 euros y retirada de tres puntos<\/strong> del carn\u00e9 de conducir. Y es que, seg\u00fan los datos de la DGT, en 2010 hubo casi 33.000 accidentes con v\u00edctimas mortales por culpa de <a href=\"http:\/\/motor.terra.es\/ultimas-noticias-actualidad\/articulo\/accidente-seguridad-vial-distracciones-dgt-61223.htm\" target=\"_blank\">distracciones<\/a>.<\/p>\n<p>El informe de la RACE incluye adem\u00e1s una an\u00e9cdota que ilustra muy bien todo esto de lo que estamos hablando. Seg\u00fan indican, en octubre del a\u00f1o pasado los usuarios de Dubai y Abu Dhabi sufrieron una interrupci\u00f3n en la conexi\u00f3n a \u00ablos servicios de un tipo concreto de smartphone\u00bb. Durante los d\u00edas que dur\u00f3 el problema,<strong> los accidentes de tr\u00e1fico bajaron un 20% en Dubai<\/strong> y un 40% en Abu Dhabi.<\/p>\n<p>As\u00ed que ya sabes, por mucho que te parezca que en realidad est\u00e1s <a href=\"http:\/\/videos.lne.es\/nacional\/20120305\/campana-dgt-contra-falta-atencion-volante-31397.shtml\" target=\"_blank\">atento a la carretera<\/a> y que no hay peligro de accidente, este siempre est\u00e1 donde menos te lo esperas. Si de verdad necesitas usar el m\u00f3vil, busca un sitio donde parar y haz tus gestiones con calma. <strong>\u00a1Ganaremos todos en seguridad!<\/strong><\/p>\n<p>V\u00eda | <a href=\"http:\/\/www.highmotor.com\/2000-mas-multas-usar-movil-espana.html\" target=\"_blank\">Highmotor<\/a><br \/>\nFoto | <a href=\"http:\/\/www.flickr.com\/photos\/capitansponch\/2882888931\/\" target=\"_blank\">Antonio Esponda <\/a><\/p>\n","protected":false},"excerpt":{"rendered":"<p>La teor\u00eda la sabemos todos: consultar el tel\u00e9fono m\u00f3vil mientras conducimos es peligroso, ya que supone una distracci\u00f3n bastante fuerte. Y, sin embargo, parece que de la teor\u00eda a la pr\u00e1ctica hay todav\u00eda un camino grande por recorrer: seg\u00fan el RACE, en los \u00faltimos seis a\u00f1os las multas por usar el m\u00f3vil al conducir se [&hellip;]<\/p>\n","protected":false},"author":21,"featured_media":7269,"comment_status":"open","ping_status":"open","sticky":false,"template":"","format":"standard","meta":{"_acf_changed":false,"_eb_attr":"","inline_featured_image":false,"footnotes":""},"categories":[4401],"tags":[3159,3941,3529,1930,3373],"class_list":["post-7268","post","type-post","status-publish","format-standard","has-post-thumbnail","hentry","category-nuestra-marca","tag-dgt","tag-distraccion","tag-distracciones","tag-race","tag-telefono-movil"],"acf":[],"yoast_head":"<!-- This site is optimized with the Yoast SEO plugin v27.3 - https:\/\/yoast.com\/product\/yoast-seo-wordpress\/ -->\n<title>27.000 sanciones por usar el m\u00f3vil al conducir - Universo Subaru<\/title>\n<meta name=\"robots\" content=\"index, follow, max-snippet:-1, max-image-preview:large, max-video-preview:-1\" \/>\n<link rel=\"canonical\" href=\"https:\/\/www.subaru.es\/blog\/nuestra-marca\/27-000-sanciones-por-usar-el-movil-al-conducir\/\" \/>\n<meta property=\"og:locale\" content=\"es_ES\" \/>\n<meta property=\"og:type\" content=\"article\" \/>\n<meta property=\"og:title\" content=\"27.000 sanciones por usar el m\u00f3vil al conducir - Universo Subaru\" \/>\n<meta property=\"og:description\" content=\"La teor\u00eda la sabemos todos: consultar el tel\u00e9fono m\u00f3vil mientras conducimos es peligroso, ya que supone una distracci\u00f3n bastante fuerte. Y, sin embargo, parece que de la teor\u00eda a la pr\u00e1ctica hay todav\u00eda un camino grande por recorrer: seg\u00fan el RACE, en los \u00faltimos seis a\u00f1os las multas por usar el m\u00f3vil al conducir se [&hellip;]\" \/>\n<meta property=\"og:url\" content=\"https:\/\/www.subaru.es\/blog\/nuestra-marca\/27-000-sanciones-por-usar-el-movil-al-conducir\/\" \/>\n<meta property=\"og:site_name\" content=\"Universo Subaru\" \/>\n<meta property=\"article:publisher\" content=\"https:\/\/www.facebook.com\/subaruespana\" \/>\n<meta property=\"article:published_time\" content=\"2012-08-30T10:11:19+00:00\" \/>\n<meta property=\"article:modified_time\" content=\"2016-10-17T13:11:03+00:00\" \/>\n<meta property=\"og:image\" content=\"https:\/\/www.subaru.es\/blog\/wp-content\/uploads\/2012\/07\/telefono-coche.jpg\" \/>\n\t<meta property=\"og:image:width\" content=\"500\" \/>\n\t<meta property=\"og:image:height\" content=\"334\" \/>\n\t<meta property=\"og:image:type\" content=\"image\/jpeg\" \/>\n<meta name=\"author\" content=\"Subaru\" \/>\n<meta name=\"twitter:card\" content=\"summary_large_image\" \/>\n<meta name=\"twitter:label1\" content=\"Escrito por\" \/>\n\t<meta name=\"twitter:data1\" content=\"Subaru\" \/>\n\t<meta name=\"twitter:label2\" content=\"Tiempo de lectura\" \/>\n\t<meta name=\"twitter:data2\" content=\"2 minutos\" \/>\n<script type=\"application\/ld+json\" class=\"yoast-schema-graph\">{\"@context\":\"https:\\\/\\\/schema.org\",\"@graph\":[{\"@type\":\"Article\",\"@id\":\"https:\\\/\\\/www.subaru.es\\\/blog\\\/nuestra-marca\\\/27-000-sanciones-por-usar-el-movil-al-conducir\\\/#article\",\"isPartOf\":{\"@id\":\"https:\\\/\\\/www.subaru.es\\\/blog\\\/nuestra-marca\\\/27-000-sanciones-por-usar-el-movil-al-conducir\\\/\"},\"author\":{\"name\":\"Subaru\",\"@id\":\"https:\\\/\\\/www.subaru.es\\\/blog\\\/#\\\/schema\\\/person\\\/19a90b892230b8e0ec752704ddf4aa10\"},\"headline\":\"27.000 sanciones por usar el m\u00f3vil al conducir\",\"datePublished\":\"2012-08-30T10:11:19+00:00\",\"dateModified\":\"2016-10-17T13:11:03+00:00\",\"mainEntityOfPage\":{\"@id\":\"https:\\\/\\\/www.subaru.es\\\/blog\\\/nuestra-marca\\\/27-000-sanciones-por-usar-el-movil-al-conducir\\\/\"},\"wordCount\":340,\"commentCount\":0,\"publisher\":{\"@id\":\"https:\\\/\\\/www.subaru.es\\\/blog\\\/#organization\"},\"image\":{\"@id\":\"https:\\\/\\\/www.subaru.es\\\/blog\\\/nuestra-marca\\\/27-000-sanciones-por-usar-el-movil-al-conducir\\\/#primaryimage\"},\"thumbnailUrl\":\"https:\\\/\\\/www.subaru.es\\\/blog\\\/wp-content\\\/uploads\\\/2012\\\/07\\\/telefono-coche.jpg\",\"keywords\":[\"DGT\",\"distracci\u00f3n\",\"distracciones\",\"RACE\",\"tel\u00e9fono m\u00f3vil\"],\"articleSection\":[\"Nuestra marca\"],\"inLanguage\":\"es\",\"potentialAction\":[{\"@type\":\"CommentAction\",\"name\":\"Comment\",\"target\":[\"https:\\\/\\\/www.subaru.es\\\/blog\\\/nuestra-marca\\\/27-000-sanciones-por-usar-el-movil-al-conducir\\\/#respond\"]}]},{\"@type\":\"WebPage\",\"@id\":\"https:\\\/\\\/www.subaru.es\\\/blog\\\/nuestra-marca\\\/27-000-sanciones-por-usar-el-movil-al-conducir\\\/\",\"url\":\"https:\\\/\\\/www.subaru.es\\\/blog\\\/nuestra-marca\\\/27-000-sanciones-por-usar-el-movil-al-conducir\\\/\",\"name\":\"27.000 sanciones por usar el m\u00f3vil al conducir - Universo Subaru\",\"isPartOf\":{\"@id\":\"https:\\\/\\\/www.subaru.es\\\/blog\\\/#website\"},\"primaryImageOfPage\":{\"@id\":\"https:\\\/\\\/www.subaru.es\\\/blog\\\/nuestra-marca\\\/27-000-sanciones-por-usar-el-movil-al-conducir\\\/#primaryimage\"},\"image\":{\"@id\":\"https:\\\/\\\/www.subaru.es\\\/blog\\\/nuestra-marca\\\/27-000-sanciones-por-usar-el-movil-al-conducir\\\/#primaryimage\"},\"thumbnailUrl\":\"https:\\\/\\\/www.subaru.es\\\/blog\\\/wp-content\\\/uploads\\\/2012\\\/07\\\/telefono-coche.jpg\",\"datePublished\":\"2012-08-30T10:11:19+00:00\",\"dateModified\":\"2016-10-17T13:11:03+00:00\",\"breadcrumb\":{\"@id\":\"https:\\\/\\\/www.subaru.es\\\/blog\\\/nuestra-marca\\\/27-000-sanciones-por-usar-el-movil-al-conducir\\\/#breadcrumb\"},\"inLanguage\":\"es\",\"potentialAction\":[{\"@type\":\"ReadAction\",\"target\":[\"https:\\\/\\\/www.subaru.es\\\/blog\\\/nuestra-marca\\\/27-000-sanciones-por-usar-el-movil-al-conducir\\\/\"]}]},{\"@type\":\"ImageObject\",\"inLanguage\":\"es\",\"@id\":\"https:\\\/\\\/www.subaru.es\\\/blog\\\/nuestra-marca\\\/27-000-sanciones-por-usar-el-movil-al-conducir\\\/#primaryimage\",\"url\":\"https:\\\/\\\/www.subaru.es\\\/blog\\\/wp-content\\\/uploads\\\/2012\\\/07\\\/telefono-coche.jpg\",\"contentUrl\":\"https:\\\/\\\/www.subaru.es\\\/blog\\\/wp-content\\\/uploads\\\/2012\\\/07\\\/telefono-coche.jpg\",\"width\":500,\"height\":334,\"caption\":\"telefono-coche\"},{\"@type\":\"BreadcrumbList\",\"@id\":\"https:\\\/\\\/www.subaru.es\\\/blog\\\/nuestra-marca\\\/27-000-sanciones-por-usar-el-movil-al-conducir\\\/#breadcrumb\",\"itemListElement\":[{\"@type\":\"ListItem\",\"position\":1,\"name\":\"Portada\",\"item\":\"https:\\\/\\\/www.subaru.es\\\/blog\\\/\"},{\"@type\":\"ListItem\",\"position\":2,\"name\":\"27.000 sanciones por usar el m\u00f3vil al conducir\"}]},{\"@type\":\"WebSite\",\"@id\":\"https:\\\/\\\/www.subaru.es\\\/blog\\\/#website\",\"url\":\"https:\\\/\\\/www.subaru.es\\\/blog\\\/\",\"name\":\"Universo Subaru\",\"description\":\"Descubre este apasionante espacio de Subaru donde vas a conocer todo sobre nuestros coches y las experiencias que vivimos con ellos. Si est\u00e1s preparado para dejarte seducir por la filosof\u00eda Subaru, qu\u00e9date con nosotros.\",\"publisher\":{\"@id\":\"https:\\\/\\\/www.subaru.es\\\/blog\\\/#organization\"},\"potentialAction\":[{\"@type\":\"SearchAction\",\"target\":{\"@type\":\"EntryPoint\",\"urlTemplate\":\"https:\\\/\\\/www.subaru.es\\\/blog\\\/?s={search_term_string}\"},\"query-input\":{\"@type\":\"PropertyValueSpecification\",\"valueRequired\":true,\"valueName\":\"search_term_string\"}}],\"inLanguage\":\"es\"},{\"@type\":\"Organization\",\"@id\":\"https:\\\/\\\/www.subaru.es\\\/blog\\\/#organization\",\"name\":\"Subaru Espa\u00f1a S.A.\",\"url\":\"https:\\\/\\\/www.subaru.es\\\/blog\\\/\",\"logo\":{\"@type\":\"ImageObject\",\"inLanguage\":\"es\",\"@id\":\"https:\\\/\\\/www.subaru.es\\\/blog\\\/#\\\/schema\\\/logo\\\/image\\\/\",\"url\":\"https:\\\/\\\/www.subaru.es\\\/blog\\\/wp-content\\\/uploads\\\/2016\\\/12\\\/Logo-Subaru-TypeV_C300-scaled.jpg\",\"contentUrl\":\"https:\\\/\\\/www.subaru.es\\\/blog\\\/wp-content\\\/uploads\\\/2016\\\/12\\\/Logo-Subaru-TypeV_C300-scaled.jpg\",\"width\":2560,\"height\":1864,\"caption\":\"Subaru Espa\u00f1a S.A.\"},\"image\":{\"@id\":\"https:\\\/\\\/www.subaru.es\\\/blog\\\/#\\\/schema\\\/logo\\\/image\\\/\"},\"sameAs\":[\"https:\\\/\\\/www.facebook.com\\\/subaruespana\",\"https:\\\/\\\/www.instagram.com\\\/subarues\\\/\",\"https:\\\/\\\/www.youtube.com\\\/user\\\/subaruespana\"]},{\"@type\":\"Person\",\"@id\":\"https:\\\/\\\/www.subaru.es\\\/blog\\\/#\\\/schema\\\/person\\\/19a90b892230b8e0ec752704ddf4aa10\",\"name\":\"Subaru\",\"url\":\"https:\\\/\\\/www.subaru.es\\\/blog\\\/author\\\/subaria\\\/\"}]}<\/script>\n<!-- \/ Yoast SEO plugin. -->","yoast_head_json":{"title":"27.000 sanciones por usar el m\u00f3vil al conducir - Universo Subaru","robots":{"index":"index","follow":"follow","max-snippet":"max-snippet:-1","max-image-preview":"max-image-preview:large","max-video-preview":"max-video-preview:-1"},"canonical":"https:\/\/www.subaru.es\/blog\/nuestra-marca\/27-000-sanciones-por-usar-el-movil-al-conducir\/","og_locale":"es_ES","og_type":"article","og_title":"27.000 sanciones por usar el m\u00f3vil al conducir - Universo Subaru","og_description":"La teor\u00eda la sabemos todos: consultar el tel\u00e9fono m\u00f3vil mientras conducimos es peligroso, ya que supone una distracci\u00f3n bastante fuerte. Y, sin embargo, parece que de la teor\u00eda a la pr\u00e1ctica hay todav\u00eda un camino grande por recorrer: seg\u00fan el RACE, en los \u00faltimos seis a\u00f1os las multas por usar el m\u00f3vil al conducir se [&hellip;]","og_url":"https:\/\/www.subaru.es\/blog\/nuestra-marca\/27-000-sanciones-por-usar-el-movil-al-conducir\/","og_site_name":"Universo Subaru","article_publisher":"https:\/\/www.facebook.com\/subaruespana","article_published_time":"2012-08-30T10:11:19+00:00","article_modified_time":"2016-10-17T13:11:03+00:00","og_image":[{"width":500,"height":334,"url":"https:\/\/www.subaru.es\/blog\/wp-content\/uploads\/2012\/07\/telefono-coche.jpg","type":"image\/jpeg"}],"author":"Subaru","twitter_card":"summary_large_image","twitter_misc":{"Escrito por":"Subaru","Tiempo de lectura":"2 minutos"},"schema":{"@context":"https:\/\/schema.org","@graph":[{"@type":"Article","@id":"https:\/\/www.subaru.es\/blog\/nuestra-marca\/27-000-sanciones-por-usar-el-movil-al-conducir\/#article","isPartOf":{"@id":"https:\/\/www.subaru.es\/blog\/nuestra-marca\/27-000-sanciones-por-usar-el-movil-al-conducir\/"},"author":{"name":"Subaru","@id":"https:\/\/www.subaru.es\/blog\/#\/schema\/person\/19a90b892230b8e0ec752704ddf4aa10"},"headline":"27.000 sanciones por usar el m\u00f3vil al conducir","datePublished":"2012-08-30T10:11:19+00:00","dateModified":"2016-10-17T13:11:03+00:00","mainEntityOfPage":{"@id":"https:\/\/www.subaru.es\/blog\/nuestra-marca\/27-000-sanciones-por-usar-el-movil-al-conducir\/"},"wordCount":340,"commentCount":0,"publisher":{"@id":"https:\/\/www.subaru.es\/blog\/#organization"},"image":{"@id":"https:\/\/www.subaru.es\/blog\/nuestra-marca\/27-000-sanciones-por-usar-el-movil-al-conducir\/#primaryimage"},"thumbnailUrl":"https:\/\/www.subaru.es\/blog\/wp-content\/uploads\/2012\/07\/telefono-coche.jpg","keywords":["DGT","distracci\u00f3n","distracciones","RACE","tel\u00e9fono m\u00f3vil"],"articleSection":["Nuestra marca"],"inLanguage":"es","potentialAction":[{"@type":"CommentAction","name":"Comment","target":["https:\/\/www.subaru.es\/blog\/nuestra-marca\/27-000-sanciones-por-usar-el-movil-al-conducir\/#respond"]}]},{"@type":"WebPage","@id":"https:\/\/www.subaru.es\/blog\/nuestra-marca\/27-000-sanciones-por-usar-el-movil-al-conducir\/","url":"https:\/\/www.subaru.es\/blog\/nuestra-marca\/27-000-sanciones-por-usar-el-movil-al-conducir\/","name":"27.000 sanciones por usar el m\u00f3vil al conducir - Universo Subaru","isPartOf":{"@id":"https:\/\/www.subaru.es\/blog\/#website"},"primaryImageOfPage":{"@id":"https:\/\/www.subaru.es\/blog\/nuestra-marca\/27-000-sanciones-por-usar-el-movil-al-conducir\/#primaryimage"},"image":{"@id":"https:\/\/www.subaru.es\/blog\/nuestra-marca\/27-000-sanciones-por-usar-el-movil-al-conducir\/#primaryimage"},"thumbnailUrl":"https:\/\/www.subaru.es\/blog\/wp-content\/uploads\/2012\/07\/telefono-coche.jpg","datePublished":"2012-08-30T10:11:19+00:00","dateModified":"2016-10-17T13:11:03+00:00","breadcrumb":{"@id":"https:\/\/www.subaru.es\/blog\/nuestra-marca\/27-000-sanciones-por-usar-el-movil-al-conducir\/#breadcrumb"},"inLanguage":"es","potentialAction":[{"@type":"ReadAction","target":["https:\/\/www.subaru.es\/blog\/nuestra-marca\/27-000-sanciones-por-usar-el-movil-al-conducir\/"]}]},{"@type":"ImageObject","inLanguage":"es","@id":"https:\/\/www.subaru.es\/blog\/nuestra-marca\/27-000-sanciones-por-usar-el-movil-al-conducir\/#primaryimage","url":"https:\/\/www.subaru.es\/blog\/wp-content\/uploads\/2012\/07\/telefono-coche.jpg","contentUrl":"https:\/\/www.subaru.es\/blog\/wp-content\/uploads\/2012\/07\/telefono-coche.jpg","width":500,"height":334,"caption":"telefono-coche"},{"@type":"BreadcrumbList","@id":"https:\/\/www.subaru.es\/blog\/nuestra-marca\/27-000-sanciones-por-usar-el-movil-al-conducir\/#breadcrumb","itemListElement":[{"@type":"ListItem","position":1,"name":"Portada","item":"https:\/\/www.subaru.es\/blog\/"},{"@type":"ListItem","position":2,"name":"27.000 sanciones por usar el m\u00f3vil al conducir"}]},{"@type":"WebSite","@id":"https:\/\/www.subaru.es\/blog\/#website","url":"https:\/\/www.subaru.es\/blog\/","name":"Universo Subaru","description":"Descubre este apasionante espacio de Subaru donde vas a conocer todo sobre nuestros coches y las experiencias que vivimos con ellos. Si est\u00e1s preparado para dejarte seducir por la filosof\u00eda Subaru, qu\u00e9date con nosotros.","publisher":{"@id":"https:\/\/www.subaru.es\/blog\/#organization"},"potentialAction":[{"@type":"SearchAction","target":{"@type":"EntryPoint","urlTemplate":"https:\/\/www.subaru.es\/blog\/?s={search_term_string}"},"query-input":{"@type":"PropertyValueSpecification","valueRequired":true,"valueName":"search_term_string"}}],"inLanguage":"es"},{"@type":"Organization","@id":"https:\/\/www.subaru.es\/blog\/#organization","name":"Subaru Espa\u00f1a S.A.","url":"https:\/\/www.subaru.es\/blog\/","logo":{"@type":"ImageObject","inLanguage":"es","@id":"https:\/\/www.subaru.es\/blog\/#\/schema\/logo\/image\/","url":"https:\/\/www.subaru.es\/blog\/wp-content\/uploads\/2016\/12\/Logo-Subaru-TypeV_C300-scaled.jpg","contentUrl":"https:\/\/www.subaru.es\/blog\/wp-content\/uploads\/2016\/12\/Logo-Subaru-TypeV_C300-scaled.jpg","width":2560,"height":1864,"caption":"Subaru Espa\u00f1a S.A."},"image":{"@id":"https:\/\/www.subaru.es\/blog\/#\/schema\/logo\/image\/"},"sameAs":["https:\/\/www.facebook.com\/subaruespana","https:\/\/www.instagram.com\/subarues\/","https:\/\/www.youtube.com\/user\/subaruespana"]},{"@type":"Person","@id":"https:\/\/www.subaru.es\/blog\/#\/schema\/person\/19a90b892230b8e0ec752704ddf4aa10","name":"Subaru","url":"https:\/\/www.subaru.es\/blog\/author\/subaria\/"}]}},"_links":{"self":[{"href":"https:\/\/www.subaru.es\/blog\/wp-json\/wp\/v2\/posts\/7268","targetHints":{"allow":["GET"]}}],"collection":[{"href":"https:\/\/www.subaru.es\/blog\/wp-json\/wp\/v2\/posts"}],"about":[{"href":"https:\/\/www.subaru.es\/blog\/wp-json\/wp\/v2\/types\/post"}],"author":[{"embeddable":true,"href":"https:\/\/www.subaru.es\/blog\/wp-json\/wp\/v2\/users\/21"}],"replies":[{"embeddable":true,"href":"https:\/\/www.subaru.es\/blog\/wp-json\/wp\/v2\/comments?post=7268"}],"version-history":[{"count":1,"href":"https:\/\/www.subaru.es\/blog\/wp-json\/wp\/v2\/posts\/7268\/revisions"}],"predecessor-version":[{"id":15873,"href":"https:\/\/www.subaru.es\/blog\/wp-json\/wp\/v2\/posts\/7268\/revisions\/15873"}],"wp:featuredmedia":[{"embeddable":true,"href":"https:\/\/www.subaru.es\/blog\/wp-json\/wp\/v2\/media\/7269"}],"wp:attachment":[{"href":"https:\/\/www.subaru.es\/blog\/wp-json\/wp\/v2\/media?parent=7268"}],"wp:term":[{"taxonomy":"category","embeddable":true,"href":"https:\/\/www.subaru.es\/blog\/wp-json\/wp\/v2\/categories?post=7268"},{"taxonomy":"post_tag","embeddable":true,"href":"https:\/\/www.subaru.es\/blog\/wp-json\/wp\/v2\/tags?post=7268"}],"curies":[{"name":"wp","href":"https:\/\/api.w.org\/{rel}","templated":true}]}}