{"id":7261,"date":"2012-08-27T16:33:33","date_gmt":"2012-08-27T14:33:33","guid":{"rendered":"http:\/\/subaru.preproduccion.com\/blog\/?p=7261"},"modified":"2016-10-17T15:07:27","modified_gmt":"2016-10-17T13:07:27","slug":"cataluna-es-la-comunidad-con-mayor-poblacion-de-radares","status":"publish","type":"post","link":"https:\/\/www.subaru.es\/blog\/nuestra-marca\/cataluna-es-la-comunidad-con-mayor-poblacion-de-radares\/","title":{"rendered":"Catalu\u00f1a es la comunidad con mayor \u00abpoblaci\u00f3n\u00bb de radares"},"content":{"rendered":"<p><img decoding=\"async\" data-src=\"https:\/\/www.subaru.es\/blog\/wp-content\/uploads\/2012\/07\/radares.jpg\" alt=\"\" title=\"radares\" width=\"600\" height=\"450\" class=\"aligncenter size-full wp-image-7266 lazyload\" data-srcset=\"https:\/\/www.subaru.es\/blog\/wp-content\/uploads\/2012\/07\/radares.jpg 600w, https:\/\/www.subaru.es\/blog\/wp-content\/uploads\/2012\/07\/radares-560x420.jpg 560w\" data-sizes=\"(max-width: 600px) 100vw, 600px\" src=\"data:image\/svg+xml;base64,PHN2ZyB3aWR0aD0iMSIgaGVpZ2h0PSIxIiB4bWxucz0iaHR0cDovL3d3dy53My5vcmcvMjAwMC9zdmciPjwvc3ZnPg==\" style=\"--smush-placeholder-width: 600px; --smush-placeholder-aspect-ratio: 600\/450;\" \/><br \/>\n<strong>Catalu\u00f1a puede contar en sus carreteras m\u00e1s radares de control de velocidad que ninguna otra comunidad<\/strong> en Espa\u00f1a. Se trata de los radares fijos, que se cifran en la nada desde\u00f1able cifra de 18,25 dispositivos cada 1000 kil\u00f3metros. Esto significa que entre los radares fijos y los radares m\u00f3viles podemos estar seguros de que las carreteras est\u00e1n vigiladas y que las multas ser\u00e1n eficazmente cursadas.<\/p>\n<p>Esta noticia podr\u00eda ser un compendio de datos num\u00e9ricos que, realmente, nos dejar\u00edan un poco fr\u00edos si no los analizamos con algo m\u00e1s de rigor o perspectiva. En efecto, <strong>en Catalu\u00f1a tenemos m\u00e1s de 18 radares por cada 1000 kil\u00f3metros<\/strong> de red viaria, en el Pa\u00eds Vasco m\u00e1s de 16, en Madrid 12 , pero en el otro extremo tenemos a Navarra (1,01), Extremadura (2,18) y Castilla y Le\u00f3n (2,26).<br \/>\n<!--more--><\/p>\n<p>\u00bfSignifica que tener m\u00e1s o menos radares por cada 1000 kil\u00f3metros es mejor o peor que tener pocos? Si partimos de la base de que <strong>los radares tienen una funci\u00f3n te\u00f3rica de prevenir el exceso de velocidad<\/strong> (los conductores \u00abaflojan\u00bb al llegar a ellos, sean realmente radares o no), que haya m\u00e1s o menos radares fijos puede significar que existen m\u00e1s puntos susceptibles de superar esas velocidades que en otras comunidades. <\/p>\n<p>Por otro lado est\u00e1 <strong>la cuesti\u00f3n recaudatoria<\/strong>, en una \u00e9poca en la que conocemos noticias de c\u00f3mo la Guardia Civil parece ser presionada para aumentar la cantidad de multas emitidas. Puede pensarse entonces que el exceso de radares en Catalu\u00f1a puede deberse a que en esa comunidad \u00abse va a por los conductores\u00bb para aumentar la recaudaci\u00f3n.<\/p>\n<p>Pero, \u00bfqu\u00e9 pasa si es algo puramente casual? \u00bfPor qu\u00e9 hablamos de dispositivos por cada mil kil\u00f3metros de v\u00eda? Resulta que <strong>Andaluc\u00eda tiene una media de 5,62 dispositivos cada 1000 kil\u00f3metros,<\/strong> pero ocupa, en n\u00fameros absolutos, el segundo puesto del ranking. \u00bfSer\u00e1 que se toman los kil\u00f3metros totales de la red viaria correspondiente a la comunidad? \u00bfSer\u00e1 casualidad que, como Andaluc\u00eda tiene una superficie enorme, haya m\u00e1s cantidad de radares? Vamos a dejarlo para la reflexi\u00f3n en los comentarios, si os parece.<\/p>\n<p>V\u00eda | <a href=\"http:\/\/motor.terra.es\/ultimas-noticias-actualidad\/articulo\/radares-dgt-cataluna-82398.htm\">Terra<\/a><br \/>\nFoto | <a href=\"http:\/\/www.flickr.com\/photos\/circulaseguro\/6186807530\/sizes\/z\/in\/photostream\/\">Circula Seguro<\/a><\/p>\n","protected":false},"excerpt":{"rendered":"<p>Catalu\u00f1a puede contar en sus carreteras m\u00e1s radares de control de velocidad que ninguna otra comunidad en Espa\u00f1a. Se trata de los radares fijos, que se cifran en la nada desde\u00f1able cifra de 18,25 dispositivos cada 1000 kil\u00f3metros. Esto significa que entre los radares fijos y los radares m\u00f3viles podemos estar seguros de que las [&hellip;]<\/p>\n","protected":false},"author":21,"featured_media":7266,"comment_status":"open","ping_status":"open","sticky":false,"template":"","format":"standard","meta":{"_acf_changed":false,"_eb_attr":"","inline_featured_image":false,"footnotes":""},"categories":[4401],"tags":[4007,3159,3986,1609],"class_list":["post-7261","post","type-post","status-publish","format-standard","has-post-thumbnail","hentry","category-nuestra-marca","tag-carreteras-y-autovias","tag-dgt","tag-limites-de-velocidad","tag-radares"],"acf":[],"yoast_head":"<!-- This site is optimized with the Yoast SEO plugin v27.3 - https:\/\/yoast.com\/product\/yoast-seo-wordpress\/ -->\n<title>Catalu\u00f1a es la comunidad con mayor &quot;poblaci\u00f3n&quot; de radares - Universo Subaru<\/title>\n<meta name=\"robots\" content=\"index, follow, max-snippet:-1, max-image-preview:large, max-video-preview:-1\" \/>\n<link rel=\"canonical\" href=\"https:\/\/www.subaru.es\/blog\/nuestra-marca\/cataluna-es-la-comunidad-con-mayor-poblacion-de-radares\/\" \/>\n<meta property=\"og:locale\" content=\"es_ES\" \/>\n<meta property=\"og:type\" content=\"article\" \/>\n<meta property=\"og:title\" content=\"Catalu\u00f1a es la comunidad con mayor &quot;poblaci\u00f3n&quot; de radares - Universo Subaru\" \/>\n<meta property=\"og:description\" content=\"Catalu\u00f1a puede contar en sus carreteras m\u00e1s radares de control de velocidad que ninguna otra comunidad en Espa\u00f1a. Se trata de los radares fijos, que se cifran en la nada desde\u00f1able cifra de 18,25 dispositivos cada 1000 kil\u00f3metros. Esto significa que entre los radares fijos y los radares m\u00f3viles podemos estar seguros de que las [&hellip;]\" \/>\n<meta property=\"og:url\" content=\"https:\/\/www.subaru.es\/blog\/nuestra-marca\/cataluna-es-la-comunidad-con-mayor-poblacion-de-radares\/\" \/>\n<meta property=\"og:site_name\" content=\"Universo Subaru\" \/>\n<meta property=\"article:publisher\" content=\"https:\/\/www.facebook.com\/subaruespana\" \/>\n<meta property=\"article:published_time\" content=\"2012-08-27T14:33:33+00:00\" \/>\n<meta property=\"article:modified_time\" content=\"2016-10-17T13:07:27+00:00\" \/>\n<meta property=\"og:image\" content=\"https:\/\/www.subaru.es\/blog\/wp-content\/uploads\/2012\/07\/radares.jpg\" \/>\n\t<meta property=\"og:image:width\" content=\"600\" \/>\n\t<meta property=\"og:image:height\" content=\"450\" \/>\n\t<meta property=\"og:image:type\" content=\"image\/jpeg\" \/>\n<meta name=\"author\" content=\"Subaru\" \/>\n<meta name=\"twitter:card\" content=\"summary_large_image\" \/>\n<meta name=\"twitter:label1\" content=\"Escrito por\" \/>\n\t<meta name=\"twitter:data1\" content=\"Subaru\" \/>\n\t<meta name=\"twitter:label2\" content=\"Tiempo de lectura\" \/>\n\t<meta name=\"twitter:data2\" content=\"2 minutos\" \/>\n<script type=\"application\/ld+json\" class=\"yoast-schema-graph\">{\"@context\":\"https:\\\/\\\/schema.org\",\"@graph\":[{\"@type\":\"Article\",\"@id\":\"https:\\\/\\\/www.subaru.es\\\/blog\\\/nuestra-marca\\\/cataluna-es-la-comunidad-con-mayor-poblacion-de-radares\\\/#article\",\"isPartOf\":{\"@id\":\"https:\\\/\\\/www.subaru.es\\\/blog\\\/nuestra-marca\\\/cataluna-es-la-comunidad-con-mayor-poblacion-de-radares\\\/\"},\"author\":{\"name\":\"Subaru\",\"@id\":\"https:\\\/\\\/www.subaru.es\\\/blog\\\/#\\\/schema\\\/person\\\/19a90b892230b8e0ec752704ddf4aa10\"},\"headline\":\"Catalu\u00f1a es la comunidad con mayor \u00abpoblaci\u00f3n\u00bb de radares\",\"datePublished\":\"2012-08-27T14:33:33+00:00\",\"dateModified\":\"2016-10-17T13:07:27+00:00\",\"mainEntityOfPage\":{\"@id\":\"https:\\\/\\\/www.subaru.es\\\/blog\\\/nuestra-marca\\\/cataluna-es-la-comunidad-con-mayor-poblacion-de-radares\\\/\"},\"wordCount\":387,\"commentCount\":0,\"publisher\":{\"@id\":\"https:\\\/\\\/www.subaru.es\\\/blog\\\/#organization\"},\"image\":{\"@id\":\"https:\\\/\\\/www.subaru.es\\\/blog\\\/nuestra-marca\\\/cataluna-es-la-comunidad-con-mayor-poblacion-de-radares\\\/#primaryimage\"},\"thumbnailUrl\":\"https:\\\/\\\/www.subaru.es\\\/blog\\\/wp-content\\\/uploads\\\/2012\\\/07\\\/radares.jpg\",\"keywords\":[\"Carreteras y Autov\u00edas\",\"DGT\",\"L\u00edmites de velocidad\",\"radares\"],\"articleSection\":[\"Nuestra marca\"],\"inLanguage\":\"es\",\"potentialAction\":[{\"@type\":\"CommentAction\",\"name\":\"Comment\",\"target\":[\"https:\\\/\\\/www.subaru.es\\\/blog\\\/nuestra-marca\\\/cataluna-es-la-comunidad-con-mayor-poblacion-de-radares\\\/#respond\"]}]},{\"@type\":\"WebPage\",\"@id\":\"https:\\\/\\\/www.subaru.es\\\/blog\\\/nuestra-marca\\\/cataluna-es-la-comunidad-con-mayor-poblacion-de-radares\\\/\",\"url\":\"https:\\\/\\\/www.subaru.es\\\/blog\\\/nuestra-marca\\\/cataluna-es-la-comunidad-con-mayor-poblacion-de-radares\\\/\",\"name\":\"Catalu\u00f1a es la comunidad con mayor \\\"poblaci\u00f3n\\\" de radares - Universo Subaru\",\"isPartOf\":{\"@id\":\"https:\\\/\\\/www.subaru.es\\\/blog\\\/#website\"},\"primaryImageOfPage\":{\"@id\":\"https:\\\/\\\/www.subaru.es\\\/blog\\\/nuestra-marca\\\/cataluna-es-la-comunidad-con-mayor-poblacion-de-radares\\\/#primaryimage\"},\"image\":{\"@id\":\"https:\\\/\\\/www.subaru.es\\\/blog\\\/nuestra-marca\\\/cataluna-es-la-comunidad-con-mayor-poblacion-de-radares\\\/#primaryimage\"},\"thumbnailUrl\":\"https:\\\/\\\/www.subaru.es\\\/blog\\\/wp-content\\\/uploads\\\/2012\\\/07\\\/radares.jpg\",\"datePublished\":\"2012-08-27T14:33:33+00:00\",\"dateModified\":\"2016-10-17T13:07:27+00:00\",\"breadcrumb\":{\"@id\":\"https:\\\/\\\/www.subaru.es\\\/blog\\\/nuestra-marca\\\/cataluna-es-la-comunidad-con-mayor-poblacion-de-radares\\\/#breadcrumb\"},\"inLanguage\":\"es\",\"potentialAction\":[{\"@type\":\"ReadAction\",\"target\":[\"https:\\\/\\\/www.subaru.es\\\/blog\\\/nuestra-marca\\\/cataluna-es-la-comunidad-con-mayor-poblacion-de-radares\\\/\"]}]},{\"@type\":\"ImageObject\",\"inLanguage\":\"es\",\"@id\":\"https:\\\/\\\/www.subaru.es\\\/blog\\\/nuestra-marca\\\/cataluna-es-la-comunidad-con-mayor-poblacion-de-radares\\\/#primaryimage\",\"url\":\"https:\\\/\\\/www.subaru.es\\\/blog\\\/wp-content\\\/uploads\\\/2012\\\/07\\\/radares.jpg\",\"contentUrl\":\"https:\\\/\\\/www.subaru.es\\\/blog\\\/wp-content\\\/uploads\\\/2012\\\/07\\\/radares.jpg\",\"width\":600,\"height\":450},{\"@type\":\"BreadcrumbList\",\"@id\":\"https:\\\/\\\/www.subaru.es\\\/blog\\\/nuestra-marca\\\/cataluna-es-la-comunidad-con-mayor-poblacion-de-radares\\\/#breadcrumb\",\"itemListElement\":[{\"@type\":\"ListItem\",\"position\":1,\"name\":\"Portada\",\"item\":\"https:\\\/\\\/www.subaru.es\\\/blog\\\/\"},{\"@type\":\"ListItem\",\"position\":2,\"name\":\"Catalu\u00f1a es la comunidad con mayor \u00abpoblaci\u00f3n\u00bb de radares\"}]},{\"@type\":\"WebSite\",\"@id\":\"https:\\\/\\\/www.subaru.es\\\/blog\\\/#website\",\"url\":\"https:\\\/\\\/www.subaru.es\\\/blog\\\/\",\"name\":\"Universo Subaru\",\"description\":\"Descubre este apasionante espacio de Subaru donde vas a conocer todo sobre nuestros coches y las experiencias que vivimos con ellos. Si est\u00e1s preparado para dejarte seducir por la filosof\u00eda Subaru, qu\u00e9date con nosotros.\",\"publisher\":{\"@id\":\"https:\\\/\\\/www.subaru.es\\\/blog\\\/#organization\"},\"potentialAction\":[{\"@type\":\"SearchAction\",\"target\":{\"@type\":\"EntryPoint\",\"urlTemplate\":\"https:\\\/\\\/www.subaru.es\\\/blog\\\/?s={search_term_string}\"},\"query-input\":{\"@type\":\"PropertyValueSpecification\",\"valueRequired\":true,\"valueName\":\"search_term_string\"}}],\"inLanguage\":\"es\"},{\"@type\":\"Organization\",\"@id\":\"https:\\\/\\\/www.subaru.es\\\/blog\\\/#organization\",\"name\":\"Subaru Espa\u00f1a S.A.\",\"url\":\"https:\\\/\\\/www.subaru.es\\\/blog\\\/\",\"logo\":{\"@type\":\"ImageObject\",\"inLanguage\":\"es\",\"@id\":\"https:\\\/\\\/www.subaru.es\\\/blog\\\/#\\\/schema\\\/logo\\\/image\\\/\",\"url\":\"https:\\\/\\\/www.subaru.es\\\/blog\\\/wp-content\\\/uploads\\\/2016\\\/12\\\/Logo-Subaru-TypeV_C300-scaled.jpg\",\"contentUrl\":\"https:\\\/\\\/www.subaru.es\\\/blog\\\/wp-content\\\/uploads\\\/2016\\\/12\\\/Logo-Subaru-TypeV_C300-scaled.jpg\",\"width\":2560,\"height\":1864,\"caption\":\"Subaru Espa\u00f1a S.A.\"},\"image\":{\"@id\":\"https:\\\/\\\/www.subaru.es\\\/blog\\\/#\\\/schema\\\/logo\\\/image\\\/\"},\"sameAs\":[\"https:\\\/\\\/www.facebook.com\\\/subaruespana\",\"https:\\\/\\\/www.instagram.com\\\/subarues\\\/\",\"https:\\\/\\\/www.youtube.com\\\/user\\\/subaruespana\"]},{\"@type\":\"Person\",\"@id\":\"https:\\\/\\\/www.subaru.es\\\/blog\\\/#\\\/schema\\\/person\\\/19a90b892230b8e0ec752704ddf4aa10\",\"name\":\"Subaru\",\"url\":\"https:\\\/\\\/www.subaru.es\\\/blog\\\/author\\\/subaria\\\/\"}]}<\/script>\n<!-- \/ Yoast SEO plugin. -->","yoast_head_json":{"title":"Catalu\u00f1a es la comunidad con mayor \"poblaci\u00f3n\" de radares - Universo Subaru","robots":{"index":"index","follow":"follow","max-snippet":"max-snippet:-1","max-image-preview":"max-image-preview:large","max-video-preview":"max-video-preview:-1"},"canonical":"https:\/\/www.subaru.es\/blog\/nuestra-marca\/cataluna-es-la-comunidad-con-mayor-poblacion-de-radares\/","og_locale":"es_ES","og_type":"article","og_title":"Catalu\u00f1a es la comunidad con mayor \"poblaci\u00f3n\" de radares - Universo Subaru","og_description":"Catalu\u00f1a puede contar en sus carreteras m\u00e1s radares de control de velocidad que ninguna otra comunidad en Espa\u00f1a. Se trata de los radares fijos, que se cifran en la nada desde\u00f1able cifra de 18,25 dispositivos cada 1000 kil\u00f3metros. Esto significa que entre los radares fijos y los radares m\u00f3viles podemos estar seguros de que las [&hellip;]","og_url":"https:\/\/www.subaru.es\/blog\/nuestra-marca\/cataluna-es-la-comunidad-con-mayor-poblacion-de-radares\/","og_site_name":"Universo Subaru","article_publisher":"https:\/\/www.facebook.com\/subaruespana","article_published_time":"2012-08-27T14:33:33+00:00","article_modified_time":"2016-10-17T13:07:27+00:00","og_image":[{"width":600,"height":450,"url":"https:\/\/www.subaru.es\/blog\/wp-content\/uploads\/2012\/07\/radares.jpg","type":"image\/jpeg"}],"author":"Subaru","twitter_card":"summary_large_image","twitter_misc":{"Escrito por":"Subaru","Tiempo de lectura":"2 minutos"},"schema":{"@context":"https:\/\/schema.org","@graph":[{"@type":"Article","@id":"https:\/\/www.subaru.es\/blog\/nuestra-marca\/cataluna-es-la-comunidad-con-mayor-poblacion-de-radares\/#article","isPartOf":{"@id":"https:\/\/www.subaru.es\/blog\/nuestra-marca\/cataluna-es-la-comunidad-con-mayor-poblacion-de-radares\/"},"author":{"name":"Subaru","@id":"https:\/\/www.subaru.es\/blog\/#\/schema\/person\/19a90b892230b8e0ec752704ddf4aa10"},"headline":"Catalu\u00f1a es la comunidad con mayor \u00abpoblaci\u00f3n\u00bb de radares","datePublished":"2012-08-27T14:33:33+00:00","dateModified":"2016-10-17T13:07:27+00:00","mainEntityOfPage":{"@id":"https:\/\/www.subaru.es\/blog\/nuestra-marca\/cataluna-es-la-comunidad-con-mayor-poblacion-de-radares\/"},"wordCount":387,"commentCount":0,"publisher":{"@id":"https:\/\/www.subaru.es\/blog\/#organization"},"image":{"@id":"https:\/\/www.subaru.es\/blog\/nuestra-marca\/cataluna-es-la-comunidad-con-mayor-poblacion-de-radares\/#primaryimage"},"thumbnailUrl":"https:\/\/www.subaru.es\/blog\/wp-content\/uploads\/2012\/07\/radares.jpg","keywords":["Carreteras y Autov\u00edas","DGT","L\u00edmites de velocidad","radares"],"articleSection":["Nuestra marca"],"inLanguage":"es","potentialAction":[{"@type":"CommentAction","name":"Comment","target":["https:\/\/www.subaru.es\/blog\/nuestra-marca\/cataluna-es-la-comunidad-con-mayor-poblacion-de-radares\/#respond"]}]},{"@type":"WebPage","@id":"https:\/\/www.subaru.es\/blog\/nuestra-marca\/cataluna-es-la-comunidad-con-mayor-poblacion-de-radares\/","url":"https:\/\/www.subaru.es\/blog\/nuestra-marca\/cataluna-es-la-comunidad-con-mayor-poblacion-de-radares\/","name":"Catalu\u00f1a es la comunidad con mayor \"poblaci\u00f3n\" de radares - Universo Subaru","isPartOf":{"@id":"https:\/\/www.subaru.es\/blog\/#website"},"primaryImageOfPage":{"@id":"https:\/\/www.subaru.es\/blog\/nuestra-marca\/cataluna-es-la-comunidad-con-mayor-poblacion-de-radares\/#primaryimage"},"image":{"@id":"https:\/\/www.subaru.es\/blog\/nuestra-marca\/cataluna-es-la-comunidad-con-mayor-poblacion-de-radares\/#primaryimage"},"thumbnailUrl":"https:\/\/www.subaru.es\/blog\/wp-content\/uploads\/2012\/07\/radares.jpg","datePublished":"2012-08-27T14:33:33+00:00","dateModified":"2016-10-17T13:07:27+00:00","breadcrumb":{"@id":"https:\/\/www.subaru.es\/blog\/nuestra-marca\/cataluna-es-la-comunidad-con-mayor-poblacion-de-radares\/#breadcrumb"},"inLanguage":"es","potentialAction":[{"@type":"ReadAction","target":["https:\/\/www.subaru.es\/blog\/nuestra-marca\/cataluna-es-la-comunidad-con-mayor-poblacion-de-radares\/"]}]},{"@type":"ImageObject","inLanguage":"es","@id":"https:\/\/www.subaru.es\/blog\/nuestra-marca\/cataluna-es-la-comunidad-con-mayor-poblacion-de-radares\/#primaryimage","url":"https:\/\/www.subaru.es\/blog\/wp-content\/uploads\/2012\/07\/radares.jpg","contentUrl":"https:\/\/www.subaru.es\/blog\/wp-content\/uploads\/2012\/07\/radares.jpg","width":600,"height":450},{"@type":"BreadcrumbList","@id":"https:\/\/www.subaru.es\/blog\/nuestra-marca\/cataluna-es-la-comunidad-con-mayor-poblacion-de-radares\/#breadcrumb","itemListElement":[{"@type":"ListItem","position":1,"name":"Portada","item":"https:\/\/www.subaru.es\/blog\/"},{"@type":"ListItem","position":2,"name":"Catalu\u00f1a es la comunidad con mayor \u00abpoblaci\u00f3n\u00bb de radares"}]},{"@type":"WebSite","@id":"https:\/\/www.subaru.es\/blog\/#website","url":"https:\/\/www.subaru.es\/blog\/","name":"Universo Subaru","description":"Descubre este apasionante espacio de Subaru donde vas a conocer todo sobre nuestros coches y las experiencias que vivimos con ellos. Si est\u00e1s preparado para dejarte seducir por la filosof\u00eda Subaru, qu\u00e9date con nosotros.","publisher":{"@id":"https:\/\/www.subaru.es\/blog\/#organization"},"potentialAction":[{"@type":"SearchAction","target":{"@type":"EntryPoint","urlTemplate":"https:\/\/www.subaru.es\/blog\/?s={search_term_string}"},"query-input":{"@type":"PropertyValueSpecification","valueRequired":true,"valueName":"search_term_string"}}],"inLanguage":"es"},{"@type":"Organization","@id":"https:\/\/www.subaru.es\/blog\/#organization","name":"Subaru Espa\u00f1a S.A.","url":"https:\/\/www.subaru.es\/blog\/","logo":{"@type":"ImageObject","inLanguage":"es","@id":"https:\/\/www.subaru.es\/blog\/#\/schema\/logo\/image\/","url":"https:\/\/www.subaru.es\/blog\/wp-content\/uploads\/2016\/12\/Logo-Subaru-TypeV_C300-scaled.jpg","contentUrl":"https:\/\/www.subaru.es\/blog\/wp-content\/uploads\/2016\/12\/Logo-Subaru-TypeV_C300-scaled.jpg","width":2560,"height":1864,"caption":"Subaru Espa\u00f1a S.A."},"image":{"@id":"https:\/\/www.subaru.es\/blog\/#\/schema\/logo\/image\/"},"sameAs":["https:\/\/www.facebook.com\/subaruespana","https:\/\/www.instagram.com\/subarues\/","https:\/\/www.youtube.com\/user\/subaruespana"]},{"@type":"Person","@id":"https:\/\/www.subaru.es\/blog\/#\/schema\/person\/19a90b892230b8e0ec752704ddf4aa10","name":"Subaru","url":"https:\/\/www.subaru.es\/blog\/author\/subaria\/"}]}},"_links":{"self":[{"href":"https:\/\/www.subaru.es\/blog\/wp-json\/wp\/v2\/posts\/7261","targetHints":{"allow":["GET"]}}],"collection":[{"href":"https:\/\/www.subaru.es\/blog\/wp-json\/wp\/v2\/posts"}],"about":[{"href":"https:\/\/www.subaru.es\/blog\/wp-json\/wp\/v2\/types\/post"}],"author":[{"embeddable":true,"href":"https:\/\/www.subaru.es\/blog\/wp-json\/wp\/v2\/users\/21"}],"replies":[{"embeddable":true,"href":"https:\/\/www.subaru.es\/blog\/wp-json\/wp\/v2\/comments?post=7261"}],"version-history":[{"count":1,"href":"https:\/\/www.subaru.es\/blog\/wp-json\/wp\/v2\/posts\/7261\/revisions"}],"predecessor-version":[{"id":16085,"href":"https:\/\/www.subaru.es\/blog\/wp-json\/wp\/v2\/posts\/7261\/revisions\/16085"}],"wp:featuredmedia":[{"embeddable":true,"href":"https:\/\/www.subaru.es\/blog\/wp-json\/wp\/v2\/media\/7266"}],"wp:attachment":[{"href":"https:\/\/www.subaru.es\/blog\/wp-json\/wp\/v2\/media?parent=7261"}],"wp:term":[{"taxonomy":"category","embeddable":true,"href":"https:\/\/www.subaru.es\/blog\/wp-json\/wp\/v2\/categories?post=7261"},{"taxonomy":"post_tag","embeddable":true,"href":"https:\/\/www.subaru.es\/blog\/wp-json\/wp\/v2\/tags?post=7261"}],"curies":[{"name":"wp","href":"https:\/\/api.w.org\/{rel}","templated":true}]}}