{"id":714,"date":"2008-03-25T20:00:31","date_gmt":"2008-03-25T18:00:31","guid":{"rendered":"http:\/\/subaru.preproduccion.com\/blog\/wp-content\/2008\/03\/25\/mejico-%c2%bfcircuito-maldito-para-solberg\/"},"modified":"2020-08-06T11:50:14","modified_gmt":"2020-08-06T09:50:14","slug":"mejico-circuito-maldito-para-solberg","status":"publish","type":"post","link":"https:\/\/www.subaru.es\/blog\/nuestra-marca\/mejico-circuito-maldito-para-solberg\/","title":{"rendered":"M\u00e9jico: \u00bfcircuito maldito para Solberg?"},"content":{"rendered":"<p><img data-src='https:\/\/www.subaru.es\/blog\/wp-content\/uploads\/2008\/03\/solberg-mexico.jpg' alt='M\u00e9jico, \u00bfpista maldita para Petter Solberg?' src='data:image\/svg+xml;base64,PHN2ZyB3aWR0aD0iMSIgaGVpZ2h0PSIxIiB4bWxucz0iaHR0cDovL3d3dy53My5vcmcvMjAwMC9zdmciPjwvc3ZnPg==' class='lazyload' style='--smush-placeholder-width: 480px; --smush-placeholder-aspect-ratio: 480\/286;' \/><\/p>\n<p><strong>\u00bfEs M\u00e9jico un circuito maldito para Petter Solberg?<\/strong> Eso es lo que sugiere uno de los posts de <a href=\"http:\/\/racingpasion.com\">Racingpasi\u00f3n<\/a>, donde se hace un repaso a los resultados del piloto noruego en tierras mejicanas durante los \u00faltimos a\u00f1os:<\/p>\n<blockquote><p>Cuatro a\u00f1os, estos son los a\u00f1os de calvario que lleva Petter Solberg. Cuatro a\u00f1os en los que el piloto noruego acumula todo tipo de aver\u00edas y accidentes. Todo empez\u00f3 a partir de su primer t\u00edtulo mundial. Petter, muy contento y confiado, prometi\u00f3 10 victorias en el siguiente campeonato. <strong>Y han sido 8 victorias, pero no en un solo a\u00f1o, sino que esas son las victorias que lleva desde el final del 2003 hasta la fecha<\/strong>. Algo que un piloto de su clase no se puede permitir.<\/p><\/blockquote>\n<p>\u00bfCreer\u00e1 Solberg en la mala suerte?<\/p>\n<p>M\u00e1s en <strong><a href=\"http:\/\/racingpasion.com\">Racingpasi\u00f3n<\/a><\/strong><\/p>\n","protected":false},"excerpt":{"rendered":"<p>\u00bfEs M\u00e9jico un circuito maldito para Petter Solberg? Eso es lo que sugiere uno de los posts de Racingpasi\u00f3n, donde se hace un repaso a los resultados del piloto noruego en tierras mejicanas durante los \u00faltimos a\u00f1os: Cuatro a\u00f1os, estos son los a\u00f1os de calvario que lleva Petter Solberg. Cuatro a\u00f1os en los que el [&hellip;]<\/p>\n","protected":false},"author":21,"featured_media":715,"comment_status":"open","ping_status":"open","sticky":false,"template":"","format":"standard","meta":{"_acf_changed":false,"_eb_attr":"","inline_featured_image":false,"footnotes":""},"categories":[4401],"tags":[280,279,183,367,43,107,112],"class_list":["post-714","post","type-post","status-publish","format-standard","has-post-thumbnail","hentry","category-nuestra-marca","tag-mejico","tag-mexico","tag-petter","tag-punto-negro","tag-rally","tag-rallye","tag-solberg"],"acf":[],"yoast_head":"<!-- This site is optimized with the Yoast SEO plugin v27.3 - https:\/\/yoast.com\/product\/yoast-seo-wordpress\/ -->\n<title>M\u00e9jico: \u00bfcircuito maldito para Solberg? - Universo Subaru<\/title>\n<meta name=\"robots\" content=\"index, follow, max-snippet:-1, max-image-preview:large, max-video-preview:-1\" \/>\n<link rel=\"canonical\" href=\"https:\/\/www.subaru.es\/blog\/nuestra-marca\/mejico-circuito-maldito-para-solberg\/\" \/>\n<meta property=\"og:locale\" content=\"es_ES\" \/>\n<meta property=\"og:type\" content=\"article\" \/>\n<meta property=\"og:title\" content=\"M\u00e9jico: \u00bfcircuito maldito para Solberg? - Universo Subaru\" \/>\n<meta property=\"og:description\" content=\"\u00bfEs M\u00e9jico un circuito maldito para Petter Solberg? Eso es lo que sugiere uno de los posts de Racingpasi\u00f3n, donde se hace un repaso a los resultados del piloto noruego en tierras mejicanas durante los \u00faltimos a\u00f1os: Cuatro a\u00f1os, estos son los a\u00f1os de calvario que lleva Petter Solberg. Cuatro a\u00f1os en los que el [&hellip;]\" \/>\n<meta property=\"og:url\" content=\"https:\/\/www.subaru.es\/blog\/nuestra-marca\/mejico-circuito-maldito-para-solberg\/\" \/>\n<meta property=\"og:site_name\" content=\"Universo Subaru\" \/>\n<meta property=\"article:publisher\" content=\"https:\/\/www.facebook.com\/subaruespana\" \/>\n<meta property=\"article:published_time\" content=\"2008-03-25T18:00:31+00:00\" \/>\n<meta property=\"article:modified_time\" content=\"2020-08-06T09:50:14+00:00\" \/>\n<meta property=\"og:image\" content=\"https:\/\/www.subaru.es\/blog\/wp-content\/uploads\/2008\/03\/solberg-mexico.jpg\" \/>\n\t<meta property=\"og:image:width\" content=\"480\" \/>\n\t<meta property=\"og:image:height\" content=\"286\" \/>\n\t<meta property=\"og:image:type\" content=\"image\/jpeg\" \/>\n<meta name=\"author\" content=\"Subaru\" \/>\n<meta name=\"twitter:card\" content=\"summary_large_image\" \/>\n<meta name=\"twitter:label1\" content=\"Escrito por\" \/>\n\t<meta name=\"twitter:data1\" content=\"Subaru\" \/>\n\t<meta name=\"twitter:label2\" content=\"Tiempo de lectura\" \/>\n\t<meta name=\"twitter:data2\" content=\"1 minuto\" \/>\n<script type=\"application\/ld+json\" class=\"yoast-schema-graph\">{\"@context\":\"https:\\\/\\\/schema.org\",\"@graph\":[{\"@type\":\"Article\",\"@id\":\"https:\\\/\\\/www.subaru.es\\\/blog\\\/nuestra-marca\\\/mejico-circuito-maldito-para-solberg\\\/#article\",\"isPartOf\":{\"@id\":\"https:\\\/\\\/www.subaru.es\\\/blog\\\/nuestra-marca\\\/mejico-circuito-maldito-para-solberg\\\/\"},\"author\":{\"name\":\"Subaru\",\"@id\":\"https:\\\/\\\/www.subaru.es\\\/blog\\\/#\\\/schema\\\/person\\\/19a90b892230b8e0ec752704ddf4aa10\"},\"headline\":\"M\u00e9jico: \u00bfcircuito maldito para Solberg?\",\"datePublished\":\"2008-03-25T18:00:31+00:00\",\"dateModified\":\"2020-08-06T09:50:14+00:00\",\"mainEntityOfPage\":{\"@id\":\"https:\\\/\\\/www.subaru.es\\\/blog\\\/nuestra-marca\\\/mejico-circuito-maldito-para-solberg\\\/\"},\"wordCount\":146,\"commentCount\":1,\"publisher\":{\"@id\":\"https:\\\/\\\/www.subaru.es\\\/blog\\\/#organization\"},\"image\":{\"@id\":\"https:\\\/\\\/www.subaru.es\\\/blog\\\/nuestra-marca\\\/mejico-circuito-maldito-para-solberg\\\/#primaryimage\"},\"thumbnailUrl\":\"https:\\\/\\\/www.subaru.es\\\/blog\\\/wp-content\\\/uploads\\\/2008\\\/03\\\/solberg-mexico.jpg\",\"keywords\":[\"m\u00e9jico\",\"m\u00e9xico\",\"petter\",\"punto negro\",\"rally\",\"rallye\",\"solberg\"],\"articleSection\":[\"Nuestra marca\"],\"inLanguage\":\"es\",\"potentialAction\":[{\"@type\":\"CommentAction\",\"name\":\"Comment\",\"target\":[\"https:\\\/\\\/www.subaru.es\\\/blog\\\/nuestra-marca\\\/mejico-circuito-maldito-para-solberg\\\/#respond\"]}]},{\"@type\":\"WebPage\",\"@id\":\"https:\\\/\\\/www.subaru.es\\\/blog\\\/nuestra-marca\\\/mejico-circuito-maldito-para-solberg\\\/\",\"url\":\"https:\\\/\\\/www.subaru.es\\\/blog\\\/nuestra-marca\\\/mejico-circuito-maldito-para-solberg\\\/\",\"name\":\"M\u00e9jico: \u00bfcircuito maldito para Solberg? - Universo Subaru\",\"isPartOf\":{\"@id\":\"https:\\\/\\\/www.subaru.es\\\/blog\\\/#website\"},\"primaryImageOfPage\":{\"@id\":\"https:\\\/\\\/www.subaru.es\\\/blog\\\/nuestra-marca\\\/mejico-circuito-maldito-para-solberg\\\/#primaryimage\"},\"image\":{\"@id\":\"https:\\\/\\\/www.subaru.es\\\/blog\\\/nuestra-marca\\\/mejico-circuito-maldito-para-solberg\\\/#primaryimage\"},\"thumbnailUrl\":\"https:\\\/\\\/www.subaru.es\\\/blog\\\/wp-content\\\/uploads\\\/2008\\\/03\\\/solberg-mexico.jpg\",\"datePublished\":\"2008-03-25T18:00:31+00:00\",\"dateModified\":\"2020-08-06T09:50:14+00:00\",\"breadcrumb\":{\"@id\":\"https:\\\/\\\/www.subaru.es\\\/blog\\\/nuestra-marca\\\/mejico-circuito-maldito-para-solberg\\\/#breadcrumb\"},\"inLanguage\":\"es\",\"potentialAction\":[{\"@type\":\"ReadAction\",\"target\":[\"https:\\\/\\\/www.subaru.es\\\/blog\\\/nuestra-marca\\\/mejico-circuito-maldito-para-solberg\\\/\"]}]},{\"@type\":\"ImageObject\",\"inLanguage\":\"es\",\"@id\":\"https:\\\/\\\/www.subaru.es\\\/blog\\\/nuestra-marca\\\/mejico-circuito-maldito-para-solberg\\\/#primaryimage\",\"url\":\"https:\\\/\\\/www.subaru.es\\\/blog\\\/wp-content\\\/uploads\\\/2008\\\/03\\\/solberg-mexico.jpg\",\"contentUrl\":\"https:\\\/\\\/www.subaru.es\\\/blog\\\/wp-content\\\/uploads\\\/2008\\\/03\\\/solberg-mexico.jpg\",\"width\":480,\"height\":286},{\"@type\":\"BreadcrumbList\",\"@id\":\"https:\\\/\\\/www.subaru.es\\\/blog\\\/nuestra-marca\\\/mejico-circuito-maldito-para-solberg\\\/#breadcrumb\",\"itemListElement\":[{\"@type\":\"ListItem\",\"position\":1,\"name\":\"Portada\",\"item\":\"https:\\\/\\\/www.subaru.es\\\/blog\\\/\"},{\"@type\":\"ListItem\",\"position\":2,\"name\":\"M\u00e9jico: \u00bfcircuito maldito para Solberg?\"}]},{\"@type\":\"WebSite\",\"@id\":\"https:\\\/\\\/www.subaru.es\\\/blog\\\/#website\",\"url\":\"https:\\\/\\\/www.subaru.es\\\/blog\\\/\",\"name\":\"Universo Subaru\",\"description\":\"Descubre este apasionante espacio de Subaru donde vas a conocer todo sobre nuestros coches y las experiencias que vivimos con ellos. Si est\u00e1s preparado para dejarte seducir por la filosof\u00eda Subaru, qu\u00e9date con nosotros.\",\"publisher\":{\"@id\":\"https:\\\/\\\/www.subaru.es\\\/blog\\\/#organization\"},\"potentialAction\":[{\"@type\":\"SearchAction\",\"target\":{\"@type\":\"EntryPoint\",\"urlTemplate\":\"https:\\\/\\\/www.subaru.es\\\/blog\\\/?s={search_term_string}\"},\"query-input\":{\"@type\":\"PropertyValueSpecification\",\"valueRequired\":true,\"valueName\":\"search_term_string\"}}],\"inLanguage\":\"es\"},{\"@type\":\"Organization\",\"@id\":\"https:\\\/\\\/www.subaru.es\\\/blog\\\/#organization\",\"name\":\"Subaru Espa\u00f1a S.A.\",\"url\":\"https:\\\/\\\/www.subaru.es\\\/blog\\\/\",\"logo\":{\"@type\":\"ImageObject\",\"inLanguage\":\"es\",\"@id\":\"https:\\\/\\\/www.subaru.es\\\/blog\\\/#\\\/schema\\\/logo\\\/image\\\/\",\"url\":\"https:\\\/\\\/www.subaru.es\\\/blog\\\/wp-content\\\/uploads\\\/2016\\\/12\\\/Logo-Subaru-TypeV_C300-scaled.jpg\",\"contentUrl\":\"https:\\\/\\\/www.subaru.es\\\/blog\\\/wp-content\\\/uploads\\\/2016\\\/12\\\/Logo-Subaru-TypeV_C300-scaled.jpg\",\"width\":2560,\"height\":1864,\"caption\":\"Subaru Espa\u00f1a S.A.\"},\"image\":{\"@id\":\"https:\\\/\\\/www.subaru.es\\\/blog\\\/#\\\/schema\\\/logo\\\/image\\\/\"},\"sameAs\":[\"https:\\\/\\\/www.facebook.com\\\/subaruespana\",\"https:\\\/\\\/www.instagram.com\\\/subarues\\\/\",\"https:\\\/\\\/www.youtube.com\\\/user\\\/subaruespana\"]},{\"@type\":\"Person\",\"@id\":\"https:\\\/\\\/www.subaru.es\\\/blog\\\/#\\\/schema\\\/person\\\/19a90b892230b8e0ec752704ddf4aa10\",\"name\":\"Subaru\",\"url\":\"https:\\\/\\\/www.subaru.es\\\/blog\\\/author\\\/subaria\\\/\"}]}<\/script>\n<!-- \/ Yoast SEO plugin. -->","yoast_head_json":{"title":"M\u00e9jico: \u00bfcircuito maldito para Solberg? - Universo Subaru","robots":{"index":"index","follow":"follow","max-snippet":"max-snippet:-1","max-image-preview":"max-image-preview:large","max-video-preview":"max-video-preview:-1"},"canonical":"https:\/\/www.subaru.es\/blog\/nuestra-marca\/mejico-circuito-maldito-para-solberg\/","og_locale":"es_ES","og_type":"article","og_title":"M\u00e9jico: \u00bfcircuito maldito para Solberg? - Universo Subaru","og_description":"\u00bfEs M\u00e9jico un circuito maldito para Petter Solberg? Eso es lo que sugiere uno de los posts de Racingpasi\u00f3n, donde se hace un repaso a los resultados del piloto noruego en tierras mejicanas durante los \u00faltimos a\u00f1os: Cuatro a\u00f1os, estos son los a\u00f1os de calvario que lleva Petter Solberg. Cuatro a\u00f1os en los que el [&hellip;]","og_url":"https:\/\/www.subaru.es\/blog\/nuestra-marca\/mejico-circuito-maldito-para-solberg\/","og_site_name":"Universo Subaru","article_publisher":"https:\/\/www.facebook.com\/subaruespana","article_published_time":"2008-03-25T18:00:31+00:00","article_modified_time":"2020-08-06T09:50:14+00:00","og_image":[{"width":480,"height":286,"url":"https:\/\/www.subaru.es\/blog\/wp-content\/uploads\/2008\/03\/solberg-mexico.jpg","type":"image\/jpeg"}],"author":"Subaru","twitter_card":"summary_large_image","twitter_misc":{"Escrito por":"Subaru","Tiempo de lectura":"1 minuto"},"schema":{"@context":"https:\/\/schema.org","@graph":[{"@type":"Article","@id":"https:\/\/www.subaru.es\/blog\/nuestra-marca\/mejico-circuito-maldito-para-solberg\/#article","isPartOf":{"@id":"https:\/\/www.subaru.es\/blog\/nuestra-marca\/mejico-circuito-maldito-para-solberg\/"},"author":{"name":"Subaru","@id":"https:\/\/www.subaru.es\/blog\/#\/schema\/person\/19a90b892230b8e0ec752704ddf4aa10"},"headline":"M\u00e9jico: \u00bfcircuito maldito para Solberg?","datePublished":"2008-03-25T18:00:31+00:00","dateModified":"2020-08-06T09:50:14+00:00","mainEntityOfPage":{"@id":"https:\/\/www.subaru.es\/blog\/nuestra-marca\/mejico-circuito-maldito-para-solberg\/"},"wordCount":146,"commentCount":1,"publisher":{"@id":"https:\/\/www.subaru.es\/blog\/#organization"},"image":{"@id":"https:\/\/www.subaru.es\/blog\/nuestra-marca\/mejico-circuito-maldito-para-solberg\/#primaryimage"},"thumbnailUrl":"https:\/\/www.subaru.es\/blog\/wp-content\/uploads\/2008\/03\/solberg-mexico.jpg","keywords":["m\u00e9jico","m\u00e9xico","petter","punto negro","rally","rallye","solberg"],"articleSection":["Nuestra marca"],"inLanguage":"es","potentialAction":[{"@type":"CommentAction","name":"Comment","target":["https:\/\/www.subaru.es\/blog\/nuestra-marca\/mejico-circuito-maldito-para-solberg\/#respond"]}]},{"@type":"WebPage","@id":"https:\/\/www.subaru.es\/blog\/nuestra-marca\/mejico-circuito-maldito-para-solberg\/","url":"https:\/\/www.subaru.es\/blog\/nuestra-marca\/mejico-circuito-maldito-para-solberg\/","name":"M\u00e9jico: \u00bfcircuito maldito para Solberg? - Universo Subaru","isPartOf":{"@id":"https:\/\/www.subaru.es\/blog\/#website"},"primaryImageOfPage":{"@id":"https:\/\/www.subaru.es\/blog\/nuestra-marca\/mejico-circuito-maldito-para-solberg\/#primaryimage"},"image":{"@id":"https:\/\/www.subaru.es\/blog\/nuestra-marca\/mejico-circuito-maldito-para-solberg\/#primaryimage"},"thumbnailUrl":"https:\/\/www.subaru.es\/blog\/wp-content\/uploads\/2008\/03\/solberg-mexico.jpg","datePublished":"2008-03-25T18:00:31+00:00","dateModified":"2020-08-06T09:50:14+00:00","breadcrumb":{"@id":"https:\/\/www.subaru.es\/blog\/nuestra-marca\/mejico-circuito-maldito-para-solberg\/#breadcrumb"},"inLanguage":"es","potentialAction":[{"@type":"ReadAction","target":["https:\/\/www.subaru.es\/blog\/nuestra-marca\/mejico-circuito-maldito-para-solberg\/"]}]},{"@type":"ImageObject","inLanguage":"es","@id":"https:\/\/www.subaru.es\/blog\/nuestra-marca\/mejico-circuito-maldito-para-solberg\/#primaryimage","url":"https:\/\/www.subaru.es\/blog\/wp-content\/uploads\/2008\/03\/solberg-mexico.jpg","contentUrl":"https:\/\/www.subaru.es\/blog\/wp-content\/uploads\/2008\/03\/solberg-mexico.jpg","width":480,"height":286},{"@type":"BreadcrumbList","@id":"https:\/\/www.subaru.es\/blog\/nuestra-marca\/mejico-circuito-maldito-para-solberg\/#breadcrumb","itemListElement":[{"@type":"ListItem","position":1,"name":"Portada","item":"https:\/\/www.subaru.es\/blog\/"},{"@type":"ListItem","position":2,"name":"M\u00e9jico: \u00bfcircuito maldito para Solberg?"}]},{"@type":"WebSite","@id":"https:\/\/www.subaru.es\/blog\/#website","url":"https:\/\/www.subaru.es\/blog\/","name":"Universo Subaru","description":"Descubre este apasionante espacio de Subaru donde vas a conocer todo sobre nuestros coches y las experiencias que vivimos con ellos. Si est\u00e1s preparado para dejarte seducir por la filosof\u00eda Subaru, qu\u00e9date con nosotros.","publisher":{"@id":"https:\/\/www.subaru.es\/blog\/#organization"},"potentialAction":[{"@type":"SearchAction","target":{"@type":"EntryPoint","urlTemplate":"https:\/\/www.subaru.es\/blog\/?s={search_term_string}"},"query-input":{"@type":"PropertyValueSpecification","valueRequired":true,"valueName":"search_term_string"}}],"inLanguage":"es"},{"@type":"Organization","@id":"https:\/\/www.subaru.es\/blog\/#organization","name":"Subaru Espa\u00f1a S.A.","url":"https:\/\/www.subaru.es\/blog\/","logo":{"@type":"ImageObject","inLanguage":"es","@id":"https:\/\/www.subaru.es\/blog\/#\/schema\/logo\/image\/","url":"https:\/\/www.subaru.es\/blog\/wp-content\/uploads\/2016\/12\/Logo-Subaru-TypeV_C300-scaled.jpg","contentUrl":"https:\/\/www.subaru.es\/blog\/wp-content\/uploads\/2016\/12\/Logo-Subaru-TypeV_C300-scaled.jpg","width":2560,"height":1864,"caption":"Subaru Espa\u00f1a S.A."},"image":{"@id":"https:\/\/www.subaru.es\/blog\/#\/schema\/logo\/image\/"},"sameAs":["https:\/\/www.facebook.com\/subaruespana","https:\/\/www.instagram.com\/subarues\/","https:\/\/www.youtube.com\/user\/subaruespana"]},{"@type":"Person","@id":"https:\/\/www.subaru.es\/blog\/#\/schema\/person\/19a90b892230b8e0ec752704ddf4aa10","name":"Subaru","url":"https:\/\/www.subaru.es\/blog\/author\/subaria\/"}]}},"_links":{"self":[{"href":"https:\/\/www.subaru.es\/blog\/wp-json\/wp\/v2\/posts\/714","targetHints":{"allow":["GET"]}}],"collection":[{"href":"https:\/\/www.subaru.es\/blog\/wp-json\/wp\/v2\/posts"}],"about":[{"href":"https:\/\/www.subaru.es\/blog\/wp-json\/wp\/v2\/types\/post"}],"author":[{"embeddable":true,"href":"https:\/\/www.subaru.es\/blog\/wp-json\/wp\/v2\/users\/21"}],"replies":[{"embeddable":true,"href":"https:\/\/www.subaru.es\/blog\/wp-json\/wp\/v2\/comments?post=714"}],"version-history":[{"count":1,"href":"https:\/\/www.subaru.es\/blog\/wp-json\/wp\/v2\/posts\/714\/revisions"}],"predecessor-version":[{"id":15654,"href":"https:\/\/www.subaru.es\/blog\/wp-json\/wp\/v2\/posts\/714\/revisions\/15654"}],"wp:featuredmedia":[{"embeddable":true,"href":"https:\/\/www.subaru.es\/blog\/wp-json\/wp\/v2\/media\/715"}],"wp:attachment":[{"href":"https:\/\/www.subaru.es\/blog\/wp-json\/wp\/v2\/media?parent=714"}],"wp:term":[{"taxonomy":"category","embeddable":true,"href":"https:\/\/www.subaru.es\/blog\/wp-json\/wp\/v2\/categories?post=714"},{"taxonomy":"post_tag","embeddable":true,"href":"https:\/\/www.subaru.es\/blog\/wp-json\/wp\/v2\/tags?post=714"}],"curies":[{"name":"wp","href":"https:\/\/api.w.org\/{rel}","templated":true}]}}