{"id":7109,"date":"2012-11-12T12:04:25","date_gmt":"2012-11-12T10:04:25","guid":{"rendered":"http:\/\/subaru.preproduccion.com\/blog\/?p=7109"},"modified":"2016-10-17T15:07:27","modified_gmt":"2016-10-17T13:07:27","slug":"mas-de-100-000-positivos-por-alcoholemia-al-ano","status":"publish","type":"post","link":"https:\/\/www.subaru.es\/blog\/nuestra-marca\/mas-de-100-000-positivos-por-alcoholemia-al-ano\/","title":{"rendered":"M\u00e1s de 100.000 positivos por alcoholemia al a\u00f1o"},"content":{"rendered":"<p><img decoding=\"async\" data-src=\"https:\/\/www.subaru.es\/blog\/wp-content\/uploads\/2012\/05\/beber-y-conducir.jpg\" alt=\"\" title=\"beber y conducir\" width=\"600\" height=\"413\" class=\"aligncenter size-full wp-image-7110 lazyload\" data-srcset=\"https:\/\/www.subaru.es\/blog\/wp-content\/uploads\/2012\/05\/beber-y-conducir.jpg 600w, https:\/\/www.subaru.es\/blog\/wp-content\/uploads\/2012\/05\/beber-y-conducir-560x385.jpg 560w\" data-sizes=\"(max-width: 600px) 100vw, 600px\" src=\"data:image\/svg+xml;base64,PHN2ZyB3aWR0aD0iMSIgaGVpZ2h0PSIxIiB4bWxucz0iaHR0cDovL3d3dy53My5vcmcvMjAwMC9zdmciPjwvc3ZnPg==\" style=\"--smush-placeholder-width: 600px; --smush-placeholder-aspect-ratio: 600\/413;\" \/><br \/>\nPuede que, si diluimos esa cifra en personas detectadas cada semana en toda Espa\u00f1a, esos <strong>m\u00e1s de 100.000 positivos por alcoholemia que se detectan al a\u00f1o en nuestro pa\u00eds<\/strong> nos suene a menos. \u00bfProbamos? Si hici\u00e9semos un c\u00e1lculo sencillo, simplemente dividir 100.000 positivos entre 52 semanas, tendr\u00edamos \u00a11923 positivos semanales! \u00bfNos sigue pareciendo poco? A mi desde luego no, <strong>casi 2000 positivos semanales para mi son como 2000 potenciales accidentes graves de circulaci\u00f3n<\/strong>. Porque est\u00e1 demostrado que el alcohol (y su exceso sobre todo) est\u00e1 ligado estrechamente a la posibilidad de provocar un accidente de tr\u00e1fico.<\/p>\n<p><strong>La sociedad espa\u00f1ola est\u00e1 en el camino<\/strong> de consolidar los conocimientos, la conciencia necesaria, la proactividad en el freno al consumo de alcohol al volante, pero <strong>todav\u00eda queda mucho por recorrer<\/strong>. Como si se tratase del AVE, que necesita kil\u00f3metros para detenerse completamente, los positivos por alcoholemia primero deben dejar de subir, luego tienen que empezar a disminuir y, pasado un cierto tiempo, deber\u00edan mantenerse en niveles marginales en todo nuestro territorio. \u00bfUtop\u00eda? No, es un trabajo constante, y de todos.<\/p>\n<p><!--more--><\/p>\n<p>Es trabajo de la <strong>Direcci\u00f3n General de Tr\u00e1fico<\/strong> y de las instituciones mantenernos informados al d\u00eda, como si fuesen modernos Pepito Grillo, aleccionarnos, decirnos qu\u00e9 est\u00e1 bien y qu\u00e9 est\u00e1 mal. Seguir presionando con el mantra <strong>\u00aben la carretera, alcohol cero\u00bb<\/strong>. Incluso ahora empiezan (siguen) las campa\u00f1as en contra del consumo de drogas y la conducci\u00f3n. Es su tarea. <strong>Es responsabilidad del conductor no conducir si ha consumido alcohol<\/strong>, si solo va a tomarse una cerveza, pedirla sin alcohol (aunque nos duela reconocer que no sabe igual), y si va a tomarse varias, sencillamente no conducir. Y <strong>es responsabilidad tambi\u00e9n de quienes acompa\u00f1an al conductor<\/strong>.<\/p>\n<p>Este rol de acompa\u00f1ante es muy importante tambi\u00e9n, porque no es frecuente que un pasajero se niegue a subir al coche si el conductor ha bebido. \u00bfPor qu\u00e9 ser\u00eda importante que no lo hiciese? Porque se supone que los pasajeros son personas cercanas al conductor, y <strong>su actitud de negativa a seguir adelante puede convencer al conductor<\/strong>. O puede que surja un conflicto, pero en este tema debemos ser solidarios con el resto de los conductores, debemos ser firmes y saber que estamos actuando bien. S\u00ed, \u00abque es por su bien\u00bb. Y ese argumento deber\u00eda ser mejor mano que \u00abpor una cerveza no pasa nada\u00bb en cualquier partida de cartas.<\/p>\n<p>Bajar la cifra de 100.000 positivos por alcoholemia es responsabilidad y trabajo de todos.<\/p>\n<p>V\u00eda | <a href=\"http:\/\/motor.terra.es\/ultimas-noticias-actualidad\/articulo\/alcohol-accidentes-seguridad-vial-80946.htm\">Terra Motor<\/a><br \/>\nFoto | <a href=\"http:\/\/www.flickr.com\/photos\/jasonpratt\/3120011183\/sizes\/z\/in\/photostream\/\">Jason Pratt<\/a><\/p>\n","protected":false},"excerpt":{"rendered":"<p>Puede que, si diluimos esa cifra en personas detectadas cada semana en toda Espa\u00f1a, esos m\u00e1s de 100.000 positivos por alcoholemia que se detectan al a\u00f1o en nuestro pa\u00eds nos suene a menos. \u00bfProbamos? Si hici\u00e9semos un c\u00e1lculo sencillo, simplemente dividir 100.000 positivos entre 52 semanas, tendr\u00edamos \u00a11923 positivos semanales! \u00bfNos sigue pareciendo poco? A [&hellip;]<\/p>\n","protected":false},"author":21,"featured_media":7110,"comment_status":"open","ping_status":"open","sticky":false,"template":"","format":"standard","meta":{"_acf_changed":false,"_eb_attr":"","inline_featured_image":false,"footnotes":""},"categories":[4401],"tags":[3329,3976,411,3533],"class_list":["post-7109","post","type-post","status-publish","format-standard","has-post-thumbnail","hentry","category-nuestra-marca","tag-alcohol","tag-alcoholemia","tag-seguridad-vial","tag-verano"],"acf":[],"yoast_head":"<!-- This site is optimized with the Yoast SEO plugin v27.3 - https:\/\/yoast.com\/product\/yoast-seo-wordpress\/ -->\n<title>M\u00e1s de 100.000 positivos por alcoholemia al a\u00f1o - Universo Subaru<\/title>\n<meta name=\"robots\" content=\"index, follow, max-snippet:-1, max-image-preview:large, max-video-preview:-1\" \/>\n<link rel=\"canonical\" href=\"https:\/\/www.subaru.es\/blog\/nuestra-marca\/mas-de-100-000-positivos-por-alcoholemia-al-ano\/\" \/>\n<meta property=\"og:locale\" content=\"es_ES\" \/>\n<meta property=\"og:type\" content=\"article\" \/>\n<meta property=\"og:title\" content=\"M\u00e1s de 100.000 positivos por alcoholemia al a\u00f1o - Universo Subaru\" \/>\n<meta property=\"og:description\" content=\"Puede que, si diluimos esa cifra en personas detectadas cada semana en toda Espa\u00f1a, esos m\u00e1s de 100.000 positivos por alcoholemia que se detectan al a\u00f1o en nuestro pa\u00eds nos suene a menos. \u00bfProbamos? Si hici\u00e9semos un c\u00e1lculo sencillo, simplemente dividir 100.000 positivos entre 52 semanas, tendr\u00edamos \u00a11923 positivos semanales! \u00bfNos sigue pareciendo poco? A [&hellip;]\" \/>\n<meta property=\"og:url\" content=\"https:\/\/www.subaru.es\/blog\/nuestra-marca\/mas-de-100-000-positivos-por-alcoholemia-al-ano\/\" \/>\n<meta property=\"og:site_name\" content=\"Universo Subaru\" \/>\n<meta property=\"article:publisher\" content=\"https:\/\/www.facebook.com\/subaruespana\" \/>\n<meta property=\"article:published_time\" content=\"2012-11-12T10:04:25+00:00\" \/>\n<meta property=\"article:modified_time\" content=\"2016-10-17T13:07:27+00:00\" \/>\n<meta property=\"og:image\" content=\"https:\/\/www.subaru.es\/blog\/wp-content\/uploads\/2012\/05\/beber-y-conducir.jpg\" \/>\n\t<meta property=\"og:image:width\" content=\"600\" \/>\n\t<meta property=\"og:image:height\" content=\"413\" \/>\n\t<meta property=\"og:image:type\" content=\"image\/jpeg\" \/>\n<meta name=\"author\" content=\"Subaru\" \/>\n<meta name=\"twitter:card\" content=\"summary_large_image\" \/>\n<meta name=\"twitter:label1\" content=\"Escrito por\" \/>\n\t<meta name=\"twitter:data1\" content=\"Subaru\" \/>\n\t<meta name=\"twitter:label2\" content=\"Tiempo de lectura\" \/>\n\t<meta name=\"twitter:data2\" content=\"2 minutos\" \/>\n<script type=\"application\/ld+json\" class=\"yoast-schema-graph\">{\"@context\":\"https:\\\/\\\/schema.org\",\"@graph\":[{\"@type\":\"Article\",\"@id\":\"https:\\\/\\\/www.subaru.es\\\/blog\\\/nuestra-marca\\\/mas-de-100-000-positivos-por-alcoholemia-al-ano\\\/#article\",\"isPartOf\":{\"@id\":\"https:\\\/\\\/www.subaru.es\\\/blog\\\/nuestra-marca\\\/mas-de-100-000-positivos-por-alcoholemia-al-ano\\\/\"},\"author\":{\"name\":\"Subaru\",\"@id\":\"https:\\\/\\\/www.subaru.es\\\/blog\\\/#\\\/schema\\\/person\\\/19a90b892230b8e0ec752704ddf4aa10\"},\"headline\":\"M\u00e1s de 100.000 positivos por alcoholemia al a\u00f1o\",\"datePublished\":\"2012-11-12T10:04:25+00:00\",\"dateModified\":\"2016-10-17T13:07:27+00:00\",\"mainEntityOfPage\":{\"@id\":\"https:\\\/\\\/www.subaru.es\\\/blog\\\/nuestra-marca\\\/mas-de-100-000-positivos-por-alcoholemia-al-ano\\\/\"},\"wordCount\":440,\"commentCount\":0,\"publisher\":{\"@id\":\"https:\\\/\\\/www.subaru.es\\\/blog\\\/#organization\"},\"image\":{\"@id\":\"https:\\\/\\\/www.subaru.es\\\/blog\\\/nuestra-marca\\\/mas-de-100-000-positivos-por-alcoholemia-al-ano\\\/#primaryimage\"},\"thumbnailUrl\":\"https:\\\/\\\/www.subaru.es\\\/blog\\\/wp-content\\\/uploads\\\/2012\\\/05\\\/beber-y-conducir.jpg\",\"keywords\":[\"Alcohol\",\"Alcoholemia\",\"seguridad vial\",\"Verano\"],\"articleSection\":[\"Nuestra marca\"],\"inLanguage\":\"es\",\"potentialAction\":[{\"@type\":\"CommentAction\",\"name\":\"Comment\",\"target\":[\"https:\\\/\\\/www.subaru.es\\\/blog\\\/nuestra-marca\\\/mas-de-100-000-positivos-por-alcoholemia-al-ano\\\/#respond\"]}]},{\"@type\":\"WebPage\",\"@id\":\"https:\\\/\\\/www.subaru.es\\\/blog\\\/nuestra-marca\\\/mas-de-100-000-positivos-por-alcoholemia-al-ano\\\/\",\"url\":\"https:\\\/\\\/www.subaru.es\\\/blog\\\/nuestra-marca\\\/mas-de-100-000-positivos-por-alcoholemia-al-ano\\\/\",\"name\":\"M\u00e1s de 100.000 positivos por alcoholemia al a\u00f1o - Universo Subaru\",\"isPartOf\":{\"@id\":\"https:\\\/\\\/www.subaru.es\\\/blog\\\/#website\"},\"primaryImageOfPage\":{\"@id\":\"https:\\\/\\\/www.subaru.es\\\/blog\\\/nuestra-marca\\\/mas-de-100-000-positivos-por-alcoholemia-al-ano\\\/#primaryimage\"},\"image\":{\"@id\":\"https:\\\/\\\/www.subaru.es\\\/blog\\\/nuestra-marca\\\/mas-de-100-000-positivos-por-alcoholemia-al-ano\\\/#primaryimage\"},\"thumbnailUrl\":\"https:\\\/\\\/www.subaru.es\\\/blog\\\/wp-content\\\/uploads\\\/2012\\\/05\\\/beber-y-conducir.jpg\",\"datePublished\":\"2012-11-12T10:04:25+00:00\",\"dateModified\":\"2016-10-17T13:07:27+00:00\",\"breadcrumb\":{\"@id\":\"https:\\\/\\\/www.subaru.es\\\/blog\\\/nuestra-marca\\\/mas-de-100-000-positivos-por-alcoholemia-al-ano\\\/#breadcrumb\"},\"inLanguage\":\"es\",\"potentialAction\":[{\"@type\":\"ReadAction\",\"target\":[\"https:\\\/\\\/www.subaru.es\\\/blog\\\/nuestra-marca\\\/mas-de-100-000-positivos-por-alcoholemia-al-ano\\\/\"]}]},{\"@type\":\"ImageObject\",\"inLanguage\":\"es\",\"@id\":\"https:\\\/\\\/www.subaru.es\\\/blog\\\/nuestra-marca\\\/mas-de-100-000-positivos-por-alcoholemia-al-ano\\\/#primaryimage\",\"url\":\"https:\\\/\\\/www.subaru.es\\\/blog\\\/wp-content\\\/uploads\\\/2012\\\/05\\\/beber-y-conducir.jpg\",\"contentUrl\":\"https:\\\/\\\/www.subaru.es\\\/blog\\\/wp-content\\\/uploads\\\/2012\\\/05\\\/beber-y-conducir.jpg\",\"width\":600,\"height\":413},{\"@type\":\"BreadcrumbList\",\"@id\":\"https:\\\/\\\/www.subaru.es\\\/blog\\\/nuestra-marca\\\/mas-de-100-000-positivos-por-alcoholemia-al-ano\\\/#breadcrumb\",\"itemListElement\":[{\"@type\":\"ListItem\",\"position\":1,\"name\":\"Portada\",\"item\":\"https:\\\/\\\/www.subaru.es\\\/blog\\\/\"},{\"@type\":\"ListItem\",\"position\":2,\"name\":\"M\u00e1s de 100.000 positivos por alcoholemia al a\u00f1o\"}]},{\"@type\":\"WebSite\",\"@id\":\"https:\\\/\\\/www.subaru.es\\\/blog\\\/#website\",\"url\":\"https:\\\/\\\/www.subaru.es\\\/blog\\\/\",\"name\":\"Universo Subaru\",\"description\":\"Descubre este apasionante espacio de Subaru donde vas a conocer todo sobre nuestros coches y las experiencias que vivimos con ellos. Si est\u00e1s preparado para dejarte seducir por la filosof\u00eda Subaru, qu\u00e9date con nosotros.\",\"publisher\":{\"@id\":\"https:\\\/\\\/www.subaru.es\\\/blog\\\/#organization\"},\"potentialAction\":[{\"@type\":\"SearchAction\",\"target\":{\"@type\":\"EntryPoint\",\"urlTemplate\":\"https:\\\/\\\/www.subaru.es\\\/blog\\\/?s={search_term_string}\"},\"query-input\":{\"@type\":\"PropertyValueSpecification\",\"valueRequired\":true,\"valueName\":\"search_term_string\"}}],\"inLanguage\":\"es\"},{\"@type\":\"Organization\",\"@id\":\"https:\\\/\\\/www.subaru.es\\\/blog\\\/#organization\",\"name\":\"Subaru Espa\u00f1a S.A.\",\"url\":\"https:\\\/\\\/www.subaru.es\\\/blog\\\/\",\"logo\":{\"@type\":\"ImageObject\",\"inLanguage\":\"es\",\"@id\":\"https:\\\/\\\/www.subaru.es\\\/blog\\\/#\\\/schema\\\/logo\\\/image\\\/\",\"url\":\"https:\\\/\\\/www.subaru.es\\\/blog\\\/wp-content\\\/uploads\\\/2016\\\/12\\\/Logo-Subaru-TypeV_C300-scaled.jpg\",\"contentUrl\":\"https:\\\/\\\/www.subaru.es\\\/blog\\\/wp-content\\\/uploads\\\/2016\\\/12\\\/Logo-Subaru-TypeV_C300-scaled.jpg\",\"width\":2560,\"height\":1864,\"caption\":\"Subaru Espa\u00f1a S.A.\"},\"image\":{\"@id\":\"https:\\\/\\\/www.subaru.es\\\/blog\\\/#\\\/schema\\\/logo\\\/image\\\/\"},\"sameAs\":[\"https:\\\/\\\/www.facebook.com\\\/subaruespana\",\"https:\\\/\\\/www.instagram.com\\\/subarues\\\/\",\"https:\\\/\\\/www.youtube.com\\\/user\\\/subaruespana\"]},{\"@type\":\"Person\",\"@id\":\"https:\\\/\\\/www.subaru.es\\\/blog\\\/#\\\/schema\\\/person\\\/19a90b892230b8e0ec752704ddf4aa10\",\"name\":\"Subaru\",\"url\":\"https:\\\/\\\/www.subaru.es\\\/blog\\\/author\\\/subaria\\\/\"}]}<\/script>\n<!-- \/ Yoast SEO plugin. -->","yoast_head_json":{"title":"M\u00e1s de 100.000 positivos por alcoholemia al a\u00f1o - Universo Subaru","robots":{"index":"index","follow":"follow","max-snippet":"max-snippet:-1","max-image-preview":"max-image-preview:large","max-video-preview":"max-video-preview:-1"},"canonical":"https:\/\/www.subaru.es\/blog\/nuestra-marca\/mas-de-100-000-positivos-por-alcoholemia-al-ano\/","og_locale":"es_ES","og_type":"article","og_title":"M\u00e1s de 100.000 positivos por alcoholemia al a\u00f1o - Universo Subaru","og_description":"Puede que, si diluimos esa cifra en personas detectadas cada semana en toda Espa\u00f1a, esos m\u00e1s de 100.000 positivos por alcoholemia que se detectan al a\u00f1o en nuestro pa\u00eds nos suene a menos. \u00bfProbamos? Si hici\u00e9semos un c\u00e1lculo sencillo, simplemente dividir 100.000 positivos entre 52 semanas, tendr\u00edamos \u00a11923 positivos semanales! \u00bfNos sigue pareciendo poco? A [&hellip;]","og_url":"https:\/\/www.subaru.es\/blog\/nuestra-marca\/mas-de-100-000-positivos-por-alcoholemia-al-ano\/","og_site_name":"Universo Subaru","article_publisher":"https:\/\/www.facebook.com\/subaruespana","article_published_time":"2012-11-12T10:04:25+00:00","article_modified_time":"2016-10-17T13:07:27+00:00","og_image":[{"width":600,"height":413,"url":"https:\/\/www.subaru.es\/blog\/wp-content\/uploads\/2012\/05\/beber-y-conducir.jpg","type":"image\/jpeg"}],"author":"Subaru","twitter_card":"summary_large_image","twitter_misc":{"Escrito por":"Subaru","Tiempo de lectura":"2 minutos"},"schema":{"@context":"https:\/\/schema.org","@graph":[{"@type":"Article","@id":"https:\/\/www.subaru.es\/blog\/nuestra-marca\/mas-de-100-000-positivos-por-alcoholemia-al-ano\/#article","isPartOf":{"@id":"https:\/\/www.subaru.es\/blog\/nuestra-marca\/mas-de-100-000-positivos-por-alcoholemia-al-ano\/"},"author":{"name":"Subaru","@id":"https:\/\/www.subaru.es\/blog\/#\/schema\/person\/19a90b892230b8e0ec752704ddf4aa10"},"headline":"M\u00e1s de 100.000 positivos por alcoholemia al a\u00f1o","datePublished":"2012-11-12T10:04:25+00:00","dateModified":"2016-10-17T13:07:27+00:00","mainEntityOfPage":{"@id":"https:\/\/www.subaru.es\/blog\/nuestra-marca\/mas-de-100-000-positivos-por-alcoholemia-al-ano\/"},"wordCount":440,"commentCount":0,"publisher":{"@id":"https:\/\/www.subaru.es\/blog\/#organization"},"image":{"@id":"https:\/\/www.subaru.es\/blog\/nuestra-marca\/mas-de-100-000-positivos-por-alcoholemia-al-ano\/#primaryimage"},"thumbnailUrl":"https:\/\/www.subaru.es\/blog\/wp-content\/uploads\/2012\/05\/beber-y-conducir.jpg","keywords":["Alcohol","Alcoholemia","seguridad vial","Verano"],"articleSection":["Nuestra marca"],"inLanguage":"es","potentialAction":[{"@type":"CommentAction","name":"Comment","target":["https:\/\/www.subaru.es\/blog\/nuestra-marca\/mas-de-100-000-positivos-por-alcoholemia-al-ano\/#respond"]}]},{"@type":"WebPage","@id":"https:\/\/www.subaru.es\/blog\/nuestra-marca\/mas-de-100-000-positivos-por-alcoholemia-al-ano\/","url":"https:\/\/www.subaru.es\/blog\/nuestra-marca\/mas-de-100-000-positivos-por-alcoholemia-al-ano\/","name":"M\u00e1s de 100.000 positivos por alcoholemia al a\u00f1o - Universo Subaru","isPartOf":{"@id":"https:\/\/www.subaru.es\/blog\/#website"},"primaryImageOfPage":{"@id":"https:\/\/www.subaru.es\/blog\/nuestra-marca\/mas-de-100-000-positivos-por-alcoholemia-al-ano\/#primaryimage"},"image":{"@id":"https:\/\/www.subaru.es\/blog\/nuestra-marca\/mas-de-100-000-positivos-por-alcoholemia-al-ano\/#primaryimage"},"thumbnailUrl":"https:\/\/www.subaru.es\/blog\/wp-content\/uploads\/2012\/05\/beber-y-conducir.jpg","datePublished":"2012-11-12T10:04:25+00:00","dateModified":"2016-10-17T13:07:27+00:00","breadcrumb":{"@id":"https:\/\/www.subaru.es\/blog\/nuestra-marca\/mas-de-100-000-positivos-por-alcoholemia-al-ano\/#breadcrumb"},"inLanguage":"es","potentialAction":[{"@type":"ReadAction","target":["https:\/\/www.subaru.es\/blog\/nuestra-marca\/mas-de-100-000-positivos-por-alcoholemia-al-ano\/"]}]},{"@type":"ImageObject","inLanguage":"es","@id":"https:\/\/www.subaru.es\/blog\/nuestra-marca\/mas-de-100-000-positivos-por-alcoholemia-al-ano\/#primaryimage","url":"https:\/\/www.subaru.es\/blog\/wp-content\/uploads\/2012\/05\/beber-y-conducir.jpg","contentUrl":"https:\/\/www.subaru.es\/blog\/wp-content\/uploads\/2012\/05\/beber-y-conducir.jpg","width":600,"height":413},{"@type":"BreadcrumbList","@id":"https:\/\/www.subaru.es\/blog\/nuestra-marca\/mas-de-100-000-positivos-por-alcoholemia-al-ano\/#breadcrumb","itemListElement":[{"@type":"ListItem","position":1,"name":"Portada","item":"https:\/\/www.subaru.es\/blog\/"},{"@type":"ListItem","position":2,"name":"M\u00e1s de 100.000 positivos por alcoholemia al a\u00f1o"}]},{"@type":"WebSite","@id":"https:\/\/www.subaru.es\/blog\/#website","url":"https:\/\/www.subaru.es\/blog\/","name":"Universo Subaru","description":"Descubre este apasionante espacio de Subaru donde vas a conocer todo sobre nuestros coches y las experiencias que vivimos con ellos. Si est\u00e1s preparado para dejarte seducir por la filosof\u00eda Subaru, qu\u00e9date con nosotros.","publisher":{"@id":"https:\/\/www.subaru.es\/blog\/#organization"},"potentialAction":[{"@type":"SearchAction","target":{"@type":"EntryPoint","urlTemplate":"https:\/\/www.subaru.es\/blog\/?s={search_term_string}"},"query-input":{"@type":"PropertyValueSpecification","valueRequired":true,"valueName":"search_term_string"}}],"inLanguage":"es"},{"@type":"Organization","@id":"https:\/\/www.subaru.es\/blog\/#organization","name":"Subaru Espa\u00f1a S.A.","url":"https:\/\/www.subaru.es\/blog\/","logo":{"@type":"ImageObject","inLanguage":"es","@id":"https:\/\/www.subaru.es\/blog\/#\/schema\/logo\/image\/","url":"https:\/\/www.subaru.es\/blog\/wp-content\/uploads\/2016\/12\/Logo-Subaru-TypeV_C300-scaled.jpg","contentUrl":"https:\/\/www.subaru.es\/blog\/wp-content\/uploads\/2016\/12\/Logo-Subaru-TypeV_C300-scaled.jpg","width":2560,"height":1864,"caption":"Subaru Espa\u00f1a S.A."},"image":{"@id":"https:\/\/www.subaru.es\/blog\/#\/schema\/logo\/image\/"},"sameAs":["https:\/\/www.facebook.com\/subaruespana","https:\/\/www.instagram.com\/subarues\/","https:\/\/www.youtube.com\/user\/subaruespana"]},{"@type":"Person","@id":"https:\/\/www.subaru.es\/blog\/#\/schema\/person\/19a90b892230b8e0ec752704ddf4aa10","name":"Subaru","url":"https:\/\/www.subaru.es\/blog\/author\/subaria\/"}]}},"_links":{"self":[{"href":"https:\/\/www.subaru.es\/blog\/wp-json\/wp\/v2\/posts\/7109","targetHints":{"allow":["GET"]}}],"collection":[{"href":"https:\/\/www.subaru.es\/blog\/wp-json\/wp\/v2\/posts"}],"about":[{"href":"https:\/\/www.subaru.es\/blog\/wp-json\/wp\/v2\/types\/post"}],"author":[{"embeddable":true,"href":"https:\/\/www.subaru.es\/blog\/wp-json\/wp\/v2\/users\/21"}],"replies":[{"embeddable":true,"href":"https:\/\/www.subaru.es\/blog\/wp-json\/wp\/v2\/comments?post=7109"}],"version-history":[{"count":1,"href":"https:\/\/www.subaru.es\/blog\/wp-json\/wp\/v2\/posts\/7109\/revisions"}],"predecessor-version":[{"id":16073,"href":"https:\/\/www.subaru.es\/blog\/wp-json\/wp\/v2\/posts\/7109\/revisions\/16073"}],"wp:featuredmedia":[{"embeddable":true,"href":"https:\/\/www.subaru.es\/blog\/wp-json\/wp\/v2\/media\/7110"}],"wp:attachment":[{"href":"https:\/\/www.subaru.es\/blog\/wp-json\/wp\/v2\/media?parent=7109"}],"wp:term":[{"taxonomy":"category","embeddable":true,"href":"https:\/\/www.subaru.es\/blog\/wp-json\/wp\/v2\/categories?post=7109"},{"taxonomy":"post_tag","embeddable":true,"href":"https:\/\/www.subaru.es\/blog\/wp-json\/wp\/v2\/tags?post=7109"}],"curies":[{"name":"wp","href":"https:\/\/api.w.org\/{rel}","templated":true}]}}