{"id":69,"date":"2007-09-12T18:50:33","date_gmt":"2007-09-12T16:50:33","guid":{"rendered":"http:\/\/subaru.preproduccion.com\/blog\/wp-content\/2007\/09\/12\/xevi-pons-meta\/"},"modified":"2020-08-06T11:54:03","modified_gmt":"2020-08-06T09:54:03","slug":"xevi-pons-meta","status":"publish","type":"post","link":"https:\/\/www.subaru.es\/blog\/nuestra-marca\/xevi-pons-meta\/","title":{"rendered":"Xevi Pons, con la meta muy alta"},"content":{"rendered":"<p>El piloto catal\u00e1n poco a poco se afianza en <strong>Subaru<\/strong>, despu\u00e9s de su <a href=\"http:\/\/www.elmundodeportivo.es\/web\/gen\/20070805\/noticia_53381759156.html\">gran debut en Finlandia <\/a>y tras algunos contratiempos, la compenetraci\u00f3n con su nuevo coche empieza a ser una realidad. La <a href=\"http:\/\/www.subaru.es\/CMS\/news2007n000003.html\">apuesta que hizo la marca por \u00e9l<\/a>, recordemos que se trata del tercer piloto en competici\u00f3n con el Impreza, y recordemos que el piloto andaba desanimado el a\u00f1o pasado cuando contra todo pronostico <a href=\"http:\/\/rallyfc.mforos.com\/16883\/5407492-xavi-pons-con-un-mitsubishi\/\">anunci\u00f3 que se retiraba de las competiciones<\/a>.<\/p>\n<p><a href=\"http:\/\/www.xevipons.com\/xevi1.asp?key=MF9fMQ==\">Xevi<\/a>, nacido en Vic, hace 27 a\u00f1os, se inici\u00f3 en el mundo del motor practicando la modalidad de Enduro, es decir empez\u00f3 a dos ruedas hasta llegar al mundo de los rallyes. Fue <strong>Campe\u00f3n de Espa\u00f1a en 1998 <\/strong>y en el a\u00f1o <strong>2002 ya debut\u00f3 en competici\u00f3n automovil\u00edstica<\/strong>.<\/p>\n<p><center><img data-src='https:\/\/www.subaru.es\/blog\/wp-content\/uploads\/2007\/09\/xevi_pons.jpg' alt='xevi_pons.jpg' src='data:image\/svg+xml;base64,PHN2ZyB3aWR0aD0iMSIgaGVpZ2h0PSIxIiB4bWxucz0iaHR0cDovL3d3dy53My5vcmcvMjAwMC9zdmciPjwvc3ZnPg==' class='lazyload' style='--smush-placeholder-width: 325px; --smush-placeholder-aspect-ratio: 325\/245;' \/><br \/>\n<em>En la foto con su copiloto Xavier Amigo.<\/em><\/center><\/p>\n<p>Su ascensi\u00f3n en el mundo de los rallyes fue fulgurante y pronto se adivin\u00f3 un campe\u00f3n, pensamos que pod\u00eda ocupar algunos de los espacios, que no sustituir, que hab\u00eda dejado el a\u00f1orado <strong>Carlos Sainz<\/strong>. Pero las cosas no rodaron bien y aunque finaliz\u00f3 en un optimo s\u00e9ptimo lugar en la clasificaci\u00f3n de pilotos del 2006, como ya he comentado antes sorprendi\u00f3 a todos con su manifestaci\u00f3n de abandonar la competici\u00f3n.<\/p>\n<p>Finalmente y tras un breve paso por <a href=\"http:\/\/rallyfc.mforos.com\/16883\/5407492-xavi-pons-con-un-mitsubishi\/\">Mitsubishi,<\/a> compiti\u00f3 en tres pruebas, Subaru le fich\u00f3, depositando en \u00e9l plenas confianzas y esperando dotarle de los medios adecuados para que el espa\u00f1ol alcance todo el potencial que de momento se le ha ido atisbando, recordemos que ya ha alcanzado la cuarta posici\u00f3n en varios rallyes, resisti\u00e9ndosele un podio que ya va mereciendo, seguro que pronto habr\u00e1 una primera victoria para <a href=\"http:\/\/www.elmotor.net\/XavierPons%20.asp\">Xevi<\/a>. En su debut con el equipo en Finlandia obtuvo un m\u00e1s que meritorio sexto puesto. La relaci\u00f3n ha quedado fijada de momento para preparar una temporada completa en 2008 y con las opciones de ampliar hasta 2009. Xevi contar\u00e1 con su amigo Xavier Amigo en las labores de copiloto.<\/p>\n<p>S\u00f3lo queda que la fortuna acompa\u00f1e a este bravo piloto espa\u00f1ol para que los <strong>medios de comunicaci\u00f3n nacionales vuelvan <\/strong>a  prestar atenci\u00f3n a este bello deporte que en la actualidad no recibe la atenci\u00f3n que merece.<\/p>\n","protected":false},"excerpt":{"rendered":"<p>El piloto catal\u00e1n poco a poco se afianza en Subaru, despu\u00e9s de su gran debut en Finlandia y tras algunos contratiempos, la compenetraci\u00f3n con su nuevo coche empieza a ser una realidad. La apuesta que hizo la marca por \u00e9l, recordemos que se trata del tercer piloto en competici\u00f3n con el Impreza, y recordemos que [&hellip;]<\/p>\n","protected":false},"author":21,"featured_media":70,"comment_status":"closed","ping_status":"closed","sticky":false,"template":"","format":"standard","meta":{"_acf_changed":false,"_eb_attr":"","inline_featured_image":false,"footnotes":""},"categories":[4401],"tags":[],"class_list":["post-69","post","type-post","status-publish","format-standard","has-post-thumbnail","hentry","category-nuestra-marca"],"acf":[],"yoast_head":"<!-- This site is optimized with the Yoast SEO plugin v27.3 - https:\/\/yoast.com\/product\/yoast-seo-wordpress\/ -->\n<title>Xevi Pons, con la meta muy alta - Universo Subaru<\/title>\n<meta name=\"robots\" content=\"index, follow, max-snippet:-1, max-image-preview:large, max-video-preview:-1\" \/>\n<link rel=\"canonical\" href=\"https:\/\/www.subaru.es\/blog\/nuestra-marca\/xevi-pons-meta\/\" \/>\n<meta property=\"og:locale\" content=\"es_ES\" \/>\n<meta property=\"og:type\" content=\"article\" \/>\n<meta property=\"og:title\" content=\"Xevi Pons, con la meta muy alta - Universo Subaru\" \/>\n<meta property=\"og:description\" content=\"El piloto catal\u00e1n poco a poco se afianza en Subaru, despu\u00e9s de su gran debut en Finlandia y tras algunos contratiempos, la compenetraci\u00f3n con su nuevo coche empieza a ser una realidad. La apuesta que hizo la marca por \u00e9l, recordemos que se trata del tercer piloto en competici\u00f3n con el Impreza, y recordemos que [&hellip;]\" \/>\n<meta property=\"og:url\" content=\"https:\/\/www.subaru.es\/blog\/nuestra-marca\/xevi-pons-meta\/\" \/>\n<meta property=\"og:site_name\" content=\"Universo Subaru\" \/>\n<meta property=\"article:publisher\" content=\"https:\/\/www.facebook.com\/subaruespana\" \/>\n<meta property=\"article:published_time\" content=\"2007-09-12T16:50:33+00:00\" \/>\n<meta property=\"article:modified_time\" content=\"2020-08-06T09:54:03+00:00\" \/>\n<meta property=\"og:image\" content=\"https:\/\/www.subaru.es\/blog\/wp-content\/uploads\/2007\/09\/xevi_pons.jpg\" \/>\n\t<meta property=\"og:image:width\" content=\"325\" \/>\n\t<meta property=\"og:image:height\" content=\"245\" \/>\n\t<meta property=\"og:image:type\" content=\"image\/jpeg\" \/>\n<meta name=\"author\" content=\"Subaru\" \/>\n<meta name=\"twitter:card\" content=\"summary_large_image\" \/>\n<meta name=\"twitter:label1\" content=\"Escrito por\" \/>\n\t<meta name=\"twitter:data1\" content=\"Subaru\" \/>\n\t<meta name=\"twitter:label2\" content=\"Tiempo de lectura\" \/>\n\t<meta name=\"twitter:data2\" content=\"2 minutos\" \/>\n<script type=\"application\/ld+json\" class=\"yoast-schema-graph\">{\"@context\":\"https:\\\/\\\/schema.org\",\"@graph\":[{\"@type\":\"Article\",\"@id\":\"https:\\\/\\\/www.subaru.es\\\/blog\\\/nuestra-marca\\\/xevi-pons-meta\\\/#article\",\"isPartOf\":{\"@id\":\"https:\\\/\\\/www.subaru.es\\\/blog\\\/nuestra-marca\\\/xevi-pons-meta\\\/\"},\"author\":{\"name\":\"Subaru\",\"@id\":\"https:\\\/\\\/www.subaru.es\\\/blog\\\/#\\\/schema\\\/person\\\/19a90b892230b8e0ec752704ddf4aa10\"},\"headline\":\"Xevi Pons, con la meta muy alta\",\"datePublished\":\"2007-09-12T16:50:33+00:00\",\"dateModified\":\"2020-08-06T09:54:03+00:00\",\"mainEntityOfPage\":{\"@id\":\"https:\\\/\\\/www.subaru.es\\\/blog\\\/nuestra-marca\\\/xevi-pons-meta\\\/\"},\"wordCount\":386,\"publisher\":{\"@id\":\"https:\\\/\\\/www.subaru.es\\\/blog\\\/#organization\"},\"image\":{\"@id\":\"https:\\\/\\\/www.subaru.es\\\/blog\\\/nuestra-marca\\\/xevi-pons-meta\\\/#primaryimage\"},\"thumbnailUrl\":\"https:\\\/\\\/www.subaru.es\\\/blog\\\/wp-content\\\/uploads\\\/2007\\\/09\\\/xevi_pons.jpg\",\"articleSection\":[\"Nuestra marca\"],\"inLanguage\":\"es\"},{\"@type\":\"WebPage\",\"@id\":\"https:\\\/\\\/www.subaru.es\\\/blog\\\/nuestra-marca\\\/xevi-pons-meta\\\/\",\"url\":\"https:\\\/\\\/www.subaru.es\\\/blog\\\/nuestra-marca\\\/xevi-pons-meta\\\/\",\"name\":\"Xevi Pons, con la meta muy alta - Universo Subaru\",\"isPartOf\":{\"@id\":\"https:\\\/\\\/www.subaru.es\\\/blog\\\/#website\"},\"primaryImageOfPage\":{\"@id\":\"https:\\\/\\\/www.subaru.es\\\/blog\\\/nuestra-marca\\\/xevi-pons-meta\\\/#primaryimage\"},\"image\":{\"@id\":\"https:\\\/\\\/www.subaru.es\\\/blog\\\/nuestra-marca\\\/xevi-pons-meta\\\/#primaryimage\"},\"thumbnailUrl\":\"https:\\\/\\\/www.subaru.es\\\/blog\\\/wp-content\\\/uploads\\\/2007\\\/09\\\/xevi_pons.jpg\",\"datePublished\":\"2007-09-12T16:50:33+00:00\",\"dateModified\":\"2020-08-06T09:54:03+00:00\",\"breadcrumb\":{\"@id\":\"https:\\\/\\\/www.subaru.es\\\/blog\\\/nuestra-marca\\\/xevi-pons-meta\\\/#breadcrumb\"},\"inLanguage\":\"es\",\"potentialAction\":[{\"@type\":\"ReadAction\",\"target\":[\"https:\\\/\\\/www.subaru.es\\\/blog\\\/nuestra-marca\\\/xevi-pons-meta\\\/\"]}]},{\"@type\":\"ImageObject\",\"inLanguage\":\"es\",\"@id\":\"https:\\\/\\\/www.subaru.es\\\/blog\\\/nuestra-marca\\\/xevi-pons-meta\\\/#primaryimage\",\"url\":\"https:\\\/\\\/www.subaru.es\\\/blog\\\/wp-content\\\/uploads\\\/2007\\\/09\\\/xevi_pons.jpg\",\"contentUrl\":\"https:\\\/\\\/www.subaru.es\\\/blog\\\/wp-content\\\/uploads\\\/2007\\\/09\\\/xevi_pons.jpg\",\"width\":325,\"height\":245},{\"@type\":\"BreadcrumbList\",\"@id\":\"https:\\\/\\\/www.subaru.es\\\/blog\\\/nuestra-marca\\\/xevi-pons-meta\\\/#breadcrumb\",\"itemListElement\":[{\"@type\":\"ListItem\",\"position\":1,\"name\":\"Portada\",\"item\":\"https:\\\/\\\/www.subaru.es\\\/blog\\\/\"},{\"@type\":\"ListItem\",\"position\":2,\"name\":\"Xevi Pons, con la meta muy alta\"}]},{\"@type\":\"WebSite\",\"@id\":\"https:\\\/\\\/www.subaru.es\\\/blog\\\/#website\",\"url\":\"https:\\\/\\\/www.subaru.es\\\/blog\\\/\",\"name\":\"Universo Subaru\",\"description\":\"Descubre este apasionante espacio de Subaru donde vas a conocer todo sobre nuestros coches y las experiencias que vivimos con ellos. Si est\u00e1s preparado para dejarte seducir por la filosof\u00eda Subaru, qu\u00e9date con nosotros.\",\"publisher\":{\"@id\":\"https:\\\/\\\/www.subaru.es\\\/blog\\\/#organization\"},\"potentialAction\":[{\"@type\":\"SearchAction\",\"target\":{\"@type\":\"EntryPoint\",\"urlTemplate\":\"https:\\\/\\\/www.subaru.es\\\/blog\\\/?s={search_term_string}\"},\"query-input\":{\"@type\":\"PropertyValueSpecification\",\"valueRequired\":true,\"valueName\":\"search_term_string\"}}],\"inLanguage\":\"es\"},{\"@type\":\"Organization\",\"@id\":\"https:\\\/\\\/www.subaru.es\\\/blog\\\/#organization\",\"name\":\"Subaru Espa\u00f1a S.A.\",\"url\":\"https:\\\/\\\/www.subaru.es\\\/blog\\\/\",\"logo\":{\"@type\":\"ImageObject\",\"inLanguage\":\"es\",\"@id\":\"https:\\\/\\\/www.subaru.es\\\/blog\\\/#\\\/schema\\\/logo\\\/image\\\/\",\"url\":\"https:\\\/\\\/www.subaru.es\\\/blog\\\/wp-content\\\/uploads\\\/2016\\\/12\\\/Logo-Subaru-TypeV_C300-scaled.jpg\",\"contentUrl\":\"https:\\\/\\\/www.subaru.es\\\/blog\\\/wp-content\\\/uploads\\\/2016\\\/12\\\/Logo-Subaru-TypeV_C300-scaled.jpg\",\"width\":2560,\"height\":1864,\"caption\":\"Subaru Espa\u00f1a S.A.\"},\"image\":{\"@id\":\"https:\\\/\\\/www.subaru.es\\\/blog\\\/#\\\/schema\\\/logo\\\/image\\\/\"},\"sameAs\":[\"https:\\\/\\\/www.facebook.com\\\/subaruespana\",\"https:\\\/\\\/www.instagram.com\\\/subarues\\\/\",\"https:\\\/\\\/www.youtube.com\\\/user\\\/subaruespana\"]},{\"@type\":\"Person\",\"@id\":\"https:\\\/\\\/www.subaru.es\\\/blog\\\/#\\\/schema\\\/person\\\/19a90b892230b8e0ec752704ddf4aa10\",\"name\":\"Subaru\",\"url\":\"https:\\\/\\\/www.subaru.es\\\/blog\\\/author\\\/subaria\\\/\"}]}<\/script>\n<!-- \/ Yoast SEO plugin. -->","yoast_head_json":{"title":"Xevi Pons, con la meta muy alta - Universo Subaru","robots":{"index":"index","follow":"follow","max-snippet":"max-snippet:-1","max-image-preview":"max-image-preview:large","max-video-preview":"max-video-preview:-1"},"canonical":"https:\/\/www.subaru.es\/blog\/nuestra-marca\/xevi-pons-meta\/","og_locale":"es_ES","og_type":"article","og_title":"Xevi Pons, con la meta muy alta - Universo Subaru","og_description":"El piloto catal\u00e1n poco a poco se afianza en Subaru, despu\u00e9s de su gran debut en Finlandia y tras algunos contratiempos, la compenetraci\u00f3n con su nuevo coche empieza a ser una realidad. La apuesta que hizo la marca por \u00e9l, recordemos que se trata del tercer piloto en competici\u00f3n con el Impreza, y recordemos que [&hellip;]","og_url":"https:\/\/www.subaru.es\/blog\/nuestra-marca\/xevi-pons-meta\/","og_site_name":"Universo Subaru","article_publisher":"https:\/\/www.facebook.com\/subaruespana","article_published_time":"2007-09-12T16:50:33+00:00","article_modified_time":"2020-08-06T09:54:03+00:00","og_image":[{"width":325,"height":245,"url":"https:\/\/www.subaru.es\/blog\/wp-content\/uploads\/2007\/09\/xevi_pons.jpg","type":"image\/jpeg"}],"author":"Subaru","twitter_card":"summary_large_image","twitter_misc":{"Escrito por":"Subaru","Tiempo de lectura":"2 minutos"},"schema":{"@context":"https:\/\/schema.org","@graph":[{"@type":"Article","@id":"https:\/\/www.subaru.es\/blog\/nuestra-marca\/xevi-pons-meta\/#article","isPartOf":{"@id":"https:\/\/www.subaru.es\/blog\/nuestra-marca\/xevi-pons-meta\/"},"author":{"name":"Subaru","@id":"https:\/\/www.subaru.es\/blog\/#\/schema\/person\/19a90b892230b8e0ec752704ddf4aa10"},"headline":"Xevi Pons, con la meta muy alta","datePublished":"2007-09-12T16:50:33+00:00","dateModified":"2020-08-06T09:54:03+00:00","mainEntityOfPage":{"@id":"https:\/\/www.subaru.es\/blog\/nuestra-marca\/xevi-pons-meta\/"},"wordCount":386,"publisher":{"@id":"https:\/\/www.subaru.es\/blog\/#organization"},"image":{"@id":"https:\/\/www.subaru.es\/blog\/nuestra-marca\/xevi-pons-meta\/#primaryimage"},"thumbnailUrl":"https:\/\/www.subaru.es\/blog\/wp-content\/uploads\/2007\/09\/xevi_pons.jpg","articleSection":["Nuestra marca"],"inLanguage":"es"},{"@type":"WebPage","@id":"https:\/\/www.subaru.es\/blog\/nuestra-marca\/xevi-pons-meta\/","url":"https:\/\/www.subaru.es\/blog\/nuestra-marca\/xevi-pons-meta\/","name":"Xevi Pons, con la meta muy alta - Universo Subaru","isPartOf":{"@id":"https:\/\/www.subaru.es\/blog\/#website"},"primaryImageOfPage":{"@id":"https:\/\/www.subaru.es\/blog\/nuestra-marca\/xevi-pons-meta\/#primaryimage"},"image":{"@id":"https:\/\/www.subaru.es\/blog\/nuestra-marca\/xevi-pons-meta\/#primaryimage"},"thumbnailUrl":"https:\/\/www.subaru.es\/blog\/wp-content\/uploads\/2007\/09\/xevi_pons.jpg","datePublished":"2007-09-12T16:50:33+00:00","dateModified":"2020-08-06T09:54:03+00:00","breadcrumb":{"@id":"https:\/\/www.subaru.es\/blog\/nuestra-marca\/xevi-pons-meta\/#breadcrumb"},"inLanguage":"es","potentialAction":[{"@type":"ReadAction","target":["https:\/\/www.subaru.es\/blog\/nuestra-marca\/xevi-pons-meta\/"]}]},{"@type":"ImageObject","inLanguage":"es","@id":"https:\/\/www.subaru.es\/blog\/nuestra-marca\/xevi-pons-meta\/#primaryimage","url":"https:\/\/www.subaru.es\/blog\/wp-content\/uploads\/2007\/09\/xevi_pons.jpg","contentUrl":"https:\/\/www.subaru.es\/blog\/wp-content\/uploads\/2007\/09\/xevi_pons.jpg","width":325,"height":245},{"@type":"BreadcrumbList","@id":"https:\/\/www.subaru.es\/blog\/nuestra-marca\/xevi-pons-meta\/#breadcrumb","itemListElement":[{"@type":"ListItem","position":1,"name":"Portada","item":"https:\/\/www.subaru.es\/blog\/"},{"@type":"ListItem","position":2,"name":"Xevi Pons, con la meta muy alta"}]},{"@type":"WebSite","@id":"https:\/\/www.subaru.es\/blog\/#website","url":"https:\/\/www.subaru.es\/blog\/","name":"Universo Subaru","description":"Descubre este apasionante espacio de Subaru donde vas a conocer todo sobre nuestros coches y las experiencias que vivimos con ellos. Si est\u00e1s preparado para dejarte seducir por la filosof\u00eda Subaru, qu\u00e9date con nosotros.","publisher":{"@id":"https:\/\/www.subaru.es\/blog\/#organization"},"potentialAction":[{"@type":"SearchAction","target":{"@type":"EntryPoint","urlTemplate":"https:\/\/www.subaru.es\/blog\/?s={search_term_string}"},"query-input":{"@type":"PropertyValueSpecification","valueRequired":true,"valueName":"search_term_string"}}],"inLanguage":"es"},{"@type":"Organization","@id":"https:\/\/www.subaru.es\/blog\/#organization","name":"Subaru Espa\u00f1a S.A.","url":"https:\/\/www.subaru.es\/blog\/","logo":{"@type":"ImageObject","inLanguage":"es","@id":"https:\/\/www.subaru.es\/blog\/#\/schema\/logo\/image\/","url":"https:\/\/www.subaru.es\/blog\/wp-content\/uploads\/2016\/12\/Logo-Subaru-TypeV_C300-scaled.jpg","contentUrl":"https:\/\/www.subaru.es\/blog\/wp-content\/uploads\/2016\/12\/Logo-Subaru-TypeV_C300-scaled.jpg","width":2560,"height":1864,"caption":"Subaru Espa\u00f1a S.A."},"image":{"@id":"https:\/\/www.subaru.es\/blog\/#\/schema\/logo\/image\/"},"sameAs":["https:\/\/www.facebook.com\/subaruespana","https:\/\/www.instagram.com\/subarues\/","https:\/\/www.youtube.com\/user\/subaruespana"]},{"@type":"Person","@id":"https:\/\/www.subaru.es\/blog\/#\/schema\/person\/19a90b892230b8e0ec752704ddf4aa10","name":"Subaru","url":"https:\/\/www.subaru.es\/blog\/author\/subaria\/"}]}},"_links":{"self":[{"href":"https:\/\/www.subaru.es\/blog\/wp-json\/wp\/v2\/posts\/69","targetHints":{"allow":["GET"]}}],"collection":[{"href":"https:\/\/www.subaru.es\/blog\/wp-json\/wp\/v2\/posts"}],"about":[{"href":"https:\/\/www.subaru.es\/blog\/wp-json\/wp\/v2\/types\/post"}],"author":[{"embeddable":true,"href":"https:\/\/www.subaru.es\/blog\/wp-json\/wp\/v2\/users\/21"}],"replies":[{"embeddable":true,"href":"https:\/\/www.subaru.es\/blog\/wp-json\/wp\/v2\/comments?post=69"}],"version-history":[{"count":1,"href":"https:\/\/www.subaru.es\/blog\/wp-json\/wp\/v2\/posts\/69\/revisions"}],"predecessor-version":[{"id":15807,"href":"https:\/\/www.subaru.es\/blog\/wp-json\/wp\/v2\/posts\/69\/revisions\/15807"}],"wp:featuredmedia":[{"embeddable":true,"href":"https:\/\/www.subaru.es\/blog\/wp-json\/wp\/v2\/media\/70"}],"wp:attachment":[{"href":"https:\/\/www.subaru.es\/blog\/wp-json\/wp\/v2\/media?parent=69"}],"wp:term":[{"taxonomy":"category","embeddable":true,"href":"https:\/\/www.subaru.es\/blog\/wp-json\/wp\/v2\/categories?post=69"},{"taxonomy":"post_tag","embeddable":true,"href":"https:\/\/www.subaru.es\/blog\/wp-json\/wp\/v2\/tags?post=69"}],"curies":[{"name":"wp","href":"https:\/\/api.w.org\/{rel}","templated":true}]}}