{"id":6855,"date":"2012-05-28T18:30:56","date_gmt":"2012-05-28T16:30:56","guid":{"rendered":"http:\/\/subaru.preproduccion.com\/blog\/?p=6855"},"modified":"2016-10-17T15:11:04","modified_gmt":"2016-10-17T13:11:04","slug":"participa-en-el-track-day-de-8000vueltas-con-un-wrx-sti-sedan","status":"publish","type":"post","link":"https:\/\/www.subaru.es\/blog\/nuestra-marca\/participa-en-el-track-day-de-8000vueltas-con-un-wrx-sti-sedan\/","title":{"rendered":"\u00a1Participa en el Track Day de 8000vueltas con un WRX STI Sed\u00e1n!"},"content":{"rendered":"<p><center><a href=\"https:\/\/www.subaru.es\/blog\/wp-content\/uploads\/2012\/05\/wrxstisedan.jpg\"><img decoding=\"async\" class=\"alignnone size-full wp-image-6856 lazyload\" title=\"WRX STI Sedan\" data-src=\"https:\/\/www.subaru.es\/blog\/wp-content\/uploads\/2012\/05\/wrxstisedan.jpg\" alt=\"WRX STI Sedan\" width=\"528\" height=\"300\" src=\"data:image\/svg+xml;base64,PHN2ZyB3aWR0aD0iMSIgaGVpZ2h0PSIxIiB4bWxucz0iaHR0cDovL3d3dy53My5vcmcvMjAwMC9zdmciPjwvc3ZnPg==\" style=\"--smush-placeholder-width: 528px; --smush-placeholder-aspect-ratio: 528\/300;\" \/><\/a><\/center><\/p>\n<p><a href=\"https:\/\/www.subaru.es\/blog\/wp-content\/uploads\/2012\/05\/wrxstisedan.jpg\"><\/a>Una vez m\u00e1s, desde Subaru Espa\u00f1a ponemos en marcha un concurso que te permitir\u00e1 probar uno de nuestros coches en un circuito. Despu\u00e9s del <a href=\"https:\/\/www.subaru.es\/blog\/subaru\/%C2%A1subaru-te-invita-al-iv-eco-rallye-vasco-navarro\/\" target=\"_blank\">Eco-Rallye Vasco Navarro<\/a>, llega el Track Day que organiza la web 8000vueltas.com. \u00bfQu\u00e9 podr\u00edas conducir si resultas ganador?<strong> \u00a1Un Subaru WRX STI Sed\u00e1n! <\/strong><\/p>\n<p>Y, una vez m\u00e1s, el camino que os separa a ti y al WRX STI Sed\u00e1n es breve: tan solo tienes que correr al <a href=\"http:\/\/www.facebook.com\/subaruespana\">Facebook de Subaru Espa\u00f1a<\/a>, hacerte fan si no lo eras (sabemos que lo eres) y pinchar en la promoci\u00f3n. Lo \u00fanico que pedimos de ti es que contestes a una sencilla pregunta. <strong>\u00a1Sortearemos una entrada para el\u00a0<a href=\"http:\/\/8000vueltas.com\/trackdays\" target=\"_blank\">Track Day<\/a> entre todos los que particip\u00e9is!<\/strong><\/p>\n<p><!--more-->En cuanto al Track Day, lo organiza la web especialista en coches de alto rendimiento <a href=\"http:\/\/8000vueltas.com\/\" target=\"_blank\">8000vueltas.com<\/a> con la colaboraci\u00f3n de Michelin, y tendr\u00e1 lugar el pr\u00f3ximo <strong>9 de junio en el Circuito de Navarra<\/strong>. Y como no pod\u00eda ser de otra forma al colaborar Michelin, el WRX STI Sed\u00e1n que probar\u00e1s ir\u00e1 equipado con el nuevo neum\u00e1tico <a href=\"http:\/\/www.michelin.es\/neumaticos\/michelin-pilot-super-sport\" target=\"_blank\">Michelin Pilot Super Sport<\/a>.<\/p>\n<p>Ahora que ya est\u00e1s tentado, seguro que lo \u00fanico que quieres saber es qu\u00e9 pregunta queremos que respondas. No te preocupes, no es dif\u00edcil, y apostamos a que ya la has contestado sin darte cuenta:<strong> \u00bfqu\u00e9 caracter\u00edsticas del Subaru WRX STI Sed\u00e1n te gustar\u00eda disfrutar en el Track Day?<\/strong><\/p>\n<p>Tienes hasta el 6 de junio para participar, no lo dejes para el \u00faltimo momento&#8230; \u00a1danos tu respuesta <a href=\"https:\/\/www.facebook.com\/subaruespana\/app_79458893817\" target=\"_blank\">en Facebook<\/a> y cruza los dedos!<\/p>\n","protected":false},"excerpt":{"rendered":"<p>Una vez m\u00e1s, desde Subaru Espa\u00f1a ponemos en marcha un concurso que te permitir\u00e1 probar uno de nuestros coches en un circuito. Despu\u00e9s del Eco-Rallye Vasco Navarro, llega el Track Day que organiza la web 8000vueltas.com. \u00bfQu\u00e9 podr\u00edas conducir si resultas ganador? \u00a1Un Subaru WRX STI Sed\u00e1n! Y, una vez m\u00e1s, el camino que os [&hellip;]<\/p>\n","protected":false},"author":21,"featured_media":6856,"comment_status":"open","ping_status":"open","sticky":false,"template":"","format":"standard","meta":{"_acf_changed":false,"_eb_attr":"","inline_featured_image":false,"footnotes":""},"categories":[4401],"tags":[1740,1202,3970,3971,409,3969,243,3972],"class_list":["post-6855","post","type-post","status-publish","format-standard","has-post-thumbnail","hentry","category-nuestra-marca","tag-concurso","tag-facebook","tag-michelin","tag-michelin-pilot-super-sport","tag-sorteo","tag-track-day","tag-wrx-sti","tag-wrx-sti-sedan"],"acf":[],"yoast_head":"<!-- This site is optimized with the Yoast SEO plugin v27.3 - https:\/\/yoast.com\/product\/yoast-seo-wordpress\/ -->\n<title>\u00a1Participa en el Track Day de 8000vueltas con un WRX STI Sed\u00e1n! - Universo Subaru<\/title>\n<meta name=\"robots\" content=\"index, follow, max-snippet:-1, max-image-preview:large, max-video-preview:-1\" \/>\n<link rel=\"canonical\" href=\"https:\/\/www.subaru.es\/blog\/nuestra-marca\/participa-en-el-track-day-de-8000vueltas-con-un-wrx-sti-sedan\/\" \/>\n<meta property=\"og:locale\" content=\"es_ES\" \/>\n<meta property=\"og:type\" content=\"article\" \/>\n<meta property=\"og:title\" content=\"\u00a1Participa en el Track Day de 8000vueltas con un WRX STI Sed\u00e1n! - Universo Subaru\" \/>\n<meta property=\"og:description\" content=\"Una vez m\u00e1s, desde Subaru Espa\u00f1a ponemos en marcha un concurso que te permitir\u00e1 probar uno de nuestros coches en un circuito. Despu\u00e9s del Eco-Rallye Vasco Navarro, llega el Track Day que organiza la web 8000vueltas.com. \u00bfQu\u00e9 podr\u00edas conducir si resultas ganador? \u00a1Un Subaru WRX STI Sed\u00e1n! Y, una vez m\u00e1s, el camino que os [&hellip;]\" \/>\n<meta property=\"og:url\" content=\"https:\/\/www.subaru.es\/blog\/nuestra-marca\/participa-en-el-track-day-de-8000vueltas-con-un-wrx-sti-sedan\/\" \/>\n<meta property=\"og:site_name\" content=\"Universo Subaru\" \/>\n<meta property=\"article:publisher\" content=\"https:\/\/www.facebook.com\/subaruespana\" \/>\n<meta property=\"article:published_time\" content=\"2012-05-28T16:30:56+00:00\" \/>\n<meta property=\"article:modified_time\" content=\"2016-10-17T13:11:04+00:00\" \/>\n<meta property=\"og:image\" content=\"https:\/\/www.subaru.es\/blog\/wp-content\/uploads\/2012\/05\/wrxstisedan.jpg\" \/>\n\t<meta property=\"og:image:width\" content=\"528\" \/>\n\t<meta property=\"og:image:height\" content=\"300\" \/>\n\t<meta property=\"og:image:type\" content=\"image\/jpeg\" \/>\n<meta name=\"author\" content=\"Subaru\" \/>\n<meta name=\"twitter:card\" content=\"summary_large_image\" \/>\n<meta name=\"twitter:label1\" content=\"Escrito por\" \/>\n\t<meta name=\"twitter:data1\" content=\"Subaru\" \/>\n\t<meta name=\"twitter:label2\" content=\"Tiempo de lectura\" \/>\n\t<meta name=\"twitter:data2\" content=\"1 minuto\" \/>\n<script type=\"application\/ld+json\" class=\"yoast-schema-graph\">{\"@context\":\"https:\\\/\\\/schema.org\",\"@graph\":[{\"@type\":\"Article\",\"@id\":\"https:\\\/\\\/www.subaru.es\\\/blog\\\/nuestra-marca\\\/participa-en-el-track-day-de-8000vueltas-con-un-wrx-sti-sedan\\\/#article\",\"isPartOf\":{\"@id\":\"https:\\\/\\\/www.subaru.es\\\/blog\\\/nuestra-marca\\\/participa-en-el-track-day-de-8000vueltas-con-un-wrx-sti-sedan\\\/\"},\"author\":{\"name\":\"Subaru\",\"@id\":\"https:\\\/\\\/www.subaru.es\\\/blog\\\/#\\\/schema\\\/person\\\/19a90b892230b8e0ec752704ddf4aa10\"},\"headline\":\"\u00a1Participa en el Track Day de 8000vueltas con un WRX STI Sed\u00e1n!\",\"datePublished\":\"2012-05-28T16:30:56+00:00\",\"dateModified\":\"2016-10-17T13:11:04+00:00\",\"mainEntityOfPage\":{\"@id\":\"https:\\\/\\\/www.subaru.es\\\/blog\\\/nuestra-marca\\\/participa-en-el-track-day-de-8000vueltas-con-un-wrx-sti-sedan\\\/\"},\"wordCount\":283,\"commentCount\":0,\"publisher\":{\"@id\":\"https:\\\/\\\/www.subaru.es\\\/blog\\\/#organization\"},\"image\":{\"@id\":\"https:\\\/\\\/www.subaru.es\\\/blog\\\/nuestra-marca\\\/participa-en-el-track-day-de-8000vueltas-con-un-wrx-sti-sedan\\\/#primaryimage\"},\"thumbnailUrl\":\"https:\\\/\\\/www.subaru.es\\\/blog\\\/wp-content\\\/uploads\\\/2012\\\/05\\\/wrxstisedan.jpg\",\"keywords\":[\"concurso\",\"facebook\",\"Michelin\",\"Michelin Pilot Super Sport\",\"sorteo\",\"Track Day\",\"wrx sti\",\"WRX STI sed\u00e1n\"],\"articleSection\":[\"Nuestra marca\"],\"inLanguage\":\"es\",\"potentialAction\":[{\"@type\":\"CommentAction\",\"name\":\"Comment\",\"target\":[\"https:\\\/\\\/www.subaru.es\\\/blog\\\/nuestra-marca\\\/participa-en-el-track-day-de-8000vueltas-con-un-wrx-sti-sedan\\\/#respond\"]}]},{\"@type\":\"WebPage\",\"@id\":\"https:\\\/\\\/www.subaru.es\\\/blog\\\/nuestra-marca\\\/participa-en-el-track-day-de-8000vueltas-con-un-wrx-sti-sedan\\\/\",\"url\":\"https:\\\/\\\/www.subaru.es\\\/blog\\\/nuestra-marca\\\/participa-en-el-track-day-de-8000vueltas-con-un-wrx-sti-sedan\\\/\",\"name\":\"\u00a1Participa en el Track Day de 8000vueltas con un WRX STI Sed\u00e1n! - Universo Subaru\",\"isPartOf\":{\"@id\":\"https:\\\/\\\/www.subaru.es\\\/blog\\\/#website\"},\"primaryImageOfPage\":{\"@id\":\"https:\\\/\\\/www.subaru.es\\\/blog\\\/nuestra-marca\\\/participa-en-el-track-day-de-8000vueltas-con-un-wrx-sti-sedan\\\/#primaryimage\"},\"image\":{\"@id\":\"https:\\\/\\\/www.subaru.es\\\/blog\\\/nuestra-marca\\\/participa-en-el-track-day-de-8000vueltas-con-un-wrx-sti-sedan\\\/#primaryimage\"},\"thumbnailUrl\":\"https:\\\/\\\/www.subaru.es\\\/blog\\\/wp-content\\\/uploads\\\/2012\\\/05\\\/wrxstisedan.jpg\",\"datePublished\":\"2012-05-28T16:30:56+00:00\",\"dateModified\":\"2016-10-17T13:11:04+00:00\",\"breadcrumb\":{\"@id\":\"https:\\\/\\\/www.subaru.es\\\/blog\\\/nuestra-marca\\\/participa-en-el-track-day-de-8000vueltas-con-un-wrx-sti-sedan\\\/#breadcrumb\"},\"inLanguage\":\"es\",\"potentialAction\":[{\"@type\":\"ReadAction\",\"target\":[\"https:\\\/\\\/www.subaru.es\\\/blog\\\/nuestra-marca\\\/participa-en-el-track-day-de-8000vueltas-con-un-wrx-sti-sedan\\\/\"]}]},{\"@type\":\"ImageObject\",\"inLanguage\":\"es\",\"@id\":\"https:\\\/\\\/www.subaru.es\\\/blog\\\/nuestra-marca\\\/participa-en-el-track-day-de-8000vueltas-con-un-wrx-sti-sedan\\\/#primaryimage\",\"url\":\"https:\\\/\\\/www.subaru.es\\\/blog\\\/wp-content\\\/uploads\\\/2012\\\/05\\\/wrxstisedan.jpg\",\"contentUrl\":\"https:\\\/\\\/www.subaru.es\\\/blog\\\/wp-content\\\/uploads\\\/2012\\\/05\\\/wrxstisedan.jpg\",\"width\":528,\"height\":300,\"caption\":\"WRX STI Sedan\"},{\"@type\":\"BreadcrumbList\",\"@id\":\"https:\\\/\\\/www.subaru.es\\\/blog\\\/nuestra-marca\\\/participa-en-el-track-day-de-8000vueltas-con-un-wrx-sti-sedan\\\/#breadcrumb\",\"itemListElement\":[{\"@type\":\"ListItem\",\"position\":1,\"name\":\"Portada\",\"item\":\"https:\\\/\\\/www.subaru.es\\\/blog\\\/\"},{\"@type\":\"ListItem\",\"position\":2,\"name\":\"\u00a1Participa en el Track Day de 8000vueltas con un WRX STI Sed\u00e1n!\"}]},{\"@type\":\"WebSite\",\"@id\":\"https:\\\/\\\/www.subaru.es\\\/blog\\\/#website\",\"url\":\"https:\\\/\\\/www.subaru.es\\\/blog\\\/\",\"name\":\"Universo Subaru\",\"description\":\"Descubre este apasionante espacio de Subaru donde vas a conocer todo sobre nuestros coches y las experiencias que vivimos con ellos. Si est\u00e1s preparado para dejarte seducir por la filosof\u00eda Subaru, qu\u00e9date con nosotros.\",\"publisher\":{\"@id\":\"https:\\\/\\\/www.subaru.es\\\/blog\\\/#organization\"},\"potentialAction\":[{\"@type\":\"SearchAction\",\"target\":{\"@type\":\"EntryPoint\",\"urlTemplate\":\"https:\\\/\\\/www.subaru.es\\\/blog\\\/?s={search_term_string}\"},\"query-input\":{\"@type\":\"PropertyValueSpecification\",\"valueRequired\":true,\"valueName\":\"search_term_string\"}}],\"inLanguage\":\"es\"},{\"@type\":\"Organization\",\"@id\":\"https:\\\/\\\/www.subaru.es\\\/blog\\\/#organization\",\"name\":\"Subaru Espa\u00f1a S.A.\",\"url\":\"https:\\\/\\\/www.subaru.es\\\/blog\\\/\",\"logo\":{\"@type\":\"ImageObject\",\"inLanguage\":\"es\",\"@id\":\"https:\\\/\\\/www.subaru.es\\\/blog\\\/#\\\/schema\\\/logo\\\/image\\\/\",\"url\":\"https:\\\/\\\/www.subaru.es\\\/blog\\\/wp-content\\\/uploads\\\/2016\\\/12\\\/Logo-Subaru-TypeV_C300-scaled.jpg\",\"contentUrl\":\"https:\\\/\\\/www.subaru.es\\\/blog\\\/wp-content\\\/uploads\\\/2016\\\/12\\\/Logo-Subaru-TypeV_C300-scaled.jpg\",\"width\":2560,\"height\":1864,\"caption\":\"Subaru Espa\u00f1a S.A.\"},\"image\":{\"@id\":\"https:\\\/\\\/www.subaru.es\\\/blog\\\/#\\\/schema\\\/logo\\\/image\\\/\"},\"sameAs\":[\"https:\\\/\\\/www.facebook.com\\\/subaruespana\",\"https:\\\/\\\/www.instagram.com\\\/subarues\\\/\",\"https:\\\/\\\/www.youtube.com\\\/user\\\/subaruespana\"]},{\"@type\":\"Person\",\"@id\":\"https:\\\/\\\/www.subaru.es\\\/blog\\\/#\\\/schema\\\/person\\\/19a90b892230b8e0ec752704ddf4aa10\",\"name\":\"Subaru\",\"url\":\"https:\\\/\\\/www.subaru.es\\\/blog\\\/author\\\/subaria\\\/\"}]}<\/script>\n<!-- \/ Yoast SEO plugin. -->","yoast_head_json":{"title":"\u00a1Participa en el Track Day de 8000vueltas con un WRX STI Sed\u00e1n! - Universo Subaru","robots":{"index":"index","follow":"follow","max-snippet":"max-snippet:-1","max-image-preview":"max-image-preview:large","max-video-preview":"max-video-preview:-1"},"canonical":"https:\/\/www.subaru.es\/blog\/nuestra-marca\/participa-en-el-track-day-de-8000vueltas-con-un-wrx-sti-sedan\/","og_locale":"es_ES","og_type":"article","og_title":"\u00a1Participa en el Track Day de 8000vueltas con un WRX STI Sed\u00e1n! - Universo Subaru","og_description":"Una vez m\u00e1s, desde Subaru Espa\u00f1a ponemos en marcha un concurso que te permitir\u00e1 probar uno de nuestros coches en un circuito. Despu\u00e9s del Eco-Rallye Vasco Navarro, llega el Track Day que organiza la web 8000vueltas.com. \u00bfQu\u00e9 podr\u00edas conducir si resultas ganador? \u00a1Un Subaru WRX STI Sed\u00e1n! Y, una vez m\u00e1s, el camino que os [&hellip;]","og_url":"https:\/\/www.subaru.es\/blog\/nuestra-marca\/participa-en-el-track-day-de-8000vueltas-con-un-wrx-sti-sedan\/","og_site_name":"Universo Subaru","article_publisher":"https:\/\/www.facebook.com\/subaruespana","article_published_time":"2012-05-28T16:30:56+00:00","article_modified_time":"2016-10-17T13:11:04+00:00","og_image":[{"width":528,"height":300,"url":"https:\/\/www.subaru.es\/blog\/wp-content\/uploads\/2012\/05\/wrxstisedan.jpg","type":"image\/jpeg"}],"author":"Subaru","twitter_card":"summary_large_image","twitter_misc":{"Escrito por":"Subaru","Tiempo de lectura":"1 minuto"},"schema":{"@context":"https:\/\/schema.org","@graph":[{"@type":"Article","@id":"https:\/\/www.subaru.es\/blog\/nuestra-marca\/participa-en-el-track-day-de-8000vueltas-con-un-wrx-sti-sedan\/#article","isPartOf":{"@id":"https:\/\/www.subaru.es\/blog\/nuestra-marca\/participa-en-el-track-day-de-8000vueltas-con-un-wrx-sti-sedan\/"},"author":{"name":"Subaru","@id":"https:\/\/www.subaru.es\/blog\/#\/schema\/person\/19a90b892230b8e0ec752704ddf4aa10"},"headline":"\u00a1Participa en el Track Day de 8000vueltas con un WRX STI Sed\u00e1n!","datePublished":"2012-05-28T16:30:56+00:00","dateModified":"2016-10-17T13:11:04+00:00","mainEntityOfPage":{"@id":"https:\/\/www.subaru.es\/blog\/nuestra-marca\/participa-en-el-track-day-de-8000vueltas-con-un-wrx-sti-sedan\/"},"wordCount":283,"commentCount":0,"publisher":{"@id":"https:\/\/www.subaru.es\/blog\/#organization"},"image":{"@id":"https:\/\/www.subaru.es\/blog\/nuestra-marca\/participa-en-el-track-day-de-8000vueltas-con-un-wrx-sti-sedan\/#primaryimage"},"thumbnailUrl":"https:\/\/www.subaru.es\/blog\/wp-content\/uploads\/2012\/05\/wrxstisedan.jpg","keywords":["concurso","facebook","Michelin","Michelin Pilot Super Sport","sorteo","Track Day","wrx sti","WRX STI sed\u00e1n"],"articleSection":["Nuestra marca"],"inLanguage":"es","potentialAction":[{"@type":"CommentAction","name":"Comment","target":["https:\/\/www.subaru.es\/blog\/nuestra-marca\/participa-en-el-track-day-de-8000vueltas-con-un-wrx-sti-sedan\/#respond"]}]},{"@type":"WebPage","@id":"https:\/\/www.subaru.es\/blog\/nuestra-marca\/participa-en-el-track-day-de-8000vueltas-con-un-wrx-sti-sedan\/","url":"https:\/\/www.subaru.es\/blog\/nuestra-marca\/participa-en-el-track-day-de-8000vueltas-con-un-wrx-sti-sedan\/","name":"\u00a1Participa en el Track Day de 8000vueltas con un WRX STI Sed\u00e1n! - Universo Subaru","isPartOf":{"@id":"https:\/\/www.subaru.es\/blog\/#website"},"primaryImageOfPage":{"@id":"https:\/\/www.subaru.es\/blog\/nuestra-marca\/participa-en-el-track-day-de-8000vueltas-con-un-wrx-sti-sedan\/#primaryimage"},"image":{"@id":"https:\/\/www.subaru.es\/blog\/nuestra-marca\/participa-en-el-track-day-de-8000vueltas-con-un-wrx-sti-sedan\/#primaryimage"},"thumbnailUrl":"https:\/\/www.subaru.es\/blog\/wp-content\/uploads\/2012\/05\/wrxstisedan.jpg","datePublished":"2012-05-28T16:30:56+00:00","dateModified":"2016-10-17T13:11:04+00:00","breadcrumb":{"@id":"https:\/\/www.subaru.es\/blog\/nuestra-marca\/participa-en-el-track-day-de-8000vueltas-con-un-wrx-sti-sedan\/#breadcrumb"},"inLanguage":"es","potentialAction":[{"@type":"ReadAction","target":["https:\/\/www.subaru.es\/blog\/nuestra-marca\/participa-en-el-track-day-de-8000vueltas-con-un-wrx-sti-sedan\/"]}]},{"@type":"ImageObject","inLanguage":"es","@id":"https:\/\/www.subaru.es\/blog\/nuestra-marca\/participa-en-el-track-day-de-8000vueltas-con-un-wrx-sti-sedan\/#primaryimage","url":"https:\/\/www.subaru.es\/blog\/wp-content\/uploads\/2012\/05\/wrxstisedan.jpg","contentUrl":"https:\/\/www.subaru.es\/blog\/wp-content\/uploads\/2012\/05\/wrxstisedan.jpg","width":528,"height":300,"caption":"WRX STI Sedan"},{"@type":"BreadcrumbList","@id":"https:\/\/www.subaru.es\/blog\/nuestra-marca\/participa-en-el-track-day-de-8000vueltas-con-un-wrx-sti-sedan\/#breadcrumb","itemListElement":[{"@type":"ListItem","position":1,"name":"Portada","item":"https:\/\/www.subaru.es\/blog\/"},{"@type":"ListItem","position":2,"name":"\u00a1Participa en el Track Day de 8000vueltas con un WRX STI Sed\u00e1n!"}]},{"@type":"WebSite","@id":"https:\/\/www.subaru.es\/blog\/#website","url":"https:\/\/www.subaru.es\/blog\/","name":"Universo Subaru","description":"Descubre este apasionante espacio de Subaru donde vas a conocer todo sobre nuestros coches y las experiencias que vivimos con ellos. Si est\u00e1s preparado para dejarte seducir por la filosof\u00eda Subaru, qu\u00e9date con nosotros.","publisher":{"@id":"https:\/\/www.subaru.es\/blog\/#organization"},"potentialAction":[{"@type":"SearchAction","target":{"@type":"EntryPoint","urlTemplate":"https:\/\/www.subaru.es\/blog\/?s={search_term_string}"},"query-input":{"@type":"PropertyValueSpecification","valueRequired":true,"valueName":"search_term_string"}}],"inLanguage":"es"},{"@type":"Organization","@id":"https:\/\/www.subaru.es\/blog\/#organization","name":"Subaru Espa\u00f1a S.A.","url":"https:\/\/www.subaru.es\/blog\/","logo":{"@type":"ImageObject","inLanguage":"es","@id":"https:\/\/www.subaru.es\/blog\/#\/schema\/logo\/image\/","url":"https:\/\/www.subaru.es\/blog\/wp-content\/uploads\/2016\/12\/Logo-Subaru-TypeV_C300-scaled.jpg","contentUrl":"https:\/\/www.subaru.es\/blog\/wp-content\/uploads\/2016\/12\/Logo-Subaru-TypeV_C300-scaled.jpg","width":2560,"height":1864,"caption":"Subaru Espa\u00f1a S.A."},"image":{"@id":"https:\/\/www.subaru.es\/blog\/#\/schema\/logo\/image\/"},"sameAs":["https:\/\/www.facebook.com\/subaruespana","https:\/\/www.instagram.com\/subarues\/","https:\/\/www.youtube.com\/user\/subaruespana"]},{"@type":"Person","@id":"https:\/\/www.subaru.es\/blog\/#\/schema\/person\/19a90b892230b8e0ec752704ddf4aa10","name":"Subaru","url":"https:\/\/www.subaru.es\/blog\/author\/subaria\/"}]}},"_links":{"self":[{"href":"https:\/\/www.subaru.es\/blog\/wp-json\/wp\/v2\/posts\/6855","targetHints":{"allow":["GET"]}}],"collection":[{"href":"https:\/\/www.subaru.es\/blog\/wp-json\/wp\/v2\/posts"}],"about":[{"href":"https:\/\/www.subaru.es\/blog\/wp-json\/wp\/v2\/types\/post"}],"author":[{"embeddable":true,"href":"https:\/\/www.subaru.es\/blog\/wp-json\/wp\/v2\/users\/21"}],"replies":[{"embeddable":true,"href":"https:\/\/www.subaru.es\/blog\/wp-json\/wp\/v2\/comments?post=6855"}],"version-history":[{"count":1,"href":"https:\/\/www.subaru.es\/blog\/wp-json\/wp\/v2\/posts\/6855\/revisions"}],"predecessor-version":[{"id":14870,"href":"https:\/\/www.subaru.es\/blog\/wp-json\/wp\/v2\/posts\/6855\/revisions\/14870"}],"wp:featuredmedia":[{"embeddable":true,"href":"https:\/\/www.subaru.es\/blog\/wp-json\/wp\/v2\/media\/6856"}],"wp:attachment":[{"href":"https:\/\/www.subaru.es\/blog\/wp-json\/wp\/v2\/media?parent=6855"}],"wp:term":[{"taxonomy":"category","embeddable":true,"href":"https:\/\/www.subaru.es\/blog\/wp-json\/wp\/v2\/categories?post=6855"},{"taxonomy":"post_tag","embeddable":true,"href":"https:\/\/www.subaru.es\/blog\/wp-json\/wp\/v2\/tags?post=6855"}],"curies":[{"name":"wp","href":"https:\/\/api.w.org\/{rel}","templated":true}]}}