{"id":6801,"date":"2012-05-21T09:41:39","date_gmt":"2012-05-21T07:41:39","guid":{"rendered":"http:\/\/subaru.preproduccion.com\/blog\/?p=6801"},"modified":"2020-08-06T11:39:05","modified_gmt":"2020-08-06T09:39:05","slug":"subaru-te-invita-al-iv-eco-rallye-vasco-navarro","status":"publish","type":"post","link":"https:\/\/www.subaru.es\/blog\/nuestra-marca\/subaru-te-invita-al-iv-eco-rallye-vasco-navarro\/","title":{"rendered":"\u00a1Subaru te invita al IV Eco Rallye Vasco Navarro!"},"content":{"rendered":"<p style=\"text-align: center;\"><a href=\"https:\/\/www.subaru.es\/blog\/wp-content\/uploads\/2012\/05\/easypromo_2.jpg\"><img decoding=\"async\" class=\"size-full wp-image-6802 aligncenter lazyload\" title=\"concurso-ecorallye\" data-src=\"https:\/\/www.subaru.es\/blog\/wp-content\/uploads\/2012\/05\/easypromo_2.jpg\" alt=\"concurso-ecorallye\" width=\"312\" height=\"355\" src=\"data:image\/svg+xml;base64,PHN2ZyB3aWR0aD0iMSIgaGVpZ2h0PSIxIiB4bWxucz0iaHR0cDovL3d3dy53My5vcmcvMjAwMC9zdmciPjwvc3ZnPg==\" style=\"--smush-placeholder-width: 312px; --smush-placeholder-aspect-ratio: 312\/355;\" \/><\/a><\/p>\n<p>\u00bfQu\u00e9 te gusta de Subaru? \u00bfTu mente ha respondido ya r\u00e1pidamente? \u00a1Perfecto! Est\u00e1s un poco m\u00e1s cerca de <strong>participar en el IV Eco Rallye Vasco Navarro a bordo de un Subaru XV 2.0 Aut. Bifuel<\/strong>, ya solo tienes que ir a la p\u00e1gina de Facebook de Subaru Espa\u00f1a, hacerte fan si no lo eres (pero lo eres, \u00bfverdad?), ir a la aplicaci\u00f3n del concurso y escribir lo que tu mente ha contestado hace unos segundos a la pregunta.<\/p>\n<p>\u00bfQu\u00e9 puedes ganar? Como ya te comentamos, todo gira alrededor del <a href=\"http:\/\/www.racvndeportes.com\/index_ecorallye_folleto.htm\" target=\"_blank\" rel=\"noopener noreferrer\">IV Eco Rallye Vasco Navarro<\/a>: sortearemos una entrada doble entre los participantes y <strong>enviaremos el Subaru XV 2.0 Aut. Bifuel al concesionario m\u00e1s cercano <\/strong>a la residencia del ganador. Pagaremos gasolina, peajes, alojamiento y comidas del 31 de mayo al 3 de junio para ti (si ganas) y tu acompa\u00f1ante. Tentador, \u00bfverdad?<\/p>\n<p>Si no tienes claro qu\u00e9 es un Eco Rallye y no est\u00e1s seguro de querer participar (\u00bfno hay que ser un piloto especial para eso?), tranquilo:<strong> no es un rally de velocidad<\/strong>. Se trata de un rally de regularidad de <a href=\"http:\/\/noticias.coches.com\/noticias-motor\/espanoles-menos-eficientes-conduccion\/50888\" target=\"_blank\" rel=\"noopener noreferrer\">coches eficientes<\/a>. \u00bfQu\u00e9 significa eso? Que el objetivo es hacer el recorrido a una velocidad constante\u2026 \u00a1y no es tan f\u00e1cil como parece!<\/p>\n<p>Adem\u00e1s, <strong>se valorar\u00e1 tambi\u00e9n la eficiencia de la conducci\u00f3n<\/strong>, premiando a los conductores que logren realizar todo el itinerario con sus mejores t\u00e9cnicas de conducci\u00f3n ecol\u00f3gica y tratando de consumir la cantidad m\u00e1s peque\u00f1a de energ\u00eda.<\/p>\n<p>Ahora ya est\u00e1s m\u00e1s convencido, \u00bfverdad? Pues ya sabes, solo tienes que <strong><a href=\"https:\/\/www.facebook.com\/subaruespana?sk=app_79458893817\" target=\"_blank\" rel=\"noopener noreferrer\">correr a Facebook y contestar a la pregunta<\/a><\/strong> (\u00bfqu\u00e9 te gusta de Subaru?). Tienes hasta el pr\u00f3ximo <strong>mi\u00e9rcoles 23 de mayo<\/strong>, \u00a1no lo dejes para el \u00faltimo momento!<\/p>\n","protected":false},"excerpt":{"rendered":"<p>\u00bfQu\u00e9 te gusta de Subaru? \u00bfTu mente ha respondido ya r\u00e1pidamente? \u00a1Perfecto! Est\u00e1s un poco m\u00e1s cerca de participar en el IV Eco Rallye Vasco Navarro a bordo de un Subaru XV 2.0 Aut. Bifuel, ya solo tienes que ir a la p\u00e1gina de Facebook de Subaru Espa\u00f1a, hacerte fan si no lo eres (pero [&hellip;]<\/p>\n","protected":false},"author":21,"featured_media":6802,"comment_status":"open","ping_status":"open","sticky":false,"template":"","format":"standard","meta":{"_acf_changed":false,"_eb_attr":"","inline_featured_image":false,"footnotes":""},"categories":[4401],"tags":[1740,1202,3937,64,4398,3938],"class_list":["post-6801","post","type-post","status-publish","format-standard","has-post-thumbnail","hentry","category-nuestra-marca","tag-concurso","tag-facebook","tag-iv-eco-rallye-vasco-navarro","tag-subaru-espana","tag-subaru-xv","tag-subaru-xv-2-0-aut-bifuel"],"acf":[],"yoast_head":"<!-- This site is optimized with the Yoast SEO plugin v27.3 - https:\/\/yoast.com\/product\/yoast-seo-wordpress\/ -->\n<title>\u00a1Subaru te invita al IV Eco Rallye Vasco Navarro! - Universo Subaru<\/title>\n<meta name=\"robots\" content=\"index, follow, max-snippet:-1, max-image-preview:large, max-video-preview:-1\" \/>\n<link rel=\"canonical\" href=\"https:\/\/www.subaru.es\/blog\/nuestra-marca\/subaru-te-invita-al-iv-eco-rallye-vasco-navarro\/\" \/>\n<meta property=\"og:locale\" content=\"es_ES\" \/>\n<meta property=\"og:type\" content=\"article\" \/>\n<meta property=\"og:title\" content=\"\u00a1Subaru te invita al IV Eco Rallye Vasco Navarro! - Universo Subaru\" \/>\n<meta property=\"og:description\" content=\"\u00bfQu\u00e9 te gusta de Subaru? \u00bfTu mente ha respondido ya r\u00e1pidamente? \u00a1Perfecto! Est\u00e1s un poco m\u00e1s cerca de participar en el IV Eco Rallye Vasco Navarro a bordo de un Subaru XV 2.0 Aut. Bifuel, ya solo tienes que ir a la p\u00e1gina de Facebook de Subaru Espa\u00f1a, hacerte fan si no lo eres (pero [&hellip;]\" \/>\n<meta property=\"og:url\" content=\"https:\/\/www.subaru.es\/blog\/nuestra-marca\/subaru-te-invita-al-iv-eco-rallye-vasco-navarro\/\" \/>\n<meta property=\"og:site_name\" content=\"Universo Subaru\" \/>\n<meta property=\"article:publisher\" content=\"https:\/\/www.facebook.com\/subaruespana\" \/>\n<meta property=\"article:published_time\" content=\"2012-05-21T07:41:39+00:00\" \/>\n<meta property=\"article:modified_time\" content=\"2020-08-06T09:39:05+00:00\" \/>\n<meta property=\"og:image\" content=\"https:\/\/www.subaru.es\/blog\/wp-content\/uploads\/2012\/05\/easypromo_2.jpg\" \/>\n\t<meta property=\"og:image:width\" content=\"520\" \/>\n\t<meta property=\"og:image:height\" content=\"591\" \/>\n\t<meta property=\"og:image:type\" content=\"image\/jpeg\" \/>\n<meta name=\"author\" content=\"Subaru\" \/>\n<meta name=\"twitter:card\" content=\"summary_large_image\" \/>\n<meta name=\"twitter:label1\" content=\"Escrito por\" \/>\n\t<meta name=\"twitter:data1\" content=\"Subaru\" \/>\n\t<meta name=\"twitter:label2\" content=\"Tiempo de lectura\" \/>\n\t<meta name=\"twitter:data2\" content=\"1 minuto\" \/>\n<script type=\"application\/ld+json\" class=\"yoast-schema-graph\">{\"@context\":\"https:\\\/\\\/schema.org\",\"@graph\":[{\"@type\":\"Article\",\"@id\":\"https:\\\/\\\/www.subaru.es\\\/blog\\\/nuestra-marca\\\/subaru-te-invita-al-iv-eco-rallye-vasco-navarro\\\/#article\",\"isPartOf\":{\"@id\":\"https:\\\/\\\/www.subaru.es\\\/blog\\\/nuestra-marca\\\/subaru-te-invita-al-iv-eco-rallye-vasco-navarro\\\/\"},\"author\":{\"name\":\"Subaru\",\"@id\":\"https:\\\/\\\/www.subaru.es\\\/blog\\\/#\\\/schema\\\/person\\\/19a90b892230b8e0ec752704ddf4aa10\"},\"headline\":\"\u00a1Subaru te invita al IV Eco Rallye Vasco Navarro!\",\"datePublished\":\"2012-05-21T07:41:39+00:00\",\"dateModified\":\"2020-08-06T09:39:05+00:00\",\"mainEntityOfPage\":{\"@id\":\"https:\\\/\\\/www.subaru.es\\\/blog\\\/nuestra-marca\\\/subaru-te-invita-al-iv-eco-rallye-vasco-navarro\\\/\"},\"wordCount\":307,\"commentCount\":0,\"publisher\":{\"@id\":\"https:\\\/\\\/www.subaru.es\\\/blog\\\/#organization\"},\"image\":{\"@id\":\"https:\\\/\\\/www.subaru.es\\\/blog\\\/nuestra-marca\\\/subaru-te-invita-al-iv-eco-rallye-vasco-navarro\\\/#primaryimage\"},\"thumbnailUrl\":\"https:\\\/\\\/www.subaru.es\\\/blog\\\/wp-content\\\/uploads\\\/2012\\\/05\\\/easypromo_2.jpg\",\"keywords\":[\"concurso\",\"facebook\",\"IV Eco Rallye Vasco Navarro\",\"subaru espa\u00f1a\",\"Subaru XV\",\"Subaru XV 2.0 Aut. Bifuel\"],\"articleSection\":[\"Nuestra marca\"],\"inLanguage\":\"es\",\"potentialAction\":[{\"@type\":\"CommentAction\",\"name\":\"Comment\",\"target\":[\"https:\\\/\\\/www.subaru.es\\\/blog\\\/nuestra-marca\\\/subaru-te-invita-al-iv-eco-rallye-vasco-navarro\\\/#respond\"]}]},{\"@type\":\"WebPage\",\"@id\":\"https:\\\/\\\/www.subaru.es\\\/blog\\\/nuestra-marca\\\/subaru-te-invita-al-iv-eco-rallye-vasco-navarro\\\/\",\"url\":\"https:\\\/\\\/www.subaru.es\\\/blog\\\/nuestra-marca\\\/subaru-te-invita-al-iv-eco-rallye-vasco-navarro\\\/\",\"name\":\"\u00a1Subaru te invita al IV Eco Rallye Vasco Navarro! - Universo Subaru\",\"isPartOf\":{\"@id\":\"https:\\\/\\\/www.subaru.es\\\/blog\\\/#website\"},\"primaryImageOfPage\":{\"@id\":\"https:\\\/\\\/www.subaru.es\\\/blog\\\/nuestra-marca\\\/subaru-te-invita-al-iv-eco-rallye-vasco-navarro\\\/#primaryimage\"},\"image\":{\"@id\":\"https:\\\/\\\/www.subaru.es\\\/blog\\\/nuestra-marca\\\/subaru-te-invita-al-iv-eco-rallye-vasco-navarro\\\/#primaryimage\"},\"thumbnailUrl\":\"https:\\\/\\\/www.subaru.es\\\/blog\\\/wp-content\\\/uploads\\\/2012\\\/05\\\/easypromo_2.jpg\",\"datePublished\":\"2012-05-21T07:41:39+00:00\",\"dateModified\":\"2020-08-06T09:39:05+00:00\",\"breadcrumb\":{\"@id\":\"https:\\\/\\\/www.subaru.es\\\/blog\\\/nuestra-marca\\\/subaru-te-invita-al-iv-eco-rallye-vasco-navarro\\\/#breadcrumb\"},\"inLanguage\":\"es\",\"potentialAction\":[{\"@type\":\"ReadAction\",\"target\":[\"https:\\\/\\\/www.subaru.es\\\/blog\\\/nuestra-marca\\\/subaru-te-invita-al-iv-eco-rallye-vasco-navarro\\\/\"]}]},{\"@type\":\"ImageObject\",\"inLanguage\":\"es\",\"@id\":\"https:\\\/\\\/www.subaru.es\\\/blog\\\/nuestra-marca\\\/subaru-te-invita-al-iv-eco-rallye-vasco-navarro\\\/#primaryimage\",\"url\":\"https:\\\/\\\/www.subaru.es\\\/blog\\\/wp-content\\\/uploads\\\/2012\\\/05\\\/easypromo_2.jpg\",\"contentUrl\":\"https:\\\/\\\/www.subaru.es\\\/blog\\\/wp-content\\\/uploads\\\/2012\\\/05\\\/easypromo_2.jpg\",\"width\":520,\"height\":591,\"caption\":\"concurso-ecorallye\"},{\"@type\":\"BreadcrumbList\",\"@id\":\"https:\\\/\\\/www.subaru.es\\\/blog\\\/nuestra-marca\\\/subaru-te-invita-al-iv-eco-rallye-vasco-navarro\\\/#breadcrumb\",\"itemListElement\":[{\"@type\":\"ListItem\",\"position\":1,\"name\":\"Portada\",\"item\":\"https:\\\/\\\/www.subaru.es\\\/blog\\\/\"},{\"@type\":\"ListItem\",\"position\":2,\"name\":\"\u00a1Subaru te invita al IV Eco Rallye Vasco Navarro!\"}]},{\"@type\":\"WebSite\",\"@id\":\"https:\\\/\\\/www.subaru.es\\\/blog\\\/#website\",\"url\":\"https:\\\/\\\/www.subaru.es\\\/blog\\\/\",\"name\":\"Universo Subaru\",\"description\":\"Descubre este apasionante espacio de Subaru donde vas a conocer todo sobre nuestros coches y las experiencias que vivimos con ellos. Si est\u00e1s preparado para dejarte seducir por la filosof\u00eda Subaru, qu\u00e9date con nosotros.\",\"publisher\":{\"@id\":\"https:\\\/\\\/www.subaru.es\\\/blog\\\/#organization\"},\"potentialAction\":[{\"@type\":\"SearchAction\",\"target\":{\"@type\":\"EntryPoint\",\"urlTemplate\":\"https:\\\/\\\/www.subaru.es\\\/blog\\\/?s={search_term_string}\"},\"query-input\":{\"@type\":\"PropertyValueSpecification\",\"valueRequired\":true,\"valueName\":\"search_term_string\"}}],\"inLanguage\":\"es\"},{\"@type\":\"Organization\",\"@id\":\"https:\\\/\\\/www.subaru.es\\\/blog\\\/#organization\",\"name\":\"Subaru Espa\u00f1a S.A.\",\"url\":\"https:\\\/\\\/www.subaru.es\\\/blog\\\/\",\"logo\":{\"@type\":\"ImageObject\",\"inLanguage\":\"es\",\"@id\":\"https:\\\/\\\/www.subaru.es\\\/blog\\\/#\\\/schema\\\/logo\\\/image\\\/\",\"url\":\"https:\\\/\\\/www.subaru.es\\\/blog\\\/wp-content\\\/uploads\\\/2016\\\/12\\\/Logo-Subaru-TypeV_C300-scaled.jpg\",\"contentUrl\":\"https:\\\/\\\/www.subaru.es\\\/blog\\\/wp-content\\\/uploads\\\/2016\\\/12\\\/Logo-Subaru-TypeV_C300-scaled.jpg\",\"width\":2560,\"height\":1864,\"caption\":\"Subaru Espa\u00f1a S.A.\"},\"image\":{\"@id\":\"https:\\\/\\\/www.subaru.es\\\/blog\\\/#\\\/schema\\\/logo\\\/image\\\/\"},\"sameAs\":[\"https:\\\/\\\/www.facebook.com\\\/subaruespana\",\"https:\\\/\\\/www.instagram.com\\\/subarues\\\/\",\"https:\\\/\\\/www.youtube.com\\\/user\\\/subaruespana\"]},{\"@type\":\"Person\",\"@id\":\"https:\\\/\\\/www.subaru.es\\\/blog\\\/#\\\/schema\\\/person\\\/19a90b892230b8e0ec752704ddf4aa10\",\"name\":\"Subaru\",\"url\":\"https:\\\/\\\/www.subaru.es\\\/blog\\\/author\\\/subaria\\\/\"}]}<\/script>\n<!-- \/ Yoast SEO plugin. -->","yoast_head_json":{"title":"\u00a1Subaru te invita al IV Eco Rallye Vasco Navarro! - Universo Subaru","robots":{"index":"index","follow":"follow","max-snippet":"max-snippet:-1","max-image-preview":"max-image-preview:large","max-video-preview":"max-video-preview:-1"},"canonical":"https:\/\/www.subaru.es\/blog\/nuestra-marca\/subaru-te-invita-al-iv-eco-rallye-vasco-navarro\/","og_locale":"es_ES","og_type":"article","og_title":"\u00a1Subaru te invita al IV Eco Rallye Vasco Navarro! - Universo Subaru","og_description":"\u00bfQu\u00e9 te gusta de Subaru? \u00bfTu mente ha respondido ya r\u00e1pidamente? \u00a1Perfecto! Est\u00e1s un poco m\u00e1s cerca de participar en el IV Eco Rallye Vasco Navarro a bordo de un Subaru XV 2.0 Aut. Bifuel, ya solo tienes que ir a la p\u00e1gina de Facebook de Subaru Espa\u00f1a, hacerte fan si no lo eres (pero [&hellip;]","og_url":"https:\/\/www.subaru.es\/blog\/nuestra-marca\/subaru-te-invita-al-iv-eco-rallye-vasco-navarro\/","og_site_name":"Universo Subaru","article_publisher":"https:\/\/www.facebook.com\/subaruespana","article_published_time":"2012-05-21T07:41:39+00:00","article_modified_time":"2020-08-06T09:39:05+00:00","og_image":[{"width":520,"height":591,"url":"https:\/\/www.subaru.es\/blog\/wp-content\/uploads\/2012\/05\/easypromo_2.jpg","type":"image\/jpeg"}],"author":"Subaru","twitter_card":"summary_large_image","twitter_misc":{"Escrito por":"Subaru","Tiempo de lectura":"1 minuto"},"schema":{"@context":"https:\/\/schema.org","@graph":[{"@type":"Article","@id":"https:\/\/www.subaru.es\/blog\/nuestra-marca\/subaru-te-invita-al-iv-eco-rallye-vasco-navarro\/#article","isPartOf":{"@id":"https:\/\/www.subaru.es\/blog\/nuestra-marca\/subaru-te-invita-al-iv-eco-rallye-vasco-navarro\/"},"author":{"name":"Subaru","@id":"https:\/\/www.subaru.es\/blog\/#\/schema\/person\/19a90b892230b8e0ec752704ddf4aa10"},"headline":"\u00a1Subaru te invita al IV Eco Rallye Vasco Navarro!","datePublished":"2012-05-21T07:41:39+00:00","dateModified":"2020-08-06T09:39:05+00:00","mainEntityOfPage":{"@id":"https:\/\/www.subaru.es\/blog\/nuestra-marca\/subaru-te-invita-al-iv-eco-rallye-vasco-navarro\/"},"wordCount":307,"commentCount":0,"publisher":{"@id":"https:\/\/www.subaru.es\/blog\/#organization"},"image":{"@id":"https:\/\/www.subaru.es\/blog\/nuestra-marca\/subaru-te-invita-al-iv-eco-rallye-vasco-navarro\/#primaryimage"},"thumbnailUrl":"https:\/\/www.subaru.es\/blog\/wp-content\/uploads\/2012\/05\/easypromo_2.jpg","keywords":["concurso","facebook","IV Eco Rallye Vasco Navarro","subaru espa\u00f1a","Subaru XV","Subaru XV 2.0 Aut. Bifuel"],"articleSection":["Nuestra marca"],"inLanguage":"es","potentialAction":[{"@type":"CommentAction","name":"Comment","target":["https:\/\/www.subaru.es\/blog\/nuestra-marca\/subaru-te-invita-al-iv-eco-rallye-vasco-navarro\/#respond"]}]},{"@type":"WebPage","@id":"https:\/\/www.subaru.es\/blog\/nuestra-marca\/subaru-te-invita-al-iv-eco-rallye-vasco-navarro\/","url":"https:\/\/www.subaru.es\/blog\/nuestra-marca\/subaru-te-invita-al-iv-eco-rallye-vasco-navarro\/","name":"\u00a1Subaru te invita al IV Eco Rallye Vasco Navarro! - Universo Subaru","isPartOf":{"@id":"https:\/\/www.subaru.es\/blog\/#website"},"primaryImageOfPage":{"@id":"https:\/\/www.subaru.es\/blog\/nuestra-marca\/subaru-te-invita-al-iv-eco-rallye-vasco-navarro\/#primaryimage"},"image":{"@id":"https:\/\/www.subaru.es\/blog\/nuestra-marca\/subaru-te-invita-al-iv-eco-rallye-vasco-navarro\/#primaryimage"},"thumbnailUrl":"https:\/\/www.subaru.es\/blog\/wp-content\/uploads\/2012\/05\/easypromo_2.jpg","datePublished":"2012-05-21T07:41:39+00:00","dateModified":"2020-08-06T09:39:05+00:00","breadcrumb":{"@id":"https:\/\/www.subaru.es\/blog\/nuestra-marca\/subaru-te-invita-al-iv-eco-rallye-vasco-navarro\/#breadcrumb"},"inLanguage":"es","potentialAction":[{"@type":"ReadAction","target":["https:\/\/www.subaru.es\/blog\/nuestra-marca\/subaru-te-invita-al-iv-eco-rallye-vasco-navarro\/"]}]},{"@type":"ImageObject","inLanguage":"es","@id":"https:\/\/www.subaru.es\/blog\/nuestra-marca\/subaru-te-invita-al-iv-eco-rallye-vasco-navarro\/#primaryimage","url":"https:\/\/www.subaru.es\/blog\/wp-content\/uploads\/2012\/05\/easypromo_2.jpg","contentUrl":"https:\/\/www.subaru.es\/blog\/wp-content\/uploads\/2012\/05\/easypromo_2.jpg","width":520,"height":591,"caption":"concurso-ecorallye"},{"@type":"BreadcrumbList","@id":"https:\/\/www.subaru.es\/blog\/nuestra-marca\/subaru-te-invita-al-iv-eco-rallye-vasco-navarro\/#breadcrumb","itemListElement":[{"@type":"ListItem","position":1,"name":"Portada","item":"https:\/\/www.subaru.es\/blog\/"},{"@type":"ListItem","position":2,"name":"\u00a1Subaru te invita al IV Eco Rallye Vasco Navarro!"}]},{"@type":"WebSite","@id":"https:\/\/www.subaru.es\/blog\/#website","url":"https:\/\/www.subaru.es\/blog\/","name":"Universo Subaru","description":"Descubre este apasionante espacio de Subaru donde vas a conocer todo sobre nuestros coches y las experiencias que vivimos con ellos. Si est\u00e1s preparado para dejarte seducir por la filosof\u00eda Subaru, qu\u00e9date con nosotros.","publisher":{"@id":"https:\/\/www.subaru.es\/blog\/#organization"},"potentialAction":[{"@type":"SearchAction","target":{"@type":"EntryPoint","urlTemplate":"https:\/\/www.subaru.es\/blog\/?s={search_term_string}"},"query-input":{"@type":"PropertyValueSpecification","valueRequired":true,"valueName":"search_term_string"}}],"inLanguage":"es"},{"@type":"Organization","@id":"https:\/\/www.subaru.es\/blog\/#organization","name":"Subaru Espa\u00f1a S.A.","url":"https:\/\/www.subaru.es\/blog\/","logo":{"@type":"ImageObject","inLanguage":"es","@id":"https:\/\/www.subaru.es\/blog\/#\/schema\/logo\/image\/","url":"https:\/\/www.subaru.es\/blog\/wp-content\/uploads\/2016\/12\/Logo-Subaru-TypeV_C300-scaled.jpg","contentUrl":"https:\/\/www.subaru.es\/blog\/wp-content\/uploads\/2016\/12\/Logo-Subaru-TypeV_C300-scaled.jpg","width":2560,"height":1864,"caption":"Subaru Espa\u00f1a S.A."},"image":{"@id":"https:\/\/www.subaru.es\/blog\/#\/schema\/logo\/image\/"},"sameAs":["https:\/\/www.facebook.com\/subaruespana","https:\/\/www.instagram.com\/subarues\/","https:\/\/www.youtube.com\/user\/subaruespana"]},{"@type":"Person","@id":"https:\/\/www.subaru.es\/blog\/#\/schema\/person\/19a90b892230b8e0ec752704ddf4aa10","name":"Subaru","url":"https:\/\/www.subaru.es\/blog\/author\/subaria\/"}]}},"_links":{"self":[{"href":"https:\/\/www.subaru.es\/blog\/wp-json\/wp\/v2\/posts\/6801","targetHints":{"allow":["GET"]}}],"collection":[{"href":"https:\/\/www.subaru.es\/blog\/wp-json\/wp\/v2\/posts"}],"about":[{"href":"https:\/\/www.subaru.es\/blog\/wp-json\/wp\/v2\/types\/post"}],"author":[{"embeddable":true,"href":"https:\/\/www.subaru.es\/blog\/wp-json\/wp\/v2\/users\/21"}],"replies":[{"embeddable":true,"href":"https:\/\/www.subaru.es\/blog\/wp-json\/wp\/v2\/comments?post=6801"}],"version-history":[{"count":2,"href":"https:\/\/www.subaru.es\/blog\/wp-json\/wp\/v2\/posts\/6801\/revisions"}],"predecessor-version":[{"id":22113,"href":"https:\/\/www.subaru.es\/blog\/wp-json\/wp\/v2\/posts\/6801\/revisions\/22113"}],"wp:featuredmedia":[{"embeddable":true,"href":"https:\/\/www.subaru.es\/blog\/wp-json\/wp\/v2\/media\/6802"}],"wp:attachment":[{"href":"https:\/\/www.subaru.es\/blog\/wp-json\/wp\/v2\/media?parent=6801"}],"wp:term":[{"taxonomy":"category","embeddable":true,"href":"https:\/\/www.subaru.es\/blog\/wp-json\/wp\/v2\/categories?post=6801"},{"taxonomy":"post_tag","embeddable":true,"href":"https:\/\/www.subaru.es\/blog\/wp-json\/wp\/v2\/tags?post=6801"}],"curies":[{"name":"wp","href":"https:\/\/api.w.org\/{rel}","templated":true}]}}