{"id":665,"date":"2008-03-08T09:30:56","date_gmt":"2008-03-08T07:30:56","guid":{"rendered":"http:\/\/subaru.preproduccion.com\/blog\/wp-content\/2008\/03\/08\/video-salida-de-diego-dominguez-subaru-impreza\/"},"modified":"2020-08-06T11:53:34","modified_gmt":"2020-08-06T09:53:34","slug":"video-salida-de-diego-dominguez-subaru-impreza","status":"publish","type":"post","link":"https:\/\/www.subaru.es\/blog\/nuestra-marca\/video-salida-de-diego-dominguez-subaru-impreza\/","title":{"rendered":"V\u00eddeo-Salida de Diego Dom\u00ednguez, Subaru Impreza"},"content":{"rendered":"<p><center><object width=\"425\" height=\"355\"><param name=\"movie\" value=\"http:\/\/www.youtube.com\/v\/f-IvjVDyOmc\"><\/param><param name=\"wmode\" value=\"transparent\"><\/param><embed src=\"http:\/\/www.youtube.com\/v\/f-IvjVDyOmc\" type=\"application\/x-shockwave-flash\" wmode=\"transparent\" width=\"425\" height=\"355\"><\/embed><\/object><\/center><\/p>\n<p>Salida del <strong>Subaru Impreza STI<\/strong> pilotado por el paraguayo <strong>Diego Dom\u00ednguez<\/strong> en la \u00faltima etapa del <strong>Campeonato Argentino de Rally<\/strong>. Un aperitivo de la pr\u00f3xima cita del <strong>Mundial de Rallies<\/strong>, que se disputar\u00e1 en Argentina los <a href=\"http:\/\/www.rallyargentina.com\/castellano\/\">pr\u00f3ximos d\u00edas 27, 28, 29 y 30 de marzo<\/a>.<\/p>\n<p>Pero si adem\u00e1s quieres seguir la actualidad del Campeonato Argentino de Rally, que enfrenta con la m\u00e1xima emoci\u00f3n a <strong>Subaru contra Mitsubishi,<\/strong> te recomendamos el blog <em><a href=\"http:\/\/simplementerally.blogspot.com\/\">Simplemente Rally<\/a><\/em>. Que recoge otras pruebas adem\u00e1s del <strong><a href=\"http:\/\/www.wrc.com\/\">World Rally Championship<\/a><\/strong>.<\/p>\n","protected":false},"excerpt":{"rendered":"<p>Salida del Subaru Impreza STI pilotado por el paraguayo Diego Dom\u00ednguez en la \u00faltima etapa del Campeonato Argentino de Rally. Un aperitivo de la pr\u00f3xima cita del Mundial de Rallies, que se disputar\u00e1 en Argentina los pr\u00f3ximos d\u00edas 27, 28, 29 y 30 de marzo. Pero si adem\u00e1s quieres seguir la actualidad del Campeonato Argentino [&hellip;]<\/p>\n","protected":false},"author":21,"featured_media":0,"comment_status":"open","ping_status":"open","sticky":false,"template":"","format":"standard","meta":{"_acf_changed":false,"_eb_attr":"","inline_featured_image":false,"footnotes":""},"categories":[4401],"tags":[298,299,10,297,11,4390,38],"class_list":["post-665","post","type-post","status-publish","format-standard","hentry","category-nuestra-marca","tag-diego","tag-dominguez","tag-impreza","tag-salida","tag-sti","tag-subaru","tag-video"],"acf":[],"yoast_head":"<!-- This site is optimized with the Yoast SEO plugin v27.3 - https:\/\/yoast.com\/product\/yoast-seo-wordpress\/ -->\n<title>V\u00eddeo-Salida de Diego Dom\u00ednguez, Subaru Impreza - Universo Subaru<\/title>\n<meta name=\"robots\" content=\"index, follow, max-snippet:-1, max-image-preview:large, max-video-preview:-1\" \/>\n<link rel=\"canonical\" href=\"https:\/\/www.subaru.es\/blog\/nuestra-marca\/video-salida-de-diego-dominguez-subaru-impreza\/\" \/>\n<meta property=\"og:locale\" content=\"es_ES\" \/>\n<meta property=\"og:type\" content=\"article\" \/>\n<meta property=\"og:title\" content=\"V\u00eddeo-Salida de Diego Dom\u00ednguez, Subaru Impreza - Universo Subaru\" \/>\n<meta property=\"og:description\" content=\"Salida del Subaru Impreza STI pilotado por el paraguayo Diego Dom\u00ednguez en la \u00faltima etapa del Campeonato Argentino de Rally. Un aperitivo de la pr\u00f3xima cita del Mundial de Rallies, que se disputar\u00e1 en Argentina los pr\u00f3ximos d\u00edas 27, 28, 29 y 30 de marzo. Pero si adem\u00e1s quieres seguir la actualidad del Campeonato Argentino [&hellip;]\" \/>\n<meta property=\"og:url\" content=\"https:\/\/www.subaru.es\/blog\/nuestra-marca\/video-salida-de-diego-dominguez-subaru-impreza\/\" \/>\n<meta property=\"og:site_name\" content=\"Universo Subaru\" \/>\n<meta property=\"article:publisher\" content=\"https:\/\/www.facebook.com\/subaruespana\" \/>\n<meta property=\"article:published_time\" content=\"2008-03-08T07:30:56+00:00\" \/>\n<meta property=\"article:modified_time\" content=\"2020-08-06T09:53:34+00:00\" \/>\n<meta name=\"author\" content=\"Subaru\" \/>\n<meta name=\"twitter:card\" content=\"summary_large_image\" \/>\n<meta name=\"twitter:label1\" content=\"Escrito por\" \/>\n\t<meta name=\"twitter:data1\" content=\"Subaru\" \/>\n<script type=\"application\/ld+json\" class=\"yoast-schema-graph\">{\"@context\":\"https:\\\/\\\/schema.org\",\"@graph\":[{\"@type\":\"Article\",\"@id\":\"https:\\\/\\\/www.subaru.es\\\/blog\\\/nuestra-marca\\\/video-salida-de-diego-dominguez-subaru-impreza\\\/#article\",\"isPartOf\":{\"@id\":\"https:\\\/\\\/www.subaru.es\\\/blog\\\/nuestra-marca\\\/video-salida-de-diego-dominguez-subaru-impreza\\\/\"},\"author\":{\"name\":\"Subaru\",\"@id\":\"https:\\\/\\\/www.subaru.es\\\/blog\\\/#\\\/schema\\\/person\\\/19a90b892230b8e0ec752704ddf4aa10\"},\"headline\":\"V\u00eddeo-Salida de Diego Dom\u00ednguez, Subaru Impreza\",\"datePublished\":\"2008-03-08T07:30:56+00:00\",\"dateModified\":\"2020-08-06T09:53:34+00:00\",\"mainEntityOfPage\":{\"@id\":\"https:\\\/\\\/www.subaru.es\\\/blog\\\/nuestra-marca\\\/video-salida-de-diego-dominguez-subaru-impreza\\\/\"},\"wordCount\":94,\"commentCount\":1,\"publisher\":{\"@id\":\"https:\\\/\\\/www.subaru.es\\\/blog\\\/#organization\"},\"keywords\":[\"diego\",\"dominguez\",\"impreza\",\"salida\",\"sti\",\"Subaru\",\"v\u00eddeo\"],\"articleSection\":[\"Nuestra marca\"],\"inLanguage\":\"es\",\"potentialAction\":[{\"@type\":\"CommentAction\",\"name\":\"Comment\",\"target\":[\"https:\\\/\\\/www.subaru.es\\\/blog\\\/nuestra-marca\\\/video-salida-de-diego-dominguez-subaru-impreza\\\/#respond\"]}]},{\"@type\":\"WebPage\",\"@id\":\"https:\\\/\\\/www.subaru.es\\\/blog\\\/nuestra-marca\\\/video-salida-de-diego-dominguez-subaru-impreza\\\/\",\"url\":\"https:\\\/\\\/www.subaru.es\\\/blog\\\/nuestra-marca\\\/video-salida-de-diego-dominguez-subaru-impreza\\\/\",\"name\":\"V\u00eddeo-Salida de Diego Dom\u00ednguez, Subaru Impreza - Universo Subaru\",\"isPartOf\":{\"@id\":\"https:\\\/\\\/www.subaru.es\\\/blog\\\/#website\"},\"datePublished\":\"2008-03-08T07:30:56+00:00\",\"dateModified\":\"2020-08-06T09:53:34+00:00\",\"breadcrumb\":{\"@id\":\"https:\\\/\\\/www.subaru.es\\\/blog\\\/nuestra-marca\\\/video-salida-de-diego-dominguez-subaru-impreza\\\/#breadcrumb\"},\"inLanguage\":\"es\",\"potentialAction\":[{\"@type\":\"ReadAction\",\"target\":[\"https:\\\/\\\/www.subaru.es\\\/blog\\\/nuestra-marca\\\/video-salida-de-diego-dominguez-subaru-impreza\\\/\"]}]},{\"@type\":\"BreadcrumbList\",\"@id\":\"https:\\\/\\\/www.subaru.es\\\/blog\\\/nuestra-marca\\\/video-salida-de-diego-dominguez-subaru-impreza\\\/#breadcrumb\",\"itemListElement\":[{\"@type\":\"ListItem\",\"position\":1,\"name\":\"Portada\",\"item\":\"https:\\\/\\\/www.subaru.es\\\/blog\\\/\"},{\"@type\":\"ListItem\",\"position\":2,\"name\":\"V\u00eddeo-Salida de Diego Dom\u00ednguez, Subaru Impreza\"}]},{\"@type\":\"WebSite\",\"@id\":\"https:\\\/\\\/www.subaru.es\\\/blog\\\/#website\",\"url\":\"https:\\\/\\\/www.subaru.es\\\/blog\\\/\",\"name\":\"Universo Subaru\",\"description\":\"Descubre este apasionante espacio de Subaru donde vas a conocer todo sobre nuestros coches y las experiencias que vivimos con ellos. Si est\u00e1s preparado para dejarte seducir por la filosof\u00eda Subaru, qu\u00e9date con nosotros.\",\"publisher\":{\"@id\":\"https:\\\/\\\/www.subaru.es\\\/blog\\\/#organization\"},\"potentialAction\":[{\"@type\":\"SearchAction\",\"target\":{\"@type\":\"EntryPoint\",\"urlTemplate\":\"https:\\\/\\\/www.subaru.es\\\/blog\\\/?s={search_term_string}\"},\"query-input\":{\"@type\":\"PropertyValueSpecification\",\"valueRequired\":true,\"valueName\":\"search_term_string\"}}],\"inLanguage\":\"es\"},{\"@type\":\"Organization\",\"@id\":\"https:\\\/\\\/www.subaru.es\\\/blog\\\/#organization\",\"name\":\"Subaru Espa\u00f1a S.A.\",\"url\":\"https:\\\/\\\/www.subaru.es\\\/blog\\\/\",\"logo\":{\"@type\":\"ImageObject\",\"inLanguage\":\"es\",\"@id\":\"https:\\\/\\\/www.subaru.es\\\/blog\\\/#\\\/schema\\\/logo\\\/image\\\/\",\"url\":\"https:\\\/\\\/www.subaru.es\\\/blog\\\/wp-content\\\/uploads\\\/2016\\\/12\\\/Logo-Subaru-TypeV_C300-scaled.jpg\",\"contentUrl\":\"https:\\\/\\\/www.subaru.es\\\/blog\\\/wp-content\\\/uploads\\\/2016\\\/12\\\/Logo-Subaru-TypeV_C300-scaled.jpg\",\"width\":2560,\"height\":1864,\"caption\":\"Subaru Espa\u00f1a S.A.\"},\"image\":{\"@id\":\"https:\\\/\\\/www.subaru.es\\\/blog\\\/#\\\/schema\\\/logo\\\/image\\\/\"},\"sameAs\":[\"https:\\\/\\\/www.facebook.com\\\/subaruespana\",\"https:\\\/\\\/www.instagram.com\\\/subarues\\\/\",\"https:\\\/\\\/www.youtube.com\\\/user\\\/subaruespana\"]},{\"@type\":\"Person\",\"@id\":\"https:\\\/\\\/www.subaru.es\\\/blog\\\/#\\\/schema\\\/person\\\/19a90b892230b8e0ec752704ddf4aa10\",\"name\":\"Subaru\",\"url\":\"https:\\\/\\\/www.subaru.es\\\/blog\\\/author\\\/subaria\\\/\"}]}<\/script>\n<!-- \/ Yoast SEO plugin. -->","yoast_head_json":{"title":"V\u00eddeo-Salida de Diego Dom\u00ednguez, Subaru Impreza - Universo Subaru","robots":{"index":"index","follow":"follow","max-snippet":"max-snippet:-1","max-image-preview":"max-image-preview:large","max-video-preview":"max-video-preview:-1"},"canonical":"https:\/\/www.subaru.es\/blog\/nuestra-marca\/video-salida-de-diego-dominguez-subaru-impreza\/","og_locale":"es_ES","og_type":"article","og_title":"V\u00eddeo-Salida de Diego Dom\u00ednguez, Subaru Impreza - Universo Subaru","og_description":"Salida del Subaru Impreza STI pilotado por el paraguayo Diego Dom\u00ednguez en la \u00faltima etapa del Campeonato Argentino de Rally. Un aperitivo de la pr\u00f3xima cita del Mundial de Rallies, que se disputar\u00e1 en Argentina los pr\u00f3ximos d\u00edas 27, 28, 29 y 30 de marzo. Pero si adem\u00e1s quieres seguir la actualidad del Campeonato Argentino [&hellip;]","og_url":"https:\/\/www.subaru.es\/blog\/nuestra-marca\/video-salida-de-diego-dominguez-subaru-impreza\/","og_site_name":"Universo Subaru","article_publisher":"https:\/\/www.facebook.com\/subaruespana","article_published_time":"2008-03-08T07:30:56+00:00","article_modified_time":"2020-08-06T09:53:34+00:00","author":"Subaru","twitter_card":"summary_large_image","twitter_misc":{"Escrito por":"Subaru"},"schema":{"@context":"https:\/\/schema.org","@graph":[{"@type":"Article","@id":"https:\/\/www.subaru.es\/blog\/nuestra-marca\/video-salida-de-diego-dominguez-subaru-impreza\/#article","isPartOf":{"@id":"https:\/\/www.subaru.es\/blog\/nuestra-marca\/video-salida-de-diego-dominguez-subaru-impreza\/"},"author":{"name":"Subaru","@id":"https:\/\/www.subaru.es\/blog\/#\/schema\/person\/19a90b892230b8e0ec752704ddf4aa10"},"headline":"V\u00eddeo-Salida de Diego Dom\u00ednguez, Subaru Impreza","datePublished":"2008-03-08T07:30:56+00:00","dateModified":"2020-08-06T09:53:34+00:00","mainEntityOfPage":{"@id":"https:\/\/www.subaru.es\/blog\/nuestra-marca\/video-salida-de-diego-dominguez-subaru-impreza\/"},"wordCount":94,"commentCount":1,"publisher":{"@id":"https:\/\/www.subaru.es\/blog\/#organization"},"keywords":["diego","dominguez","impreza","salida","sti","Subaru","v\u00eddeo"],"articleSection":["Nuestra marca"],"inLanguage":"es","potentialAction":[{"@type":"CommentAction","name":"Comment","target":["https:\/\/www.subaru.es\/blog\/nuestra-marca\/video-salida-de-diego-dominguez-subaru-impreza\/#respond"]}]},{"@type":"WebPage","@id":"https:\/\/www.subaru.es\/blog\/nuestra-marca\/video-salida-de-diego-dominguez-subaru-impreza\/","url":"https:\/\/www.subaru.es\/blog\/nuestra-marca\/video-salida-de-diego-dominguez-subaru-impreza\/","name":"V\u00eddeo-Salida de Diego Dom\u00ednguez, Subaru Impreza - Universo Subaru","isPartOf":{"@id":"https:\/\/www.subaru.es\/blog\/#website"},"datePublished":"2008-03-08T07:30:56+00:00","dateModified":"2020-08-06T09:53:34+00:00","breadcrumb":{"@id":"https:\/\/www.subaru.es\/blog\/nuestra-marca\/video-salida-de-diego-dominguez-subaru-impreza\/#breadcrumb"},"inLanguage":"es","potentialAction":[{"@type":"ReadAction","target":["https:\/\/www.subaru.es\/blog\/nuestra-marca\/video-salida-de-diego-dominguez-subaru-impreza\/"]}]},{"@type":"BreadcrumbList","@id":"https:\/\/www.subaru.es\/blog\/nuestra-marca\/video-salida-de-diego-dominguez-subaru-impreza\/#breadcrumb","itemListElement":[{"@type":"ListItem","position":1,"name":"Portada","item":"https:\/\/www.subaru.es\/blog\/"},{"@type":"ListItem","position":2,"name":"V\u00eddeo-Salida de Diego Dom\u00ednguez, Subaru Impreza"}]},{"@type":"WebSite","@id":"https:\/\/www.subaru.es\/blog\/#website","url":"https:\/\/www.subaru.es\/blog\/","name":"Universo Subaru","description":"Descubre este apasionante espacio de Subaru donde vas a conocer todo sobre nuestros coches y las experiencias que vivimos con ellos. Si est\u00e1s preparado para dejarte seducir por la filosof\u00eda Subaru, qu\u00e9date con nosotros.","publisher":{"@id":"https:\/\/www.subaru.es\/blog\/#organization"},"potentialAction":[{"@type":"SearchAction","target":{"@type":"EntryPoint","urlTemplate":"https:\/\/www.subaru.es\/blog\/?s={search_term_string}"},"query-input":{"@type":"PropertyValueSpecification","valueRequired":true,"valueName":"search_term_string"}}],"inLanguage":"es"},{"@type":"Organization","@id":"https:\/\/www.subaru.es\/blog\/#organization","name":"Subaru Espa\u00f1a S.A.","url":"https:\/\/www.subaru.es\/blog\/","logo":{"@type":"ImageObject","inLanguage":"es","@id":"https:\/\/www.subaru.es\/blog\/#\/schema\/logo\/image\/","url":"https:\/\/www.subaru.es\/blog\/wp-content\/uploads\/2016\/12\/Logo-Subaru-TypeV_C300-scaled.jpg","contentUrl":"https:\/\/www.subaru.es\/blog\/wp-content\/uploads\/2016\/12\/Logo-Subaru-TypeV_C300-scaled.jpg","width":2560,"height":1864,"caption":"Subaru Espa\u00f1a S.A."},"image":{"@id":"https:\/\/www.subaru.es\/blog\/#\/schema\/logo\/image\/"},"sameAs":["https:\/\/www.facebook.com\/subaruespana","https:\/\/www.instagram.com\/subarues\/","https:\/\/www.youtube.com\/user\/subaruespana"]},{"@type":"Person","@id":"https:\/\/www.subaru.es\/blog\/#\/schema\/person\/19a90b892230b8e0ec752704ddf4aa10","name":"Subaru","url":"https:\/\/www.subaru.es\/blog\/author\/subaria\/"}]}},"_links":{"self":[{"href":"https:\/\/www.subaru.es\/blog\/wp-json\/wp\/v2\/posts\/665","targetHints":{"allow":["GET"]}}],"collection":[{"href":"https:\/\/www.subaru.es\/blog\/wp-json\/wp\/v2\/posts"}],"about":[{"href":"https:\/\/www.subaru.es\/blog\/wp-json\/wp\/v2\/types\/post"}],"author":[{"embeddable":true,"href":"https:\/\/www.subaru.es\/blog\/wp-json\/wp\/v2\/users\/21"}],"replies":[{"embeddable":true,"href":"https:\/\/www.subaru.es\/blog\/wp-json\/wp\/v2\/comments?post=665"}],"version-history":[{"count":1,"href":"https:\/\/www.subaru.es\/blog\/wp-json\/wp\/v2\/posts\/665\/revisions"}],"predecessor-version":[{"id":15671,"href":"https:\/\/www.subaru.es\/blog\/wp-json\/wp\/v2\/posts\/665\/revisions\/15671"}],"wp:attachment":[{"href":"https:\/\/www.subaru.es\/blog\/wp-json\/wp\/v2\/media?parent=665"}],"wp:term":[{"taxonomy":"category","embeddable":true,"href":"https:\/\/www.subaru.es\/blog\/wp-json\/wp\/v2\/categories?post=665"},{"taxonomy":"post_tag","embeddable":true,"href":"https:\/\/www.subaru.es\/blog\/wp-json\/wp\/v2\/tags?post=665"}],"curies":[{"name":"wp","href":"https:\/\/api.w.org\/{rel}","templated":true}]}}