{"id":6619,"date":"2012-05-08T10:24:48","date_gmt":"2012-05-08T08:24:48","guid":{"rendered":"http:\/\/subaru.preproduccion.com\/blog\/?p=6619"},"modified":"2016-11-07T13:05:39","modified_gmt":"2016-11-07T11:05:39","slug":"quien-no-quiere-un-subaru-brz","status":"publish","type":"post","link":"https:\/\/www.subaru.es\/blog\/nuestra-marca\/quien-no-quiere-un-subaru-brz\/","title":{"rendered":"\u00bfQui\u00e9n no quiere un Subaru BRZ?"},"content":{"rendered":"<p><center><a href=\"https:\/\/www.subaru.es\/blog\/wp-content\/uploads\/2012\/04\/subaru-brz2.jpg\"><img decoding=\"async\" class=\"alignnone size-full wp-image-6620 lazyload\" title=\"subaru-brz\" data-src=\"https:\/\/www.subaru.es\/blog\/wp-content\/uploads\/2012\/04\/subaru-brz2.jpg\" alt=\"subaru-brz\" width=\"500\" height=\"327\" src=\"data:image\/svg+xml;base64,PHN2ZyB3aWR0aD0iMSIgaGVpZ2h0PSIxIiB4bWxucz0iaHR0cDovL3d3dy53My5vcmcvMjAwMC9zdmciPjwvc3ZnPg==\" style=\"--smush-placeholder-width: 500px; --smush-placeholder-aspect-ratio: 500\/327;\" \/><\/a><\/center>Un deportivo cl\u00e1sico con <a href=\"http:\/\/www.motorspain.com\/06-05-2007\/varios\/tecnologia\/traccion-delantera-o-trasera-%C2%BFcual-es-mejor\" target=\"_blank\">tracci\u00f3n trasera<\/a>, motor boxer de 2.0 litros y 200 CV, cambio de marchas manual o autom\u00e1tico, <a href=\"http:\/\/www.cochesrc.com\/foros\/preguntas-tecnicas-de-r-c\/1576586-afecta-centro-de-gravedad-al-comportamiento.html#axzz1sCFcYdGc\" target=\"_blank\">centro de gravedad muy bajo<\/a>, dise\u00f1o moderno, poco consumo\u2026 <strong>\u00bfqui\u00e9n no querr\u00eda hacerse con el nuevo <a href=\"https:\/\/www.subaru.es\/blog\/subaru\/nuevo-video-del-subaru-brz\/\" target=\"_blank\">Subaru BRZ<\/a>, a la venta en Jap\u00f3n desde el pasado 28 de marzo?<\/strong> A juzgar por la demanda que est\u00e1 teniendo el veh\u00edculo, nadie quiere quedarse sin \u00e9l: la lista de espera en el pa\u00eds nip\u00f3n ya llega hasta 2013.<\/p>\n<p><!--more-->\u00bfQu\u00e9 significa esto para nosotros en Espa\u00f1a? De momento, nada. En la f\u00e1brica de Gunma de Fuji Heavy Industries, donde se han sorprendido con<strong> una demanda cuatro veces mayor a lo esperado<\/strong>, han realizado ese c\u00e1lculo de espera en Jap\u00f3n teniendo en cuenta ya las partidas asignadas para mercados extranjeros. Es decir, el <a href=\"https:\/\/www.subaru.es\/blog\/subaru\/ya-lo-sabemos-todo-del-nuevo-subaru-brz\/\" target=\"_blank\">Subaru BRZ<\/a> llegar\u00e1 a Espa\u00f1a en el momento previsto (a finales de a\u00f1o, probablemente) y, si eres previsor y no esperas hasta el \u00faltimo momento para hacerte con \u00e9l, podr\u00e1s tenerlo sin lista de espera.<\/p>\n<p>De momento<strong> Fuji Heavy Industries est\u00e1 tambi\u00e9n tomando medidas para paliar un poco esa lista de espera<\/strong> con la que se est\u00e1n encontrando los clientes japoneses, y han ordenado un aumento de la producci\u00f3n hasta las 100.000 unidades anuales.<\/p>\n<p>Tener que esperar varios meses para poder por fin conducir un coche como el Subaru BRZ es sin duda un fastidio, pero que sea por culpa de una demanda demasiado alta no deja de ser una demostraci\u00f3n m\u00e1s de que <strong>nos hayamos ante algo innovador, atractivo y \u00fanico en el mercado.<\/strong> \u00a1Seguro que t\u00fa tambi\u00e9n est\u00e1s deseando que el BRZ salga a la venta en Espa\u00f1a para hacerte con \u00e9l! Adem\u00e1s, seguro que cuando te sientes al volante del coche, sabr\u00e1s que la espera ha valido la pena.<\/p>\n<p>V\u00eda | <a href=\"http:\/\/es.autoblog.com\/2012\/04\/14\/la-demanda-del-brz-es-tal-que-ya-hay-lista-de-espera-hasta-2013\/\" target=\"_blank\">Autoblog<\/a><\/p>\n","protected":false},"excerpt":{"rendered":"<p>Un deportivo cl\u00e1sico con tracci\u00f3n trasera, motor boxer de 2.0 litros y 200 CV, cambio de marchas manual o autom\u00e1tico, centro de gravedad muy bajo, dise\u00f1o moderno, poco consumo\u2026 \u00bfqui\u00e9n no querr\u00eda hacerse con el nuevo Subaru BRZ, a la venta en Jap\u00f3n desde el pasado 28 de marzo? A juzgar por la demanda que [&hellip;]<\/p>\n","protected":false},"author":21,"featured_media":6620,"comment_status":"open","ping_status":"open","sticky":false,"template":"","format":"standard","meta":{"_acf_changed":false,"_eb_attr":"","inline_featured_image":false,"footnotes":""},"categories":[4401],"tags":[3900,3901,1475,3899,540,3902,3597],"class_list":["post-6619","post","type-post","status-publish","format-standard","has-post-thumbnail","hentry","category-nuestra-marca","tag-brz","tag-demanda","tag-fuji-heavy-industries","tag-gunma-main-plant","tag-japon","tag-lista-de-espera","tag-subaru-brz"],"acf":[],"yoast_head":"<!-- This site is optimized with the Yoast SEO plugin v27.3 - https:\/\/yoast.com\/product\/yoast-seo-wordpress\/ -->\n<title>\u00bfQui\u00e9n no quiere un Subaru BRZ? - Universo Subaru<\/title>\n<meta name=\"robots\" content=\"index, follow, max-snippet:-1, max-image-preview:large, max-video-preview:-1\" \/>\n<link rel=\"canonical\" href=\"https:\/\/www.subaru.es\/blog\/nuestra-marca\/quien-no-quiere-un-subaru-brz\/\" \/>\n<meta property=\"og:locale\" content=\"es_ES\" \/>\n<meta property=\"og:type\" content=\"article\" \/>\n<meta property=\"og:title\" content=\"\u00bfQui\u00e9n no quiere un Subaru BRZ? - Universo Subaru\" \/>\n<meta property=\"og:description\" content=\"Un deportivo cl\u00e1sico con tracci\u00f3n trasera, motor boxer de 2.0 litros y 200 CV, cambio de marchas manual o autom\u00e1tico, centro de gravedad muy bajo, dise\u00f1o moderno, poco consumo\u2026 \u00bfqui\u00e9n no querr\u00eda hacerse con el nuevo Subaru BRZ, a la venta en Jap\u00f3n desde el pasado 28 de marzo? A juzgar por la demanda que [&hellip;]\" \/>\n<meta property=\"og:url\" content=\"https:\/\/www.subaru.es\/blog\/nuestra-marca\/quien-no-quiere-un-subaru-brz\/\" \/>\n<meta property=\"og:site_name\" content=\"Universo Subaru\" \/>\n<meta property=\"article:publisher\" content=\"https:\/\/www.facebook.com\/subaruespana\" \/>\n<meta property=\"article:published_time\" content=\"2012-05-08T08:24:48+00:00\" \/>\n<meta property=\"article:modified_time\" content=\"2016-11-07T11:05:39+00:00\" \/>\n<meta property=\"og:image\" content=\"https:\/\/www.subaru.es\/blog\/wp-content\/uploads\/2012\/04\/subaru-brz2.jpg\" \/>\n\t<meta property=\"og:image:width\" content=\"500\" \/>\n\t<meta property=\"og:image:height\" content=\"327\" \/>\n\t<meta property=\"og:image:type\" content=\"image\/jpeg\" \/>\n<meta name=\"author\" content=\"Subaru\" \/>\n<meta name=\"twitter:card\" content=\"summary_large_image\" \/>\n<meta name=\"twitter:label1\" content=\"Escrito por\" \/>\n\t<meta name=\"twitter:data1\" content=\"Subaru\" \/>\n\t<meta name=\"twitter:label2\" content=\"Tiempo de lectura\" \/>\n\t<meta name=\"twitter:data2\" content=\"2 minutos\" \/>\n<script type=\"application\/ld+json\" class=\"yoast-schema-graph\">{\"@context\":\"https:\\\/\\\/schema.org\",\"@graph\":[{\"@type\":\"Article\",\"@id\":\"https:\\\/\\\/www.subaru.es\\\/blog\\\/nuestra-marca\\\/quien-no-quiere-un-subaru-brz\\\/#article\",\"isPartOf\":{\"@id\":\"https:\\\/\\\/www.subaru.es\\\/blog\\\/nuestra-marca\\\/quien-no-quiere-un-subaru-brz\\\/\"},\"author\":{\"name\":\"Subaru\",\"@id\":\"https:\\\/\\\/www.subaru.es\\\/blog\\\/#\\\/schema\\\/person\\\/19a90b892230b8e0ec752704ddf4aa10\"},\"headline\":\"\u00bfQui\u00e9n no quiere un Subaru BRZ?\",\"datePublished\":\"2012-05-08T08:24:48+00:00\",\"dateModified\":\"2016-11-07T11:05:39+00:00\",\"mainEntityOfPage\":{\"@id\":\"https:\\\/\\\/www.subaru.es\\\/blog\\\/nuestra-marca\\\/quien-no-quiere-un-subaru-brz\\\/\"},\"wordCount\":323,\"commentCount\":0,\"publisher\":{\"@id\":\"https:\\\/\\\/www.subaru.es\\\/blog\\\/#organization\"},\"image\":{\"@id\":\"https:\\\/\\\/www.subaru.es\\\/blog\\\/nuestra-marca\\\/quien-no-quiere-un-subaru-brz\\\/#primaryimage\"},\"thumbnailUrl\":\"https:\\\/\\\/www.subaru.es\\\/blog\\\/wp-content\\\/uploads\\\/2012\\\/04\\\/subaru-brz2.jpg\",\"keywords\":[\"BRZ\",\"Demanda\",\"Fuji Heavy Industries\",\"Gunma Main Plant\",\"japon\",\"Lista de espera\",\"Subaru BRZ\"],\"articleSection\":[\"Nuestra marca\"],\"inLanguage\":\"es\",\"potentialAction\":[{\"@type\":\"CommentAction\",\"name\":\"Comment\",\"target\":[\"https:\\\/\\\/www.subaru.es\\\/blog\\\/nuestra-marca\\\/quien-no-quiere-un-subaru-brz\\\/#respond\"]}]},{\"@type\":\"WebPage\",\"@id\":\"https:\\\/\\\/www.subaru.es\\\/blog\\\/nuestra-marca\\\/quien-no-quiere-un-subaru-brz\\\/\",\"url\":\"https:\\\/\\\/www.subaru.es\\\/blog\\\/nuestra-marca\\\/quien-no-quiere-un-subaru-brz\\\/\",\"name\":\"\u00bfQui\u00e9n no quiere un Subaru BRZ? - Universo Subaru\",\"isPartOf\":{\"@id\":\"https:\\\/\\\/www.subaru.es\\\/blog\\\/#website\"},\"primaryImageOfPage\":{\"@id\":\"https:\\\/\\\/www.subaru.es\\\/blog\\\/nuestra-marca\\\/quien-no-quiere-un-subaru-brz\\\/#primaryimage\"},\"image\":{\"@id\":\"https:\\\/\\\/www.subaru.es\\\/blog\\\/nuestra-marca\\\/quien-no-quiere-un-subaru-brz\\\/#primaryimage\"},\"thumbnailUrl\":\"https:\\\/\\\/www.subaru.es\\\/blog\\\/wp-content\\\/uploads\\\/2012\\\/04\\\/subaru-brz2.jpg\",\"datePublished\":\"2012-05-08T08:24:48+00:00\",\"dateModified\":\"2016-11-07T11:05:39+00:00\",\"breadcrumb\":{\"@id\":\"https:\\\/\\\/www.subaru.es\\\/blog\\\/nuestra-marca\\\/quien-no-quiere-un-subaru-brz\\\/#breadcrumb\"},\"inLanguage\":\"es\",\"potentialAction\":[{\"@type\":\"ReadAction\",\"target\":[\"https:\\\/\\\/www.subaru.es\\\/blog\\\/nuestra-marca\\\/quien-no-quiere-un-subaru-brz\\\/\"]}]},{\"@type\":\"ImageObject\",\"inLanguage\":\"es\",\"@id\":\"https:\\\/\\\/www.subaru.es\\\/blog\\\/nuestra-marca\\\/quien-no-quiere-un-subaru-brz\\\/#primaryimage\",\"url\":\"https:\\\/\\\/www.subaru.es\\\/blog\\\/wp-content\\\/uploads\\\/2012\\\/04\\\/subaru-brz2.jpg\",\"contentUrl\":\"https:\\\/\\\/www.subaru.es\\\/blog\\\/wp-content\\\/uploads\\\/2012\\\/04\\\/subaru-brz2.jpg\",\"width\":500,\"height\":327,\"caption\":\"subaru-brz\"},{\"@type\":\"BreadcrumbList\",\"@id\":\"https:\\\/\\\/www.subaru.es\\\/blog\\\/nuestra-marca\\\/quien-no-quiere-un-subaru-brz\\\/#breadcrumb\",\"itemListElement\":[{\"@type\":\"ListItem\",\"position\":1,\"name\":\"Portada\",\"item\":\"https:\\\/\\\/www.subaru.es\\\/blog\\\/\"},{\"@type\":\"ListItem\",\"position\":2,\"name\":\"\u00bfQui\u00e9n no quiere un Subaru BRZ?\"}]},{\"@type\":\"WebSite\",\"@id\":\"https:\\\/\\\/www.subaru.es\\\/blog\\\/#website\",\"url\":\"https:\\\/\\\/www.subaru.es\\\/blog\\\/\",\"name\":\"Universo Subaru\",\"description\":\"Descubre este apasionante espacio de Subaru donde vas a conocer todo sobre nuestros coches y las experiencias que vivimos con ellos. Si est\u00e1s preparado para dejarte seducir por la filosof\u00eda Subaru, qu\u00e9date con nosotros.\",\"publisher\":{\"@id\":\"https:\\\/\\\/www.subaru.es\\\/blog\\\/#organization\"},\"potentialAction\":[{\"@type\":\"SearchAction\",\"target\":{\"@type\":\"EntryPoint\",\"urlTemplate\":\"https:\\\/\\\/www.subaru.es\\\/blog\\\/?s={search_term_string}\"},\"query-input\":{\"@type\":\"PropertyValueSpecification\",\"valueRequired\":true,\"valueName\":\"search_term_string\"}}],\"inLanguage\":\"es\"},{\"@type\":\"Organization\",\"@id\":\"https:\\\/\\\/www.subaru.es\\\/blog\\\/#organization\",\"name\":\"Subaru Espa\u00f1a S.A.\",\"url\":\"https:\\\/\\\/www.subaru.es\\\/blog\\\/\",\"logo\":{\"@type\":\"ImageObject\",\"inLanguage\":\"es\",\"@id\":\"https:\\\/\\\/www.subaru.es\\\/blog\\\/#\\\/schema\\\/logo\\\/image\\\/\",\"url\":\"https:\\\/\\\/www.subaru.es\\\/blog\\\/wp-content\\\/uploads\\\/2016\\\/12\\\/Logo-Subaru-TypeV_C300-scaled.jpg\",\"contentUrl\":\"https:\\\/\\\/www.subaru.es\\\/blog\\\/wp-content\\\/uploads\\\/2016\\\/12\\\/Logo-Subaru-TypeV_C300-scaled.jpg\",\"width\":2560,\"height\":1864,\"caption\":\"Subaru Espa\u00f1a S.A.\"},\"image\":{\"@id\":\"https:\\\/\\\/www.subaru.es\\\/blog\\\/#\\\/schema\\\/logo\\\/image\\\/\"},\"sameAs\":[\"https:\\\/\\\/www.facebook.com\\\/subaruespana\",\"https:\\\/\\\/www.instagram.com\\\/subarues\\\/\",\"https:\\\/\\\/www.youtube.com\\\/user\\\/subaruespana\"]},{\"@type\":\"Person\",\"@id\":\"https:\\\/\\\/www.subaru.es\\\/blog\\\/#\\\/schema\\\/person\\\/19a90b892230b8e0ec752704ddf4aa10\",\"name\":\"Subaru\",\"url\":\"https:\\\/\\\/www.subaru.es\\\/blog\\\/author\\\/subaria\\\/\"}]}<\/script>\n<!-- \/ Yoast SEO plugin. -->","yoast_head_json":{"title":"\u00bfQui\u00e9n no quiere un Subaru BRZ? - Universo Subaru","robots":{"index":"index","follow":"follow","max-snippet":"max-snippet:-1","max-image-preview":"max-image-preview:large","max-video-preview":"max-video-preview:-1"},"canonical":"https:\/\/www.subaru.es\/blog\/nuestra-marca\/quien-no-quiere-un-subaru-brz\/","og_locale":"es_ES","og_type":"article","og_title":"\u00bfQui\u00e9n no quiere un Subaru BRZ? - Universo Subaru","og_description":"Un deportivo cl\u00e1sico con tracci\u00f3n trasera, motor boxer de 2.0 litros y 200 CV, cambio de marchas manual o autom\u00e1tico, centro de gravedad muy bajo, dise\u00f1o moderno, poco consumo\u2026 \u00bfqui\u00e9n no querr\u00eda hacerse con el nuevo Subaru BRZ, a la venta en Jap\u00f3n desde el pasado 28 de marzo? A juzgar por la demanda que [&hellip;]","og_url":"https:\/\/www.subaru.es\/blog\/nuestra-marca\/quien-no-quiere-un-subaru-brz\/","og_site_name":"Universo Subaru","article_publisher":"https:\/\/www.facebook.com\/subaruespana","article_published_time":"2012-05-08T08:24:48+00:00","article_modified_time":"2016-11-07T11:05:39+00:00","og_image":[{"width":500,"height":327,"url":"https:\/\/www.subaru.es\/blog\/wp-content\/uploads\/2012\/04\/subaru-brz2.jpg","type":"image\/jpeg"}],"author":"Subaru","twitter_card":"summary_large_image","twitter_misc":{"Escrito por":"Subaru","Tiempo de lectura":"2 minutos"},"schema":{"@context":"https:\/\/schema.org","@graph":[{"@type":"Article","@id":"https:\/\/www.subaru.es\/blog\/nuestra-marca\/quien-no-quiere-un-subaru-brz\/#article","isPartOf":{"@id":"https:\/\/www.subaru.es\/blog\/nuestra-marca\/quien-no-quiere-un-subaru-brz\/"},"author":{"name":"Subaru","@id":"https:\/\/www.subaru.es\/blog\/#\/schema\/person\/19a90b892230b8e0ec752704ddf4aa10"},"headline":"\u00bfQui\u00e9n no quiere un Subaru BRZ?","datePublished":"2012-05-08T08:24:48+00:00","dateModified":"2016-11-07T11:05:39+00:00","mainEntityOfPage":{"@id":"https:\/\/www.subaru.es\/blog\/nuestra-marca\/quien-no-quiere-un-subaru-brz\/"},"wordCount":323,"commentCount":0,"publisher":{"@id":"https:\/\/www.subaru.es\/blog\/#organization"},"image":{"@id":"https:\/\/www.subaru.es\/blog\/nuestra-marca\/quien-no-quiere-un-subaru-brz\/#primaryimage"},"thumbnailUrl":"https:\/\/www.subaru.es\/blog\/wp-content\/uploads\/2012\/04\/subaru-brz2.jpg","keywords":["BRZ","Demanda","Fuji Heavy Industries","Gunma Main Plant","japon","Lista de espera","Subaru BRZ"],"articleSection":["Nuestra marca"],"inLanguage":"es","potentialAction":[{"@type":"CommentAction","name":"Comment","target":["https:\/\/www.subaru.es\/blog\/nuestra-marca\/quien-no-quiere-un-subaru-brz\/#respond"]}]},{"@type":"WebPage","@id":"https:\/\/www.subaru.es\/blog\/nuestra-marca\/quien-no-quiere-un-subaru-brz\/","url":"https:\/\/www.subaru.es\/blog\/nuestra-marca\/quien-no-quiere-un-subaru-brz\/","name":"\u00bfQui\u00e9n no quiere un Subaru BRZ? - Universo Subaru","isPartOf":{"@id":"https:\/\/www.subaru.es\/blog\/#website"},"primaryImageOfPage":{"@id":"https:\/\/www.subaru.es\/blog\/nuestra-marca\/quien-no-quiere-un-subaru-brz\/#primaryimage"},"image":{"@id":"https:\/\/www.subaru.es\/blog\/nuestra-marca\/quien-no-quiere-un-subaru-brz\/#primaryimage"},"thumbnailUrl":"https:\/\/www.subaru.es\/blog\/wp-content\/uploads\/2012\/04\/subaru-brz2.jpg","datePublished":"2012-05-08T08:24:48+00:00","dateModified":"2016-11-07T11:05:39+00:00","breadcrumb":{"@id":"https:\/\/www.subaru.es\/blog\/nuestra-marca\/quien-no-quiere-un-subaru-brz\/#breadcrumb"},"inLanguage":"es","potentialAction":[{"@type":"ReadAction","target":["https:\/\/www.subaru.es\/blog\/nuestra-marca\/quien-no-quiere-un-subaru-brz\/"]}]},{"@type":"ImageObject","inLanguage":"es","@id":"https:\/\/www.subaru.es\/blog\/nuestra-marca\/quien-no-quiere-un-subaru-brz\/#primaryimage","url":"https:\/\/www.subaru.es\/blog\/wp-content\/uploads\/2012\/04\/subaru-brz2.jpg","contentUrl":"https:\/\/www.subaru.es\/blog\/wp-content\/uploads\/2012\/04\/subaru-brz2.jpg","width":500,"height":327,"caption":"subaru-brz"},{"@type":"BreadcrumbList","@id":"https:\/\/www.subaru.es\/blog\/nuestra-marca\/quien-no-quiere-un-subaru-brz\/#breadcrumb","itemListElement":[{"@type":"ListItem","position":1,"name":"Portada","item":"https:\/\/www.subaru.es\/blog\/"},{"@type":"ListItem","position":2,"name":"\u00bfQui\u00e9n no quiere un Subaru BRZ?"}]},{"@type":"WebSite","@id":"https:\/\/www.subaru.es\/blog\/#website","url":"https:\/\/www.subaru.es\/blog\/","name":"Universo Subaru","description":"Descubre este apasionante espacio de Subaru donde vas a conocer todo sobre nuestros coches y las experiencias que vivimos con ellos. Si est\u00e1s preparado para dejarte seducir por la filosof\u00eda Subaru, qu\u00e9date con nosotros.","publisher":{"@id":"https:\/\/www.subaru.es\/blog\/#organization"},"potentialAction":[{"@type":"SearchAction","target":{"@type":"EntryPoint","urlTemplate":"https:\/\/www.subaru.es\/blog\/?s={search_term_string}"},"query-input":{"@type":"PropertyValueSpecification","valueRequired":true,"valueName":"search_term_string"}}],"inLanguage":"es"},{"@type":"Organization","@id":"https:\/\/www.subaru.es\/blog\/#organization","name":"Subaru Espa\u00f1a S.A.","url":"https:\/\/www.subaru.es\/blog\/","logo":{"@type":"ImageObject","inLanguage":"es","@id":"https:\/\/www.subaru.es\/blog\/#\/schema\/logo\/image\/","url":"https:\/\/www.subaru.es\/blog\/wp-content\/uploads\/2016\/12\/Logo-Subaru-TypeV_C300-scaled.jpg","contentUrl":"https:\/\/www.subaru.es\/blog\/wp-content\/uploads\/2016\/12\/Logo-Subaru-TypeV_C300-scaled.jpg","width":2560,"height":1864,"caption":"Subaru Espa\u00f1a S.A."},"image":{"@id":"https:\/\/www.subaru.es\/blog\/#\/schema\/logo\/image\/"},"sameAs":["https:\/\/www.facebook.com\/subaruespana","https:\/\/www.instagram.com\/subarues\/","https:\/\/www.youtube.com\/user\/subaruespana"]},{"@type":"Person","@id":"https:\/\/www.subaru.es\/blog\/#\/schema\/person\/19a90b892230b8e0ec752704ddf4aa10","name":"Subaru","url":"https:\/\/www.subaru.es\/blog\/author\/subaria\/"}]}},"_links":{"self":[{"href":"https:\/\/www.subaru.es\/blog\/wp-json\/wp\/v2\/posts\/6619","targetHints":{"allow":["GET"]}}],"collection":[{"href":"https:\/\/www.subaru.es\/blog\/wp-json\/wp\/v2\/posts"}],"about":[{"href":"https:\/\/www.subaru.es\/blog\/wp-json\/wp\/v2\/types\/post"}],"author":[{"embeddable":true,"href":"https:\/\/www.subaru.es\/blog\/wp-json\/wp\/v2\/users\/21"}],"replies":[{"embeddable":true,"href":"https:\/\/www.subaru.es\/blog\/wp-json\/wp\/v2\/comments?post=6619"}],"version-history":[{"count":2,"href":"https:\/\/www.subaru.es\/blog\/wp-json\/wp\/v2\/posts\/6619\/revisions"}],"predecessor-version":[{"id":16321,"href":"https:\/\/www.subaru.es\/blog\/wp-json\/wp\/v2\/posts\/6619\/revisions\/16321"}],"wp:featuredmedia":[{"embeddable":true,"href":"https:\/\/www.subaru.es\/blog\/wp-json\/wp\/v2\/media\/6620"}],"wp:attachment":[{"href":"https:\/\/www.subaru.es\/blog\/wp-json\/wp\/v2\/media?parent=6619"}],"wp:term":[{"taxonomy":"category","embeddable":true,"href":"https:\/\/www.subaru.es\/blog\/wp-json\/wp\/v2\/categories?post=6619"},{"taxonomy":"post_tag","embeddable":true,"href":"https:\/\/www.subaru.es\/blog\/wp-json\/wp\/v2\/tags?post=6619"}],"curies":[{"name":"wp","href":"https:\/\/api.w.org\/{rel}","templated":true}]}}