{"id":661,"date":"2008-03-10T14:41:43","date_gmt":"2008-03-10T12:41:43","guid":{"rendered":"http:\/\/subaru.preproduccion.com\/blog\/wp-content\/2008\/03\/10\/boxer-diesel-prosiguen-las-buenas-criticas\/"},"modified":"2016-10-17T15:11:35","modified_gmt":"2016-10-17T13:11:35","slug":"boxer-diesel-prosiguen-las-buenas-criticas","status":"publish","type":"post","link":"https:\/\/www.subaru.es\/blog\/nuestra-marca\/boxer-diesel-prosiguen-las-buenas-criticas\/","title":{"rendered":"B\u00f3xer Di\u00e9sel: prosiguen las buenas cr\u00edticas"},"content":{"rendered":"<p><center><img data-src='https:\/\/www.subaru.es\/blog\/wp-content\/uploads\/2008\/03\/outback-diesel.jpg' alt='Subaru Outback Boxer Turbo Diesel' src='data:image\/svg+xml;base64,PHN2ZyB3aWR0aD0iMSIgaGVpZ2h0PSIxIiB4bWxucz0iaHR0cDovL3d3dy53My5vcmcvMjAwMC9zdmciPjwvc3ZnPg==' class='lazyload' style='--smush-placeholder-width: 480px; --smush-placeholder-aspect-ratio: 480\/240;' \/><\/center><\/p>\n<p>Si hace unos d\u00edas fijamos en el <a href=\"https:\/\/www.subaru.es\/blog\/2008\/02\/17\/el-diesel-que-no-lo-parece\/\">art\u00edculo de <strong>ABC<\/strong> sobre el <strong>Subaru Legacy<\/strong><\/a>, esta vez recopilamos la opini\u00f3n del periodista <strong>Pere Prat<\/strong> en el diario <a href=\"http:\/\/www.lavanguardia.es\">La Vanguardia<\/a>, acerca del <strong>nuevo Subaru Outback b\u00f3xer turbodi\u00e9sel<\/strong> titula: <strong>\u00abPara los m\u00e1s entendidos\u00bb<\/strong>.<\/p>\n<p>El periodista considera que si algo ha impedido que Subaru creciera como se merece en el mercado europeo, ha sido carecer de un motor de gas\u00f3leo. Tengamos en cuenta que de acuerdo a las estad\u00edsticas de matriculaciones recientes, en Espa\u00f1a el 70% de los nuevos veh\u00edculos son di\u00e9sel. <\/p>\n<p>El art\u00edculo alaba el trabajo de los ingenieros nipones, que <strong>\u00abhan hecho un trabajo excepcional, que ha dado paso a un propulsor fuera de lo com\u00fan, parece que el \u00e9xito comercial est\u00e1 bastante asegurado\u00bb<\/strong>. Y prosigue:<\/p>\n<blockquote><p>\u00abComo todos los autom\u00f3viles fabricados por Subaru, los nuevos modelos equipados con el motor turbodi\u00e9sel destacan por transmitir al volante sensaciones de conducci\u00f3n deportivas. Pensados para satisfacer a los que disfrutan de la carretera, el Outback y el Legacy sobresalen tambi\u00e9n por su excepcional nivel de seguridad, debida a su eficiente sistema de tracci\u00f3n integral, que les permite circular sobre firmes resbaladizos con motricidad inusitada.\u00bb<\/p><\/blockquote>\n<p><a href=\"http:\/\/www.lavanguardia.es\/lv24h\/20080303\/53441750012.html\">Leer art\u00edculo completo<\/a><\/p>\n","protected":false},"excerpt":{"rendered":"<p>Si hace unos d\u00edas fijamos en el art\u00edculo de ABC sobre el Subaru Legacy, esta vez recopilamos la opini\u00f3n del periodista Pere Prat en el diario La Vanguardia, acerca del nuevo Subaru Outback b\u00f3xer turbodi\u00e9sel titula: \u00abPara los m\u00e1s entendidos\u00bb. El periodista considera que si algo ha impedido que Subaru creciera como se merece en [&hellip;]<\/p>\n","protected":false},"author":21,"featured_media":662,"comment_status":"open","ping_status":"open","sticky":false,"template":"","format":"standard","meta":{"_acf_changed":false,"_eb_attr":"","inline_featured_image":false,"footnotes":""},"categories":[4401],"tags":[210,174,292,127,47,289,134,143,290,291,193,288],"class_list":["post-661","post","type-post","status-publish","format-standard","has-post-thumbnail","hentry","category-nuestra-marca","tag-abc","tag-boxer","tag-buenas-criticas","tag-criticas","tag-diesel","tag-la-vanguardia","tag-legacy","tag-outback","tag-pere-prat","tag-positivas","tag-prensa","tag-turbodiesel"],"acf":[],"yoast_head":"<!-- This site is optimized with the Yoast SEO plugin v27.3 - https:\/\/yoast.com\/product\/yoast-seo-wordpress\/ -->\n<title>B\u00f3xer Di\u00e9sel: prosiguen las buenas cr\u00edticas - Universo Subaru<\/title>\n<meta name=\"robots\" content=\"index, follow, max-snippet:-1, max-image-preview:large, max-video-preview:-1\" \/>\n<link rel=\"canonical\" href=\"https:\/\/www.subaru.es\/blog\/nuestra-marca\/boxer-diesel-prosiguen-las-buenas-criticas\/\" \/>\n<meta property=\"og:locale\" content=\"es_ES\" \/>\n<meta property=\"og:type\" content=\"article\" \/>\n<meta property=\"og:title\" content=\"B\u00f3xer Di\u00e9sel: prosiguen las buenas cr\u00edticas - Universo Subaru\" \/>\n<meta property=\"og:description\" content=\"Si hace unos d\u00edas fijamos en el art\u00edculo de ABC sobre el Subaru Legacy, esta vez recopilamos la opini\u00f3n del periodista Pere Prat en el diario La Vanguardia, acerca del nuevo Subaru Outback b\u00f3xer turbodi\u00e9sel titula: \u00abPara los m\u00e1s entendidos\u00bb. El periodista considera que si algo ha impedido que Subaru creciera como se merece en [&hellip;]\" \/>\n<meta property=\"og:url\" content=\"https:\/\/www.subaru.es\/blog\/nuestra-marca\/boxer-diesel-prosiguen-las-buenas-criticas\/\" \/>\n<meta property=\"og:site_name\" content=\"Universo Subaru\" \/>\n<meta property=\"article:publisher\" content=\"https:\/\/www.facebook.com\/subaruespana\" \/>\n<meta property=\"article:published_time\" content=\"2008-03-10T12:41:43+00:00\" \/>\n<meta property=\"article:modified_time\" content=\"2016-10-17T13:11:35+00:00\" \/>\n<meta property=\"og:image\" content=\"https:\/\/www.subaru.es\/blog\/wp-content\/uploads\/2008\/03\/subaru-boxer-diesel.jpg\" \/>\n\t<meta property=\"og:image:width\" content=\"480\" \/>\n\t<meta property=\"og:image:height\" content=\"235\" \/>\n\t<meta property=\"og:image:type\" content=\"image\/jpeg\" \/>\n<meta name=\"author\" content=\"Subaru\" \/>\n<meta name=\"twitter:card\" content=\"summary_large_image\" \/>\n<meta name=\"twitter:label1\" content=\"Escrito por\" \/>\n\t<meta name=\"twitter:data1\" content=\"Subaru\" \/>\n\t<meta name=\"twitter:label2\" content=\"Tiempo de lectura\" \/>\n\t<meta name=\"twitter:data2\" content=\"1 minuto\" \/>\n<script type=\"application\/ld+json\" class=\"yoast-schema-graph\">{\"@context\":\"https:\\\/\\\/schema.org\",\"@graph\":[{\"@type\":\"Article\",\"@id\":\"https:\\\/\\\/www.subaru.es\\\/blog\\\/nuestra-marca\\\/boxer-diesel-prosiguen-las-buenas-criticas\\\/#article\",\"isPartOf\":{\"@id\":\"https:\\\/\\\/www.subaru.es\\\/blog\\\/nuestra-marca\\\/boxer-diesel-prosiguen-las-buenas-criticas\\\/\"},\"author\":{\"name\":\"Subaru\",\"@id\":\"https:\\\/\\\/www.subaru.es\\\/blog\\\/#\\\/schema\\\/person\\\/19a90b892230b8e0ec752704ddf4aa10\"},\"headline\":\"B\u00f3xer Di\u00e9sel: prosiguen las buenas cr\u00edticas\",\"datePublished\":\"2008-03-10T12:41:43+00:00\",\"dateModified\":\"2016-10-17T13:11:35+00:00\",\"mainEntityOfPage\":{\"@id\":\"https:\\\/\\\/www.subaru.es\\\/blog\\\/nuestra-marca\\\/boxer-diesel-prosiguen-las-buenas-criticas\\\/\"},\"wordCount\":219,\"commentCount\":0,\"publisher\":{\"@id\":\"https:\\\/\\\/www.subaru.es\\\/blog\\\/#organization\"},\"image\":{\"@id\":\"https:\\\/\\\/www.subaru.es\\\/blog\\\/nuestra-marca\\\/boxer-diesel-prosiguen-las-buenas-criticas\\\/#primaryimage\"},\"thumbnailUrl\":\"https:\\\/\\\/www.subaru.es\\\/blog\\\/wp-content\\\/uploads\\\/2008\\\/03\\\/subaru-boxer-diesel.jpg\",\"keywords\":[\"abc\",\"boxer\",\"buenas cr\u00edticas\",\"cr\u00edticas\",\"di\u00e9sel\",\"la vanguardia\",\"legacy\",\"outback\",\"pere prat\",\"positivas\",\"prensa\",\"turbodiesel\"],\"articleSection\":[\"Nuestra marca\"],\"inLanguage\":\"es\",\"potentialAction\":[{\"@type\":\"CommentAction\",\"name\":\"Comment\",\"target\":[\"https:\\\/\\\/www.subaru.es\\\/blog\\\/nuestra-marca\\\/boxer-diesel-prosiguen-las-buenas-criticas\\\/#respond\"]}]},{\"@type\":\"WebPage\",\"@id\":\"https:\\\/\\\/www.subaru.es\\\/blog\\\/nuestra-marca\\\/boxer-diesel-prosiguen-las-buenas-criticas\\\/\",\"url\":\"https:\\\/\\\/www.subaru.es\\\/blog\\\/nuestra-marca\\\/boxer-diesel-prosiguen-las-buenas-criticas\\\/\",\"name\":\"B\u00f3xer Di\u00e9sel: prosiguen las buenas cr\u00edticas - Universo Subaru\",\"isPartOf\":{\"@id\":\"https:\\\/\\\/www.subaru.es\\\/blog\\\/#website\"},\"primaryImageOfPage\":{\"@id\":\"https:\\\/\\\/www.subaru.es\\\/blog\\\/nuestra-marca\\\/boxer-diesel-prosiguen-las-buenas-criticas\\\/#primaryimage\"},\"image\":{\"@id\":\"https:\\\/\\\/www.subaru.es\\\/blog\\\/nuestra-marca\\\/boxer-diesel-prosiguen-las-buenas-criticas\\\/#primaryimage\"},\"thumbnailUrl\":\"https:\\\/\\\/www.subaru.es\\\/blog\\\/wp-content\\\/uploads\\\/2008\\\/03\\\/subaru-boxer-diesel.jpg\",\"datePublished\":\"2008-03-10T12:41:43+00:00\",\"dateModified\":\"2016-10-17T13:11:35+00:00\",\"breadcrumb\":{\"@id\":\"https:\\\/\\\/www.subaru.es\\\/blog\\\/nuestra-marca\\\/boxer-diesel-prosiguen-las-buenas-criticas\\\/#breadcrumb\"},\"inLanguage\":\"es\",\"potentialAction\":[{\"@type\":\"ReadAction\",\"target\":[\"https:\\\/\\\/www.subaru.es\\\/blog\\\/nuestra-marca\\\/boxer-diesel-prosiguen-las-buenas-criticas\\\/\"]}]},{\"@type\":\"ImageObject\",\"inLanguage\":\"es\",\"@id\":\"https:\\\/\\\/www.subaru.es\\\/blog\\\/nuestra-marca\\\/boxer-diesel-prosiguen-las-buenas-criticas\\\/#primaryimage\",\"url\":\"https:\\\/\\\/www.subaru.es\\\/blog\\\/wp-content\\\/uploads\\\/2008\\\/03\\\/subaru-boxer-diesel.jpg\",\"contentUrl\":\"https:\\\/\\\/www.subaru.es\\\/blog\\\/wp-content\\\/uploads\\\/2008\\\/03\\\/subaru-boxer-diesel.jpg\",\"width\":480,\"height\":235},{\"@type\":\"BreadcrumbList\",\"@id\":\"https:\\\/\\\/www.subaru.es\\\/blog\\\/nuestra-marca\\\/boxer-diesel-prosiguen-las-buenas-criticas\\\/#breadcrumb\",\"itemListElement\":[{\"@type\":\"ListItem\",\"position\":1,\"name\":\"Portada\",\"item\":\"https:\\\/\\\/www.subaru.es\\\/blog\\\/\"},{\"@type\":\"ListItem\",\"position\":2,\"name\":\"B\u00f3xer Di\u00e9sel: prosiguen las buenas cr\u00edticas\"}]},{\"@type\":\"WebSite\",\"@id\":\"https:\\\/\\\/www.subaru.es\\\/blog\\\/#website\",\"url\":\"https:\\\/\\\/www.subaru.es\\\/blog\\\/\",\"name\":\"Universo Subaru\",\"description\":\"Descubre este apasionante espacio de Subaru donde vas a conocer todo sobre nuestros coches y las experiencias que vivimos con ellos. Si est\u00e1s preparado para dejarte seducir por la filosof\u00eda Subaru, qu\u00e9date con nosotros.\",\"publisher\":{\"@id\":\"https:\\\/\\\/www.subaru.es\\\/blog\\\/#organization\"},\"potentialAction\":[{\"@type\":\"SearchAction\",\"target\":{\"@type\":\"EntryPoint\",\"urlTemplate\":\"https:\\\/\\\/www.subaru.es\\\/blog\\\/?s={search_term_string}\"},\"query-input\":{\"@type\":\"PropertyValueSpecification\",\"valueRequired\":true,\"valueName\":\"search_term_string\"}}],\"inLanguage\":\"es\"},{\"@type\":\"Organization\",\"@id\":\"https:\\\/\\\/www.subaru.es\\\/blog\\\/#organization\",\"name\":\"Subaru Espa\u00f1a S.A.\",\"url\":\"https:\\\/\\\/www.subaru.es\\\/blog\\\/\",\"logo\":{\"@type\":\"ImageObject\",\"inLanguage\":\"es\",\"@id\":\"https:\\\/\\\/www.subaru.es\\\/blog\\\/#\\\/schema\\\/logo\\\/image\\\/\",\"url\":\"https:\\\/\\\/www.subaru.es\\\/blog\\\/wp-content\\\/uploads\\\/2016\\\/12\\\/Logo-Subaru-TypeV_C300-scaled.jpg\",\"contentUrl\":\"https:\\\/\\\/www.subaru.es\\\/blog\\\/wp-content\\\/uploads\\\/2016\\\/12\\\/Logo-Subaru-TypeV_C300-scaled.jpg\",\"width\":2560,\"height\":1864,\"caption\":\"Subaru Espa\u00f1a S.A.\"},\"image\":{\"@id\":\"https:\\\/\\\/www.subaru.es\\\/blog\\\/#\\\/schema\\\/logo\\\/image\\\/\"},\"sameAs\":[\"https:\\\/\\\/www.facebook.com\\\/subaruespana\",\"https:\\\/\\\/www.instagram.com\\\/subarues\\\/\",\"https:\\\/\\\/www.youtube.com\\\/user\\\/subaruespana\"]},{\"@type\":\"Person\",\"@id\":\"https:\\\/\\\/www.subaru.es\\\/blog\\\/#\\\/schema\\\/person\\\/19a90b892230b8e0ec752704ddf4aa10\",\"name\":\"Subaru\",\"url\":\"https:\\\/\\\/www.subaru.es\\\/blog\\\/author\\\/subaria\\\/\"}]}<\/script>\n<!-- \/ Yoast SEO plugin. -->","yoast_head_json":{"title":"B\u00f3xer Di\u00e9sel: prosiguen las buenas cr\u00edticas - Universo Subaru","robots":{"index":"index","follow":"follow","max-snippet":"max-snippet:-1","max-image-preview":"max-image-preview:large","max-video-preview":"max-video-preview:-1"},"canonical":"https:\/\/www.subaru.es\/blog\/nuestra-marca\/boxer-diesel-prosiguen-las-buenas-criticas\/","og_locale":"es_ES","og_type":"article","og_title":"B\u00f3xer Di\u00e9sel: prosiguen las buenas cr\u00edticas - Universo Subaru","og_description":"Si hace unos d\u00edas fijamos en el art\u00edculo de ABC sobre el Subaru Legacy, esta vez recopilamos la opini\u00f3n del periodista Pere Prat en el diario La Vanguardia, acerca del nuevo Subaru Outback b\u00f3xer turbodi\u00e9sel titula: \u00abPara los m\u00e1s entendidos\u00bb. El periodista considera que si algo ha impedido que Subaru creciera como se merece en [&hellip;]","og_url":"https:\/\/www.subaru.es\/blog\/nuestra-marca\/boxer-diesel-prosiguen-las-buenas-criticas\/","og_site_name":"Universo Subaru","article_publisher":"https:\/\/www.facebook.com\/subaruespana","article_published_time":"2008-03-10T12:41:43+00:00","article_modified_time":"2016-10-17T13:11:35+00:00","og_image":[{"width":480,"height":235,"url":"https:\/\/www.subaru.es\/blog\/wp-content\/uploads\/2008\/03\/subaru-boxer-diesel.jpg","type":"image\/jpeg"}],"author":"Subaru","twitter_card":"summary_large_image","twitter_misc":{"Escrito por":"Subaru","Tiempo de lectura":"1 minuto"},"schema":{"@context":"https:\/\/schema.org","@graph":[{"@type":"Article","@id":"https:\/\/www.subaru.es\/blog\/nuestra-marca\/boxer-diesel-prosiguen-las-buenas-criticas\/#article","isPartOf":{"@id":"https:\/\/www.subaru.es\/blog\/nuestra-marca\/boxer-diesel-prosiguen-las-buenas-criticas\/"},"author":{"name":"Subaru","@id":"https:\/\/www.subaru.es\/blog\/#\/schema\/person\/19a90b892230b8e0ec752704ddf4aa10"},"headline":"B\u00f3xer Di\u00e9sel: prosiguen las buenas cr\u00edticas","datePublished":"2008-03-10T12:41:43+00:00","dateModified":"2016-10-17T13:11:35+00:00","mainEntityOfPage":{"@id":"https:\/\/www.subaru.es\/blog\/nuestra-marca\/boxer-diesel-prosiguen-las-buenas-criticas\/"},"wordCount":219,"commentCount":0,"publisher":{"@id":"https:\/\/www.subaru.es\/blog\/#organization"},"image":{"@id":"https:\/\/www.subaru.es\/blog\/nuestra-marca\/boxer-diesel-prosiguen-las-buenas-criticas\/#primaryimage"},"thumbnailUrl":"https:\/\/www.subaru.es\/blog\/wp-content\/uploads\/2008\/03\/subaru-boxer-diesel.jpg","keywords":["abc","boxer","buenas cr\u00edticas","cr\u00edticas","di\u00e9sel","la vanguardia","legacy","outback","pere prat","positivas","prensa","turbodiesel"],"articleSection":["Nuestra marca"],"inLanguage":"es","potentialAction":[{"@type":"CommentAction","name":"Comment","target":["https:\/\/www.subaru.es\/blog\/nuestra-marca\/boxer-diesel-prosiguen-las-buenas-criticas\/#respond"]}]},{"@type":"WebPage","@id":"https:\/\/www.subaru.es\/blog\/nuestra-marca\/boxer-diesel-prosiguen-las-buenas-criticas\/","url":"https:\/\/www.subaru.es\/blog\/nuestra-marca\/boxer-diesel-prosiguen-las-buenas-criticas\/","name":"B\u00f3xer Di\u00e9sel: prosiguen las buenas cr\u00edticas - Universo Subaru","isPartOf":{"@id":"https:\/\/www.subaru.es\/blog\/#website"},"primaryImageOfPage":{"@id":"https:\/\/www.subaru.es\/blog\/nuestra-marca\/boxer-diesel-prosiguen-las-buenas-criticas\/#primaryimage"},"image":{"@id":"https:\/\/www.subaru.es\/blog\/nuestra-marca\/boxer-diesel-prosiguen-las-buenas-criticas\/#primaryimage"},"thumbnailUrl":"https:\/\/www.subaru.es\/blog\/wp-content\/uploads\/2008\/03\/subaru-boxer-diesel.jpg","datePublished":"2008-03-10T12:41:43+00:00","dateModified":"2016-10-17T13:11:35+00:00","breadcrumb":{"@id":"https:\/\/www.subaru.es\/blog\/nuestra-marca\/boxer-diesel-prosiguen-las-buenas-criticas\/#breadcrumb"},"inLanguage":"es","potentialAction":[{"@type":"ReadAction","target":["https:\/\/www.subaru.es\/blog\/nuestra-marca\/boxer-diesel-prosiguen-las-buenas-criticas\/"]}]},{"@type":"ImageObject","inLanguage":"es","@id":"https:\/\/www.subaru.es\/blog\/nuestra-marca\/boxer-diesel-prosiguen-las-buenas-criticas\/#primaryimage","url":"https:\/\/www.subaru.es\/blog\/wp-content\/uploads\/2008\/03\/subaru-boxer-diesel.jpg","contentUrl":"https:\/\/www.subaru.es\/blog\/wp-content\/uploads\/2008\/03\/subaru-boxer-diesel.jpg","width":480,"height":235},{"@type":"BreadcrumbList","@id":"https:\/\/www.subaru.es\/blog\/nuestra-marca\/boxer-diesel-prosiguen-las-buenas-criticas\/#breadcrumb","itemListElement":[{"@type":"ListItem","position":1,"name":"Portada","item":"https:\/\/www.subaru.es\/blog\/"},{"@type":"ListItem","position":2,"name":"B\u00f3xer Di\u00e9sel: prosiguen las buenas cr\u00edticas"}]},{"@type":"WebSite","@id":"https:\/\/www.subaru.es\/blog\/#website","url":"https:\/\/www.subaru.es\/blog\/","name":"Universo Subaru","description":"Descubre este apasionante espacio de Subaru donde vas a conocer todo sobre nuestros coches y las experiencias que vivimos con ellos. Si est\u00e1s preparado para dejarte seducir por la filosof\u00eda Subaru, qu\u00e9date con nosotros.","publisher":{"@id":"https:\/\/www.subaru.es\/blog\/#organization"},"potentialAction":[{"@type":"SearchAction","target":{"@type":"EntryPoint","urlTemplate":"https:\/\/www.subaru.es\/blog\/?s={search_term_string}"},"query-input":{"@type":"PropertyValueSpecification","valueRequired":true,"valueName":"search_term_string"}}],"inLanguage":"es"},{"@type":"Organization","@id":"https:\/\/www.subaru.es\/blog\/#organization","name":"Subaru Espa\u00f1a S.A.","url":"https:\/\/www.subaru.es\/blog\/","logo":{"@type":"ImageObject","inLanguage":"es","@id":"https:\/\/www.subaru.es\/blog\/#\/schema\/logo\/image\/","url":"https:\/\/www.subaru.es\/blog\/wp-content\/uploads\/2016\/12\/Logo-Subaru-TypeV_C300-scaled.jpg","contentUrl":"https:\/\/www.subaru.es\/blog\/wp-content\/uploads\/2016\/12\/Logo-Subaru-TypeV_C300-scaled.jpg","width":2560,"height":1864,"caption":"Subaru Espa\u00f1a S.A."},"image":{"@id":"https:\/\/www.subaru.es\/blog\/#\/schema\/logo\/image\/"},"sameAs":["https:\/\/www.facebook.com\/subaruespana","https:\/\/www.instagram.com\/subarues\/","https:\/\/www.youtube.com\/user\/subaruespana"]},{"@type":"Person","@id":"https:\/\/www.subaru.es\/blog\/#\/schema\/person\/19a90b892230b8e0ec752704ddf4aa10","name":"Subaru","url":"https:\/\/www.subaru.es\/blog\/author\/subaria\/"}]}},"_links":{"self":[{"href":"https:\/\/www.subaru.es\/blog\/wp-json\/wp\/v2\/posts\/661","targetHints":{"allow":["GET"]}}],"collection":[{"href":"https:\/\/www.subaru.es\/blog\/wp-json\/wp\/v2\/posts"}],"about":[{"href":"https:\/\/www.subaru.es\/blog\/wp-json\/wp\/v2\/types\/post"}],"author":[{"embeddable":true,"href":"https:\/\/www.subaru.es\/blog\/wp-json\/wp\/v2\/users\/21"}],"replies":[{"embeddable":true,"href":"https:\/\/www.subaru.es\/blog\/wp-json\/wp\/v2\/comments?post=661"}],"version-history":[{"count":1,"href":"https:\/\/www.subaru.es\/blog\/wp-json\/wp\/v2\/posts\/661\/revisions"}],"predecessor-version":[{"id":15668,"href":"https:\/\/www.subaru.es\/blog\/wp-json\/wp\/v2\/posts\/661\/revisions\/15668"}],"wp:featuredmedia":[{"embeddable":true,"href":"https:\/\/www.subaru.es\/blog\/wp-json\/wp\/v2\/media\/662"}],"wp:attachment":[{"href":"https:\/\/www.subaru.es\/blog\/wp-json\/wp\/v2\/media?parent=661"}],"wp:term":[{"taxonomy":"category","embeddable":true,"href":"https:\/\/www.subaru.es\/blog\/wp-json\/wp\/v2\/categories?post=661"},{"taxonomy":"post_tag","embeddable":true,"href":"https:\/\/www.subaru.es\/blog\/wp-json\/wp\/v2\/tags?post=661"}],"curies":[{"name":"wp","href":"https:\/\/api.w.org\/{rel}","templated":true}]}}