{"id":6567,"date":"2012-07-16T12:05:57","date_gmt":"2012-07-16T10:05:57","guid":{"rendered":"http:\/\/subaru.preproduccion.com\/blog\/?p=6567"},"modified":"2016-10-17T15:11:03","modified_gmt":"2016-10-17T13:11:03","slug":"el-legacy-y-el-outback-como-nuevos","status":"publish","type":"post","link":"https:\/\/www.subaru.es\/blog\/nuestra-marca\/el-legacy-y-el-outback-como-nuevos\/","title":{"rendered":"El Legacy y el Outback, \u00a1como nuevos!"},"content":{"rendered":"<p><center><a href=\"https:\/\/www.subaru.es\/blog\/wp-content\/uploads\/2012\/04\/subaru.jpg\"><img decoding=\"async\" class=\"alignnone size-full wp-image-6568 lazyload\" title=\"subaru\" data-src=\"https:\/\/www.subaru.es\/blog\/wp-content\/uploads\/2012\/04\/subaru.jpg\" alt=\"\" width=\"500\" height=\"331\" src=\"data:image\/svg+xml;base64,PHN2ZyB3aWR0aD0iMSIgaGVpZ2h0PSIxIiB4bWxucz0iaHR0cDovL3d3dy53My5vcmcvMjAwMC9zdmciPjwvc3ZnPg==\" style=\"--smush-placeholder-width: 500px; --smush-placeholder-aspect-ratio: 500\/331;\" \/><\/a><\/center><\/p>\n<p><a href=\"https:\/\/www.subaru.es\/blog\/wp-content\/uploads\/2012\/04\/subaru.jpg\"><\/a>De vez en cuando hay que hacer peque\u00f1as renovaciones. Los productos pueden ser muy buenos, pero el tiempo pasa y las cosas evolucionan y es importante no quedarse atr\u00e1s. Subaru es muy consciente de esto, por lo que en el pasado <a href=\"http:\/\/es.autoblog.com\/category\/saloacuten-del-automoacutevil-de-nueva-york\/\" target=\"_blank\">Sal\u00f3n de Nueva York<\/a> present\u00f3 el <strong>restyling al que han sido sometidos el Legacy y el Outback<\/strong> para prepararse para 2013. Est\u00e1s deseando conocer las novedades, \u00bfverdad?<\/p>\n<p><!--more-->Podemos empezar, por ejemplo, por el motor: <strong>el b\u00f3xer 2,5 se actualiza en CV (pasa de 167 a 173) <\/strong>y mejora su eficiencia. Adem\u00e1s, la <a href=\"http:\/\/www.lavanguardia.com\/motor\/noticias\/20100406\/53901316100\/subaru-outback-lineartronic-tecnologia-pionera.html\" target=\"_blank\">caja de cambios CVT Lineartronic<\/a> tambi\u00e9n ha sido retocada para introducir mejoras. Y siguiendo con los temas t\u00e9cnicos, la suspensi\u00f3n y la direcci\u00f3n de ambos modelos han sido tambi\u00e9n ajustadas, de forma que la conducci\u00f3n ser\u00e1 si cabe m\u00e1s placentera.<\/p>\n<p>Otra de las novedades que se incluir\u00e1n en los Legacy y Outback 2013 es la<strong> inclusi\u00f3n del <a href=\"https:\/\/www.subaru.es\/blog\/subaru\/subaru-eyesight-mejorado\/\" target=\"_blank\">sistema EyeSight<\/a><\/strong>, que ayuda a prevenir choques y accidentes a trav\u00e9s de dos c\u00e1maras que miden la distancia a la que hay objetos en la carretera y detectan las l\u00edneas de la calzada. Otros cambios incluyen una renovaci\u00f3n del dise\u00f1o, algo que se puede ver especialmente en la parte delantera de los veh\u00edculos, con una apariencia mucho m\u00e1s moderna y actualizada.<\/p>\n<p>De momento no hay muchos m\u00e1s detalles, aunque los habr\u00e1: lo presentado por Subaru en el Sal\u00f3n del Autom\u00f3vil de Nueva York no era m\u00e1s que un peque\u00f1o teaser, algo para ponernos los dientes largos (y lo han conseguido) y para que sepamos que<strong> dentro de poco tendremos Legacy y Outback nuevos<\/strong>. Por supuesto, no hay datos ni de fechas, ni precios, ni de si llegar\u00e1n a Espa\u00f1a (\u00a1esperemos que s\u00ed!), pero seguro que no tardamos en saber m\u00e1s cosas. Mientras tanto, \u00a1a ver las fotos y a so\u00f1ar despiertos!<\/p>\n<p>V\u00eda | <a href=\"http:\/\/motorfull.com\/2012\/03\/subaru-restyle-legacy-outback\" target=\"_blank\">MotorFull<\/a><\/p>\n","protected":false},"excerpt":{"rendered":"<p>De vez en cuando hay que hacer peque\u00f1as renovaciones. Los productos pueden ser muy buenos, pero el tiempo pasa y las cosas evolucionan y es importante no quedarse atr\u00e1s. Subaru es muy consciente de esto, por lo que en el pasado Sal\u00f3n de Nueva York present\u00f3 el restyling al que han sido sometidos el Legacy [&hellip;]<\/p>\n","protected":false},"author":21,"featured_media":6568,"comment_status":"open","ping_status":"open","sticky":false,"template":"","format":"standard","meta":{"_acf_changed":false,"_eb_attr":"","inline_featured_image":false,"footnotes":""},"categories":[4401],"tags":[3889,134,143,3890,2273,4390,998,3864,1076,3865],"class_list":["post-6567","post","type-post","status-publish","format-standard","has-post-thumbnail","hentry","category-nuestra-marca","tag-3889","tag-legacy","tag-outback","tag-restyling","tag-salon-de-nueva-york","tag-subaru","tag-subaru-legacy","tag-subaru-legacy-2013","tag-subaru-outback","tag-subaru-outback-2013"],"acf":[],"yoast_head":"<!-- This site is optimized with the Yoast SEO plugin v27.3 - https:\/\/yoast.com\/product\/yoast-seo-wordpress\/ -->\n<title>El Legacy y el Outback, \u00a1como nuevos! - Universo Subaru<\/title>\n<meta name=\"robots\" content=\"index, follow, max-snippet:-1, max-image-preview:large, max-video-preview:-1\" \/>\n<link rel=\"canonical\" href=\"https:\/\/www.subaru.es\/blog\/nuestra-marca\/el-legacy-y-el-outback-como-nuevos\/\" \/>\n<meta property=\"og:locale\" content=\"es_ES\" \/>\n<meta property=\"og:type\" content=\"article\" \/>\n<meta property=\"og:title\" content=\"El Legacy y el Outback, \u00a1como nuevos! - Universo Subaru\" \/>\n<meta property=\"og:description\" content=\"De vez en cuando hay que hacer peque\u00f1as renovaciones. Los productos pueden ser muy buenos, pero el tiempo pasa y las cosas evolucionan y es importante no quedarse atr\u00e1s. Subaru es muy consciente de esto, por lo que en el pasado Sal\u00f3n de Nueva York present\u00f3 el restyling al que han sido sometidos el Legacy [&hellip;]\" \/>\n<meta property=\"og:url\" content=\"https:\/\/www.subaru.es\/blog\/nuestra-marca\/el-legacy-y-el-outback-como-nuevos\/\" \/>\n<meta property=\"og:site_name\" content=\"Universo Subaru\" \/>\n<meta property=\"article:publisher\" content=\"https:\/\/www.facebook.com\/subaruespana\" \/>\n<meta property=\"article:published_time\" content=\"2012-07-16T10:05:57+00:00\" \/>\n<meta property=\"article:modified_time\" content=\"2016-10-17T13:11:03+00:00\" \/>\n<meta property=\"og:image\" content=\"https:\/\/www.subaru.es\/blog\/wp-content\/uploads\/2012\/04\/subaru.jpg\" \/>\n\t<meta property=\"og:image:width\" content=\"500\" \/>\n\t<meta property=\"og:image:height\" content=\"331\" \/>\n\t<meta property=\"og:image:type\" content=\"image\/jpeg\" \/>\n<meta name=\"author\" content=\"Subaru\" \/>\n<meta name=\"twitter:card\" content=\"summary_large_image\" \/>\n<meta name=\"twitter:label1\" content=\"Escrito por\" \/>\n\t<meta name=\"twitter:data1\" content=\"Subaru\" \/>\n\t<meta name=\"twitter:label2\" content=\"Tiempo de lectura\" \/>\n\t<meta name=\"twitter:data2\" content=\"2 minutos\" \/>\n<script type=\"application\/ld+json\" class=\"yoast-schema-graph\">{\"@context\":\"https:\\\/\\\/schema.org\",\"@graph\":[{\"@type\":\"Article\",\"@id\":\"https:\\\/\\\/www.subaru.es\\\/blog\\\/nuestra-marca\\\/el-legacy-y-el-outback-como-nuevos\\\/#article\",\"isPartOf\":{\"@id\":\"https:\\\/\\\/www.subaru.es\\\/blog\\\/nuestra-marca\\\/el-legacy-y-el-outback-como-nuevos\\\/\"},\"author\":{\"name\":\"Subaru\",\"@id\":\"https:\\\/\\\/www.subaru.es\\\/blog\\\/#\\\/schema\\\/person\\\/19a90b892230b8e0ec752704ddf4aa10\"},\"headline\":\"El Legacy y el Outback, \u00a1como nuevos!\",\"datePublished\":\"2012-07-16T10:05:57+00:00\",\"dateModified\":\"2016-10-17T13:11:03+00:00\",\"mainEntityOfPage\":{\"@id\":\"https:\\\/\\\/www.subaru.es\\\/blog\\\/nuestra-marca\\\/el-legacy-y-el-outback-como-nuevos\\\/\"},\"wordCount\":337,\"commentCount\":0,\"publisher\":{\"@id\":\"https:\\\/\\\/www.subaru.es\\\/blog\\\/#organization\"},\"image\":{\"@id\":\"https:\\\/\\\/www.subaru.es\\\/blog\\\/nuestra-marca\\\/el-legacy-y-el-outback-como-nuevos\\\/#primaryimage\"},\"thumbnailUrl\":\"https:\\\/\\\/www.subaru.es\\\/blog\\\/wp-content\\\/uploads\\\/2012\\\/04\\\/subaru.jpg\",\"keywords\":[\"2013\",\"legacy\",\"outback\",\"restyling\",\"Sal\u00f3n de Nueva York\",\"Subaru\",\"subaru legacy\",\"Subaru Legacy 2013\",\"subaru outback\",\"Subaru Outback 2013\"],\"articleSection\":[\"Nuestra marca\"],\"inLanguage\":\"es\",\"potentialAction\":[{\"@type\":\"CommentAction\",\"name\":\"Comment\",\"target\":[\"https:\\\/\\\/www.subaru.es\\\/blog\\\/nuestra-marca\\\/el-legacy-y-el-outback-como-nuevos\\\/#respond\"]}]},{\"@type\":\"WebPage\",\"@id\":\"https:\\\/\\\/www.subaru.es\\\/blog\\\/nuestra-marca\\\/el-legacy-y-el-outback-como-nuevos\\\/\",\"url\":\"https:\\\/\\\/www.subaru.es\\\/blog\\\/nuestra-marca\\\/el-legacy-y-el-outback-como-nuevos\\\/\",\"name\":\"El Legacy y el Outback, \u00a1como nuevos! - Universo Subaru\",\"isPartOf\":{\"@id\":\"https:\\\/\\\/www.subaru.es\\\/blog\\\/#website\"},\"primaryImageOfPage\":{\"@id\":\"https:\\\/\\\/www.subaru.es\\\/blog\\\/nuestra-marca\\\/el-legacy-y-el-outback-como-nuevos\\\/#primaryimage\"},\"image\":{\"@id\":\"https:\\\/\\\/www.subaru.es\\\/blog\\\/nuestra-marca\\\/el-legacy-y-el-outback-como-nuevos\\\/#primaryimage\"},\"thumbnailUrl\":\"https:\\\/\\\/www.subaru.es\\\/blog\\\/wp-content\\\/uploads\\\/2012\\\/04\\\/subaru.jpg\",\"datePublished\":\"2012-07-16T10:05:57+00:00\",\"dateModified\":\"2016-10-17T13:11:03+00:00\",\"breadcrumb\":{\"@id\":\"https:\\\/\\\/www.subaru.es\\\/blog\\\/nuestra-marca\\\/el-legacy-y-el-outback-como-nuevos\\\/#breadcrumb\"},\"inLanguage\":\"es\",\"potentialAction\":[{\"@type\":\"ReadAction\",\"target\":[\"https:\\\/\\\/www.subaru.es\\\/blog\\\/nuestra-marca\\\/el-legacy-y-el-outback-como-nuevos\\\/\"]}]},{\"@type\":\"ImageObject\",\"inLanguage\":\"es\",\"@id\":\"https:\\\/\\\/www.subaru.es\\\/blog\\\/nuestra-marca\\\/el-legacy-y-el-outback-como-nuevos\\\/#primaryimage\",\"url\":\"https:\\\/\\\/www.subaru.es\\\/blog\\\/wp-content\\\/uploads\\\/2012\\\/04\\\/subaru.jpg\",\"contentUrl\":\"https:\\\/\\\/www.subaru.es\\\/blog\\\/wp-content\\\/uploads\\\/2012\\\/04\\\/subaru.jpg\",\"width\":500,\"height\":331},{\"@type\":\"BreadcrumbList\",\"@id\":\"https:\\\/\\\/www.subaru.es\\\/blog\\\/nuestra-marca\\\/el-legacy-y-el-outback-como-nuevos\\\/#breadcrumb\",\"itemListElement\":[{\"@type\":\"ListItem\",\"position\":1,\"name\":\"Portada\",\"item\":\"https:\\\/\\\/www.subaru.es\\\/blog\\\/\"},{\"@type\":\"ListItem\",\"position\":2,\"name\":\"El Legacy y el Outback, \u00a1como nuevos!\"}]},{\"@type\":\"WebSite\",\"@id\":\"https:\\\/\\\/www.subaru.es\\\/blog\\\/#website\",\"url\":\"https:\\\/\\\/www.subaru.es\\\/blog\\\/\",\"name\":\"Universo Subaru\",\"description\":\"Descubre este apasionante espacio de Subaru donde vas a conocer todo sobre nuestros coches y las experiencias que vivimos con ellos. Si est\u00e1s preparado para dejarte seducir por la filosof\u00eda Subaru, qu\u00e9date con nosotros.\",\"publisher\":{\"@id\":\"https:\\\/\\\/www.subaru.es\\\/blog\\\/#organization\"},\"potentialAction\":[{\"@type\":\"SearchAction\",\"target\":{\"@type\":\"EntryPoint\",\"urlTemplate\":\"https:\\\/\\\/www.subaru.es\\\/blog\\\/?s={search_term_string}\"},\"query-input\":{\"@type\":\"PropertyValueSpecification\",\"valueRequired\":true,\"valueName\":\"search_term_string\"}}],\"inLanguage\":\"es\"},{\"@type\":\"Organization\",\"@id\":\"https:\\\/\\\/www.subaru.es\\\/blog\\\/#organization\",\"name\":\"Subaru Espa\u00f1a S.A.\",\"url\":\"https:\\\/\\\/www.subaru.es\\\/blog\\\/\",\"logo\":{\"@type\":\"ImageObject\",\"inLanguage\":\"es\",\"@id\":\"https:\\\/\\\/www.subaru.es\\\/blog\\\/#\\\/schema\\\/logo\\\/image\\\/\",\"url\":\"https:\\\/\\\/www.subaru.es\\\/blog\\\/wp-content\\\/uploads\\\/2016\\\/12\\\/Logo-Subaru-TypeV_C300-scaled.jpg\",\"contentUrl\":\"https:\\\/\\\/www.subaru.es\\\/blog\\\/wp-content\\\/uploads\\\/2016\\\/12\\\/Logo-Subaru-TypeV_C300-scaled.jpg\",\"width\":2560,\"height\":1864,\"caption\":\"Subaru Espa\u00f1a S.A.\"},\"image\":{\"@id\":\"https:\\\/\\\/www.subaru.es\\\/blog\\\/#\\\/schema\\\/logo\\\/image\\\/\"},\"sameAs\":[\"https:\\\/\\\/www.facebook.com\\\/subaruespana\",\"https:\\\/\\\/www.instagram.com\\\/subarues\\\/\",\"https:\\\/\\\/www.youtube.com\\\/user\\\/subaruespana\"]},{\"@type\":\"Person\",\"@id\":\"https:\\\/\\\/www.subaru.es\\\/blog\\\/#\\\/schema\\\/person\\\/19a90b892230b8e0ec752704ddf4aa10\",\"name\":\"Subaru\",\"url\":\"https:\\\/\\\/www.subaru.es\\\/blog\\\/author\\\/subaria\\\/\"}]}<\/script>\n<!-- \/ Yoast SEO plugin. -->","yoast_head_json":{"title":"El Legacy y el Outback, \u00a1como nuevos! - Universo Subaru","robots":{"index":"index","follow":"follow","max-snippet":"max-snippet:-1","max-image-preview":"max-image-preview:large","max-video-preview":"max-video-preview:-1"},"canonical":"https:\/\/www.subaru.es\/blog\/nuestra-marca\/el-legacy-y-el-outback-como-nuevos\/","og_locale":"es_ES","og_type":"article","og_title":"El Legacy y el Outback, \u00a1como nuevos! - Universo Subaru","og_description":"De vez en cuando hay que hacer peque\u00f1as renovaciones. Los productos pueden ser muy buenos, pero el tiempo pasa y las cosas evolucionan y es importante no quedarse atr\u00e1s. Subaru es muy consciente de esto, por lo que en el pasado Sal\u00f3n de Nueva York present\u00f3 el restyling al que han sido sometidos el Legacy [&hellip;]","og_url":"https:\/\/www.subaru.es\/blog\/nuestra-marca\/el-legacy-y-el-outback-como-nuevos\/","og_site_name":"Universo Subaru","article_publisher":"https:\/\/www.facebook.com\/subaruespana","article_published_time":"2012-07-16T10:05:57+00:00","article_modified_time":"2016-10-17T13:11:03+00:00","og_image":[{"width":500,"height":331,"url":"https:\/\/www.subaru.es\/blog\/wp-content\/uploads\/2012\/04\/subaru.jpg","type":"image\/jpeg"}],"author":"Subaru","twitter_card":"summary_large_image","twitter_misc":{"Escrito por":"Subaru","Tiempo de lectura":"2 minutos"},"schema":{"@context":"https:\/\/schema.org","@graph":[{"@type":"Article","@id":"https:\/\/www.subaru.es\/blog\/nuestra-marca\/el-legacy-y-el-outback-como-nuevos\/#article","isPartOf":{"@id":"https:\/\/www.subaru.es\/blog\/nuestra-marca\/el-legacy-y-el-outback-como-nuevos\/"},"author":{"name":"Subaru","@id":"https:\/\/www.subaru.es\/blog\/#\/schema\/person\/19a90b892230b8e0ec752704ddf4aa10"},"headline":"El Legacy y el Outback, \u00a1como nuevos!","datePublished":"2012-07-16T10:05:57+00:00","dateModified":"2016-10-17T13:11:03+00:00","mainEntityOfPage":{"@id":"https:\/\/www.subaru.es\/blog\/nuestra-marca\/el-legacy-y-el-outback-como-nuevos\/"},"wordCount":337,"commentCount":0,"publisher":{"@id":"https:\/\/www.subaru.es\/blog\/#organization"},"image":{"@id":"https:\/\/www.subaru.es\/blog\/nuestra-marca\/el-legacy-y-el-outback-como-nuevos\/#primaryimage"},"thumbnailUrl":"https:\/\/www.subaru.es\/blog\/wp-content\/uploads\/2012\/04\/subaru.jpg","keywords":["2013","legacy","outback","restyling","Sal\u00f3n de Nueva York","Subaru","subaru legacy","Subaru Legacy 2013","subaru outback","Subaru Outback 2013"],"articleSection":["Nuestra marca"],"inLanguage":"es","potentialAction":[{"@type":"CommentAction","name":"Comment","target":["https:\/\/www.subaru.es\/blog\/nuestra-marca\/el-legacy-y-el-outback-como-nuevos\/#respond"]}]},{"@type":"WebPage","@id":"https:\/\/www.subaru.es\/blog\/nuestra-marca\/el-legacy-y-el-outback-como-nuevos\/","url":"https:\/\/www.subaru.es\/blog\/nuestra-marca\/el-legacy-y-el-outback-como-nuevos\/","name":"El Legacy y el Outback, \u00a1como nuevos! - Universo Subaru","isPartOf":{"@id":"https:\/\/www.subaru.es\/blog\/#website"},"primaryImageOfPage":{"@id":"https:\/\/www.subaru.es\/blog\/nuestra-marca\/el-legacy-y-el-outback-como-nuevos\/#primaryimage"},"image":{"@id":"https:\/\/www.subaru.es\/blog\/nuestra-marca\/el-legacy-y-el-outback-como-nuevos\/#primaryimage"},"thumbnailUrl":"https:\/\/www.subaru.es\/blog\/wp-content\/uploads\/2012\/04\/subaru.jpg","datePublished":"2012-07-16T10:05:57+00:00","dateModified":"2016-10-17T13:11:03+00:00","breadcrumb":{"@id":"https:\/\/www.subaru.es\/blog\/nuestra-marca\/el-legacy-y-el-outback-como-nuevos\/#breadcrumb"},"inLanguage":"es","potentialAction":[{"@type":"ReadAction","target":["https:\/\/www.subaru.es\/blog\/nuestra-marca\/el-legacy-y-el-outback-como-nuevos\/"]}]},{"@type":"ImageObject","inLanguage":"es","@id":"https:\/\/www.subaru.es\/blog\/nuestra-marca\/el-legacy-y-el-outback-como-nuevos\/#primaryimage","url":"https:\/\/www.subaru.es\/blog\/wp-content\/uploads\/2012\/04\/subaru.jpg","contentUrl":"https:\/\/www.subaru.es\/blog\/wp-content\/uploads\/2012\/04\/subaru.jpg","width":500,"height":331},{"@type":"BreadcrumbList","@id":"https:\/\/www.subaru.es\/blog\/nuestra-marca\/el-legacy-y-el-outback-como-nuevos\/#breadcrumb","itemListElement":[{"@type":"ListItem","position":1,"name":"Portada","item":"https:\/\/www.subaru.es\/blog\/"},{"@type":"ListItem","position":2,"name":"El Legacy y el Outback, \u00a1como nuevos!"}]},{"@type":"WebSite","@id":"https:\/\/www.subaru.es\/blog\/#website","url":"https:\/\/www.subaru.es\/blog\/","name":"Universo Subaru","description":"Descubre este apasionante espacio de Subaru donde vas a conocer todo sobre nuestros coches y las experiencias que vivimos con ellos. Si est\u00e1s preparado para dejarte seducir por la filosof\u00eda Subaru, qu\u00e9date con nosotros.","publisher":{"@id":"https:\/\/www.subaru.es\/blog\/#organization"},"potentialAction":[{"@type":"SearchAction","target":{"@type":"EntryPoint","urlTemplate":"https:\/\/www.subaru.es\/blog\/?s={search_term_string}"},"query-input":{"@type":"PropertyValueSpecification","valueRequired":true,"valueName":"search_term_string"}}],"inLanguage":"es"},{"@type":"Organization","@id":"https:\/\/www.subaru.es\/blog\/#organization","name":"Subaru Espa\u00f1a S.A.","url":"https:\/\/www.subaru.es\/blog\/","logo":{"@type":"ImageObject","inLanguage":"es","@id":"https:\/\/www.subaru.es\/blog\/#\/schema\/logo\/image\/","url":"https:\/\/www.subaru.es\/blog\/wp-content\/uploads\/2016\/12\/Logo-Subaru-TypeV_C300-scaled.jpg","contentUrl":"https:\/\/www.subaru.es\/blog\/wp-content\/uploads\/2016\/12\/Logo-Subaru-TypeV_C300-scaled.jpg","width":2560,"height":1864,"caption":"Subaru Espa\u00f1a S.A."},"image":{"@id":"https:\/\/www.subaru.es\/blog\/#\/schema\/logo\/image\/"},"sameAs":["https:\/\/www.facebook.com\/subaruespana","https:\/\/www.instagram.com\/subarues\/","https:\/\/www.youtube.com\/user\/subaruespana"]},{"@type":"Person","@id":"https:\/\/www.subaru.es\/blog\/#\/schema\/person\/19a90b892230b8e0ec752704ddf4aa10","name":"Subaru","url":"https:\/\/www.subaru.es\/blog\/author\/subaria\/"}]}},"_links":{"self":[{"href":"https:\/\/www.subaru.es\/blog\/wp-json\/wp\/v2\/posts\/6567","targetHints":{"allow":["GET"]}}],"collection":[{"href":"https:\/\/www.subaru.es\/blog\/wp-json\/wp\/v2\/posts"}],"about":[{"href":"https:\/\/www.subaru.es\/blog\/wp-json\/wp\/v2\/types\/post"}],"author":[{"embeddable":true,"href":"https:\/\/www.subaru.es\/blog\/wp-json\/wp\/v2\/users\/21"}],"replies":[{"embeddable":true,"href":"https:\/\/www.subaru.es\/blog\/wp-json\/wp\/v2\/comments?post=6567"}],"version-history":[{"count":1,"href":"https:\/\/www.subaru.es\/blog\/wp-json\/wp\/v2\/posts\/6567\/revisions"}],"predecessor-version":[{"id":14852,"href":"https:\/\/www.subaru.es\/blog\/wp-json\/wp\/v2\/posts\/6567\/revisions\/14852"}],"wp:featuredmedia":[{"embeddable":true,"href":"https:\/\/www.subaru.es\/blog\/wp-json\/wp\/v2\/media\/6568"}],"wp:attachment":[{"href":"https:\/\/www.subaru.es\/blog\/wp-json\/wp\/v2\/media?parent=6567"}],"wp:term":[{"taxonomy":"category","embeddable":true,"href":"https:\/\/www.subaru.es\/blog\/wp-json\/wp\/v2\/categories?post=6567"},{"taxonomy":"post_tag","embeddable":true,"href":"https:\/\/www.subaru.es\/blog\/wp-json\/wp\/v2\/tags?post=6567"}],"curies":[{"name":"wp","href":"https:\/\/api.w.org\/{rel}","templated":true}]}}