{"id":655,"date":"2008-03-05T08:31:36","date_gmt":"2008-03-05T06:31:36","guid":{"rendered":"http:\/\/subaru.preproduccion.com\/blog\/wp-content\/2008\/03\/05\/chris-atkinson-se-supera-a-si-mismo\/"},"modified":"2020-08-06T11:53:34","modified_gmt":"2020-08-06T09:53:34","slug":"chris-atkinson-se-supera-a-si-mismo","status":"publish","type":"post","link":"https:\/\/www.subaru.es\/blog\/nuestra-marca\/chris-atkinson-se-supera-a-si-mismo\/","title":{"rendered":"Chris Atkinson se supera a s\u00ed mismo"},"content":{"rendered":"<p><center><img data-src='https:\/\/www.subaru.es\/blog\/wp-content\/uploads\/2008\/03\/subaru-rally-mexico.jpg' alt='Rally de M\u00e9xico, Subaru' src='data:image\/svg+xml;base64,PHN2ZyB3aWR0aD0iMSIgaGVpZ2h0PSIxIiB4bWxucz0iaHR0cDovL3d3dy53My5vcmcvMjAwMC9zdmciPjwvc3ZnPg==' class='lazyload' style='--smush-placeholder-width: 452px; --smush-placeholder-aspect-ratio: 452\/163;' \/><\/center><\/p>\n<p><strong>Chris Atkinson<\/strong> ha firmado junto a Stephane Prevot su mejor resultado en el <strong>Campeonato del Mundo de Rallies<\/strong>. El piloto australiano de <strong>Subaru <\/strong>ha finalizado el <strong>Rally de M\u00e9xico<\/strong> en <strong>segunda posici\u00f3n<\/strong>, disputando el t\u00edtulo al franc\u00e9s Sebastien Loeb hasta el \u00faltimo momento. Chris se pone as\u00ed cuarto en la clasificaci\u00f3n final de pilotos del WRC.<\/p>\n<blockquote><p>\u201cTodo el equipo, mis mec\u00e1nicos y Subaru han hecho un gran trabajo. Ha sido divertido superar a Sebastien en la superespecial al final. Estamos mejorando y el coche ha funcionado muy bien este fin de semana. Trabajamos en los amortiguadores despu\u00e9s de Suecia y eso ha ayudado mucho, han funcionado bien aqu\u00ed, con el calor, que siempre es una prueba dura. Ahora hay que pensar en mantener este rendimiento en Argentina. \u00a1Cu\u00e1nto antes pueda ganar, mejor!\u201d. <strong>Chris Atkinson, piloto<\/strong><\/p>\n<p>\u201cChris ha hecho un trabajo fant\u00e1stico y creo firmemente que puede ganar una prueba antes de la conclusi\u00f3n de esta temporada\u201d. <strong>David Richards, Director Deportivo<\/strong><\/p><\/blockquote>\n<p>Por su parte, <strong>Petter Solberg<\/strong> se emple\u00f3 a fondo para concluir duod\u00e9cimo y sumar finalmente un punto en el <strong>Campeonato de Constructores<\/strong>, manteniendo al equipo <strong>Subaru World Rally Team<\/strong> en la segunda posici\u00f3n de la clasificaci\u00f3n.<\/p>\n","protected":false},"excerpt":{"rendered":"<p>Chris Atkinson ha firmado junto a Stephane Prevot su mejor resultado en el Campeonato del Mundo de Rallies. El piloto australiano de Subaru ha finalizado el Rally de M\u00e9xico en segunda posici\u00f3n, disputando el t\u00edtulo al franc\u00e9s Sebastien Loeb hasta el \u00faltimo momento. Chris se pone as\u00ed cuarto en la clasificaci\u00f3n final de pilotos del [&hellip;]<\/p>\n","protected":false},"author":21,"featured_media":656,"comment_status":"open","ping_status":"open","sticky":false,"template":"","format":"standard","meta":{"_acf_changed":false,"_eb_attr":"","inline_featured_image":false,"footnotes":""},"categories":[4401],"tags":[108,281,283,280,279,107,282,112,4390],"class_list":["post-655","post","type-post","status-publish","format-standard","has-post-thumbnail","hentry","category-nuestra-marca","tag-atkinson","tag-david-richards","tag-loeb","tag-mejico","tag-mexico","tag-rallye","tag-segundo-puesto","tag-solberg","tag-subaru"],"acf":[],"yoast_head":"<!-- This site is optimized with the Yoast SEO plugin v27.3 - https:\/\/yoast.com\/product\/yoast-seo-wordpress\/ -->\n<title>Chris Atkinson se supera a s\u00ed mismo - Universo Subaru<\/title>\n<meta name=\"robots\" content=\"index, follow, max-snippet:-1, max-image-preview:large, max-video-preview:-1\" \/>\n<link rel=\"canonical\" href=\"https:\/\/www.subaru.es\/blog\/nuestra-marca\/chris-atkinson-se-supera-a-si-mismo\/\" \/>\n<meta property=\"og:locale\" content=\"es_ES\" \/>\n<meta property=\"og:type\" content=\"article\" \/>\n<meta property=\"og:title\" content=\"Chris Atkinson se supera a s\u00ed mismo - Universo Subaru\" \/>\n<meta property=\"og:description\" content=\"Chris Atkinson ha firmado junto a Stephane Prevot su mejor resultado en el Campeonato del Mundo de Rallies. El piloto australiano de Subaru ha finalizado el Rally de M\u00e9xico en segunda posici\u00f3n, disputando el t\u00edtulo al franc\u00e9s Sebastien Loeb hasta el \u00faltimo momento. Chris se pone as\u00ed cuarto en la clasificaci\u00f3n final de pilotos del [&hellip;]\" \/>\n<meta property=\"og:url\" content=\"https:\/\/www.subaru.es\/blog\/nuestra-marca\/chris-atkinson-se-supera-a-si-mismo\/\" \/>\n<meta property=\"og:site_name\" content=\"Universo Subaru\" \/>\n<meta property=\"article:publisher\" content=\"https:\/\/www.facebook.com\/subaruespana\" \/>\n<meta property=\"article:published_time\" content=\"2008-03-05T06:31:36+00:00\" \/>\n<meta property=\"article:modified_time\" content=\"2020-08-06T09:53:34+00:00\" \/>\n<meta property=\"og:image\" content=\"https:\/\/www.subaru.es\/blog\/wp-content\/uploads\/2008\/03\/subaru-rally-mexico.jpg\" \/>\n\t<meta property=\"og:image:width\" content=\"452\" \/>\n\t<meta property=\"og:image:height\" content=\"163\" \/>\n\t<meta property=\"og:image:type\" content=\"image\/jpeg\" \/>\n<meta name=\"author\" content=\"Subaru\" \/>\n<meta name=\"twitter:card\" content=\"summary_large_image\" \/>\n<meta name=\"twitter:label1\" content=\"Escrito por\" \/>\n\t<meta name=\"twitter:data1\" content=\"Subaru\" \/>\n\t<meta name=\"twitter:label2\" content=\"Tiempo de lectura\" \/>\n\t<meta name=\"twitter:data2\" content=\"1 minuto\" \/>\n<script type=\"application\/ld+json\" class=\"yoast-schema-graph\">{\"@context\":\"https:\\\/\\\/schema.org\",\"@graph\":[{\"@type\":\"Article\",\"@id\":\"https:\\\/\\\/www.subaru.es\\\/blog\\\/nuestra-marca\\\/chris-atkinson-se-supera-a-si-mismo\\\/#article\",\"isPartOf\":{\"@id\":\"https:\\\/\\\/www.subaru.es\\\/blog\\\/nuestra-marca\\\/chris-atkinson-se-supera-a-si-mismo\\\/\"},\"author\":{\"name\":\"Subaru\",\"@id\":\"https:\\\/\\\/www.subaru.es\\\/blog\\\/#\\\/schema\\\/person\\\/19a90b892230b8e0ec752704ddf4aa10\"},\"headline\":\"Chris Atkinson se supera a s\u00ed mismo\",\"datePublished\":\"2008-03-05T06:31:36+00:00\",\"dateModified\":\"2020-08-06T09:53:34+00:00\",\"mainEntityOfPage\":{\"@id\":\"https:\\\/\\\/www.subaru.es\\\/blog\\\/nuestra-marca\\\/chris-atkinson-se-supera-a-si-mismo\\\/\"},\"wordCount\":216,\"commentCount\":4,\"publisher\":{\"@id\":\"https:\\\/\\\/www.subaru.es\\\/blog\\\/#organization\"},\"image\":{\"@id\":\"https:\\\/\\\/www.subaru.es\\\/blog\\\/nuestra-marca\\\/chris-atkinson-se-supera-a-si-mismo\\\/#primaryimage\"},\"thumbnailUrl\":\"https:\\\/\\\/www.subaru.es\\\/blog\\\/wp-content\\\/uploads\\\/2008\\\/03\\\/subaru-rally-mexico.jpg\",\"keywords\":[\"atkinson\",\"david richards\",\"loeb\",\"m\u00e9jico\",\"m\u00e9xico\",\"rallye\",\"segundo puesto\",\"solberg\",\"Subaru\"],\"articleSection\":[\"Nuestra marca\"],\"inLanguage\":\"es\",\"potentialAction\":[{\"@type\":\"CommentAction\",\"name\":\"Comment\",\"target\":[\"https:\\\/\\\/www.subaru.es\\\/blog\\\/nuestra-marca\\\/chris-atkinson-se-supera-a-si-mismo\\\/#respond\"]}]},{\"@type\":\"WebPage\",\"@id\":\"https:\\\/\\\/www.subaru.es\\\/blog\\\/nuestra-marca\\\/chris-atkinson-se-supera-a-si-mismo\\\/\",\"url\":\"https:\\\/\\\/www.subaru.es\\\/blog\\\/nuestra-marca\\\/chris-atkinson-se-supera-a-si-mismo\\\/\",\"name\":\"Chris Atkinson se supera a s\u00ed mismo - Universo Subaru\",\"isPartOf\":{\"@id\":\"https:\\\/\\\/www.subaru.es\\\/blog\\\/#website\"},\"primaryImageOfPage\":{\"@id\":\"https:\\\/\\\/www.subaru.es\\\/blog\\\/nuestra-marca\\\/chris-atkinson-se-supera-a-si-mismo\\\/#primaryimage\"},\"image\":{\"@id\":\"https:\\\/\\\/www.subaru.es\\\/blog\\\/nuestra-marca\\\/chris-atkinson-se-supera-a-si-mismo\\\/#primaryimage\"},\"thumbnailUrl\":\"https:\\\/\\\/www.subaru.es\\\/blog\\\/wp-content\\\/uploads\\\/2008\\\/03\\\/subaru-rally-mexico.jpg\",\"datePublished\":\"2008-03-05T06:31:36+00:00\",\"dateModified\":\"2020-08-06T09:53:34+00:00\",\"breadcrumb\":{\"@id\":\"https:\\\/\\\/www.subaru.es\\\/blog\\\/nuestra-marca\\\/chris-atkinson-se-supera-a-si-mismo\\\/#breadcrumb\"},\"inLanguage\":\"es\",\"potentialAction\":[{\"@type\":\"ReadAction\",\"target\":[\"https:\\\/\\\/www.subaru.es\\\/blog\\\/nuestra-marca\\\/chris-atkinson-se-supera-a-si-mismo\\\/\"]}]},{\"@type\":\"ImageObject\",\"inLanguage\":\"es\",\"@id\":\"https:\\\/\\\/www.subaru.es\\\/blog\\\/nuestra-marca\\\/chris-atkinson-se-supera-a-si-mismo\\\/#primaryimage\",\"url\":\"https:\\\/\\\/www.subaru.es\\\/blog\\\/wp-content\\\/uploads\\\/2008\\\/03\\\/subaru-rally-mexico.jpg\",\"contentUrl\":\"https:\\\/\\\/www.subaru.es\\\/blog\\\/wp-content\\\/uploads\\\/2008\\\/03\\\/subaru-rally-mexico.jpg\",\"width\":452,\"height\":163},{\"@type\":\"BreadcrumbList\",\"@id\":\"https:\\\/\\\/www.subaru.es\\\/blog\\\/nuestra-marca\\\/chris-atkinson-se-supera-a-si-mismo\\\/#breadcrumb\",\"itemListElement\":[{\"@type\":\"ListItem\",\"position\":1,\"name\":\"Portada\",\"item\":\"https:\\\/\\\/www.subaru.es\\\/blog\\\/\"},{\"@type\":\"ListItem\",\"position\":2,\"name\":\"Chris Atkinson se supera a s\u00ed mismo\"}]},{\"@type\":\"WebSite\",\"@id\":\"https:\\\/\\\/www.subaru.es\\\/blog\\\/#website\",\"url\":\"https:\\\/\\\/www.subaru.es\\\/blog\\\/\",\"name\":\"Universo Subaru\",\"description\":\"Descubre este apasionante espacio de Subaru donde vas a conocer todo sobre nuestros coches y las experiencias que vivimos con ellos. Si est\u00e1s preparado para dejarte seducir por la filosof\u00eda Subaru, qu\u00e9date con nosotros.\",\"publisher\":{\"@id\":\"https:\\\/\\\/www.subaru.es\\\/blog\\\/#organization\"},\"potentialAction\":[{\"@type\":\"SearchAction\",\"target\":{\"@type\":\"EntryPoint\",\"urlTemplate\":\"https:\\\/\\\/www.subaru.es\\\/blog\\\/?s={search_term_string}\"},\"query-input\":{\"@type\":\"PropertyValueSpecification\",\"valueRequired\":true,\"valueName\":\"search_term_string\"}}],\"inLanguage\":\"es\"},{\"@type\":\"Organization\",\"@id\":\"https:\\\/\\\/www.subaru.es\\\/blog\\\/#organization\",\"name\":\"Subaru Espa\u00f1a S.A.\",\"url\":\"https:\\\/\\\/www.subaru.es\\\/blog\\\/\",\"logo\":{\"@type\":\"ImageObject\",\"inLanguage\":\"es\",\"@id\":\"https:\\\/\\\/www.subaru.es\\\/blog\\\/#\\\/schema\\\/logo\\\/image\\\/\",\"url\":\"https:\\\/\\\/www.subaru.es\\\/blog\\\/wp-content\\\/uploads\\\/2016\\\/12\\\/Logo-Subaru-TypeV_C300-scaled.jpg\",\"contentUrl\":\"https:\\\/\\\/www.subaru.es\\\/blog\\\/wp-content\\\/uploads\\\/2016\\\/12\\\/Logo-Subaru-TypeV_C300-scaled.jpg\",\"width\":2560,\"height\":1864,\"caption\":\"Subaru Espa\u00f1a S.A.\"},\"image\":{\"@id\":\"https:\\\/\\\/www.subaru.es\\\/blog\\\/#\\\/schema\\\/logo\\\/image\\\/\"},\"sameAs\":[\"https:\\\/\\\/www.facebook.com\\\/subaruespana\",\"https:\\\/\\\/www.instagram.com\\\/subarues\\\/\",\"https:\\\/\\\/www.youtube.com\\\/user\\\/subaruespana\"]},{\"@type\":\"Person\",\"@id\":\"https:\\\/\\\/www.subaru.es\\\/blog\\\/#\\\/schema\\\/person\\\/19a90b892230b8e0ec752704ddf4aa10\",\"name\":\"Subaru\",\"url\":\"https:\\\/\\\/www.subaru.es\\\/blog\\\/author\\\/subaria\\\/\"}]}<\/script>\n<!-- \/ Yoast SEO plugin. -->","yoast_head_json":{"title":"Chris Atkinson se supera a s\u00ed mismo - Universo Subaru","robots":{"index":"index","follow":"follow","max-snippet":"max-snippet:-1","max-image-preview":"max-image-preview:large","max-video-preview":"max-video-preview:-1"},"canonical":"https:\/\/www.subaru.es\/blog\/nuestra-marca\/chris-atkinson-se-supera-a-si-mismo\/","og_locale":"es_ES","og_type":"article","og_title":"Chris Atkinson se supera a s\u00ed mismo - Universo Subaru","og_description":"Chris Atkinson ha firmado junto a Stephane Prevot su mejor resultado en el Campeonato del Mundo de Rallies. El piloto australiano de Subaru ha finalizado el Rally de M\u00e9xico en segunda posici\u00f3n, disputando el t\u00edtulo al franc\u00e9s Sebastien Loeb hasta el \u00faltimo momento. Chris se pone as\u00ed cuarto en la clasificaci\u00f3n final de pilotos del [&hellip;]","og_url":"https:\/\/www.subaru.es\/blog\/nuestra-marca\/chris-atkinson-se-supera-a-si-mismo\/","og_site_name":"Universo Subaru","article_publisher":"https:\/\/www.facebook.com\/subaruespana","article_published_time":"2008-03-05T06:31:36+00:00","article_modified_time":"2020-08-06T09:53:34+00:00","og_image":[{"width":452,"height":163,"url":"https:\/\/www.subaru.es\/blog\/wp-content\/uploads\/2008\/03\/subaru-rally-mexico.jpg","type":"image\/jpeg"}],"author":"Subaru","twitter_card":"summary_large_image","twitter_misc":{"Escrito por":"Subaru","Tiempo de lectura":"1 minuto"},"schema":{"@context":"https:\/\/schema.org","@graph":[{"@type":"Article","@id":"https:\/\/www.subaru.es\/blog\/nuestra-marca\/chris-atkinson-se-supera-a-si-mismo\/#article","isPartOf":{"@id":"https:\/\/www.subaru.es\/blog\/nuestra-marca\/chris-atkinson-se-supera-a-si-mismo\/"},"author":{"name":"Subaru","@id":"https:\/\/www.subaru.es\/blog\/#\/schema\/person\/19a90b892230b8e0ec752704ddf4aa10"},"headline":"Chris Atkinson se supera a s\u00ed mismo","datePublished":"2008-03-05T06:31:36+00:00","dateModified":"2020-08-06T09:53:34+00:00","mainEntityOfPage":{"@id":"https:\/\/www.subaru.es\/blog\/nuestra-marca\/chris-atkinson-se-supera-a-si-mismo\/"},"wordCount":216,"commentCount":4,"publisher":{"@id":"https:\/\/www.subaru.es\/blog\/#organization"},"image":{"@id":"https:\/\/www.subaru.es\/blog\/nuestra-marca\/chris-atkinson-se-supera-a-si-mismo\/#primaryimage"},"thumbnailUrl":"https:\/\/www.subaru.es\/blog\/wp-content\/uploads\/2008\/03\/subaru-rally-mexico.jpg","keywords":["atkinson","david richards","loeb","m\u00e9jico","m\u00e9xico","rallye","segundo puesto","solberg","Subaru"],"articleSection":["Nuestra marca"],"inLanguage":"es","potentialAction":[{"@type":"CommentAction","name":"Comment","target":["https:\/\/www.subaru.es\/blog\/nuestra-marca\/chris-atkinson-se-supera-a-si-mismo\/#respond"]}]},{"@type":"WebPage","@id":"https:\/\/www.subaru.es\/blog\/nuestra-marca\/chris-atkinson-se-supera-a-si-mismo\/","url":"https:\/\/www.subaru.es\/blog\/nuestra-marca\/chris-atkinson-se-supera-a-si-mismo\/","name":"Chris Atkinson se supera a s\u00ed mismo - Universo Subaru","isPartOf":{"@id":"https:\/\/www.subaru.es\/blog\/#website"},"primaryImageOfPage":{"@id":"https:\/\/www.subaru.es\/blog\/nuestra-marca\/chris-atkinson-se-supera-a-si-mismo\/#primaryimage"},"image":{"@id":"https:\/\/www.subaru.es\/blog\/nuestra-marca\/chris-atkinson-se-supera-a-si-mismo\/#primaryimage"},"thumbnailUrl":"https:\/\/www.subaru.es\/blog\/wp-content\/uploads\/2008\/03\/subaru-rally-mexico.jpg","datePublished":"2008-03-05T06:31:36+00:00","dateModified":"2020-08-06T09:53:34+00:00","breadcrumb":{"@id":"https:\/\/www.subaru.es\/blog\/nuestra-marca\/chris-atkinson-se-supera-a-si-mismo\/#breadcrumb"},"inLanguage":"es","potentialAction":[{"@type":"ReadAction","target":["https:\/\/www.subaru.es\/blog\/nuestra-marca\/chris-atkinson-se-supera-a-si-mismo\/"]}]},{"@type":"ImageObject","inLanguage":"es","@id":"https:\/\/www.subaru.es\/blog\/nuestra-marca\/chris-atkinson-se-supera-a-si-mismo\/#primaryimage","url":"https:\/\/www.subaru.es\/blog\/wp-content\/uploads\/2008\/03\/subaru-rally-mexico.jpg","contentUrl":"https:\/\/www.subaru.es\/blog\/wp-content\/uploads\/2008\/03\/subaru-rally-mexico.jpg","width":452,"height":163},{"@type":"BreadcrumbList","@id":"https:\/\/www.subaru.es\/blog\/nuestra-marca\/chris-atkinson-se-supera-a-si-mismo\/#breadcrumb","itemListElement":[{"@type":"ListItem","position":1,"name":"Portada","item":"https:\/\/www.subaru.es\/blog\/"},{"@type":"ListItem","position":2,"name":"Chris Atkinson se supera a s\u00ed mismo"}]},{"@type":"WebSite","@id":"https:\/\/www.subaru.es\/blog\/#website","url":"https:\/\/www.subaru.es\/blog\/","name":"Universo Subaru","description":"Descubre este apasionante espacio de Subaru donde vas a conocer todo sobre nuestros coches y las experiencias que vivimos con ellos. Si est\u00e1s preparado para dejarte seducir por la filosof\u00eda Subaru, qu\u00e9date con nosotros.","publisher":{"@id":"https:\/\/www.subaru.es\/blog\/#organization"},"potentialAction":[{"@type":"SearchAction","target":{"@type":"EntryPoint","urlTemplate":"https:\/\/www.subaru.es\/blog\/?s={search_term_string}"},"query-input":{"@type":"PropertyValueSpecification","valueRequired":true,"valueName":"search_term_string"}}],"inLanguage":"es"},{"@type":"Organization","@id":"https:\/\/www.subaru.es\/blog\/#organization","name":"Subaru Espa\u00f1a S.A.","url":"https:\/\/www.subaru.es\/blog\/","logo":{"@type":"ImageObject","inLanguage":"es","@id":"https:\/\/www.subaru.es\/blog\/#\/schema\/logo\/image\/","url":"https:\/\/www.subaru.es\/blog\/wp-content\/uploads\/2016\/12\/Logo-Subaru-TypeV_C300-scaled.jpg","contentUrl":"https:\/\/www.subaru.es\/blog\/wp-content\/uploads\/2016\/12\/Logo-Subaru-TypeV_C300-scaled.jpg","width":2560,"height":1864,"caption":"Subaru Espa\u00f1a S.A."},"image":{"@id":"https:\/\/www.subaru.es\/blog\/#\/schema\/logo\/image\/"},"sameAs":["https:\/\/www.facebook.com\/subaruespana","https:\/\/www.instagram.com\/subarues\/","https:\/\/www.youtube.com\/user\/subaruespana"]},{"@type":"Person","@id":"https:\/\/www.subaru.es\/blog\/#\/schema\/person\/19a90b892230b8e0ec752704ddf4aa10","name":"Subaru","url":"https:\/\/www.subaru.es\/blog\/author\/subaria\/"}]}},"_links":{"self":[{"href":"https:\/\/www.subaru.es\/blog\/wp-json\/wp\/v2\/posts\/655","targetHints":{"allow":["GET"]}}],"collection":[{"href":"https:\/\/www.subaru.es\/blog\/wp-json\/wp\/v2\/posts"}],"about":[{"href":"https:\/\/www.subaru.es\/blog\/wp-json\/wp\/v2\/types\/post"}],"author":[{"embeddable":true,"href":"https:\/\/www.subaru.es\/blog\/wp-json\/wp\/v2\/users\/21"}],"replies":[{"embeddable":true,"href":"https:\/\/www.subaru.es\/blog\/wp-json\/wp\/v2\/comments?post=655"}],"version-history":[{"count":1,"href":"https:\/\/www.subaru.es\/blog\/wp-json\/wp\/v2\/posts\/655\/revisions"}],"predecessor-version":[{"id":15674,"href":"https:\/\/www.subaru.es\/blog\/wp-json\/wp\/v2\/posts\/655\/revisions\/15674"}],"wp:featuredmedia":[{"embeddable":true,"href":"https:\/\/www.subaru.es\/blog\/wp-json\/wp\/v2\/media\/656"}],"wp:attachment":[{"href":"https:\/\/www.subaru.es\/blog\/wp-json\/wp\/v2\/media?parent=655"}],"wp:term":[{"taxonomy":"category","embeddable":true,"href":"https:\/\/www.subaru.es\/blog\/wp-json\/wp\/v2\/categories?post=655"},{"taxonomy":"post_tag","embeddable":true,"href":"https:\/\/www.subaru.es\/blog\/wp-json\/wp\/v2\/tags?post=655"}],"curies":[{"name":"wp","href":"https:\/\/api.w.org\/{rel}","templated":true}]}}