{"id":653,"date":"2008-03-04T09:00:07","date_gmt":"2008-03-04T07:00:07","guid":{"rendered":"http:\/\/subaru.preproduccion.com\/blog\/wp-content\/2008\/03\/04\/historias-del-motor-recoge-el-evento-en-tres-interesantes-articulos\/"},"modified":"2016-10-17T15:11:36","modified_gmt":"2016-10-17T13:11:36","slug":"historias-del-motor-recoge-el-evento-en-tres-interesantes-articulos","status":"publish","type":"post","link":"https:\/\/www.subaru.es\/blog\/nuestra-marca\/historias-del-motor-recoge-el-evento-en-tres-interesantes-articulos\/","title":{"rendered":"Historias del Motor recoge el evento en tres interesantes art\u00edculos"},"content":{"rendered":"<p>Si te quedaste con las ganas de acudir al evento de Subaru el pasado martes en Madrid, te recomendamos que eches un ojo a la serie de tres art\u00edculos que le dedica David, de <strong><a href=\"http:\/\/www.historiasdelmotor.com\">Historias del Motor<\/a><\/strong>: el primero dedicado al <strong>Subaru Impreza WRX STI<\/strong>, el segundo a los <strong>nuevos motores boxer<\/strong> y el tercero centrado en el <strong>Subaru Impreza Spec C<\/strong>.<\/p>\n<p><center><img data-src='https:\/\/www.subaru.es\/blog\/wp-content\/uploads\/2008\/02\/historias-del-motor-impreza.jpg' alt='Presentaci\u00f3n Impreza Cup' src='data:image\/svg+xml;base64,PHN2ZyB3aWR0aD0iMSIgaGVpZ2h0PSIxIiB4bWxucz0iaHR0cDovL3d3dy53My5vcmcvMjAwMC9zdmciPjwvc3ZnPg==' class='lazyload' style='--smush-placeholder-width: 480px; --smush-placeholder-aspect-ratio: 480\/488;' \/><\/center><\/p>\n<blockquote><p><a href=\"http:\/\/www.historiasdelmotor.com\/2008\/subaru-impreza-wrx-sti-madrid\/\">Subaru Impreza WRX STI<\/a><\/p>\n<p><a href=\"http:\/\/www.historiasdelmotor.com\/2008\/motor-subaru-boxer-diesel\/\">Motor Subaru Boxer Diesel<\/a><\/p>\n<p><a href=\"http:\/\/www.historiasdelmotor.com\/2008\/subaru-impreza-wrx-sti-spec-c\/\">Subaru Impreza Spec C<\/a><\/p><\/blockquote>\n<p>Gracias David.<\/p>\n","protected":false},"excerpt":{"rendered":"<p>Si te quedaste con las ganas de acudir al evento de Subaru el pasado martes en Madrid, te recomendamos que eches un ojo a la serie de tres art\u00edculos que le dedica David, de Historias del Motor: el primero dedicado al Subaru Impreza WRX STI, el segundo a los nuevos motores boxer y el tercero [&hellip;]<\/p>\n","protected":false},"author":21,"featured_media":654,"comment_status":"open","ping_status":"open","sticky":false,"template":"","format":"standard","meta":{"_acf_changed":false,"_eb_attr":"","inline_featured_image":false,"footnotes":""},"categories":[4401],"tags":[240,278,10,244,241,4390],"class_list":["post-653","post","type-post","status-publish","format-standard","has-post-thumbnail","hentry","category-nuestra-marca","tag-evento","tag-historias-del-motor","tag-impreza","tag-madrid","tag-presentacion","tag-subaru"],"acf":[],"yoast_head":"<!-- This site is optimized with the Yoast SEO plugin v27.3 - https:\/\/yoast.com\/product\/yoast-seo-wordpress\/ -->\n<title>Historias del Motor recoge el evento en tres interesantes art\u00edculos - Universo Subaru<\/title>\n<meta name=\"robots\" content=\"index, follow, max-snippet:-1, max-image-preview:large, max-video-preview:-1\" \/>\n<link rel=\"canonical\" href=\"https:\/\/www.subaru.es\/blog\/nuestra-marca\/historias-del-motor-recoge-el-evento-en-tres-interesantes-articulos\/\" \/>\n<meta property=\"og:locale\" content=\"es_ES\" \/>\n<meta property=\"og:type\" content=\"article\" \/>\n<meta property=\"og:title\" content=\"Historias del Motor recoge el evento en tres interesantes art\u00edculos - Universo Subaru\" \/>\n<meta property=\"og:description\" content=\"Si te quedaste con las ganas de acudir al evento de Subaru el pasado martes en Madrid, te recomendamos que eches un ojo a la serie de tres art\u00edculos que le dedica David, de Historias del Motor: el primero dedicado al Subaru Impreza WRX STI, el segundo a los nuevos motores boxer y el tercero [&hellip;]\" \/>\n<meta property=\"og:url\" content=\"https:\/\/www.subaru.es\/blog\/nuestra-marca\/historias-del-motor-recoge-el-evento-en-tres-interesantes-articulos\/\" \/>\n<meta property=\"og:site_name\" content=\"Universo Subaru\" \/>\n<meta property=\"article:publisher\" content=\"https:\/\/www.facebook.com\/subaruespana\" \/>\n<meta property=\"article:published_time\" content=\"2008-03-04T07:00:07+00:00\" \/>\n<meta property=\"article:modified_time\" content=\"2016-10-17T13:11:36+00:00\" \/>\n<meta property=\"og:image\" content=\"https:\/\/www.subaru.es\/blog\/wp-content\/uploads\/2008\/02\/historias-del-motor-impreza.jpg\" \/>\n\t<meta property=\"og:image:width\" content=\"480\" \/>\n\t<meta property=\"og:image:height\" content=\"488\" \/>\n\t<meta property=\"og:image:type\" content=\"image\/jpeg\" \/>\n<meta name=\"author\" content=\"Subaru\" \/>\n<meta name=\"twitter:card\" content=\"summary_large_image\" \/>\n<meta name=\"twitter:label1\" content=\"Escrito por\" \/>\n\t<meta name=\"twitter:data1\" content=\"Subaru\" \/>\n<script type=\"application\/ld+json\" class=\"yoast-schema-graph\">{\"@context\":\"https:\\\/\\\/schema.org\",\"@graph\":[{\"@type\":\"Article\",\"@id\":\"https:\\\/\\\/www.subaru.es\\\/blog\\\/nuestra-marca\\\/historias-del-motor-recoge-el-evento-en-tres-interesantes-articulos\\\/#article\",\"isPartOf\":{\"@id\":\"https:\\\/\\\/www.subaru.es\\\/blog\\\/nuestra-marca\\\/historias-del-motor-recoge-el-evento-en-tres-interesantes-articulos\\\/\"},\"author\":{\"name\":\"Subaru\",\"@id\":\"https:\\\/\\\/www.subaru.es\\\/blog\\\/#\\\/schema\\\/person\\\/19a90b892230b8e0ec752704ddf4aa10\"},\"headline\":\"Historias del Motor recoge el evento en tres interesantes art\u00edculos\",\"datePublished\":\"2008-03-04T07:00:07+00:00\",\"dateModified\":\"2016-10-17T13:11:36+00:00\",\"mainEntityOfPage\":{\"@id\":\"https:\\\/\\\/www.subaru.es\\\/blog\\\/nuestra-marca\\\/historias-del-motor-recoge-el-evento-en-tres-interesantes-articulos\\\/\"},\"wordCount\":88,\"commentCount\":0,\"publisher\":{\"@id\":\"https:\\\/\\\/www.subaru.es\\\/blog\\\/#organization\"},\"image\":{\"@id\":\"https:\\\/\\\/www.subaru.es\\\/blog\\\/nuestra-marca\\\/historias-del-motor-recoge-el-evento-en-tres-interesantes-articulos\\\/#primaryimage\"},\"thumbnailUrl\":\"https:\\\/\\\/www.subaru.es\\\/blog\\\/wp-content\\\/uploads\\\/2008\\\/02\\\/historias-del-motor-impreza.jpg\",\"keywords\":[\"evento\",\"historias del motor\",\"impreza\",\"madrid\",\"presentaci\u00f3n\",\"Subaru\"],\"articleSection\":[\"Nuestra marca\"],\"inLanguage\":\"es\",\"potentialAction\":[{\"@type\":\"CommentAction\",\"name\":\"Comment\",\"target\":[\"https:\\\/\\\/www.subaru.es\\\/blog\\\/nuestra-marca\\\/historias-del-motor-recoge-el-evento-en-tres-interesantes-articulos\\\/#respond\"]}]},{\"@type\":\"WebPage\",\"@id\":\"https:\\\/\\\/www.subaru.es\\\/blog\\\/nuestra-marca\\\/historias-del-motor-recoge-el-evento-en-tres-interesantes-articulos\\\/\",\"url\":\"https:\\\/\\\/www.subaru.es\\\/blog\\\/nuestra-marca\\\/historias-del-motor-recoge-el-evento-en-tres-interesantes-articulos\\\/\",\"name\":\"Historias del Motor recoge el evento en tres interesantes art\u00edculos - Universo Subaru\",\"isPartOf\":{\"@id\":\"https:\\\/\\\/www.subaru.es\\\/blog\\\/#website\"},\"primaryImageOfPage\":{\"@id\":\"https:\\\/\\\/www.subaru.es\\\/blog\\\/nuestra-marca\\\/historias-del-motor-recoge-el-evento-en-tres-interesantes-articulos\\\/#primaryimage\"},\"image\":{\"@id\":\"https:\\\/\\\/www.subaru.es\\\/blog\\\/nuestra-marca\\\/historias-del-motor-recoge-el-evento-en-tres-interesantes-articulos\\\/#primaryimage\"},\"thumbnailUrl\":\"https:\\\/\\\/www.subaru.es\\\/blog\\\/wp-content\\\/uploads\\\/2008\\\/02\\\/historias-del-motor-impreza.jpg\",\"datePublished\":\"2008-03-04T07:00:07+00:00\",\"dateModified\":\"2016-10-17T13:11:36+00:00\",\"breadcrumb\":{\"@id\":\"https:\\\/\\\/www.subaru.es\\\/blog\\\/nuestra-marca\\\/historias-del-motor-recoge-el-evento-en-tres-interesantes-articulos\\\/#breadcrumb\"},\"inLanguage\":\"es\",\"potentialAction\":[{\"@type\":\"ReadAction\",\"target\":[\"https:\\\/\\\/www.subaru.es\\\/blog\\\/nuestra-marca\\\/historias-del-motor-recoge-el-evento-en-tres-interesantes-articulos\\\/\"]}]},{\"@type\":\"ImageObject\",\"inLanguage\":\"es\",\"@id\":\"https:\\\/\\\/www.subaru.es\\\/blog\\\/nuestra-marca\\\/historias-del-motor-recoge-el-evento-en-tres-interesantes-articulos\\\/#primaryimage\",\"url\":\"https:\\\/\\\/www.subaru.es\\\/blog\\\/wp-content\\\/uploads\\\/2008\\\/02\\\/historias-del-motor-impreza.jpg\",\"contentUrl\":\"https:\\\/\\\/www.subaru.es\\\/blog\\\/wp-content\\\/uploads\\\/2008\\\/02\\\/historias-del-motor-impreza.jpg\",\"width\":480,\"height\":488},{\"@type\":\"BreadcrumbList\",\"@id\":\"https:\\\/\\\/www.subaru.es\\\/blog\\\/nuestra-marca\\\/historias-del-motor-recoge-el-evento-en-tres-interesantes-articulos\\\/#breadcrumb\",\"itemListElement\":[{\"@type\":\"ListItem\",\"position\":1,\"name\":\"Portada\",\"item\":\"https:\\\/\\\/www.subaru.es\\\/blog\\\/\"},{\"@type\":\"ListItem\",\"position\":2,\"name\":\"Historias del Motor recoge el evento en tres interesantes art\u00edculos\"}]},{\"@type\":\"WebSite\",\"@id\":\"https:\\\/\\\/www.subaru.es\\\/blog\\\/#website\",\"url\":\"https:\\\/\\\/www.subaru.es\\\/blog\\\/\",\"name\":\"Universo Subaru\",\"description\":\"Descubre este apasionante espacio de Subaru donde vas a conocer todo sobre nuestros coches y las experiencias que vivimos con ellos. Si est\u00e1s preparado para dejarte seducir por la filosof\u00eda Subaru, qu\u00e9date con nosotros.\",\"publisher\":{\"@id\":\"https:\\\/\\\/www.subaru.es\\\/blog\\\/#organization\"},\"potentialAction\":[{\"@type\":\"SearchAction\",\"target\":{\"@type\":\"EntryPoint\",\"urlTemplate\":\"https:\\\/\\\/www.subaru.es\\\/blog\\\/?s={search_term_string}\"},\"query-input\":{\"@type\":\"PropertyValueSpecification\",\"valueRequired\":true,\"valueName\":\"search_term_string\"}}],\"inLanguage\":\"es\"},{\"@type\":\"Organization\",\"@id\":\"https:\\\/\\\/www.subaru.es\\\/blog\\\/#organization\",\"name\":\"Subaru Espa\u00f1a S.A.\",\"url\":\"https:\\\/\\\/www.subaru.es\\\/blog\\\/\",\"logo\":{\"@type\":\"ImageObject\",\"inLanguage\":\"es\",\"@id\":\"https:\\\/\\\/www.subaru.es\\\/blog\\\/#\\\/schema\\\/logo\\\/image\\\/\",\"url\":\"https:\\\/\\\/www.subaru.es\\\/blog\\\/wp-content\\\/uploads\\\/2016\\\/12\\\/Logo-Subaru-TypeV_C300-scaled.jpg\",\"contentUrl\":\"https:\\\/\\\/www.subaru.es\\\/blog\\\/wp-content\\\/uploads\\\/2016\\\/12\\\/Logo-Subaru-TypeV_C300-scaled.jpg\",\"width\":2560,\"height\":1864,\"caption\":\"Subaru Espa\u00f1a S.A.\"},\"image\":{\"@id\":\"https:\\\/\\\/www.subaru.es\\\/blog\\\/#\\\/schema\\\/logo\\\/image\\\/\"},\"sameAs\":[\"https:\\\/\\\/www.facebook.com\\\/subaruespana\",\"https:\\\/\\\/www.instagram.com\\\/subarues\\\/\",\"https:\\\/\\\/www.youtube.com\\\/user\\\/subaruespana\"]},{\"@type\":\"Person\",\"@id\":\"https:\\\/\\\/www.subaru.es\\\/blog\\\/#\\\/schema\\\/person\\\/19a90b892230b8e0ec752704ddf4aa10\",\"name\":\"Subaru\",\"url\":\"https:\\\/\\\/www.subaru.es\\\/blog\\\/author\\\/subaria\\\/\"}]}<\/script>\n<!-- \/ Yoast SEO plugin. -->","yoast_head_json":{"title":"Historias del Motor recoge el evento en tres interesantes art\u00edculos - Universo Subaru","robots":{"index":"index","follow":"follow","max-snippet":"max-snippet:-1","max-image-preview":"max-image-preview:large","max-video-preview":"max-video-preview:-1"},"canonical":"https:\/\/www.subaru.es\/blog\/nuestra-marca\/historias-del-motor-recoge-el-evento-en-tres-interesantes-articulos\/","og_locale":"es_ES","og_type":"article","og_title":"Historias del Motor recoge el evento en tres interesantes art\u00edculos - Universo Subaru","og_description":"Si te quedaste con las ganas de acudir al evento de Subaru el pasado martes en Madrid, te recomendamos que eches un ojo a la serie de tres art\u00edculos que le dedica David, de Historias del Motor: el primero dedicado al Subaru Impreza WRX STI, el segundo a los nuevos motores boxer y el tercero [&hellip;]","og_url":"https:\/\/www.subaru.es\/blog\/nuestra-marca\/historias-del-motor-recoge-el-evento-en-tres-interesantes-articulos\/","og_site_name":"Universo Subaru","article_publisher":"https:\/\/www.facebook.com\/subaruespana","article_published_time":"2008-03-04T07:00:07+00:00","article_modified_time":"2016-10-17T13:11:36+00:00","og_image":[{"width":480,"height":488,"url":"https:\/\/www.subaru.es\/blog\/wp-content\/uploads\/2008\/02\/historias-del-motor-impreza.jpg","type":"image\/jpeg"}],"author":"Subaru","twitter_card":"summary_large_image","twitter_misc":{"Escrito por":"Subaru"},"schema":{"@context":"https:\/\/schema.org","@graph":[{"@type":"Article","@id":"https:\/\/www.subaru.es\/blog\/nuestra-marca\/historias-del-motor-recoge-el-evento-en-tres-interesantes-articulos\/#article","isPartOf":{"@id":"https:\/\/www.subaru.es\/blog\/nuestra-marca\/historias-del-motor-recoge-el-evento-en-tres-interesantes-articulos\/"},"author":{"name":"Subaru","@id":"https:\/\/www.subaru.es\/blog\/#\/schema\/person\/19a90b892230b8e0ec752704ddf4aa10"},"headline":"Historias del Motor recoge el evento en tres interesantes art\u00edculos","datePublished":"2008-03-04T07:00:07+00:00","dateModified":"2016-10-17T13:11:36+00:00","mainEntityOfPage":{"@id":"https:\/\/www.subaru.es\/blog\/nuestra-marca\/historias-del-motor-recoge-el-evento-en-tres-interesantes-articulos\/"},"wordCount":88,"commentCount":0,"publisher":{"@id":"https:\/\/www.subaru.es\/blog\/#organization"},"image":{"@id":"https:\/\/www.subaru.es\/blog\/nuestra-marca\/historias-del-motor-recoge-el-evento-en-tres-interesantes-articulos\/#primaryimage"},"thumbnailUrl":"https:\/\/www.subaru.es\/blog\/wp-content\/uploads\/2008\/02\/historias-del-motor-impreza.jpg","keywords":["evento","historias del motor","impreza","madrid","presentaci\u00f3n","Subaru"],"articleSection":["Nuestra marca"],"inLanguage":"es","potentialAction":[{"@type":"CommentAction","name":"Comment","target":["https:\/\/www.subaru.es\/blog\/nuestra-marca\/historias-del-motor-recoge-el-evento-en-tres-interesantes-articulos\/#respond"]}]},{"@type":"WebPage","@id":"https:\/\/www.subaru.es\/blog\/nuestra-marca\/historias-del-motor-recoge-el-evento-en-tres-interesantes-articulos\/","url":"https:\/\/www.subaru.es\/blog\/nuestra-marca\/historias-del-motor-recoge-el-evento-en-tres-interesantes-articulos\/","name":"Historias del Motor recoge el evento en tres interesantes art\u00edculos - Universo Subaru","isPartOf":{"@id":"https:\/\/www.subaru.es\/blog\/#website"},"primaryImageOfPage":{"@id":"https:\/\/www.subaru.es\/blog\/nuestra-marca\/historias-del-motor-recoge-el-evento-en-tres-interesantes-articulos\/#primaryimage"},"image":{"@id":"https:\/\/www.subaru.es\/blog\/nuestra-marca\/historias-del-motor-recoge-el-evento-en-tres-interesantes-articulos\/#primaryimage"},"thumbnailUrl":"https:\/\/www.subaru.es\/blog\/wp-content\/uploads\/2008\/02\/historias-del-motor-impreza.jpg","datePublished":"2008-03-04T07:00:07+00:00","dateModified":"2016-10-17T13:11:36+00:00","breadcrumb":{"@id":"https:\/\/www.subaru.es\/blog\/nuestra-marca\/historias-del-motor-recoge-el-evento-en-tres-interesantes-articulos\/#breadcrumb"},"inLanguage":"es","potentialAction":[{"@type":"ReadAction","target":["https:\/\/www.subaru.es\/blog\/nuestra-marca\/historias-del-motor-recoge-el-evento-en-tres-interesantes-articulos\/"]}]},{"@type":"ImageObject","inLanguage":"es","@id":"https:\/\/www.subaru.es\/blog\/nuestra-marca\/historias-del-motor-recoge-el-evento-en-tres-interesantes-articulos\/#primaryimage","url":"https:\/\/www.subaru.es\/blog\/wp-content\/uploads\/2008\/02\/historias-del-motor-impreza.jpg","contentUrl":"https:\/\/www.subaru.es\/blog\/wp-content\/uploads\/2008\/02\/historias-del-motor-impreza.jpg","width":480,"height":488},{"@type":"BreadcrumbList","@id":"https:\/\/www.subaru.es\/blog\/nuestra-marca\/historias-del-motor-recoge-el-evento-en-tres-interesantes-articulos\/#breadcrumb","itemListElement":[{"@type":"ListItem","position":1,"name":"Portada","item":"https:\/\/www.subaru.es\/blog\/"},{"@type":"ListItem","position":2,"name":"Historias del Motor recoge el evento en tres interesantes art\u00edculos"}]},{"@type":"WebSite","@id":"https:\/\/www.subaru.es\/blog\/#website","url":"https:\/\/www.subaru.es\/blog\/","name":"Universo Subaru","description":"Descubre este apasionante espacio de Subaru donde vas a conocer todo sobre nuestros coches y las experiencias que vivimos con ellos. Si est\u00e1s preparado para dejarte seducir por la filosof\u00eda Subaru, qu\u00e9date con nosotros.","publisher":{"@id":"https:\/\/www.subaru.es\/blog\/#organization"},"potentialAction":[{"@type":"SearchAction","target":{"@type":"EntryPoint","urlTemplate":"https:\/\/www.subaru.es\/blog\/?s={search_term_string}"},"query-input":{"@type":"PropertyValueSpecification","valueRequired":true,"valueName":"search_term_string"}}],"inLanguage":"es"},{"@type":"Organization","@id":"https:\/\/www.subaru.es\/blog\/#organization","name":"Subaru Espa\u00f1a S.A.","url":"https:\/\/www.subaru.es\/blog\/","logo":{"@type":"ImageObject","inLanguage":"es","@id":"https:\/\/www.subaru.es\/blog\/#\/schema\/logo\/image\/","url":"https:\/\/www.subaru.es\/blog\/wp-content\/uploads\/2016\/12\/Logo-Subaru-TypeV_C300-scaled.jpg","contentUrl":"https:\/\/www.subaru.es\/blog\/wp-content\/uploads\/2016\/12\/Logo-Subaru-TypeV_C300-scaled.jpg","width":2560,"height":1864,"caption":"Subaru Espa\u00f1a S.A."},"image":{"@id":"https:\/\/www.subaru.es\/blog\/#\/schema\/logo\/image\/"},"sameAs":["https:\/\/www.facebook.com\/subaruespana","https:\/\/www.instagram.com\/subarues\/","https:\/\/www.youtube.com\/user\/subaruespana"]},{"@type":"Person","@id":"https:\/\/www.subaru.es\/blog\/#\/schema\/person\/19a90b892230b8e0ec752704ddf4aa10","name":"Subaru","url":"https:\/\/www.subaru.es\/blog\/author\/subaria\/"}]}},"_links":{"self":[{"href":"https:\/\/www.subaru.es\/blog\/wp-json\/wp\/v2\/posts\/653","targetHints":{"allow":["GET"]}}],"collection":[{"href":"https:\/\/www.subaru.es\/blog\/wp-json\/wp\/v2\/posts"}],"about":[{"href":"https:\/\/www.subaru.es\/blog\/wp-json\/wp\/v2\/types\/post"}],"author":[{"embeddable":true,"href":"https:\/\/www.subaru.es\/blog\/wp-json\/wp\/v2\/users\/21"}],"replies":[{"embeddable":true,"href":"https:\/\/www.subaru.es\/blog\/wp-json\/wp\/v2\/comments?post=653"}],"version-history":[{"count":1,"href":"https:\/\/www.subaru.es\/blog\/wp-json\/wp\/v2\/posts\/653\/revisions"}],"predecessor-version":[{"id":15676,"href":"https:\/\/www.subaru.es\/blog\/wp-json\/wp\/v2\/posts\/653\/revisions\/15676"}],"wp:featuredmedia":[{"embeddable":true,"href":"https:\/\/www.subaru.es\/blog\/wp-json\/wp\/v2\/media\/654"}],"wp:attachment":[{"href":"https:\/\/www.subaru.es\/blog\/wp-json\/wp\/v2\/media?parent=653"}],"wp:term":[{"taxonomy":"category","embeddable":true,"href":"https:\/\/www.subaru.es\/blog\/wp-json\/wp\/v2\/categories?post=653"},{"taxonomy":"post_tag","embeddable":true,"href":"https:\/\/www.subaru.es\/blog\/wp-json\/wp\/v2\/tags?post=653"}],"curies":[{"name":"wp","href":"https:\/\/api.w.org\/{rel}","templated":true}]}}