{"id":6427,"date":"2012-03-13T12:27:34","date_gmt":"2012-03-13T10:27:34","guid":{"rendered":"http:\/\/subaru.preproduccion.com\/blog\/?p=6427"},"modified":"2016-10-17T15:07:29","modified_gmt":"2016-10-17T13:07:29","slug":"nuevo-video-del-subaru-brz","status":"publish","type":"post","link":"https:\/\/www.subaru.es\/blog\/nuestra-marca\/nuevo-video-del-subaru-brz\/","title":{"rendered":"Nuevo v\u00eddeo del Subaru BRZ"},"content":{"rendered":"<p><object style=\"height: 390px; width: 640px;\" classid=\"clsid:d27cdb6e-ae6d-11cf-96b8-444553540000\" width=\"100\" height=\"100\" codebase=\"http:\/\/download.macromedia.com\/pub\/shockwave\/cabs\/flash\/swflash.cab#version=6,0,40,0\"><param name=\"allowFullScreen\" value=\"true\" \/><param name=\"allowScriptAccess\" value=\"always\" \/><param name=\"src\" value=\"http:\/\/www.youtube.com\/v\/FBGDTCV2NWI?version=3&amp;feature=player_detailpage\" \/><param name=\"allowfullscreen\" value=\"true\" \/><embed style=\"height: 390px; width: 640px;\" type=\"application\/x-shockwave-flash\" width=\"100\" height=\"100\" src=\"http:\/\/www.youtube.com\/v\/FBGDTCV2NWI?version=3&amp;feature=player_detailpage\" allowscriptaccess=\"always\" allowfullscreen=\"true\"><\/embed><\/object><\/p>\n<p>Ya <a href=\"https:\/\/www.subaru.es\/blog\/subaru\/ya-lo-sabemos-todo-del-nuevo-subaru-brz\/\">sabemos muchas cosas sobre el Subaru BRZ<\/a>, y desde que lo vimos en el pasado Sal\u00f3n de Tokio no hemos dejado de recibir informaciones y ver im\u00e1genes de este deportivo, pero <strong>lo que realmente esperamos es verlo en vivo y en directo<\/strong> esta misma primavera cuando se ponga a la venta. Eso si, mientras tanto podemos disfrutar de nuevos v\u00eddeos para ver en movimiento a este deportivo de tracci\u00f3n trasera, propulsado por el familiar motor Boxer.<\/p>\n<p>Cada vez que un nuevo v\u00eddeo que llega a mi poder me fijo en <strong>la forma en que se mueve este Subaru BRZ<\/strong>: es \u00e1gil, eficaz, \u00abseguro de s\u00ed mismo\u00bb. <a href=\"https:\/\/www.subaru.es\/blog\/subaru\/llega-el-nuevo-subaru-brz-concept-sti\/\">El motor Boxer es una de las partes m\u00e1s llamativas<\/a> de este modelo, no solo por las caracter\u00edsticas t\u00e9cnicas que ya hemos comentado en otras ocasiones, sino por el sonido. Lo enciendes y te cautiva, aceleras y ya no puedes dejar de conducirlo. Eso es lo que me sugiere cada vez que veo un nuevo v\u00eddeo, como este.<br \/>\n<!--more--><\/p>\n<p>Como sabes, el motor Boxer de dos litros que monta el <strong>Subaru BRZ<\/strong> lo coloca en lo m\u00e1s avanzado del segmento de los deportivos, gracias a su eficiencia y sus prestaciones. Adem\u00e1s, al tener el motor situado 120 mm m\u00e1s bajo y 240 mm m\u00e1s cercano al centro del chasis que en otros Subaru, se convierte en <strong>uno de los veh\u00edculos con centro de gravedad m\u00e1s bajo del mercado<\/strong>. La estabilidad y agilidad en orden de marcha alcanzan nuevas cotas con esta configuraci\u00f3n y reparto de pesos.<\/p>\n<p>En cuanto a sus dimensiones, el Subaru BRZ Concept STI mide 4,23 x 1,8 x 1,28 metros, con una distancia entre ejes de 2,57 metros. Por su parte, los neum\u00e1ticos incluidos ser\u00e1n 215\/45R18 los delanteros y 225\/5R18 los traseros.<\/p>\n<p>M\u00e1s informaci\u00f3n, \u00a1pr\u00f3ximamente!<\/p>\n","protected":false},"excerpt":{"rendered":"<p>Ya sabemos muchas cosas sobre el Subaru BRZ, y desde que lo vimos en el pasado Sal\u00f3n de Tokio no hemos dejado de recibir informaciones y ver im\u00e1genes de este deportivo, pero lo que realmente esperamos es verlo en vivo y en directo esta misma primavera cuando se ponga a la venta. Eso si, mientras [&hellip;]<\/p>\n","protected":false},"author":21,"featured_media":0,"comment_status":"open","ping_status":"open","sticky":false,"template":"","format":"standard","meta":{"_acf_changed":false,"_eb_attr":"","inline_featured_image":false,"footnotes":""},"categories":[4401],"tags":[3597,1251],"class_list":["post-6427","post","type-post","status-publish","format-standard","hentry","category-nuestra-marca","tag-subaru-brz","tag-videos"],"acf":[],"yoast_head":"<!-- This site is optimized with the Yoast SEO plugin v27.3 - https:\/\/yoast.com\/product\/yoast-seo-wordpress\/ -->\n<title>Nuevo v\u00eddeo del Subaru BRZ - Universo Subaru<\/title>\n<meta name=\"robots\" content=\"index, follow, max-snippet:-1, max-image-preview:large, max-video-preview:-1\" \/>\n<link rel=\"canonical\" href=\"https:\/\/www.subaru.es\/blog\/nuestra-marca\/nuevo-video-del-subaru-brz\/\" \/>\n<meta property=\"og:locale\" content=\"es_ES\" \/>\n<meta property=\"og:type\" content=\"article\" \/>\n<meta property=\"og:title\" content=\"Nuevo v\u00eddeo del Subaru BRZ - Universo Subaru\" \/>\n<meta property=\"og:description\" content=\"Ya sabemos muchas cosas sobre el Subaru BRZ, y desde que lo vimos en el pasado Sal\u00f3n de Tokio no hemos dejado de recibir informaciones y ver im\u00e1genes de este deportivo, pero lo que realmente esperamos es verlo en vivo y en directo esta misma primavera cuando se ponga a la venta. Eso si, mientras [&hellip;]\" \/>\n<meta property=\"og:url\" content=\"https:\/\/www.subaru.es\/blog\/nuestra-marca\/nuevo-video-del-subaru-brz\/\" \/>\n<meta property=\"og:site_name\" content=\"Universo Subaru\" \/>\n<meta property=\"article:publisher\" content=\"https:\/\/www.facebook.com\/subaruespana\" \/>\n<meta property=\"article:published_time\" content=\"2012-03-13T10:27:34+00:00\" \/>\n<meta property=\"article:modified_time\" content=\"2016-10-17T13:07:29+00:00\" \/>\n<meta name=\"author\" content=\"Subaru\" \/>\n<meta name=\"twitter:card\" content=\"summary_large_image\" \/>\n<meta name=\"twitter:label1\" content=\"Escrito por\" \/>\n\t<meta name=\"twitter:data1\" content=\"Subaru\" \/>\n\t<meta name=\"twitter:label2\" content=\"Tiempo de lectura\" \/>\n\t<meta name=\"twitter:data2\" content=\"2 minutos\" \/>\n<script type=\"application\/ld+json\" class=\"yoast-schema-graph\">{\"@context\":\"https:\\\/\\\/schema.org\",\"@graph\":[{\"@type\":\"Article\",\"@id\":\"https:\\\/\\\/www.subaru.es\\\/blog\\\/nuestra-marca\\\/nuevo-video-del-subaru-brz\\\/#article\",\"isPartOf\":{\"@id\":\"https:\\\/\\\/www.subaru.es\\\/blog\\\/nuestra-marca\\\/nuevo-video-del-subaru-brz\\\/\"},\"author\":{\"name\":\"Subaru\",\"@id\":\"https:\\\/\\\/www.subaru.es\\\/blog\\\/#\\\/schema\\\/person\\\/19a90b892230b8e0ec752704ddf4aa10\"},\"headline\":\"Nuevo v\u00eddeo del Subaru BRZ\",\"datePublished\":\"2012-03-13T10:27:34+00:00\",\"dateModified\":\"2016-10-17T13:07:29+00:00\",\"mainEntityOfPage\":{\"@id\":\"https:\\\/\\\/www.subaru.es\\\/blog\\\/nuestra-marca\\\/nuevo-video-del-subaru-brz\\\/\"},\"wordCount\":315,\"commentCount\":1,\"publisher\":{\"@id\":\"https:\\\/\\\/www.subaru.es\\\/blog\\\/#organization\"},\"keywords\":[\"Subaru BRZ\",\"videos\"],\"articleSection\":[\"Nuestra marca\"],\"inLanguage\":\"es\",\"potentialAction\":[{\"@type\":\"CommentAction\",\"name\":\"Comment\",\"target\":[\"https:\\\/\\\/www.subaru.es\\\/blog\\\/nuestra-marca\\\/nuevo-video-del-subaru-brz\\\/#respond\"]}]},{\"@type\":\"WebPage\",\"@id\":\"https:\\\/\\\/www.subaru.es\\\/blog\\\/nuestra-marca\\\/nuevo-video-del-subaru-brz\\\/\",\"url\":\"https:\\\/\\\/www.subaru.es\\\/blog\\\/nuestra-marca\\\/nuevo-video-del-subaru-brz\\\/\",\"name\":\"Nuevo v\u00eddeo del Subaru BRZ - Universo Subaru\",\"isPartOf\":{\"@id\":\"https:\\\/\\\/www.subaru.es\\\/blog\\\/#website\"},\"datePublished\":\"2012-03-13T10:27:34+00:00\",\"dateModified\":\"2016-10-17T13:07:29+00:00\",\"breadcrumb\":{\"@id\":\"https:\\\/\\\/www.subaru.es\\\/blog\\\/nuestra-marca\\\/nuevo-video-del-subaru-brz\\\/#breadcrumb\"},\"inLanguage\":\"es\",\"potentialAction\":[{\"@type\":\"ReadAction\",\"target\":[\"https:\\\/\\\/www.subaru.es\\\/blog\\\/nuestra-marca\\\/nuevo-video-del-subaru-brz\\\/\"]}]},{\"@type\":\"BreadcrumbList\",\"@id\":\"https:\\\/\\\/www.subaru.es\\\/blog\\\/nuestra-marca\\\/nuevo-video-del-subaru-brz\\\/#breadcrumb\",\"itemListElement\":[{\"@type\":\"ListItem\",\"position\":1,\"name\":\"Portada\",\"item\":\"https:\\\/\\\/www.subaru.es\\\/blog\\\/\"},{\"@type\":\"ListItem\",\"position\":2,\"name\":\"Nuevo v\u00eddeo del Subaru BRZ\"}]},{\"@type\":\"WebSite\",\"@id\":\"https:\\\/\\\/www.subaru.es\\\/blog\\\/#website\",\"url\":\"https:\\\/\\\/www.subaru.es\\\/blog\\\/\",\"name\":\"Universo Subaru\",\"description\":\"Descubre este apasionante espacio de Subaru donde vas a conocer todo sobre nuestros coches y las experiencias que vivimos con ellos. Si est\u00e1s preparado para dejarte seducir por la filosof\u00eda Subaru, qu\u00e9date con nosotros.\",\"publisher\":{\"@id\":\"https:\\\/\\\/www.subaru.es\\\/blog\\\/#organization\"},\"potentialAction\":[{\"@type\":\"SearchAction\",\"target\":{\"@type\":\"EntryPoint\",\"urlTemplate\":\"https:\\\/\\\/www.subaru.es\\\/blog\\\/?s={search_term_string}\"},\"query-input\":{\"@type\":\"PropertyValueSpecification\",\"valueRequired\":true,\"valueName\":\"search_term_string\"}}],\"inLanguage\":\"es\"},{\"@type\":\"Organization\",\"@id\":\"https:\\\/\\\/www.subaru.es\\\/blog\\\/#organization\",\"name\":\"Subaru Espa\u00f1a S.A.\",\"url\":\"https:\\\/\\\/www.subaru.es\\\/blog\\\/\",\"logo\":{\"@type\":\"ImageObject\",\"inLanguage\":\"es\",\"@id\":\"https:\\\/\\\/www.subaru.es\\\/blog\\\/#\\\/schema\\\/logo\\\/image\\\/\",\"url\":\"https:\\\/\\\/www.subaru.es\\\/blog\\\/wp-content\\\/uploads\\\/2016\\\/12\\\/Logo-Subaru-TypeV_C300-scaled.jpg\",\"contentUrl\":\"https:\\\/\\\/www.subaru.es\\\/blog\\\/wp-content\\\/uploads\\\/2016\\\/12\\\/Logo-Subaru-TypeV_C300-scaled.jpg\",\"width\":2560,\"height\":1864,\"caption\":\"Subaru Espa\u00f1a S.A.\"},\"image\":{\"@id\":\"https:\\\/\\\/www.subaru.es\\\/blog\\\/#\\\/schema\\\/logo\\\/image\\\/\"},\"sameAs\":[\"https:\\\/\\\/www.facebook.com\\\/subaruespana\",\"https:\\\/\\\/www.instagram.com\\\/subarues\\\/\",\"https:\\\/\\\/www.youtube.com\\\/user\\\/subaruespana\"]},{\"@type\":\"Person\",\"@id\":\"https:\\\/\\\/www.subaru.es\\\/blog\\\/#\\\/schema\\\/person\\\/19a90b892230b8e0ec752704ddf4aa10\",\"name\":\"Subaru\",\"url\":\"https:\\\/\\\/www.subaru.es\\\/blog\\\/author\\\/subaria\\\/\"}]}<\/script>\n<!-- \/ Yoast SEO plugin. -->","yoast_head_json":{"title":"Nuevo v\u00eddeo del Subaru BRZ - Universo Subaru","robots":{"index":"index","follow":"follow","max-snippet":"max-snippet:-1","max-image-preview":"max-image-preview:large","max-video-preview":"max-video-preview:-1"},"canonical":"https:\/\/www.subaru.es\/blog\/nuestra-marca\/nuevo-video-del-subaru-brz\/","og_locale":"es_ES","og_type":"article","og_title":"Nuevo v\u00eddeo del Subaru BRZ - Universo Subaru","og_description":"Ya sabemos muchas cosas sobre el Subaru BRZ, y desde que lo vimos en el pasado Sal\u00f3n de Tokio no hemos dejado de recibir informaciones y ver im\u00e1genes de este deportivo, pero lo que realmente esperamos es verlo en vivo y en directo esta misma primavera cuando se ponga a la venta. Eso si, mientras [&hellip;]","og_url":"https:\/\/www.subaru.es\/blog\/nuestra-marca\/nuevo-video-del-subaru-brz\/","og_site_name":"Universo Subaru","article_publisher":"https:\/\/www.facebook.com\/subaruespana","article_published_time":"2012-03-13T10:27:34+00:00","article_modified_time":"2016-10-17T13:07:29+00:00","author":"Subaru","twitter_card":"summary_large_image","twitter_misc":{"Escrito por":"Subaru","Tiempo de lectura":"2 minutos"},"schema":{"@context":"https:\/\/schema.org","@graph":[{"@type":"Article","@id":"https:\/\/www.subaru.es\/blog\/nuestra-marca\/nuevo-video-del-subaru-brz\/#article","isPartOf":{"@id":"https:\/\/www.subaru.es\/blog\/nuestra-marca\/nuevo-video-del-subaru-brz\/"},"author":{"name":"Subaru","@id":"https:\/\/www.subaru.es\/blog\/#\/schema\/person\/19a90b892230b8e0ec752704ddf4aa10"},"headline":"Nuevo v\u00eddeo del Subaru BRZ","datePublished":"2012-03-13T10:27:34+00:00","dateModified":"2016-10-17T13:07:29+00:00","mainEntityOfPage":{"@id":"https:\/\/www.subaru.es\/blog\/nuestra-marca\/nuevo-video-del-subaru-brz\/"},"wordCount":315,"commentCount":1,"publisher":{"@id":"https:\/\/www.subaru.es\/blog\/#organization"},"keywords":["Subaru BRZ","videos"],"articleSection":["Nuestra marca"],"inLanguage":"es","potentialAction":[{"@type":"CommentAction","name":"Comment","target":["https:\/\/www.subaru.es\/blog\/nuestra-marca\/nuevo-video-del-subaru-brz\/#respond"]}]},{"@type":"WebPage","@id":"https:\/\/www.subaru.es\/blog\/nuestra-marca\/nuevo-video-del-subaru-brz\/","url":"https:\/\/www.subaru.es\/blog\/nuestra-marca\/nuevo-video-del-subaru-brz\/","name":"Nuevo v\u00eddeo del Subaru BRZ - Universo Subaru","isPartOf":{"@id":"https:\/\/www.subaru.es\/blog\/#website"},"datePublished":"2012-03-13T10:27:34+00:00","dateModified":"2016-10-17T13:07:29+00:00","breadcrumb":{"@id":"https:\/\/www.subaru.es\/blog\/nuestra-marca\/nuevo-video-del-subaru-brz\/#breadcrumb"},"inLanguage":"es","potentialAction":[{"@type":"ReadAction","target":["https:\/\/www.subaru.es\/blog\/nuestra-marca\/nuevo-video-del-subaru-brz\/"]}]},{"@type":"BreadcrumbList","@id":"https:\/\/www.subaru.es\/blog\/nuestra-marca\/nuevo-video-del-subaru-brz\/#breadcrumb","itemListElement":[{"@type":"ListItem","position":1,"name":"Portada","item":"https:\/\/www.subaru.es\/blog\/"},{"@type":"ListItem","position":2,"name":"Nuevo v\u00eddeo del Subaru BRZ"}]},{"@type":"WebSite","@id":"https:\/\/www.subaru.es\/blog\/#website","url":"https:\/\/www.subaru.es\/blog\/","name":"Universo Subaru","description":"Descubre este apasionante espacio de Subaru donde vas a conocer todo sobre nuestros coches y las experiencias que vivimos con ellos. Si est\u00e1s preparado para dejarte seducir por la filosof\u00eda Subaru, qu\u00e9date con nosotros.","publisher":{"@id":"https:\/\/www.subaru.es\/blog\/#organization"},"potentialAction":[{"@type":"SearchAction","target":{"@type":"EntryPoint","urlTemplate":"https:\/\/www.subaru.es\/blog\/?s={search_term_string}"},"query-input":{"@type":"PropertyValueSpecification","valueRequired":true,"valueName":"search_term_string"}}],"inLanguage":"es"},{"@type":"Organization","@id":"https:\/\/www.subaru.es\/blog\/#organization","name":"Subaru Espa\u00f1a S.A.","url":"https:\/\/www.subaru.es\/blog\/","logo":{"@type":"ImageObject","inLanguage":"es","@id":"https:\/\/www.subaru.es\/blog\/#\/schema\/logo\/image\/","url":"https:\/\/www.subaru.es\/blog\/wp-content\/uploads\/2016\/12\/Logo-Subaru-TypeV_C300-scaled.jpg","contentUrl":"https:\/\/www.subaru.es\/blog\/wp-content\/uploads\/2016\/12\/Logo-Subaru-TypeV_C300-scaled.jpg","width":2560,"height":1864,"caption":"Subaru Espa\u00f1a S.A."},"image":{"@id":"https:\/\/www.subaru.es\/blog\/#\/schema\/logo\/image\/"},"sameAs":["https:\/\/www.facebook.com\/subaruespana","https:\/\/www.instagram.com\/subarues\/","https:\/\/www.youtube.com\/user\/subaruespana"]},{"@type":"Person","@id":"https:\/\/www.subaru.es\/blog\/#\/schema\/person\/19a90b892230b8e0ec752704ddf4aa10","name":"Subaru","url":"https:\/\/www.subaru.es\/blog\/author\/subaria\/"}]}},"_links":{"self":[{"href":"https:\/\/www.subaru.es\/blog\/wp-json\/wp\/v2\/posts\/6427","targetHints":{"allow":["GET"]}}],"collection":[{"href":"https:\/\/www.subaru.es\/blog\/wp-json\/wp\/v2\/posts"}],"about":[{"href":"https:\/\/www.subaru.es\/blog\/wp-json\/wp\/v2\/types\/post"}],"author":[{"embeddable":true,"href":"https:\/\/www.subaru.es\/blog\/wp-json\/wp\/v2\/users\/21"}],"replies":[{"embeddable":true,"href":"https:\/\/www.subaru.es\/blog\/wp-json\/wp\/v2\/comments?post=6427"}],"version-history":[{"count":1,"href":"https:\/\/www.subaru.es\/blog\/wp-json\/wp\/v2\/posts\/6427\/revisions"}],"predecessor-version":[{"id":14890,"href":"https:\/\/www.subaru.es\/blog\/wp-json\/wp\/v2\/posts\/6427\/revisions\/14890"}],"wp:attachment":[{"href":"https:\/\/www.subaru.es\/blog\/wp-json\/wp\/v2\/media?parent=6427"}],"wp:term":[{"taxonomy":"category","embeddable":true,"href":"https:\/\/www.subaru.es\/blog\/wp-json\/wp\/v2\/categories?post=6427"},{"taxonomy":"post_tag","embeddable":true,"href":"https:\/\/www.subaru.es\/blog\/wp-json\/wp\/v2\/tags?post=6427"}],"curies":[{"name":"wp","href":"https:\/\/api.w.org\/{rel}","templated":true}]}}