{"id":6351,"date":"2013-07-15T13:51:11","date_gmt":"2013-07-15T11:51:11","guid":{"rendered":"http:\/\/subaru.preproduccion.com\/blog\/?p=6351"},"modified":"2016-10-17T15:07:24","modified_gmt":"2016-10-17T13:07:24","slug":"la-movilidad-sostenible-implica-quedarnos-sin-coches","status":"publish","type":"post","link":"https:\/\/www.subaru.es\/blog\/nuestra-marca\/la-movilidad-sostenible-implica-quedarnos-sin-coches\/","title":{"rendered":"La movilidad sostenible, \u00bfimplica quedarnos sin coches?"},"content":{"rendered":"<p><img decoding=\"async\" class=\"aligncenter size-full wp-image-6353 lazyload\" title=\"carril-bici\" data-src=\"https:\/\/www.subaru.es\/blog\/wp-content\/uploads\/2012\/02\/carril-bici.jpeg\" alt=\"\" width=\"600\" height=\"450\" data-srcset=\"https:\/\/www.subaru.es\/blog\/wp-content\/uploads\/2012\/02\/carril-bici.jpeg 600w, https:\/\/www.subaru.es\/blog\/wp-content\/uploads\/2012\/02\/carril-bici-560x420.jpeg 560w\" data-sizes=\"(max-width: 600px) 100vw, 600px\" src=\"data:image\/svg+xml;base64,PHN2ZyB3aWR0aD0iMSIgaGVpZ2h0PSIxIiB4bWxucz0iaHR0cDovL3d3dy53My5vcmcvMjAwMC9zdmciPjwvc3ZnPg==\" style=\"--smush-placeholder-width: 600px; --smush-placeholder-aspect-ratio: 600\/450;\" \/><br \/>\n\u00bfQu\u00e9 es la movilidad sostenible? Se dice que la <strong>movilidad sostenible<\/strong> se pone en pr\u00e1ctica cuando tratamos de minimizar el impacto negativo de los coches en circulaci\u00f3n. O sea, que practicamos la movilidad sostenible si no usamos el coche par ir a comprar el pan 200 metros m\u00e1s adelante.<\/p>\n<p>Abogar por el uso de la bicicleta, caminar para llegar a los sitios, utilizar el transporte p\u00fablico cuando vamos \u00abal centro\u00bb son algunas de las cosas que tenemos m\u00e1s a mano para que las ciudades sean lugares con menos contaminaci\u00f3n, con menos ruidos, con menos malgasto de energ\u00eda. Pero, entonces, <strong>\u00bfmovilidad sostenible implica necesariamente prescindir del coche?<\/strong>\u00a0Veamos un caso concreto. Rivas Vaciamadrid\u00a0celebra cada semana los\u00a0<strong>\u00abDomingos sin coches\u00bb<\/strong>, una iniciativa a trav\u00e9s de\u00a0la\u00a0cual\u00a0se cierra al tr\u00e1fico contaminante un tramo de 200 metros de la Avenida del Cerro del Tel\u00e9grafo para que pueda ser disfrutado por peatones, ciclistas, patinadores y dem\u00e1s personas que se desplacen sobre ruedas, sin\u00a0\u00abmalos humos\u00bb para el medio ambiente. Pero, \u00bfes \u00e9ste un buen ejemplo de movilidad sostenible?<\/p>\n<p>En cierta medida, <strong>es un ejemplo de que se puede vivir un domingo sin coches<\/strong>. Es algo que t\u00fa o yo hacemos muy a menudo (si te fijas). Pasar un d\u00eda del fin de semana tranquilamente en casa, sin sacar el coche y, si me apuras, sin salir de casa mientras disfrutas del calor hogare\u00f1o es algo que podemos llamar com\u00fan. Hacer lo mismo un d\u00eda laborable, es decir, prescindir del coche y \u00abbuscarnos la vida\u00bb es otro cantar muy diferente. Y es que mientras que el fin de semana es un momento ideal para sacar a pasear, los d\u00edas laborables tenemos otras preocupaciones como, por ejemplo, llegar en un tiempo razonable al lugar de trabajo.<\/p>\n<p>Por eso mismo, el \u00ab<strong>D\u00eda sin Coches<\/strong>\u00bb me parece una buena idea para mostrar que se pueden hacer muchas cosas sin coche, pero no tiene demasiado sentido si nos damos cuenta de que <strong>la movilidad sostenible tiene que serlo todos los d\u00edas de la semana<\/strong>, y no solo el domingo. Podr\u00eda parecer que soy excesivamente cr\u00edtico: no, al rev\u00e9s. Me gusta la iniciativa, me gusta que se eduque a los m\u00e1s peque\u00f1os y que no dependamos hasta cierto punto del coche. Pero simplemente no creo que la movilidad sostenible sea lo mismo que un d\u00eda sin coches, o que una semana o un mes sin coches.<\/p>\n<p>Se trata sencillamente de ejercer nuestra propia responsabilidad como conductores y ciudadanos. Y por supuesto, dejar de ir a comprar el pan en coche. Un pase\u00edto, picar algo de la barra de pan, y listo.<\/p>\n<p>V\u00eda | <a href=\"http:\/\/www.madridiario.es\/2012\/Febrero\/municipio\/rivas\/213920\/rivas-vaciamadrid-domingo-sin-coche-medioambiente-sostenibilidad-polucion-botella.htmlml\">Madridiario<\/a><br \/>\nFoto | <a href=\"http:\/\/www.flickr.com\/photos\/imamon\/405744852\/sizes\/z\/in\/photostream\/\">Imamon<\/a><\/p>\n","protected":false},"excerpt":{"rendered":"<p>\u00bfQu\u00e9 es la movilidad sostenible? Se dice que la movilidad sostenible se pone en pr\u00e1ctica cuando tratamos de minimizar el impacto negativo de los coches en circulaci\u00f3n. O sea, que practicamos la movilidad sostenible si no usamos el coche par ir a comprar el pan 200 metros m\u00e1s adelante. Abogar por el uso de la [&hellip;]<\/p>\n","protected":false},"author":21,"featured_media":6353,"comment_status":"open","ping_status":"open","sticky":false,"template":"","format":"standard","meta":{"_acf_changed":false,"_eb_attr":"","inline_featured_image":false,"footnotes":""},"categories":[4401],"tags":[3842,244,3520,3843],"class_list":["post-6351","post","type-post","status-publish","format-standard","has-post-thumbnail","hentry","category-nuestra-marca","tag-dia-sin-coches","tag-madrid","tag-movilidad-sostenible","tag-rivas-vaciamadrid"],"acf":[],"yoast_head":"<!-- This site is optimized with the Yoast SEO plugin v27.3 - https:\/\/yoast.com\/product\/yoast-seo-wordpress\/ -->\n<title>La movilidad sostenible, \u00bfimplica quedarnos sin coches? - Universo Subaru<\/title>\n<meta name=\"robots\" content=\"index, follow, max-snippet:-1, max-image-preview:large, max-video-preview:-1\" \/>\n<link rel=\"canonical\" href=\"https:\/\/www.subaru.es\/blog\/nuestra-marca\/la-movilidad-sostenible-implica-quedarnos-sin-coches\/\" \/>\n<meta property=\"og:locale\" content=\"es_ES\" \/>\n<meta property=\"og:type\" content=\"article\" \/>\n<meta property=\"og:title\" content=\"La movilidad sostenible, \u00bfimplica quedarnos sin coches? - Universo Subaru\" \/>\n<meta property=\"og:description\" content=\"\u00bfQu\u00e9 es la movilidad sostenible? Se dice que la movilidad sostenible se pone en pr\u00e1ctica cuando tratamos de minimizar el impacto negativo de los coches en circulaci\u00f3n. O sea, que practicamos la movilidad sostenible si no usamos el coche par ir a comprar el pan 200 metros m\u00e1s adelante. Abogar por el uso de la [&hellip;]\" \/>\n<meta property=\"og:url\" content=\"https:\/\/www.subaru.es\/blog\/nuestra-marca\/la-movilidad-sostenible-implica-quedarnos-sin-coches\/\" \/>\n<meta property=\"og:site_name\" content=\"Universo Subaru\" \/>\n<meta property=\"article:publisher\" content=\"https:\/\/www.facebook.com\/subaruespana\" \/>\n<meta property=\"article:published_time\" content=\"2013-07-15T11:51:11+00:00\" \/>\n<meta property=\"article:modified_time\" content=\"2016-10-17T13:07:24+00:00\" \/>\n<meta property=\"og:image\" content=\"https:\/\/www.subaru.es\/blog\/wp-content\/uploads\/2012\/02\/carril-bici.jpeg\" \/>\n\t<meta property=\"og:image:width\" content=\"600\" \/>\n\t<meta property=\"og:image:height\" content=\"450\" \/>\n\t<meta property=\"og:image:type\" content=\"image\/jpeg\" \/>\n<meta name=\"author\" content=\"Subaru\" \/>\n<meta name=\"twitter:card\" content=\"summary_large_image\" \/>\n<meta name=\"twitter:label1\" content=\"Escrito por\" \/>\n\t<meta name=\"twitter:data1\" content=\"Subaru\" \/>\n\t<meta name=\"twitter:label2\" content=\"Tiempo de lectura\" \/>\n\t<meta name=\"twitter:data2\" content=\"2 minutos\" \/>\n<script type=\"application\/ld+json\" class=\"yoast-schema-graph\">{\"@context\":\"https:\\\/\\\/schema.org\",\"@graph\":[{\"@type\":\"Article\",\"@id\":\"https:\\\/\\\/www.subaru.es\\\/blog\\\/nuestra-marca\\\/la-movilidad-sostenible-implica-quedarnos-sin-coches\\\/#article\",\"isPartOf\":{\"@id\":\"https:\\\/\\\/www.subaru.es\\\/blog\\\/nuestra-marca\\\/la-movilidad-sostenible-implica-quedarnos-sin-coches\\\/\"},\"author\":{\"name\":\"Subaru\",\"@id\":\"https:\\\/\\\/www.subaru.es\\\/blog\\\/#\\\/schema\\\/person\\\/19a90b892230b8e0ec752704ddf4aa10\"},\"headline\":\"La movilidad sostenible, \u00bfimplica quedarnos sin coches?\",\"datePublished\":\"2013-07-15T11:51:11+00:00\",\"dateModified\":\"2016-10-17T13:07:24+00:00\",\"mainEntityOfPage\":{\"@id\":\"https:\\\/\\\/www.subaru.es\\\/blog\\\/nuestra-marca\\\/la-movilidad-sostenible-implica-quedarnos-sin-coches\\\/\"},\"wordCount\":468,\"commentCount\":0,\"publisher\":{\"@id\":\"https:\\\/\\\/www.subaru.es\\\/blog\\\/#organization\"},\"image\":{\"@id\":\"https:\\\/\\\/www.subaru.es\\\/blog\\\/nuestra-marca\\\/la-movilidad-sostenible-implica-quedarnos-sin-coches\\\/#primaryimage\"},\"thumbnailUrl\":\"https:\\\/\\\/www.subaru.es\\\/blog\\\/wp-content\\\/uploads\\\/2012\\\/02\\\/carril-bici.jpeg\",\"keywords\":[\"D\u00eda sin coches\",\"madrid\",\"Movilidad sostenible\",\"Rivas Vaciamadrid\"],\"articleSection\":[\"Nuestra marca\"],\"inLanguage\":\"es\",\"potentialAction\":[{\"@type\":\"CommentAction\",\"name\":\"Comment\",\"target\":[\"https:\\\/\\\/www.subaru.es\\\/blog\\\/nuestra-marca\\\/la-movilidad-sostenible-implica-quedarnos-sin-coches\\\/#respond\"]}]},{\"@type\":\"WebPage\",\"@id\":\"https:\\\/\\\/www.subaru.es\\\/blog\\\/nuestra-marca\\\/la-movilidad-sostenible-implica-quedarnos-sin-coches\\\/\",\"url\":\"https:\\\/\\\/www.subaru.es\\\/blog\\\/nuestra-marca\\\/la-movilidad-sostenible-implica-quedarnos-sin-coches\\\/\",\"name\":\"La movilidad sostenible, \u00bfimplica quedarnos sin coches? - Universo Subaru\",\"isPartOf\":{\"@id\":\"https:\\\/\\\/www.subaru.es\\\/blog\\\/#website\"},\"primaryImageOfPage\":{\"@id\":\"https:\\\/\\\/www.subaru.es\\\/blog\\\/nuestra-marca\\\/la-movilidad-sostenible-implica-quedarnos-sin-coches\\\/#primaryimage\"},\"image\":{\"@id\":\"https:\\\/\\\/www.subaru.es\\\/blog\\\/nuestra-marca\\\/la-movilidad-sostenible-implica-quedarnos-sin-coches\\\/#primaryimage\"},\"thumbnailUrl\":\"https:\\\/\\\/www.subaru.es\\\/blog\\\/wp-content\\\/uploads\\\/2012\\\/02\\\/carril-bici.jpeg\",\"datePublished\":\"2013-07-15T11:51:11+00:00\",\"dateModified\":\"2016-10-17T13:07:24+00:00\",\"breadcrumb\":{\"@id\":\"https:\\\/\\\/www.subaru.es\\\/blog\\\/nuestra-marca\\\/la-movilidad-sostenible-implica-quedarnos-sin-coches\\\/#breadcrumb\"},\"inLanguage\":\"es\",\"potentialAction\":[{\"@type\":\"ReadAction\",\"target\":[\"https:\\\/\\\/www.subaru.es\\\/blog\\\/nuestra-marca\\\/la-movilidad-sostenible-implica-quedarnos-sin-coches\\\/\"]}]},{\"@type\":\"ImageObject\",\"inLanguage\":\"es\",\"@id\":\"https:\\\/\\\/www.subaru.es\\\/blog\\\/nuestra-marca\\\/la-movilidad-sostenible-implica-quedarnos-sin-coches\\\/#primaryimage\",\"url\":\"https:\\\/\\\/www.subaru.es\\\/blog\\\/wp-content\\\/uploads\\\/2012\\\/02\\\/carril-bici.jpeg\",\"contentUrl\":\"https:\\\/\\\/www.subaru.es\\\/blog\\\/wp-content\\\/uploads\\\/2012\\\/02\\\/carril-bici.jpeg\",\"width\":600,\"height\":450},{\"@type\":\"BreadcrumbList\",\"@id\":\"https:\\\/\\\/www.subaru.es\\\/blog\\\/nuestra-marca\\\/la-movilidad-sostenible-implica-quedarnos-sin-coches\\\/#breadcrumb\",\"itemListElement\":[{\"@type\":\"ListItem\",\"position\":1,\"name\":\"Portada\",\"item\":\"https:\\\/\\\/www.subaru.es\\\/blog\\\/\"},{\"@type\":\"ListItem\",\"position\":2,\"name\":\"La movilidad sostenible, \u00bfimplica quedarnos sin coches?\"}]},{\"@type\":\"WebSite\",\"@id\":\"https:\\\/\\\/www.subaru.es\\\/blog\\\/#website\",\"url\":\"https:\\\/\\\/www.subaru.es\\\/blog\\\/\",\"name\":\"Universo Subaru\",\"description\":\"Descubre este apasionante espacio de Subaru donde vas a conocer todo sobre nuestros coches y las experiencias que vivimos con ellos. Si est\u00e1s preparado para dejarte seducir por la filosof\u00eda Subaru, qu\u00e9date con nosotros.\",\"publisher\":{\"@id\":\"https:\\\/\\\/www.subaru.es\\\/blog\\\/#organization\"},\"potentialAction\":[{\"@type\":\"SearchAction\",\"target\":{\"@type\":\"EntryPoint\",\"urlTemplate\":\"https:\\\/\\\/www.subaru.es\\\/blog\\\/?s={search_term_string}\"},\"query-input\":{\"@type\":\"PropertyValueSpecification\",\"valueRequired\":true,\"valueName\":\"search_term_string\"}}],\"inLanguage\":\"es\"},{\"@type\":\"Organization\",\"@id\":\"https:\\\/\\\/www.subaru.es\\\/blog\\\/#organization\",\"name\":\"Subaru Espa\u00f1a S.A.\",\"url\":\"https:\\\/\\\/www.subaru.es\\\/blog\\\/\",\"logo\":{\"@type\":\"ImageObject\",\"inLanguage\":\"es\",\"@id\":\"https:\\\/\\\/www.subaru.es\\\/blog\\\/#\\\/schema\\\/logo\\\/image\\\/\",\"url\":\"https:\\\/\\\/www.subaru.es\\\/blog\\\/wp-content\\\/uploads\\\/2016\\\/12\\\/Logo-Subaru-TypeV_C300-scaled.jpg\",\"contentUrl\":\"https:\\\/\\\/www.subaru.es\\\/blog\\\/wp-content\\\/uploads\\\/2016\\\/12\\\/Logo-Subaru-TypeV_C300-scaled.jpg\",\"width\":2560,\"height\":1864,\"caption\":\"Subaru Espa\u00f1a S.A.\"},\"image\":{\"@id\":\"https:\\\/\\\/www.subaru.es\\\/blog\\\/#\\\/schema\\\/logo\\\/image\\\/\"},\"sameAs\":[\"https:\\\/\\\/www.facebook.com\\\/subaruespana\",\"https:\\\/\\\/www.instagram.com\\\/subarues\\\/\",\"https:\\\/\\\/www.youtube.com\\\/user\\\/subaruespana\"]},{\"@type\":\"Person\",\"@id\":\"https:\\\/\\\/www.subaru.es\\\/blog\\\/#\\\/schema\\\/person\\\/19a90b892230b8e0ec752704ddf4aa10\",\"name\":\"Subaru\",\"url\":\"https:\\\/\\\/www.subaru.es\\\/blog\\\/author\\\/subaria\\\/\"}]}<\/script>\n<!-- \/ Yoast SEO plugin. -->","yoast_head_json":{"title":"La movilidad sostenible, \u00bfimplica quedarnos sin coches? - Universo Subaru","robots":{"index":"index","follow":"follow","max-snippet":"max-snippet:-1","max-image-preview":"max-image-preview:large","max-video-preview":"max-video-preview:-1"},"canonical":"https:\/\/www.subaru.es\/blog\/nuestra-marca\/la-movilidad-sostenible-implica-quedarnos-sin-coches\/","og_locale":"es_ES","og_type":"article","og_title":"La movilidad sostenible, \u00bfimplica quedarnos sin coches? - Universo Subaru","og_description":"\u00bfQu\u00e9 es la movilidad sostenible? Se dice que la movilidad sostenible se pone en pr\u00e1ctica cuando tratamos de minimizar el impacto negativo de los coches en circulaci\u00f3n. O sea, que practicamos la movilidad sostenible si no usamos el coche par ir a comprar el pan 200 metros m\u00e1s adelante. Abogar por el uso de la [&hellip;]","og_url":"https:\/\/www.subaru.es\/blog\/nuestra-marca\/la-movilidad-sostenible-implica-quedarnos-sin-coches\/","og_site_name":"Universo Subaru","article_publisher":"https:\/\/www.facebook.com\/subaruespana","article_published_time":"2013-07-15T11:51:11+00:00","article_modified_time":"2016-10-17T13:07:24+00:00","og_image":[{"width":600,"height":450,"url":"https:\/\/www.subaru.es\/blog\/wp-content\/uploads\/2012\/02\/carril-bici.jpeg","type":"image\/jpeg"}],"author":"Subaru","twitter_card":"summary_large_image","twitter_misc":{"Escrito por":"Subaru","Tiempo de lectura":"2 minutos"},"schema":{"@context":"https:\/\/schema.org","@graph":[{"@type":"Article","@id":"https:\/\/www.subaru.es\/blog\/nuestra-marca\/la-movilidad-sostenible-implica-quedarnos-sin-coches\/#article","isPartOf":{"@id":"https:\/\/www.subaru.es\/blog\/nuestra-marca\/la-movilidad-sostenible-implica-quedarnos-sin-coches\/"},"author":{"name":"Subaru","@id":"https:\/\/www.subaru.es\/blog\/#\/schema\/person\/19a90b892230b8e0ec752704ddf4aa10"},"headline":"La movilidad sostenible, \u00bfimplica quedarnos sin coches?","datePublished":"2013-07-15T11:51:11+00:00","dateModified":"2016-10-17T13:07:24+00:00","mainEntityOfPage":{"@id":"https:\/\/www.subaru.es\/blog\/nuestra-marca\/la-movilidad-sostenible-implica-quedarnos-sin-coches\/"},"wordCount":468,"commentCount":0,"publisher":{"@id":"https:\/\/www.subaru.es\/blog\/#organization"},"image":{"@id":"https:\/\/www.subaru.es\/blog\/nuestra-marca\/la-movilidad-sostenible-implica-quedarnos-sin-coches\/#primaryimage"},"thumbnailUrl":"https:\/\/www.subaru.es\/blog\/wp-content\/uploads\/2012\/02\/carril-bici.jpeg","keywords":["D\u00eda sin coches","madrid","Movilidad sostenible","Rivas Vaciamadrid"],"articleSection":["Nuestra marca"],"inLanguage":"es","potentialAction":[{"@type":"CommentAction","name":"Comment","target":["https:\/\/www.subaru.es\/blog\/nuestra-marca\/la-movilidad-sostenible-implica-quedarnos-sin-coches\/#respond"]}]},{"@type":"WebPage","@id":"https:\/\/www.subaru.es\/blog\/nuestra-marca\/la-movilidad-sostenible-implica-quedarnos-sin-coches\/","url":"https:\/\/www.subaru.es\/blog\/nuestra-marca\/la-movilidad-sostenible-implica-quedarnos-sin-coches\/","name":"La movilidad sostenible, \u00bfimplica quedarnos sin coches? - Universo Subaru","isPartOf":{"@id":"https:\/\/www.subaru.es\/blog\/#website"},"primaryImageOfPage":{"@id":"https:\/\/www.subaru.es\/blog\/nuestra-marca\/la-movilidad-sostenible-implica-quedarnos-sin-coches\/#primaryimage"},"image":{"@id":"https:\/\/www.subaru.es\/blog\/nuestra-marca\/la-movilidad-sostenible-implica-quedarnos-sin-coches\/#primaryimage"},"thumbnailUrl":"https:\/\/www.subaru.es\/blog\/wp-content\/uploads\/2012\/02\/carril-bici.jpeg","datePublished":"2013-07-15T11:51:11+00:00","dateModified":"2016-10-17T13:07:24+00:00","breadcrumb":{"@id":"https:\/\/www.subaru.es\/blog\/nuestra-marca\/la-movilidad-sostenible-implica-quedarnos-sin-coches\/#breadcrumb"},"inLanguage":"es","potentialAction":[{"@type":"ReadAction","target":["https:\/\/www.subaru.es\/blog\/nuestra-marca\/la-movilidad-sostenible-implica-quedarnos-sin-coches\/"]}]},{"@type":"ImageObject","inLanguage":"es","@id":"https:\/\/www.subaru.es\/blog\/nuestra-marca\/la-movilidad-sostenible-implica-quedarnos-sin-coches\/#primaryimage","url":"https:\/\/www.subaru.es\/blog\/wp-content\/uploads\/2012\/02\/carril-bici.jpeg","contentUrl":"https:\/\/www.subaru.es\/blog\/wp-content\/uploads\/2012\/02\/carril-bici.jpeg","width":600,"height":450},{"@type":"BreadcrumbList","@id":"https:\/\/www.subaru.es\/blog\/nuestra-marca\/la-movilidad-sostenible-implica-quedarnos-sin-coches\/#breadcrumb","itemListElement":[{"@type":"ListItem","position":1,"name":"Portada","item":"https:\/\/www.subaru.es\/blog\/"},{"@type":"ListItem","position":2,"name":"La movilidad sostenible, \u00bfimplica quedarnos sin coches?"}]},{"@type":"WebSite","@id":"https:\/\/www.subaru.es\/blog\/#website","url":"https:\/\/www.subaru.es\/blog\/","name":"Universo Subaru","description":"Descubre este apasionante espacio de Subaru donde vas a conocer todo sobre nuestros coches y las experiencias que vivimos con ellos. Si est\u00e1s preparado para dejarte seducir por la filosof\u00eda Subaru, qu\u00e9date con nosotros.","publisher":{"@id":"https:\/\/www.subaru.es\/blog\/#organization"},"potentialAction":[{"@type":"SearchAction","target":{"@type":"EntryPoint","urlTemplate":"https:\/\/www.subaru.es\/blog\/?s={search_term_string}"},"query-input":{"@type":"PropertyValueSpecification","valueRequired":true,"valueName":"search_term_string"}}],"inLanguage":"es"},{"@type":"Organization","@id":"https:\/\/www.subaru.es\/blog\/#organization","name":"Subaru Espa\u00f1a S.A.","url":"https:\/\/www.subaru.es\/blog\/","logo":{"@type":"ImageObject","inLanguage":"es","@id":"https:\/\/www.subaru.es\/blog\/#\/schema\/logo\/image\/","url":"https:\/\/www.subaru.es\/blog\/wp-content\/uploads\/2016\/12\/Logo-Subaru-TypeV_C300-scaled.jpg","contentUrl":"https:\/\/www.subaru.es\/blog\/wp-content\/uploads\/2016\/12\/Logo-Subaru-TypeV_C300-scaled.jpg","width":2560,"height":1864,"caption":"Subaru Espa\u00f1a S.A."},"image":{"@id":"https:\/\/www.subaru.es\/blog\/#\/schema\/logo\/image\/"},"sameAs":["https:\/\/www.facebook.com\/subaruespana","https:\/\/www.instagram.com\/subarues\/","https:\/\/www.youtube.com\/user\/subaruespana"]},{"@type":"Person","@id":"https:\/\/www.subaru.es\/blog\/#\/schema\/person\/19a90b892230b8e0ec752704ddf4aa10","name":"Subaru","url":"https:\/\/www.subaru.es\/blog\/author\/subaria\/"}]}},"_links":{"self":[{"href":"https:\/\/www.subaru.es\/blog\/wp-json\/wp\/v2\/posts\/6351","targetHints":{"allow":["GET"]}}],"collection":[{"href":"https:\/\/www.subaru.es\/blog\/wp-json\/wp\/v2\/posts"}],"about":[{"href":"https:\/\/www.subaru.es\/blog\/wp-json\/wp\/v2\/types\/post"}],"author":[{"embeddable":true,"href":"https:\/\/www.subaru.es\/blog\/wp-json\/wp\/v2\/users\/21"}],"replies":[{"embeddable":true,"href":"https:\/\/www.subaru.es\/blog\/wp-json\/wp\/v2\/comments?post=6351"}],"version-history":[{"count":1,"href":"https:\/\/www.subaru.es\/blog\/wp-json\/wp\/v2\/posts\/6351\/revisions"}],"predecessor-version":[{"id":16040,"href":"https:\/\/www.subaru.es\/blog\/wp-json\/wp\/v2\/posts\/6351\/revisions\/16040"}],"wp:featuredmedia":[{"embeddable":true,"href":"https:\/\/www.subaru.es\/blog\/wp-json\/wp\/v2\/media\/6353"}],"wp:attachment":[{"href":"https:\/\/www.subaru.es\/blog\/wp-json\/wp\/v2\/media?parent=6351"}],"wp:term":[{"taxonomy":"category","embeddable":true,"href":"https:\/\/www.subaru.es\/blog\/wp-json\/wp\/v2\/categories?post=6351"},{"taxonomy":"post_tag","embeddable":true,"href":"https:\/\/www.subaru.es\/blog\/wp-json\/wp\/v2\/tags?post=6351"}],"curies":[{"name":"wp","href":"https:\/\/api.w.org\/{rel}","templated":true}]}}