{"id":6339,"date":"2012-06-22T12:05:48","date_gmt":"2012-06-22T10:05:48","guid":{"rendered":"http:\/\/subaru.preproduccion.com\/blog\/?p=6339"},"modified":"2016-10-17T15:11:04","modified_gmt":"2016-10-17T13:11:04","slug":"nuevo-avance-en-baterias-llegaran-por-fin-los-electricos","status":"publish","type":"post","link":"https:\/\/www.subaru.es\/blog\/nuestra-marca\/nuevo-avance-en-baterias-llegaran-por-fin-los-electricos\/","title":{"rendered":"Nuevo avance en bater\u00edas: \u00bfllegar\u00e1n por fin los el\u00e9ctricos?"},"content":{"rendered":"<p><center><a href=\"https:\/\/www.subaru.es\/blog\/wp-content\/uploads\/2012\/02\/electrico.jpg\"><img decoding=\"async\" class=\"alignnone size-full wp-image-6340 lazyload\" title=\"electrico\" data-src=\"https:\/\/www.subaru.es\/blog\/wp-content\/uploads\/2012\/02\/electrico.jpg\" alt=\"\" width=\"500\" height=\"375\" src=\"data:image\/svg+xml;base64,PHN2ZyB3aWR0aD0iMSIgaGVpZ2h0PSIxIiB4bWxucz0iaHR0cDovL3d3dy53My5vcmcvMjAwMC9zdmciPjwvc3ZnPg==\" style=\"--smush-placeholder-width: 500px; --smush-placeholder-aspect-ratio: 500\/375;\" \/><\/a><\/center><\/p>\n<p><a href=\"https:\/\/www.subaru.es\/blog\/wp-content\/uploads\/2012\/02\/electrico.jpg\"><\/a>Cada vez que leemos algo sobre un nuevo gran avance en bater\u00edas que har\u00e1 que por fin <strong>los veh\u00edculos el\u00e9ctricos logren pasar de ser algo marginal a ser la norma general<\/strong>, la primera reacci\u00f3n es la de alegr\u00eda. Despu\u00e9s recordamos que <a href=\"https:\/\/www.subaru.es\/blog\/eco-innovacion\/baterias-de-combustible-liquido-el-futuro-de-los-electricos\/\" target=\"_blank\">no es la primera vez<\/a> que leemos eso y que no mucho ha cambiado. Pero \u00bfvamos por ello a dejar de emocionarnos con cada rayo de luz que llega desde el futuro? \u00a1Claro que no! Hoy tenemos una nueva noticia de este tipo: bater\u00edas m\u00e1s potentes y m\u00e1s baratas.<!--more--><\/p>\n<p>Se trata de una <a href=\"http:\/\/faircompanies.com\/news\/view\/10-tecnologias-para-una-bateria-ligera-barata-y-durable\/\" target=\"_blank\">bater\u00eda<\/a> desarrollada por Envia, desde donde aseguran que han logrado una <strong>densidad energ\u00e9tica de unos 400Kh\/Kg (<\/strong>casi cuatro veces mayor a la habitual en la actualidad). A a esta densidad energ\u00e9tica mayor se le suma un menor precio: el kilovatio estar\u00eda a 125 d\u00f3lares, por debajo del precio habitual de 200 d\u00f3lares.<\/p>\n<p>\u00bfC\u00f3mo han conseguido esto desde Envia? A trav\u00e9s de una nueva f\u00f3rmula para la creaci\u00f3n de los electrodos de las <a href=\"http:\/\/www.xataka.com\/otros\/baterias-de-litio-ion-cosas-que-debemos-saber\" target=\"_blank\">bater\u00edas de litio<\/a>: el compuesto responsable del avance es una <strong>composici\u00f3n de manganeso enriquecido de alta capacidad (HCMR) en el c\u00e1todo<\/strong> de la bater\u00eda. Adem\u00e1s, en el \u00e1nodo se han utilizado nanocompuestos de silicio y carbono.<\/p>\n<p>El resultado de esto son bater\u00edas que podr\u00edan hacer que en pocos a\u00f1os (desde Envia aseguran que en 2015 podr\u00edan salir ya al mercado) veamos <strong>veh\u00edculos el\u00e9ctricos con una autonom\u00eda de 500 kil\u00f3metros por unos 20.000 euros<\/strong>. Suena bien, \u00bfverdad? Por supuesto, podr\u00eda tratarse una vez m\u00e1s de uno de esos avances que despu\u00e9s quedan en nada, pero la esperanza es lo \u00faltimo que se pierde. \u00a1Lo que sea por ayudar a cuidar el medioambiente!<\/p>\n<p>V\u00eda | <a href=\"http:\/\/www.motorpasionfuturo.com\/industria\/nueva-bateria-promete-capacidades-cuatro-veces-superiores\" target=\"_blank\">Motorpasi\u00f3n Futuro<\/a><br \/>\nFoto | <a href=\"http:\/\/www.flickr.com\/photos\/david_megginson\/503561466\/\" target=\"_blank\">David Megginson<\/a><\/p>\n","protected":false},"excerpt":{"rendered":"<p>Cada vez que leemos algo sobre un nuevo gran avance en bater\u00edas que har\u00e1 que por fin los veh\u00edculos el\u00e9ctricos logren pasar de ser algo marginal a ser la norma general, la primera reacci\u00f3n es la de alegr\u00eda. Despu\u00e9s recordamos que no es la primera vez que leemos eso y que no mucho ha cambiado. [&hellip;]<\/p>\n","protected":false},"author":21,"featured_media":6340,"comment_status":"open","ping_status":"open","sticky":false,"template":"","format":"standard","meta":{"_acf_changed":false,"_eb_attr":"","inline_featured_image":false,"footnotes":""},"categories":[4401],"tags":[1843,608,2292,3840,1620],"class_list":["post-6339","post","type-post","status-publish","format-standard","has-post-thumbnail","hentry","category-nuestra-marca","tag-bateria","tag-coche-electrico","tag-electricos","tag-envia","tag-vehiculos-electricos"],"acf":[],"yoast_head":"<!-- This site is optimized with the Yoast SEO plugin v27.3 - https:\/\/yoast.com\/product\/yoast-seo-wordpress\/ -->\n<title>Nuevo avance en bater\u00edas: \u00bfllegar\u00e1n por fin los el\u00e9ctricos? - Universo Subaru<\/title>\n<meta name=\"robots\" content=\"index, follow, max-snippet:-1, max-image-preview:large, max-video-preview:-1\" \/>\n<link rel=\"canonical\" href=\"https:\/\/www.subaru.es\/blog\/nuestra-marca\/nuevo-avance-en-baterias-llegaran-por-fin-los-electricos\/\" \/>\n<meta property=\"og:locale\" content=\"es_ES\" \/>\n<meta property=\"og:type\" content=\"article\" \/>\n<meta property=\"og:title\" content=\"Nuevo avance en bater\u00edas: \u00bfllegar\u00e1n por fin los el\u00e9ctricos? - Universo Subaru\" \/>\n<meta property=\"og:description\" content=\"Cada vez que leemos algo sobre un nuevo gran avance en bater\u00edas que har\u00e1 que por fin los veh\u00edculos el\u00e9ctricos logren pasar de ser algo marginal a ser la norma general, la primera reacci\u00f3n es la de alegr\u00eda. Despu\u00e9s recordamos que no es la primera vez que leemos eso y que no mucho ha cambiado. [&hellip;]\" \/>\n<meta property=\"og:url\" content=\"https:\/\/www.subaru.es\/blog\/nuestra-marca\/nuevo-avance-en-baterias-llegaran-por-fin-los-electricos\/\" \/>\n<meta property=\"og:site_name\" content=\"Universo Subaru\" \/>\n<meta property=\"article:publisher\" content=\"https:\/\/www.facebook.com\/subaruespana\" \/>\n<meta property=\"article:published_time\" content=\"2012-06-22T10:05:48+00:00\" \/>\n<meta property=\"article:modified_time\" content=\"2016-10-17T13:11:04+00:00\" \/>\n<meta property=\"og:image\" content=\"https:\/\/www.subaru.es\/blog\/wp-content\/uploads\/2012\/02\/electrico.jpg\" \/>\n\t<meta property=\"og:image:width\" content=\"500\" \/>\n\t<meta property=\"og:image:height\" content=\"375\" \/>\n\t<meta property=\"og:image:type\" content=\"image\/jpeg\" \/>\n<meta name=\"author\" content=\"Subaru\" \/>\n<meta name=\"twitter:card\" content=\"summary_large_image\" \/>\n<meta name=\"twitter:label1\" content=\"Escrito por\" \/>\n\t<meta name=\"twitter:data1\" content=\"Subaru\" \/>\n\t<meta name=\"twitter:label2\" content=\"Tiempo de lectura\" \/>\n\t<meta name=\"twitter:data2\" content=\"2 minutos\" \/>\n<script type=\"application\/ld+json\" class=\"yoast-schema-graph\">{\"@context\":\"https:\\\/\\\/schema.org\",\"@graph\":[{\"@type\":\"Article\",\"@id\":\"https:\\\/\\\/www.subaru.es\\\/blog\\\/nuestra-marca\\\/nuevo-avance-en-baterias-llegaran-por-fin-los-electricos\\\/#article\",\"isPartOf\":{\"@id\":\"https:\\\/\\\/www.subaru.es\\\/blog\\\/nuestra-marca\\\/nuevo-avance-en-baterias-llegaran-por-fin-los-electricos\\\/\"},\"author\":{\"name\":\"Subaru\",\"@id\":\"https:\\\/\\\/www.subaru.es\\\/blog\\\/#\\\/schema\\\/person\\\/19a90b892230b8e0ec752704ddf4aa10\"},\"headline\":\"Nuevo avance en bater\u00edas: \u00bfllegar\u00e1n por fin los el\u00e9ctricos?\",\"datePublished\":\"2012-06-22T10:05:48+00:00\",\"dateModified\":\"2016-10-17T13:11:04+00:00\",\"mainEntityOfPage\":{\"@id\":\"https:\\\/\\\/www.subaru.es\\\/blog\\\/nuestra-marca\\\/nuevo-avance-en-baterias-llegaran-por-fin-los-electricos\\\/\"},\"wordCount\":328,\"commentCount\":0,\"publisher\":{\"@id\":\"https:\\\/\\\/www.subaru.es\\\/blog\\\/#organization\"},\"image\":{\"@id\":\"https:\\\/\\\/www.subaru.es\\\/blog\\\/nuestra-marca\\\/nuevo-avance-en-baterias-llegaran-por-fin-los-electricos\\\/#primaryimage\"},\"thumbnailUrl\":\"https:\\\/\\\/www.subaru.es\\\/blog\\\/wp-content\\\/uploads\\\/2012\\\/02\\\/electrico.jpg\",\"keywords\":[\"bater\u00eda\",\"coche electrico\",\"el\u00e9ctricos\",\"envia\",\"Veh\u00edculos El\u00e9ctricos\"],\"articleSection\":[\"Nuestra marca\"],\"inLanguage\":\"es\",\"potentialAction\":[{\"@type\":\"CommentAction\",\"name\":\"Comment\",\"target\":[\"https:\\\/\\\/www.subaru.es\\\/blog\\\/nuestra-marca\\\/nuevo-avance-en-baterias-llegaran-por-fin-los-electricos\\\/#respond\"]}]},{\"@type\":\"WebPage\",\"@id\":\"https:\\\/\\\/www.subaru.es\\\/blog\\\/nuestra-marca\\\/nuevo-avance-en-baterias-llegaran-por-fin-los-electricos\\\/\",\"url\":\"https:\\\/\\\/www.subaru.es\\\/blog\\\/nuestra-marca\\\/nuevo-avance-en-baterias-llegaran-por-fin-los-electricos\\\/\",\"name\":\"Nuevo avance en bater\u00edas: \u00bfllegar\u00e1n por fin los el\u00e9ctricos? - Universo Subaru\",\"isPartOf\":{\"@id\":\"https:\\\/\\\/www.subaru.es\\\/blog\\\/#website\"},\"primaryImageOfPage\":{\"@id\":\"https:\\\/\\\/www.subaru.es\\\/blog\\\/nuestra-marca\\\/nuevo-avance-en-baterias-llegaran-por-fin-los-electricos\\\/#primaryimage\"},\"image\":{\"@id\":\"https:\\\/\\\/www.subaru.es\\\/blog\\\/nuestra-marca\\\/nuevo-avance-en-baterias-llegaran-por-fin-los-electricos\\\/#primaryimage\"},\"thumbnailUrl\":\"https:\\\/\\\/www.subaru.es\\\/blog\\\/wp-content\\\/uploads\\\/2012\\\/02\\\/electrico.jpg\",\"datePublished\":\"2012-06-22T10:05:48+00:00\",\"dateModified\":\"2016-10-17T13:11:04+00:00\",\"breadcrumb\":{\"@id\":\"https:\\\/\\\/www.subaru.es\\\/blog\\\/nuestra-marca\\\/nuevo-avance-en-baterias-llegaran-por-fin-los-electricos\\\/#breadcrumb\"},\"inLanguage\":\"es\",\"potentialAction\":[{\"@type\":\"ReadAction\",\"target\":[\"https:\\\/\\\/www.subaru.es\\\/blog\\\/nuestra-marca\\\/nuevo-avance-en-baterias-llegaran-por-fin-los-electricos\\\/\"]}]},{\"@type\":\"ImageObject\",\"inLanguage\":\"es\",\"@id\":\"https:\\\/\\\/www.subaru.es\\\/blog\\\/nuestra-marca\\\/nuevo-avance-en-baterias-llegaran-por-fin-los-electricos\\\/#primaryimage\",\"url\":\"https:\\\/\\\/www.subaru.es\\\/blog\\\/wp-content\\\/uploads\\\/2012\\\/02\\\/electrico.jpg\",\"contentUrl\":\"https:\\\/\\\/www.subaru.es\\\/blog\\\/wp-content\\\/uploads\\\/2012\\\/02\\\/electrico.jpg\",\"width\":500,\"height\":375},{\"@type\":\"BreadcrumbList\",\"@id\":\"https:\\\/\\\/www.subaru.es\\\/blog\\\/nuestra-marca\\\/nuevo-avance-en-baterias-llegaran-por-fin-los-electricos\\\/#breadcrumb\",\"itemListElement\":[{\"@type\":\"ListItem\",\"position\":1,\"name\":\"Portada\",\"item\":\"https:\\\/\\\/www.subaru.es\\\/blog\\\/\"},{\"@type\":\"ListItem\",\"position\":2,\"name\":\"Nuevo avance en bater\u00edas: \u00bfllegar\u00e1n por fin los el\u00e9ctricos?\"}]},{\"@type\":\"WebSite\",\"@id\":\"https:\\\/\\\/www.subaru.es\\\/blog\\\/#website\",\"url\":\"https:\\\/\\\/www.subaru.es\\\/blog\\\/\",\"name\":\"Universo Subaru\",\"description\":\"Descubre este apasionante espacio de Subaru donde vas a conocer todo sobre nuestros coches y las experiencias que vivimos con ellos. Si est\u00e1s preparado para dejarte seducir por la filosof\u00eda Subaru, qu\u00e9date con nosotros.\",\"publisher\":{\"@id\":\"https:\\\/\\\/www.subaru.es\\\/blog\\\/#organization\"},\"potentialAction\":[{\"@type\":\"SearchAction\",\"target\":{\"@type\":\"EntryPoint\",\"urlTemplate\":\"https:\\\/\\\/www.subaru.es\\\/blog\\\/?s={search_term_string}\"},\"query-input\":{\"@type\":\"PropertyValueSpecification\",\"valueRequired\":true,\"valueName\":\"search_term_string\"}}],\"inLanguage\":\"es\"},{\"@type\":\"Organization\",\"@id\":\"https:\\\/\\\/www.subaru.es\\\/blog\\\/#organization\",\"name\":\"Subaru Espa\u00f1a S.A.\",\"url\":\"https:\\\/\\\/www.subaru.es\\\/blog\\\/\",\"logo\":{\"@type\":\"ImageObject\",\"inLanguage\":\"es\",\"@id\":\"https:\\\/\\\/www.subaru.es\\\/blog\\\/#\\\/schema\\\/logo\\\/image\\\/\",\"url\":\"https:\\\/\\\/www.subaru.es\\\/blog\\\/wp-content\\\/uploads\\\/2016\\\/12\\\/Logo-Subaru-TypeV_C300-scaled.jpg\",\"contentUrl\":\"https:\\\/\\\/www.subaru.es\\\/blog\\\/wp-content\\\/uploads\\\/2016\\\/12\\\/Logo-Subaru-TypeV_C300-scaled.jpg\",\"width\":2560,\"height\":1864,\"caption\":\"Subaru Espa\u00f1a S.A.\"},\"image\":{\"@id\":\"https:\\\/\\\/www.subaru.es\\\/blog\\\/#\\\/schema\\\/logo\\\/image\\\/\"},\"sameAs\":[\"https:\\\/\\\/www.facebook.com\\\/subaruespana\",\"https:\\\/\\\/www.instagram.com\\\/subarues\\\/\",\"https:\\\/\\\/www.youtube.com\\\/user\\\/subaruespana\"]},{\"@type\":\"Person\",\"@id\":\"https:\\\/\\\/www.subaru.es\\\/blog\\\/#\\\/schema\\\/person\\\/19a90b892230b8e0ec752704ddf4aa10\",\"name\":\"Subaru\",\"url\":\"https:\\\/\\\/www.subaru.es\\\/blog\\\/author\\\/subaria\\\/\"}]}<\/script>\n<!-- \/ Yoast SEO plugin. -->","yoast_head_json":{"title":"Nuevo avance en bater\u00edas: \u00bfllegar\u00e1n por fin los el\u00e9ctricos? - Universo Subaru","robots":{"index":"index","follow":"follow","max-snippet":"max-snippet:-1","max-image-preview":"max-image-preview:large","max-video-preview":"max-video-preview:-1"},"canonical":"https:\/\/www.subaru.es\/blog\/nuestra-marca\/nuevo-avance-en-baterias-llegaran-por-fin-los-electricos\/","og_locale":"es_ES","og_type":"article","og_title":"Nuevo avance en bater\u00edas: \u00bfllegar\u00e1n por fin los el\u00e9ctricos? - Universo Subaru","og_description":"Cada vez que leemos algo sobre un nuevo gran avance en bater\u00edas que har\u00e1 que por fin los veh\u00edculos el\u00e9ctricos logren pasar de ser algo marginal a ser la norma general, la primera reacci\u00f3n es la de alegr\u00eda. Despu\u00e9s recordamos que no es la primera vez que leemos eso y que no mucho ha cambiado. [&hellip;]","og_url":"https:\/\/www.subaru.es\/blog\/nuestra-marca\/nuevo-avance-en-baterias-llegaran-por-fin-los-electricos\/","og_site_name":"Universo Subaru","article_publisher":"https:\/\/www.facebook.com\/subaruespana","article_published_time":"2012-06-22T10:05:48+00:00","article_modified_time":"2016-10-17T13:11:04+00:00","og_image":[{"width":500,"height":375,"url":"https:\/\/www.subaru.es\/blog\/wp-content\/uploads\/2012\/02\/electrico.jpg","type":"image\/jpeg"}],"author":"Subaru","twitter_card":"summary_large_image","twitter_misc":{"Escrito por":"Subaru","Tiempo de lectura":"2 minutos"},"schema":{"@context":"https:\/\/schema.org","@graph":[{"@type":"Article","@id":"https:\/\/www.subaru.es\/blog\/nuestra-marca\/nuevo-avance-en-baterias-llegaran-por-fin-los-electricos\/#article","isPartOf":{"@id":"https:\/\/www.subaru.es\/blog\/nuestra-marca\/nuevo-avance-en-baterias-llegaran-por-fin-los-electricos\/"},"author":{"name":"Subaru","@id":"https:\/\/www.subaru.es\/blog\/#\/schema\/person\/19a90b892230b8e0ec752704ddf4aa10"},"headline":"Nuevo avance en bater\u00edas: \u00bfllegar\u00e1n por fin los el\u00e9ctricos?","datePublished":"2012-06-22T10:05:48+00:00","dateModified":"2016-10-17T13:11:04+00:00","mainEntityOfPage":{"@id":"https:\/\/www.subaru.es\/blog\/nuestra-marca\/nuevo-avance-en-baterias-llegaran-por-fin-los-electricos\/"},"wordCount":328,"commentCount":0,"publisher":{"@id":"https:\/\/www.subaru.es\/blog\/#organization"},"image":{"@id":"https:\/\/www.subaru.es\/blog\/nuestra-marca\/nuevo-avance-en-baterias-llegaran-por-fin-los-electricos\/#primaryimage"},"thumbnailUrl":"https:\/\/www.subaru.es\/blog\/wp-content\/uploads\/2012\/02\/electrico.jpg","keywords":["bater\u00eda","coche electrico","el\u00e9ctricos","envia","Veh\u00edculos El\u00e9ctricos"],"articleSection":["Nuestra marca"],"inLanguage":"es","potentialAction":[{"@type":"CommentAction","name":"Comment","target":["https:\/\/www.subaru.es\/blog\/nuestra-marca\/nuevo-avance-en-baterias-llegaran-por-fin-los-electricos\/#respond"]}]},{"@type":"WebPage","@id":"https:\/\/www.subaru.es\/blog\/nuestra-marca\/nuevo-avance-en-baterias-llegaran-por-fin-los-electricos\/","url":"https:\/\/www.subaru.es\/blog\/nuestra-marca\/nuevo-avance-en-baterias-llegaran-por-fin-los-electricos\/","name":"Nuevo avance en bater\u00edas: \u00bfllegar\u00e1n por fin los el\u00e9ctricos? - Universo Subaru","isPartOf":{"@id":"https:\/\/www.subaru.es\/blog\/#website"},"primaryImageOfPage":{"@id":"https:\/\/www.subaru.es\/blog\/nuestra-marca\/nuevo-avance-en-baterias-llegaran-por-fin-los-electricos\/#primaryimage"},"image":{"@id":"https:\/\/www.subaru.es\/blog\/nuestra-marca\/nuevo-avance-en-baterias-llegaran-por-fin-los-electricos\/#primaryimage"},"thumbnailUrl":"https:\/\/www.subaru.es\/blog\/wp-content\/uploads\/2012\/02\/electrico.jpg","datePublished":"2012-06-22T10:05:48+00:00","dateModified":"2016-10-17T13:11:04+00:00","breadcrumb":{"@id":"https:\/\/www.subaru.es\/blog\/nuestra-marca\/nuevo-avance-en-baterias-llegaran-por-fin-los-electricos\/#breadcrumb"},"inLanguage":"es","potentialAction":[{"@type":"ReadAction","target":["https:\/\/www.subaru.es\/blog\/nuestra-marca\/nuevo-avance-en-baterias-llegaran-por-fin-los-electricos\/"]}]},{"@type":"ImageObject","inLanguage":"es","@id":"https:\/\/www.subaru.es\/blog\/nuestra-marca\/nuevo-avance-en-baterias-llegaran-por-fin-los-electricos\/#primaryimage","url":"https:\/\/www.subaru.es\/blog\/wp-content\/uploads\/2012\/02\/electrico.jpg","contentUrl":"https:\/\/www.subaru.es\/blog\/wp-content\/uploads\/2012\/02\/electrico.jpg","width":500,"height":375},{"@type":"BreadcrumbList","@id":"https:\/\/www.subaru.es\/blog\/nuestra-marca\/nuevo-avance-en-baterias-llegaran-por-fin-los-electricos\/#breadcrumb","itemListElement":[{"@type":"ListItem","position":1,"name":"Portada","item":"https:\/\/www.subaru.es\/blog\/"},{"@type":"ListItem","position":2,"name":"Nuevo avance en bater\u00edas: \u00bfllegar\u00e1n por fin los el\u00e9ctricos?"}]},{"@type":"WebSite","@id":"https:\/\/www.subaru.es\/blog\/#website","url":"https:\/\/www.subaru.es\/blog\/","name":"Universo Subaru","description":"Descubre este apasionante espacio de Subaru donde vas a conocer todo sobre nuestros coches y las experiencias que vivimos con ellos. Si est\u00e1s preparado para dejarte seducir por la filosof\u00eda Subaru, qu\u00e9date con nosotros.","publisher":{"@id":"https:\/\/www.subaru.es\/blog\/#organization"},"potentialAction":[{"@type":"SearchAction","target":{"@type":"EntryPoint","urlTemplate":"https:\/\/www.subaru.es\/blog\/?s={search_term_string}"},"query-input":{"@type":"PropertyValueSpecification","valueRequired":true,"valueName":"search_term_string"}}],"inLanguage":"es"},{"@type":"Organization","@id":"https:\/\/www.subaru.es\/blog\/#organization","name":"Subaru Espa\u00f1a S.A.","url":"https:\/\/www.subaru.es\/blog\/","logo":{"@type":"ImageObject","inLanguage":"es","@id":"https:\/\/www.subaru.es\/blog\/#\/schema\/logo\/image\/","url":"https:\/\/www.subaru.es\/blog\/wp-content\/uploads\/2016\/12\/Logo-Subaru-TypeV_C300-scaled.jpg","contentUrl":"https:\/\/www.subaru.es\/blog\/wp-content\/uploads\/2016\/12\/Logo-Subaru-TypeV_C300-scaled.jpg","width":2560,"height":1864,"caption":"Subaru Espa\u00f1a S.A."},"image":{"@id":"https:\/\/www.subaru.es\/blog\/#\/schema\/logo\/image\/"},"sameAs":["https:\/\/www.facebook.com\/subaruespana","https:\/\/www.instagram.com\/subarues\/","https:\/\/www.youtube.com\/user\/subaruespana"]},{"@type":"Person","@id":"https:\/\/www.subaru.es\/blog\/#\/schema\/person\/19a90b892230b8e0ec752704ddf4aa10","name":"Subaru","url":"https:\/\/www.subaru.es\/blog\/author\/subaria\/"}]}},"_links":{"self":[{"href":"https:\/\/www.subaru.es\/blog\/wp-json\/wp\/v2\/posts\/6339","targetHints":{"allow":["GET"]}}],"collection":[{"href":"https:\/\/www.subaru.es\/blog\/wp-json\/wp\/v2\/posts"}],"about":[{"href":"https:\/\/www.subaru.es\/blog\/wp-json\/wp\/v2\/types\/post"}],"author":[{"embeddable":true,"href":"https:\/\/www.subaru.es\/blog\/wp-json\/wp\/v2\/users\/21"}],"replies":[{"embeddable":true,"href":"https:\/\/www.subaru.es\/blog\/wp-json\/wp\/v2\/comments?post=6339"}],"version-history":[{"count":1,"href":"https:\/\/www.subaru.es\/blog\/wp-json\/wp\/v2\/posts\/6339\/revisions"}],"predecessor-version":[{"id":15881,"href":"https:\/\/www.subaru.es\/blog\/wp-json\/wp\/v2\/posts\/6339\/revisions\/15881"}],"wp:featuredmedia":[{"embeddable":true,"href":"https:\/\/www.subaru.es\/blog\/wp-json\/wp\/v2\/media\/6340"}],"wp:attachment":[{"href":"https:\/\/www.subaru.es\/blog\/wp-json\/wp\/v2\/media?parent=6339"}],"wp:term":[{"taxonomy":"category","embeddable":true,"href":"https:\/\/www.subaru.es\/blog\/wp-json\/wp\/v2\/categories?post=6339"},{"taxonomy":"post_tag","embeddable":true,"href":"https:\/\/www.subaru.es\/blog\/wp-json\/wp\/v2\/tags?post=6339"}],"curies":[{"name":"wp","href":"https:\/\/api.w.org\/{rel}","templated":true}]}}