{"id":629,"date":"2008-02-28T18:34:49","date_gmt":"2008-02-28T16:34:49","guid":{"rendered":"http:\/\/subaru.preproduccion.com\/blog\/wp-content\/2008\/02\/28\/imprezas-and-blogs-cronica-de-una-presentacion-anunciada\/"},"modified":"2016-10-17T15:11:36","modified_gmt":"2016-10-17T13:11:36","slug":"imprezas-and-blogs-cronica-de-una-presentacion-anunciada","status":"publish","type":"post","link":"https:\/\/www.subaru.es\/blog\/nuestra-marca\/imprezas-and-blogs-cronica-de-una-presentacion-anunciada\/","title":{"rendered":"Imprezas and Blogs: cr\u00f3nica de una presentaci\u00f3n anunciada"},"content":{"rendered":"<p><center><img data-src='https:\/\/www.subaru.es\/blog\/wp-content\/uploads\/2008\/02\/subaru-concesionario-trade-gamboa.jpg' alt='Concesionario Trade Gamboa' src='data:image\/svg+xml;base64,PHN2ZyB3aWR0aD0iMSIgaGVpZ2h0PSIxIiB4bWxucz0iaHR0cDovL3d3dy53My5vcmcvMjAwMC9zdmciPjwvc3ZnPg==' class='lazyload' style='--smush-placeholder-width: 480px; --smush-placeholder-aspect-ratio: 480\/317;' \/><\/center><\/p>\n<p>Luc\u00edan fuera de la hora de trabajo los focos blancos del imponente concesionario <strong>Trade Gamboa<\/strong>, que preside el cruce de <strong>Jos\u00e9 Abascal<\/strong> con <strong>Bravo Murillo<\/strong> en Madrid. <\/p>\n<p>A trav\u00e9s de su muro de cristal, alto como un segundo piso, el escaparate mostraba un juego de veh\u00edculos y personas poco habitual. En primer t\u00e9rmino, un veh\u00edculo que por primera vez iluminaba con sus ojos de xenon la noche madrile\u00f1a: era el <strong>nuevo Impreza Spec C<\/strong>, con miles de pegatinas de anunciantes deportivos sobre su carrocer\u00eda blanca.<\/p>\n<p><center><img data-src='https:\/\/www.subaru.es\/blog\/wp-content\/uploads\/2008\/02\/impreza-spec-c-cup.jpg' alt='Impreza Cup Spec C' src='data:image\/svg+xml;base64,PHN2ZyB3aWR0aD0iMSIgaGVpZ2h0PSIxIiB4bWxucz0iaHR0cDovL3d3dy53My5vcmcvMjAwMC9zdmciPjwvc3ZnPg==' class='lazyload' style='--smush-placeholder-width: 480px; --smush-placeholder-aspect-ratio: 480\/287;' \/><\/center><\/p>\n<p>M\u00e1s atr\u00e1s, contrastando por el color negro metalizado estaba ubicado el <a href=\"https:\/\/www.subaru.es\/blog\/2008\/02\/21\/presentacion-subaru-impreza-cup-impreza-wrx-sti\/\">Impreza prometido<\/a>, el <strong>WRX STI<\/strong> que hab\u00edamos visto en las fotos de salones y pruebas internacionales. Ahora lo ve\u00edamos por primera vez en Espa\u00f1a, con el motor abierto para gusto de los m\u00e1s entendidos, como las puertas del conductor y el copiloto, que algunos bloggers hab\u00edan comenzado ya a traspasar con el permiso supuesto.<\/p>\n<p><center><img data-src='https:\/\/www.subaru.es\/blog\/wp-content\/uploads\/2008\/02\/subaru-impreza-wrx-sti.jpg' alt='Subaru Impreza WRX STI' src='data:image\/svg+xml;base64,PHN2ZyB3aWR0aD0iMSIgaGVpZ2h0PSIxIiB4bWxucz0iaHR0cDovL3d3dy53My5vcmcvMjAwMC9zdmciPjwvc3ZnPg==' class='lazyload' style='--smush-placeholder-width: 480px; --smush-placeholder-aspect-ratio: 480\/360;' \/><\/center><br \/>\n<center><img data-src='https:\/\/www.subaru.es\/blog\/wp-content\/uploads\/2008\/02\/blogger-wrx-sti.jpg' alt='Blogger WRX STI' src='data:image\/svg+xml;base64,PHN2ZyB3aWR0aD0iMSIgaGVpZ2h0PSIxIiB4bWxucz0iaHR0cDovL3d3dy53My5vcmcvMjAwMC9zdmciPjwvc3ZnPg==' class='lazyload' style='--smush-placeholder-width: 480px; --smush-placeholder-aspect-ratio: 480\/320;' \/><\/center><\/p>\n<p>Avanzamos un poco m\u00e1s, la gente comienza a formar grupo a la entrada y nos interesamos por la parte trasera del local. All\u00ed, enfrente de la barra de los aperitivos est\u00e1 el Impreza <em>de calle<\/em>, un imponente 2.0. Junto a una pantalla TFT que se esforzaba en explicar las claves de los nuevos <a href=\"https:\/\/www.subaru.es\/blog\/2007\/09\/21\/subaru-boxer-turbo-diesel\/\"><strong>motores b\u00f3xer di\u00e9sel<\/strong><\/a>, porque justo a sus pies comenzaba el maletero encorvado de otra de las novedades internacionales que se presentaban: el nuevo <strong>Subaru Outback di\u00e9sel,<\/strong> flanqueado al otro lado por un <em>display <\/em>de su propio <strong>motor b\u00f3xer di\u00e9sel<\/strong> (parec\u00edan las tripas al lado del cuerpo).<\/p>\n<p>Por \u00faltimo, la vuelta completaba con el que <a href=\"https:\/\/www.subaru.es\/blog\/2007\/10\/08\/exito-evento-blogger\/\">ya conoc\u00edamos<\/a>, en su <strong>color \u00aboriginal\u00bb<\/strong>. El <strong>Subaru Impreza WRX<\/strong>, con su caracter\u00edstico color <em>azul rally<\/em>, tan identificativo como el rojo de Ferrari si hablamos de F1. Sobre su lomo cazamos esta curiosa instant\u00e1nea de la otra estrella de la noche, el de carne y hueso: el piloto Xevi Pons, que parec\u00eda descansar de los <em>flashes <\/em>y las preguntas salvado por el tel\u00e9fono y la complicidad de su coche.<\/p>\n<p><center><img data-src='https:\/\/www.subaru.es\/blog\/wp-content\/uploads\/2008\/02\/xevi-pons-impreza.jpg' alt='Xevi Pons, instant\u00e1nea con el Subaru Impreza WRX' src='data:image\/svg+xml;base64,PHN2ZyB3aWR0aD0iMSIgaGVpZ2h0PSIxIiB4bWxucz0iaHR0cDovL3d3dy53My5vcmcvMjAwMC9zdmciPjwvc3ZnPg==' class='lazyload' style='--smush-placeholder-width: 467px; --smush-placeholder-aspect-ratio: 467\/355;' \/><\/center><\/p>\n<p>Tambi\u00e9n tenemos el v\u00eddeo del evento (gracias al operador de c\u00e1mara), que hemos subido a <strong><a href=\"http:\/\/www.youtube.com\">YouTube<\/a><\/strong> por si alguien lo quiere utilizar.<\/p>\n<p><center><object width=\"425\" height=\"355\"><param name=\"movie\" value=\"http:\/\/www.youtube.com\/v\/k5CjbXGx8Ok&#038;rel=1\"><\/param><param name=\"wmode\" value=\"transparent\"><\/param><embed src=\"http:\/\/www.youtube.com\/v\/k5CjbXGx8Ok&#038;rel=1\" type=\"application\/x-shockwave-flash\" wmode=\"transparent\" width=\"425\" height=\"355\"><\/embed><\/object><\/center><\/p>\n<p>Por \u00faltimo, agradeceros de parte de los que componemos <strong>Subaru Espa\u00f1a<\/strong>, <strong>Subaru Motorsport<\/strong>, <strong>Trade Gamboa <\/strong>y <strong>Subaria<\/strong>, que os hay\u00e1is acercado a compartir unas horas hablando de lo que m\u00e1s nos gusta. Admiramos vuestro dominio y vuestra pasi\u00f3n.<br \/>\nMuchas gracias y <strong>hasta otra<\/strong>.<\/p>\n","protected":false},"excerpt":{"rendered":"<p>Luc\u00edan fuera de la hora de trabajo los focos blancos del imponente concesionario Trade Gamboa, que preside el cruce de Jos\u00e9 Abascal con Bravo Murillo en Madrid. A trav\u00e9s de su muro de cristal, alto como un segundo piso, el escaparate mostraba un juego de veh\u00edculos y personas poco habitual. En primer t\u00e9rmino, un veh\u00edculo [&hellip;]<\/p>\n","protected":false},"author":21,"featured_media":630,"comment_status":"open","ping_status":"open","sticky":false,"template":"","format":"standard","meta":{"_acf_changed":false,"_eb_attr":"","inline_featured_image":false,"footnotes":""},"categories":[4401],"tags":[174,10,250,249,244,143,241,251,246,252,243,123],"class_list":["post-629","post","type-post","status-publish","format-standard","has-post-thumbnail","hentry","category-nuestra-marca","tag-boxer","tag-impreza","tag-impreza-cup","tag-jose-abascal","tag-madrid","tag-outback","tag-presentacion","tag-spec-c","tag-trade-gamboa","tag-turbo-diesel","tag-wrx-sti","tag-xevi-pons"],"acf":[],"yoast_head":"<!-- This site is optimized with the Yoast SEO plugin v27.3 - https:\/\/yoast.com\/product\/yoast-seo-wordpress\/ -->\n<title>Imprezas and Blogs: cr\u00f3nica de una presentaci\u00f3n anunciada - Universo Subaru<\/title>\n<meta name=\"robots\" content=\"index, follow, max-snippet:-1, max-image-preview:large, max-video-preview:-1\" \/>\n<link rel=\"canonical\" href=\"https:\/\/www.subaru.es\/blog\/nuestra-marca\/imprezas-and-blogs-cronica-de-una-presentacion-anunciada\/\" \/>\n<meta property=\"og:locale\" content=\"es_ES\" \/>\n<meta property=\"og:type\" content=\"article\" \/>\n<meta property=\"og:title\" content=\"Imprezas and Blogs: cr\u00f3nica de una presentaci\u00f3n anunciada - Universo Subaru\" \/>\n<meta property=\"og:description\" content=\"Luc\u00edan fuera de la hora de trabajo los focos blancos del imponente concesionario Trade Gamboa, que preside el cruce de Jos\u00e9 Abascal con Bravo Murillo en Madrid. A trav\u00e9s de su muro de cristal, alto como un segundo piso, el escaparate mostraba un juego de veh\u00edculos y personas poco habitual. En primer t\u00e9rmino, un veh\u00edculo [&hellip;]\" \/>\n<meta property=\"og:url\" content=\"https:\/\/www.subaru.es\/blog\/nuestra-marca\/imprezas-and-blogs-cronica-de-una-presentacion-anunciada\/\" \/>\n<meta property=\"og:site_name\" content=\"Universo Subaru\" \/>\n<meta property=\"article:publisher\" content=\"https:\/\/www.facebook.com\/subaruespana\" \/>\n<meta property=\"article:published_time\" content=\"2008-02-28T16:34:49+00:00\" \/>\n<meta property=\"article:modified_time\" content=\"2016-10-17T13:11:36+00:00\" \/>\n<meta property=\"og:image\" content=\"https:\/\/www.subaru.es\/blog\/wp-content\/uploads\/2008\/02\/xevi-pons-impreza.jpg\" \/>\n\t<meta property=\"og:image:width\" content=\"467\" \/>\n\t<meta property=\"og:image:height\" content=\"355\" \/>\n\t<meta property=\"og:image:type\" content=\"image\/jpeg\" \/>\n<meta name=\"author\" content=\"Subaru\" \/>\n<meta name=\"twitter:card\" content=\"summary_large_image\" \/>\n<meta name=\"twitter:label1\" content=\"Escrito por\" \/>\n\t<meta name=\"twitter:data1\" content=\"Subaru\" \/>\n\t<meta name=\"twitter:label2\" content=\"Tiempo de lectura\" \/>\n\t<meta name=\"twitter:data2\" content=\"2 minutos\" \/>\n<script type=\"application\/ld+json\" class=\"yoast-schema-graph\">{\"@context\":\"https:\\\/\\\/schema.org\",\"@graph\":[{\"@type\":\"Article\",\"@id\":\"https:\\\/\\\/www.subaru.es\\\/blog\\\/nuestra-marca\\\/imprezas-and-blogs-cronica-de-una-presentacion-anunciada\\\/#article\",\"isPartOf\":{\"@id\":\"https:\\\/\\\/www.subaru.es\\\/blog\\\/nuestra-marca\\\/imprezas-and-blogs-cronica-de-una-presentacion-anunciada\\\/\"},\"author\":{\"name\":\"Subaru\",\"@id\":\"https:\\\/\\\/www.subaru.es\\\/blog\\\/#\\\/schema\\\/person\\\/19a90b892230b8e0ec752704ddf4aa10\"},\"headline\":\"Imprezas and Blogs: cr\u00f3nica de una presentaci\u00f3n anunciada\",\"datePublished\":\"2008-02-28T16:34:49+00:00\",\"dateModified\":\"2016-10-17T13:11:36+00:00\",\"mainEntityOfPage\":{\"@id\":\"https:\\\/\\\/www.subaru.es\\\/blog\\\/nuestra-marca\\\/imprezas-and-blogs-cronica-de-una-presentacion-anunciada\\\/\"},\"wordCount\":433,\"commentCount\":1,\"publisher\":{\"@id\":\"https:\\\/\\\/www.subaru.es\\\/blog\\\/#organization\"},\"image\":{\"@id\":\"https:\\\/\\\/www.subaru.es\\\/blog\\\/nuestra-marca\\\/imprezas-and-blogs-cronica-de-una-presentacion-anunciada\\\/#primaryimage\"},\"thumbnailUrl\":\"https:\\\/\\\/www.subaru.es\\\/blog\\\/wp-content\\\/uploads\\\/2008\\\/02\\\/xevi-pons-impreza.jpg\",\"keywords\":[\"boxer\",\"impreza\",\"impreza cup\",\"jos\u00e9 abascal\",\"madrid\",\"outback\",\"presentaci\u00f3n\",\"spec c\",\"trade gamboa\",\"turbo diesel\",\"wrx sti\",\"xevi pons\"],\"articleSection\":[\"Nuestra marca\"],\"inLanguage\":\"es\",\"potentialAction\":[{\"@type\":\"CommentAction\",\"name\":\"Comment\",\"target\":[\"https:\\\/\\\/www.subaru.es\\\/blog\\\/nuestra-marca\\\/imprezas-and-blogs-cronica-de-una-presentacion-anunciada\\\/#respond\"]}]},{\"@type\":\"WebPage\",\"@id\":\"https:\\\/\\\/www.subaru.es\\\/blog\\\/nuestra-marca\\\/imprezas-and-blogs-cronica-de-una-presentacion-anunciada\\\/\",\"url\":\"https:\\\/\\\/www.subaru.es\\\/blog\\\/nuestra-marca\\\/imprezas-and-blogs-cronica-de-una-presentacion-anunciada\\\/\",\"name\":\"Imprezas and Blogs: cr\u00f3nica de una presentaci\u00f3n anunciada - Universo Subaru\",\"isPartOf\":{\"@id\":\"https:\\\/\\\/www.subaru.es\\\/blog\\\/#website\"},\"primaryImageOfPage\":{\"@id\":\"https:\\\/\\\/www.subaru.es\\\/blog\\\/nuestra-marca\\\/imprezas-and-blogs-cronica-de-una-presentacion-anunciada\\\/#primaryimage\"},\"image\":{\"@id\":\"https:\\\/\\\/www.subaru.es\\\/blog\\\/nuestra-marca\\\/imprezas-and-blogs-cronica-de-una-presentacion-anunciada\\\/#primaryimage\"},\"thumbnailUrl\":\"https:\\\/\\\/www.subaru.es\\\/blog\\\/wp-content\\\/uploads\\\/2008\\\/02\\\/xevi-pons-impreza.jpg\",\"datePublished\":\"2008-02-28T16:34:49+00:00\",\"dateModified\":\"2016-10-17T13:11:36+00:00\",\"breadcrumb\":{\"@id\":\"https:\\\/\\\/www.subaru.es\\\/blog\\\/nuestra-marca\\\/imprezas-and-blogs-cronica-de-una-presentacion-anunciada\\\/#breadcrumb\"},\"inLanguage\":\"es\",\"potentialAction\":[{\"@type\":\"ReadAction\",\"target\":[\"https:\\\/\\\/www.subaru.es\\\/blog\\\/nuestra-marca\\\/imprezas-and-blogs-cronica-de-una-presentacion-anunciada\\\/\"]}]},{\"@type\":\"ImageObject\",\"inLanguage\":\"es\",\"@id\":\"https:\\\/\\\/www.subaru.es\\\/blog\\\/nuestra-marca\\\/imprezas-and-blogs-cronica-de-una-presentacion-anunciada\\\/#primaryimage\",\"url\":\"https:\\\/\\\/www.subaru.es\\\/blog\\\/wp-content\\\/uploads\\\/2008\\\/02\\\/xevi-pons-impreza.jpg\",\"contentUrl\":\"https:\\\/\\\/www.subaru.es\\\/blog\\\/wp-content\\\/uploads\\\/2008\\\/02\\\/xevi-pons-impreza.jpg\",\"width\":467,\"height\":355},{\"@type\":\"BreadcrumbList\",\"@id\":\"https:\\\/\\\/www.subaru.es\\\/blog\\\/nuestra-marca\\\/imprezas-and-blogs-cronica-de-una-presentacion-anunciada\\\/#breadcrumb\",\"itemListElement\":[{\"@type\":\"ListItem\",\"position\":1,\"name\":\"Portada\",\"item\":\"https:\\\/\\\/www.subaru.es\\\/blog\\\/\"},{\"@type\":\"ListItem\",\"position\":2,\"name\":\"Imprezas and Blogs: cr\u00f3nica de una presentaci\u00f3n anunciada\"}]},{\"@type\":\"WebSite\",\"@id\":\"https:\\\/\\\/www.subaru.es\\\/blog\\\/#website\",\"url\":\"https:\\\/\\\/www.subaru.es\\\/blog\\\/\",\"name\":\"Universo Subaru\",\"description\":\"Descubre este apasionante espacio de Subaru donde vas a conocer todo sobre nuestros coches y las experiencias que vivimos con ellos. Si est\u00e1s preparado para dejarte seducir por la filosof\u00eda Subaru, qu\u00e9date con nosotros.\",\"publisher\":{\"@id\":\"https:\\\/\\\/www.subaru.es\\\/blog\\\/#organization\"},\"potentialAction\":[{\"@type\":\"SearchAction\",\"target\":{\"@type\":\"EntryPoint\",\"urlTemplate\":\"https:\\\/\\\/www.subaru.es\\\/blog\\\/?s={search_term_string}\"},\"query-input\":{\"@type\":\"PropertyValueSpecification\",\"valueRequired\":true,\"valueName\":\"search_term_string\"}}],\"inLanguage\":\"es\"},{\"@type\":\"Organization\",\"@id\":\"https:\\\/\\\/www.subaru.es\\\/blog\\\/#organization\",\"name\":\"Subaru Espa\u00f1a S.A.\",\"url\":\"https:\\\/\\\/www.subaru.es\\\/blog\\\/\",\"logo\":{\"@type\":\"ImageObject\",\"inLanguage\":\"es\",\"@id\":\"https:\\\/\\\/www.subaru.es\\\/blog\\\/#\\\/schema\\\/logo\\\/image\\\/\",\"url\":\"https:\\\/\\\/www.subaru.es\\\/blog\\\/wp-content\\\/uploads\\\/2016\\\/12\\\/Logo-Subaru-TypeV_C300-scaled.jpg\",\"contentUrl\":\"https:\\\/\\\/www.subaru.es\\\/blog\\\/wp-content\\\/uploads\\\/2016\\\/12\\\/Logo-Subaru-TypeV_C300-scaled.jpg\",\"width\":2560,\"height\":1864,\"caption\":\"Subaru Espa\u00f1a S.A.\"},\"image\":{\"@id\":\"https:\\\/\\\/www.subaru.es\\\/blog\\\/#\\\/schema\\\/logo\\\/image\\\/\"},\"sameAs\":[\"https:\\\/\\\/www.facebook.com\\\/subaruespana\",\"https:\\\/\\\/www.instagram.com\\\/subarues\\\/\",\"https:\\\/\\\/www.youtube.com\\\/user\\\/subaruespana\"]},{\"@type\":\"Person\",\"@id\":\"https:\\\/\\\/www.subaru.es\\\/blog\\\/#\\\/schema\\\/person\\\/19a90b892230b8e0ec752704ddf4aa10\",\"name\":\"Subaru\",\"url\":\"https:\\\/\\\/www.subaru.es\\\/blog\\\/author\\\/subaria\\\/\"}]}<\/script>\n<!-- \/ Yoast SEO plugin. -->","yoast_head_json":{"title":"Imprezas and Blogs: cr\u00f3nica de una presentaci\u00f3n anunciada - Universo Subaru","robots":{"index":"index","follow":"follow","max-snippet":"max-snippet:-1","max-image-preview":"max-image-preview:large","max-video-preview":"max-video-preview:-1"},"canonical":"https:\/\/www.subaru.es\/blog\/nuestra-marca\/imprezas-and-blogs-cronica-de-una-presentacion-anunciada\/","og_locale":"es_ES","og_type":"article","og_title":"Imprezas and Blogs: cr\u00f3nica de una presentaci\u00f3n anunciada - Universo Subaru","og_description":"Luc\u00edan fuera de la hora de trabajo los focos blancos del imponente concesionario Trade Gamboa, que preside el cruce de Jos\u00e9 Abascal con Bravo Murillo en Madrid. A trav\u00e9s de su muro de cristal, alto como un segundo piso, el escaparate mostraba un juego de veh\u00edculos y personas poco habitual. En primer t\u00e9rmino, un veh\u00edculo [&hellip;]","og_url":"https:\/\/www.subaru.es\/blog\/nuestra-marca\/imprezas-and-blogs-cronica-de-una-presentacion-anunciada\/","og_site_name":"Universo Subaru","article_publisher":"https:\/\/www.facebook.com\/subaruespana","article_published_time":"2008-02-28T16:34:49+00:00","article_modified_time":"2016-10-17T13:11:36+00:00","og_image":[{"width":467,"height":355,"url":"https:\/\/www.subaru.es\/blog\/wp-content\/uploads\/2008\/02\/xevi-pons-impreza.jpg","type":"image\/jpeg"}],"author":"Subaru","twitter_card":"summary_large_image","twitter_misc":{"Escrito por":"Subaru","Tiempo de lectura":"2 minutos"},"schema":{"@context":"https:\/\/schema.org","@graph":[{"@type":"Article","@id":"https:\/\/www.subaru.es\/blog\/nuestra-marca\/imprezas-and-blogs-cronica-de-una-presentacion-anunciada\/#article","isPartOf":{"@id":"https:\/\/www.subaru.es\/blog\/nuestra-marca\/imprezas-and-blogs-cronica-de-una-presentacion-anunciada\/"},"author":{"name":"Subaru","@id":"https:\/\/www.subaru.es\/blog\/#\/schema\/person\/19a90b892230b8e0ec752704ddf4aa10"},"headline":"Imprezas and Blogs: cr\u00f3nica de una presentaci\u00f3n anunciada","datePublished":"2008-02-28T16:34:49+00:00","dateModified":"2016-10-17T13:11:36+00:00","mainEntityOfPage":{"@id":"https:\/\/www.subaru.es\/blog\/nuestra-marca\/imprezas-and-blogs-cronica-de-una-presentacion-anunciada\/"},"wordCount":433,"commentCount":1,"publisher":{"@id":"https:\/\/www.subaru.es\/blog\/#organization"},"image":{"@id":"https:\/\/www.subaru.es\/blog\/nuestra-marca\/imprezas-and-blogs-cronica-de-una-presentacion-anunciada\/#primaryimage"},"thumbnailUrl":"https:\/\/www.subaru.es\/blog\/wp-content\/uploads\/2008\/02\/xevi-pons-impreza.jpg","keywords":["boxer","impreza","impreza cup","jos\u00e9 abascal","madrid","outback","presentaci\u00f3n","spec c","trade gamboa","turbo diesel","wrx sti","xevi pons"],"articleSection":["Nuestra marca"],"inLanguage":"es","potentialAction":[{"@type":"CommentAction","name":"Comment","target":["https:\/\/www.subaru.es\/blog\/nuestra-marca\/imprezas-and-blogs-cronica-de-una-presentacion-anunciada\/#respond"]}]},{"@type":"WebPage","@id":"https:\/\/www.subaru.es\/blog\/nuestra-marca\/imprezas-and-blogs-cronica-de-una-presentacion-anunciada\/","url":"https:\/\/www.subaru.es\/blog\/nuestra-marca\/imprezas-and-blogs-cronica-de-una-presentacion-anunciada\/","name":"Imprezas and Blogs: cr\u00f3nica de una presentaci\u00f3n anunciada - Universo Subaru","isPartOf":{"@id":"https:\/\/www.subaru.es\/blog\/#website"},"primaryImageOfPage":{"@id":"https:\/\/www.subaru.es\/blog\/nuestra-marca\/imprezas-and-blogs-cronica-de-una-presentacion-anunciada\/#primaryimage"},"image":{"@id":"https:\/\/www.subaru.es\/blog\/nuestra-marca\/imprezas-and-blogs-cronica-de-una-presentacion-anunciada\/#primaryimage"},"thumbnailUrl":"https:\/\/www.subaru.es\/blog\/wp-content\/uploads\/2008\/02\/xevi-pons-impreza.jpg","datePublished":"2008-02-28T16:34:49+00:00","dateModified":"2016-10-17T13:11:36+00:00","breadcrumb":{"@id":"https:\/\/www.subaru.es\/blog\/nuestra-marca\/imprezas-and-blogs-cronica-de-una-presentacion-anunciada\/#breadcrumb"},"inLanguage":"es","potentialAction":[{"@type":"ReadAction","target":["https:\/\/www.subaru.es\/blog\/nuestra-marca\/imprezas-and-blogs-cronica-de-una-presentacion-anunciada\/"]}]},{"@type":"ImageObject","inLanguage":"es","@id":"https:\/\/www.subaru.es\/blog\/nuestra-marca\/imprezas-and-blogs-cronica-de-una-presentacion-anunciada\/#primaryimage","url":"https:\/\/www.subaru.es\/blog\/wp-content\/uploads\/2008\/02\/xevi-pons-impreza.jpg","contentUrl":"https:\/\/www.subaru.es\/blog\/wp-content\/uploads\/2008\/02\/xevi-pons-impreza.jpg","width":467,"height":355},{"@type":"BreadcrumbList","@id":"https:\/\/www.subaru.es\/blog\/nuestra-marca\/imprezas-and-blogs-cronica-de-una-presentacion-anunciada\/#breadcrumb","itemListElement":[{"@type":"ListItem","position":1,"name":"Portada","item":"https:\/\/www.subaru.es\/blog\/"},{"@type":"ListItem","position":2,"name":"Imprezas and Blogs: cr\u00f3nica de una presentaci\u00f3n anunciada"}]},{"@type":"WebSite","@id":"https:\/\/www.subaru.es\/blog\/#website","url":"https:\/\/www.subaru.es\/blog\/","name":"Universo Subaru","description":"Descubre este apasionante espacio de Subaru donde vas a conocer todo sobre nuestros coches y las experiencias que vivimos con ellos. Si est\u00e1s preparado para dejarte seducir por la filosof\u00eda Subaru, qu\u00e9date con nosotros.","publisher":{"@id":"https:\/\/www.subaru.es\/blog\/#organization"},"potentialAction":[{"@type":"SearchAction","target":{"@type":"EntryPoint","urlTemplate":"https:\/\/www.subaru.es\/blog\/?s={search_term_string}"},"query-input":{"@type":"PropertyValueSpecification","valueRequired":true,"valueName":"search_term_string"}}],"inLanguage":"es"},{"@type":"Organization","@id":"https:\/\/www.subaru.es\/blog\/#organization","name":"Subaru Espa\u00f1a S.A.","url":"https:\/\/www.subaru.es\/blog\/","logo":{"@type":"ImageObject","inLanguage":"es","@id":"https:\/\/www.subaru.es\/blog\/#\/schema\/logo\/image\/","url":"https:\/\/www.subaru.es\/blog\/wp-content\/uploads\/2016\/12\/Logo-Subaru-TypeV_C300-scaled.jpg","contentUrl":"https:\/\/www.subaru.es\/blog\/wp-content\/uploads\/2016\/12\/Logo-Subaru-TypeV_C300-scaled.jpg","width":2560,"height":1864,"caption":"Subaru Espa\u00f1a S.A."},"image":{"@id":"https:\/\/www.subaru.es\/blog\/#\/schema\/logo\/image\/"},"sameAs":["https:\/\/www.facebook.com\/subaruespana","https:\/\/www.instagram.com\/subarues\/","https:\/\/www.youtube.com\/user\/subaruespana"]},{"@type":"Person","@id":"https:\/\/www.subaru.es\/blog\/#\/schema\/person\/19a90b892230b8e0ec752704ddf4aa10","name":"Subaru","url":"https:\/\/www.subaru.es\/blog\/author\/subaria\/"}]}},"_links":{"self":[{"href":"https:\/\/www.subaru.es\/blog\/wp-json\/wp\/v2\/posts\/629","targetHints":{"allow":["GET"]}}],"collection":[{"href":"https:\/\/www.subaru.es\/blog\/wp-json\/wp\/v2\/posts"}],"about":[{"href":"https:\/\/www.subaru.es\/blog\/wp-json\/wp\/v2\/types\/post"}],"author":[{"embeddable":true,"href":"https:\/\/www.subaru.es\/blog\/wp-json\/wp\/v2\/users\/21"}],"replies":[{"embeddable":true,"href":"https:\/\/www.subaru.es\/blog\/wp-json\/wp\/v2\/comments?post=629"}],"version-history":[{"count":1,"href":"https:\/\/www.subaru.es\/blog\/wp-json\/wp\/v2\/posts\/629\/revisions"}],"predecessor-version":[{"id":15682,"href":"https:\/\/www.subaru.es\/blog\/wp-json\/wp\/v2\/posts\/629\/revisions\/15682"}],"wp:featuredmedia":[{"embeddable":true,"href":"https:\/\/www.subaru.es\/blog\/wp-json\/wp\/v2\/media\/630"}],"wp:attachment":[{"href":"https:\/\/www.subaru.es\/blog\/wp-json\/wp\/v2\/media?parent=629"}],"wp:term":[{"taxonomy":"category","embeddable":true,"href":"https:\/\/www.subaru.es\/blog\/wp-json\/wp\/v2\/categories?post=629"},{"taxonomy":"post_tag","embeddable":true,"href":"https:\/\/www.subaru.es\/blog\/wp-json\/wp\/v2\/tags?post=629"}],"curies":[{"name":"wp","href":"https:\/\/api.w.org\/{rel}","templated":true}]}}